{"id":52150,"date":"2023-05-10T14:07:28","date_gmt":"2023-05-10T19:07:28","guid":{"rendered":"https:\/\/luchonoticias.com\/?p=52150"},"modified":"2023-05-10T14:07:29","modified_gmt":"2023-05-10T19:07:29","slug":"la-meta-del-gobierno-es-reducir-la-brecha-de-pobreza-multidimensional-en-los-territorios-pdet-director-art","status":"publish","type":"post","link":"https:\/\/luchonoticias.com\/editor\/la-meta-del-gobierno-es-reducir-la-brecha-de-pobreza-multidimensional-en-los-territorios-pdet-director-art\/","title":{"rendered":"La meta del Gobierno es reducir la brecha de pobreza multidimensional en los territorios PDET: Director ART"},"content":{"rendered":"\n<p>El Director de la Agencia de Renovaci\u00f3n del Territorio (ART), Ra\u00fal Delgado, se\u00f1al\u00f3 que una de las metas plasmadas en el reci\u00e9n aprobado Plan Nacional de Desarrollo \u2018Colombia, potencia mundial de la vida\u2019 es reducir la brecha de pobreza multidimensional en los municipios PDET (Programas de Desarrollo con Enfoque Territorial) y a nivel nacional de 12.7% al 10%.<\/p>\n\n\n\n<p>En di\u00e1logo con \u2018Colombia Hoy Radio\u2019, el Director se\u00f1al\u00f3 que \u201cla meta del Gobierno es reducir la brecha de pobreza multidimensional que hoy hay en los territorios PDET que est\u00e1 hasta 20 puntos por encima del promedio nacional, reducir esa brecha es el gran reto que se plantea en nuestro Plan de Desarrollo\u201d.<\/p>\n\n\n\n<p>De acuerdo con lo informado por la entidad, se destaca el art\u00edculo 16, sobre los recursos de asignaci\u00f3n para la paz, que estableci\u00f3 una nueva metodolog\u00eda a trav\u00e9s del \u00d3rgano Colegiado de Administraci\u00f3n y Decisi\u00f3n (OCAD), para priorizar aquellas subregiones que menos han contado con los rubros de las regal\u00edas.<\/p>\n\n\n\n<p>Se\u00f1ala que, para la viabilizaci\u00f3n, priorizaci\u00f3n y aprobaci\u00f3n de proyectos de inversi\u00f3n, se realizar\u00e1n convocatorias p\u00fablicas, las cuales ser\u00e1n construidas por el Departamento Nacional de Planeaci\u00f3n (DNP) y la ART, buscando la distribuci\u00f3n equitativa de los recursos entre las 16 Subregiones PDET.<\/p>\n\n\n\n<p>En este sentido, le corresponder\u00e1 a la Agencia certificar la concordancia de los proyectos que se sometan a consideraci\u00f3n del OCAD PAZ con las iniciativas de los Planes de Acci\u00f3n para la Transformaci\u00f3n Regional (PATR) contenidos en los PDET, lo cual se constituir\u00e1 como requisito de viabilizaci\u00f3n de estos proyectos.<\/p>\n\n\n\n<p>Finalmente, el funcionario fue enf\u00e1tico en que en las zonas PDET hay \u201cun gran compromiso de las comunidades en defensa del Acuerdo de Paz y, en particular, del Programa de Desarrollo con Enfoque Territorial (PDET). Segundo, un profundo respaldo a la Paz Total\u201d.<\/p>\n","protected":false},"excerpt":{"rendered":"<p>El Director de la Agencia de Renovaci\u00f3n del Territorio (ART), Ra\u00fal Delgado, se\u00f1al\u00f3 que una de las metas plasmadas en el reci\u00e9n aprobado Plan Nacional de Desarrollo \u2018Colombia, potencia mundial de la vida\u2019 es reducir la brecha de pobreza multidimensional en los municipios PDET (Programas de Desarrollo con Enfoque Territorial) y a nivel nacional de [&hellip;]<\/p>\n","protected":false},"author":2,"featured_media":0,"comment_status":"open","ping_status":"open","sticky":false,"template":"","format":"standard","meta":{"footnotes":""},"categories":[36,32],"tags":[],"class_list":["post-52150","post","type-post","status-publish","format-standard","hentry","category-destacado","category-nacional"],"yoast_head":"<!-- This site is optimized with the Yoast SEO plugin v26.6 - https:\/\/yoast.com\/wordpress\/plugins\/seo\/ -->\n<title>La meta del Gobierno es reducir la brecha de pobreza multidimensional en los territorios PDET: Director ART -<\/title>\n<meta name=\"robots\" content=\"index, follow, max-snippet:-1, max-image-preview:large, max-video-preview:-1\" \/>\n<link rel=\"canonical\" href=\"https:\/\/luchonoticias.com\/editor\/la-meta-del-gobierno-es-reducir-la-brecha-de-pobreza-multidimensional-en-los-territorios-pdet-director-art\/\" \/>\n<meta property=\"og:locale\" content=\"es_ES\" \/>\n<meta property=\"og:type\" content=\"article\" \/>\n<meta property=\"og:title\" content=\"La meta del Gobierno es reducir la brecha de pobreza multidimensional en los territorios PDET: Director ART -\" \/>\n<meta property=\"og:url\" content=\"https:\/\/luchonoticias.com\/editor\/la-meta-del-gobierno-es-reducir-la-brecha-de-pobreza-multidimensional-en-los-territorios-pdet-director-art\/\" \/>\n<meta property=\"article:publisher\" content=\"https:\/\/www.facebook.com\/luchonoticiasneiva\" \/>\n<meta property=\"article:published_time\" content=\"2023-05-10T19:07:28+00:00\" \/>\n<meta property=\"article:modified_time\" content=\"2023-05-10T19:07:29+00:00\" \/>\n<meta name=\"author\" content=\"Editor General\" \/>\n<meta name=\"twitter:card\" content=\"summary_large_image\" \/>\n<meta name=\"twitter:label1\" content=\"Escrito por\" \/>\n\t<meta name=\"twitter:data1\" content=\"Editor General\" \/>\n\t<meta name=\"twitter:label2\" content=\"Tiempo de lectura\" \/>\n\t<meta name=\"twitter:data2\" content=\"2 minutos\" \/>\n<script type=\"application\/ld+json\" class=\"yoast-schema-graph\">{\"@context\":\"https:\/\/schema.org\",\"@graph\":[{\"@type\":\"Article\",\"@id\":\"https:\/\/luchonoticias.com\/editor\/la-meta-del-gobierno-es-reducir-la-brecha-de-pobreza-multidimensional-en-los-territorios-pdet-director-art\/#article\",\"isPartOf\":{\"@id\":\"https:\/\/luchonoticias.com\/editor\/la-meta-del-gobierno-es-reducir-la-brecha-de-pobreza-multidimensional-en-los-territorios-pdet-director-art\/\"},\"author\":{\"name\":\"Editor General\",\"@id\":\"https:\/\/luchonoticias.com\/editor\/#\/schema\/person\/29217990ddf6f14e35912b2866d591fb\"},\"headline\":\"La meta del Gobierno es reducir la brecha de pobreza multidimensional en los territorios PDET: Director ART\",\"datePublished\":\"2023-05-10T19:07:28+00:00\",\"dateModified\":\"2023-05-10T19:07:29+00:00\",\"mainEntityOfPage\":{\"@id\":\"https:\/\/luchonoticias.com\/editor\/la-meta-del-gobierno-es-reducir-la-brecha-de-pobreza-multidimensional-en-los-territorios-pdet-director-art\/\"},\"wordCount\":336,\"commentCount\":0,\"publisher\":{\"@id\":\"https:\/\/luchonoticias.com\/editor\/#\/schema\/person\/7a7fd911f58561fd056dbac7b55af9cd\"},\"articleSection\":[\"Destacado\",\"Nacional\"],\"inLanguage\":\"es\",\"potentialAction\":[{\"@type\":\"CommentAction\",\"name\":\"Comment\",\"target\":[\"https:\/\/luchonoticias.com\/editor\/la-meta-del-gobierno-es-reducir-la-brecha-de-pobreza-multidimensional-en-los-territorios-pdet-director-art\/#respond\"]}]},{\"@type\":\"WebPage\",\"@id\":\"https:\/\/luchonoticias.com\/editor\/la-meta-del-gobierno-es-reducir-la-brecha-de-pobreza-multidimensional-en-los-territorios-pdet-director-art\/\",\"url\":\"https:\/\/luchonoticias.com\/editor\/la-meta-del-gobierno-es-reducir-la-brecha-de-pobreza-multidimensional-en-los-territorios-pdet-director-art\/\",\"name\":\"La meta del Gobierno es reducir la brecha de pobreza multidimensional en los territorios PDET: Director ART -\",\"isPartOf\":{\"@id\":\"https:\/\/luchonoticias.com\/editor\/#website\"},\"datePublished\":\"2023-05-10T19:07:28+00:00\",\"dateModified\":\"2023-05-10T19:07:29+00:00\",\"breadcrumb\":{\"@id\":\"https:\/\/luchonoticias.com\/editor\/la-meta-del-gobierno-es-reducir-la-brecha-de-pobreza-multidimensional-en-los-territorios-pdet-director-art\/#breadcrumb\"},\"inLanguage\":\"es\",\"potentialAction\":[{\"@type\":\"ReadAction\",\"target\":[\"https:\/\/luchonoticias.com\/editor\/la-meta-del-gobierno-es-reducir-la-brecha-de-pobreza-multidimensional-en-los-territorios-pdet-director-art\/\"]}]},{\"@type\":\"BreadcrumbList\",\"@id\":\"https:\/\/luchonoticias.com\/editor\/la-meta-del-gobierno-es-reducir-la-brecha-de-pobreza-multidimensional-en-los-territorios-pdet-director-art\/#breadcrumb\",\"itemListElement\":[{\"@type\":\"ListItem\",\"position\":1,\"name\":\"Portada\",\"item\":\"https:\/\/luchonoticias.com\/editor\/\"},{\"@type\":\"ListItem\",\"position\":2,\"name\":\"La meta del Gobierno es reducir la brecha de pobreza multidimensional en los territorios PDET: Director ART\"}]},{\"@type\":\"WebSite\",\"@id\":\"https:\/\/luchonoticias.com\/editor\/#website\",\"url\":\"https:\/\/luchonoticias.com\/editor\/\",\"name\":\"\",\"description\":\"\",\"publisher\":{\"@id\":\"https:\/\/luchonoticias.com\/editor\/#\/schema\/person\/7a7fd911f58561fd056dbac7b55af9cd\"},\"potentialAction\":[{\"@type\":\"SearchAction\",\"target\":{\"@type\":\"EntryPoint\",\"urlTemplate\":\"https:\/\/luchonoticias.com\/editor\/?s={search_term_string}\"},\"query-input\":{\"@type\":\"PropertyValueSpecification\",\"valueRequired\":true,\"valueName\":\"search_term_string\"}}],\"inLanguage\":\"es\"},{\"@type\":[\"Person\",\"Organization\"],\"@id\":\"https:\/\/luchonoticias.com\/editor\/#\/schema\/person\/7a7fd911f58561fd056dbac7b55af9cd\",\"name\":\"admin\",\"image\":{\"@type\":\"ImageObject\",\"inLanguage\":\"es\",\"@id\":\"https:\/\/luchonoticias.com\/editor\/#\/schema\/person\/image\/\",\"url\":\"https:\/\/luchonoticias.com\/editor\/wp-content\/uploads\/2024\/02\/cropped-cropped-logolu.webp\",\"contentUrl\":\"https:\/\/luchonoticias.com\/editor\/wp-content\/uploads\/2024\/02\/cropped-cropped-logolu.webp\",\"width\":382,\"height\":170,\"caption\":\"admin\"},\"logo\":{\"@id\":\"https:\/\/luchonoticias.com\/editor\/#\/schema\/person\/image\/\"},\"sameAs\":[\"https:\/\/www.facebook.com\/luchonoticiasneiva\"]},{\"@type\":\"Person\",\"@id\":\"https:\/\/luchonoticias.com\/editor\/#\/schema\/person\/29217990ddf6f14e35912b2866d591fb\",\"name\":\"Editor General\",\"image\":{\"@type\":\"ImageObject\",\"inLanguage\":\"es\",\"@id\":\"https:\/\/luchonoticias.com\/editor\/#\/schema\/person\/image\/\",\"url\":\"https:\/\/luchonoticias.com\/editor\/wp-content\/uploads\/2024\/02\/cropped-cropped-logolu-150x150.webp\",\"contentUrl\":\"https:\/\/luchonoticias.com\/editor\/wp-content\/uploads\/2024\/02\/cropped-cropped-logolu-150x150.webp\",\"caption\":\"Editor General\"},\"sameAs\":[\"https:\/\/luchonoticias.com\/\"],\"url\":\"https:\/\/luchonoticias.com\/editor\/author\/editor-general\/\"}]}<\/script>\n<!-- \/ Yoast SEO plugin. -->","yoast_head_json":{"title":"La meta del Gobierno es reducir la brecha de pobreza multidimensional en los territorios PDET: Director ART -","robots":{"index":"index","follow":"follow","max-snippet":"max-snippet:-1","max-image-preview":"max-image-preview:large","max-video-preview":"max-video-preview:-1"},"canonical":"https:\/\/luchonoticias.com\/editor\/la-meta-del-gobierno-es-reducir-la-brecha-de-pobreza-multidimensional-en-los-territorios-pdet-director-art\/","og_locale":"es_ES","og_type":"article","og_title":"La meta del Gobierno es reducir la brecha de pobreza multidimensional en los territorios PDET: Director ART -","og_url":"https:\/\/luchonoticias.com\/editor\/la-meta-del-gobierno-es-reducir-la-brecha-de-pobreza-multidimensional-en-los-territorios-pdet-director-art\/","article_publisher":"https:\/\/www.facebook.com\/luchonoticiasneiva","article_published_time":"2023-05-10T19:07:28+00:00","article_modified_time":"2023-05-10T19:07:29+00:00","author":"Editor General","twitter_card":"summary_large_image","twitter_misc":{"Escrito por":"Editor General","Tiempo de lectura":"2 minutos"},"schema":{"@context":"https:\/\/schema.org","@graph":[{"@type":"Article","@id":"https:\/\/luchonoticias.com\/editor\/la-meta-del-gobierno-es-reducir-la-brecha-de-pobreza-multidimensional-en-los-territorios-pdet-director-art\/#article","isPartOf":{"@id":"https:\/\/luchonoticias.com\/editor\/la-meta-del-gobierno-es-reducir-la-brecha-de-pobreza-multidimensional-en-los-territorios-pdet-director-art\/"},"author":{"name":"Editor General","@id":"https:\/\/luchonoticias.com\/editor\/#\/schema\/person\/29217990ddf6f14e35912b2866d591fb"},"headline":"La meta del Gobierno es reducir la brecha de pobreza multidimensional en los territorios PDET: Director ART","datePublished":"2023-05-10T19:07:28+00:00","dateModified":"2023-05-10T19:07:29+00:00","mainEntityOfPage":{"@id":"https:\/\/luchonoticias.com\/editor\/la-meta-del-gobierno-es-reducir-la-brecha-de-pobreza-multidimensional-en-los-territorios-pdet-director-art\/"},"wordCount":336,"commentCount":0,"publisher":{"@id":"https:\/\/luchonoticias.com\/editor\/#\/schema\/person\/7a7fd911f58561fd056dbac7b55af9cd"},"articleSection":["Destacado","Nacional"],"inLanguage":"es","potentialAction":[{"@type":"CommentAction","name":"Comment","target":["https:\/\/luchonoticias.com\/editor\/la-meta-del-gobierno-es-reducir-la-brecha-de-pobreza-multidimensional-en-los-territorios-pdet-director-art\/#respond"]}]},{"@type":"WebPage","@id":"https:\/\/luchonoticias.com\/editor\/la-meta-del-gobierno-es-reducir-la-brecha-de-pobreza-multidimensional-en-los-territorios-pdet-director-art\/","url":"https:\/\/luchonoticias.com\/editor\/la-meta-del-gobierno-es-reducir-la-brecha-de-pobreza-multidimensional-en-los-territorios-pdet-director-art\/","name":"La meta del Gobierno es reducir la brecha de pobreza multidimensional en los territorios PDET: Director ART -","isPartOf":{"@id":"https:\/\/luchonoticias.com\/editor\/#website"},"datePublished":"2023-05-10T19:07:28+00:00","dateModified":"2023-05-10T19:07:29+00:00","breadcrumb":{"@id":"https:\/\/luchonoticias.com\/editor\/la-meta-del-gobierno-es-reducir-la-brecha-de-pobreza-multidimensional-en-los-territorios-pdet-director-art\/#breadcrumb"},"inLanguage":"es","potentialAction":[{"@type":"ReadAction","target":["https:\/\/luchonoticias.com\/editor\/la-meta-del-gobierno-es-reducir-la-brecha-de-pobreza-multidimensional-en-los-territorios-pdet-director-art\/"]}]},{"@type":"BreadcrumbList","@id":"https:\/\/luchonoticias.com\/editor\/la-meta-del-gobierno-es-reducir-la-brecha-de-pobreza-multidimensional-en-los-territorios-pdet-director-art\/#breadcrumb","itemListElement":[{"@type":"ListItem","position":1,"name":"Portada","item":"https:\/\/luchonoticias.com\/editor\/"},{"@type":"ListItem","position":2,"name":"La meta del Gobierno es reducir la brecha de pobreza multidimensional en los territorios PDET: Director ART"}]},{"@type":"WebSite","@id":"https:\/\/luchonoticias.com\/editor\/#website","url":"https:\/\/luchonoticias.com\/editor\/","name":"","description":"","publisher":{"@id":"https:\/\/luchonoticias.com\/editor\/#\/schema\/person\/7a7fd911f58561fd056dbac7b55af9cd"},"potentialAction":[{"@type":"SearchAction","target":{"@type":"EntryPoint","urlTemplate":"https:\/\/luchonoticias.com\/editor\/?s={search_term_string}"},"query-input":{"@type":"PropertyValueSpecification","valueRequired":true,"valueName":"search_term_string"}}],"inLanguage":"es"},{"@type":["Person","Organization"],"@id":"https:\/\/luchonoticias.com\/editor\/#\/schema\/person\/7a7fd911f58561fd056dbac7b55af9cd","name":"admin","image":{"@type":"ImageObject","inLanguage":"es","@id":"https:\/\/luchonoticias.com\/editor\/#\/schema\/person\/image\/","url":"https:\/\/luchonoticias.com\/editor\/wp-content\/uploads\/2024\/02\/cropped-cropped-logolu.webp","contentUrl":"https:\/\/luchonoticias.com\/editor\/wp-content\/uploads\/2024\/02\/cropped-cropped-logolu.webp","width":382,"height":170,"caption":"admin"},"logo":{"@id":"https:\/\/luchonoticias.com\/editor\/#\/schema\/person\/image\/"},"sameAs":["https:\/\/www.facebook.com\/luchonoticiasneiva"]},{"@type":"Person","@id":"https:\/\/luchonoticias.com\/editor\/#\/schema\/person\/29217990ddf6f14e35912b2866d591fb","name":"Editor General","image":{"@type":"ImageObject","inLanguage":"es","@id":"https:\/\/luchonoticias.com\/editor\/#\/schema\/person\/image\/","url":"https:\/\/luchonoticias.com\/editor\/wp-content\/uploads\/2024\/02\/cropped-cropped-logolu-150x150.webp","contentUrl":"https:\/\/luchonoticias.com\/editor\/wp-content\/uploads\/2024\/02\/cropped-cropped-logolu-150x150.webp","caption":"Editor General"},"sameAs":["https:\/\/luchonoticias.com\/"],"url":"https:\/\/luchonoticias.com\/editor\/author\/editor-general\/"}]}},"_links":{"self":[{"href":"https:\/\/luchonoticias.com\/editor\/wp-json\/wp\/v2\/posts\/52150","targetHints":{"allow":["GET"]}}],"collection":[{"href":"https:\/\/luchonoticias.com\/editor\/wp-json\/wp\/v2\/posts"}],"about":[{"href":"https:\/\/luchonoticias.com\/editor\/wp-json\/wp\/v2\/types\/post"}],"author":[{"embeddable":true,"href":"https:\/\/luchonoticias.com\/editor\/wp-json\/wp\/v2\/users\/2"}],"replies":[{"embeddable":true,"href":"https:\/\/luchonoticias.com\/editor\/wp-json\/wp\/v2\/comments?post=52150"}],"version-history":[{"count":0,"href":"https:\/\/luchonoticias.com\/editor\/wp-json\/wp\/v2\/posts\/52150\/revisions"}],"wp:attachment":[{"href":"https:\/\/luchonoticias.com\/editor\/wp-json\/wp\/v2\/media?parent=52150"}],"wp:term":[{"taxonomy":"category","embeddable":true,"href":"https:\/\/luchonoticias.com\/editor\/wp-json\/wp\/v2\/categories?post=52150"},{"taxonomy":"post_tag","embeddable":true,"href":"https:\/\/luchonoticias.com\/editor\/wp-json\/wp\/v2\/tags?post=52150"}],"curies":[{"name":"wp","href":"https:\/\/api.w.org\/{rel}","templated":true}]}}