{"id":52154,"date":"2023-05-10T14:12:43","date_gmt":"2023-05-10T19:12:43","guid":{"rendered":"https:\/\/luchonoticias.com\/?p=52154"},"modified":"2023-05-10T14:12:44","modified_gmt":"2023-05-10T19:12:44","slug":"procuraduria-formulo-pliego-de-cargos-contra-exdirectivo-de-fonade-por-posible-detrimento-patrimonial-en-obra-de-acueducto-en-huila","status":"publish","type":"post","link":"https:\/\/luchonoticias.com\/editor\/procuraduria-formulo-pliego-de-cargos-contra-exdirectivo-de-fonade-por-posible-detrimento-patrimonial-en-obra-de-acueducto-en-huila\/","title":{"rendered":"Procuradur\u00eda formul\u00f3 pliego de cargos contra exdirectivo de Fonade, por posible detrimento patrimonial en obra de acueducto en Huila"},"content":{"rendered":"\n<p>La Procuradur\u00eda General de la Naci\u00f3n formul\u00f3 pliego de cargos contra el entonces subgerente T\u00e9cnico del Fondo Financiero de Proyectos de Desarrollo, hoy ENTerritorio, Juan Carlos Parada Jaiquel, por posible detrimento del patrimonio p\u00fablico en un contrato de obra.<\/p>\n\n\n\n<p>El exfuncionario habr\u00eda suscrito un bilateral para la \u00abconstrucci\u00f3n, post construcci\u00f3n estructuraci\u00f3n y fortalecimiento institucional para el mejoramiento del acueducto regional veredal de la uni\u00f3n del municipio de Tello, Huila\u00bb, por $ 860.556.079, con dise\u00f1os que al parecer, no garantizaban la viabilidad del proyecto.<\/p>\n\n\n\n<p>Parada Jaiquel presuntamente viol\u00f3 el principio de planeaci\u00f3n de la contrataci\u00f3n estatal, porque a pesar de haber contado con dise\u00f1os y estudios t\u00e9cnicos de manera previa, los mismos no eran adecuados para la ejecuci\u00f3n de la obra, por cuanto los estudios y dise\u00f1os ten\u00edan deficiencias y requer\u00edan ser ajustados, situaci\u00f3n que no se logr\u00f3.<\/p>\n\n\n\n<p>El entonces subgerente t\u00e9cnico firm\u00f3 el contrato comprometiendo recursos de la entidad en un proyecto que no se encontraba en condiciones de viabilidad y, en consecuencia, tuvo que ser terminado de manera anticipada y el negocio jur\u00eddico se liquid\u00f3 ante la imposibilidad t\u00e9cnica de ejecutar la obra contratada.<\/p>\n\n\n\n<p>El ente disciplinario advirti\u00f3 que \u201cquienes participan en un proceso de selecci\u00f3n deben asegurarse de que los par\u00e1metros t\u00e9cnicos, administrativos, presupuestales y de cualquier otro orden, que garanticen su probable ejecuci\u00f3n exitosa, est\u00e9n listos antes de iniciar el proceso contractual\u201d.<\/p>\n\n\n\n<p>La conducta fue calificada provisionalmente como grav\u00edsima a t\u00edtulo de culpa grav\u00edsima.<\/p>\n","protected":false},"excerpt":{"rendered":"<p>La Procuradur\u00eda General de la Naci\u00f3n formul\u00f3 pliego de cargos contra el entonces subgerente T\u00e9cnico del Fondo Financiero de Proyectos de Desarrollo, hoy ENTerritorio, Juan Carlos Parada Jaiquel, por posible detrimento del patrimonio p\u00fablico en un contrato de obra. El exfuncionario habr\u00eda suscrito un bilateral para la \u00abconstrucci\u00f3n, post construcci\u00f3n estructuraci\u00f3n y fortalecimiento institucional para [&hellip;]<\/p>\n","protected":false},"author":2,"featured_media":0,"comment_status":"open","ping_status":"open","sticky":false,"template":"","format":"standard","meta":{"footnotes":""},"categories":[36,29],"tags":[],"class_list":["post-52154","post","type-post","status-publish","format-standard","hentry","category-destacado","category-judicial"],"yoast_head":"<!-- This site is optimized with the Yoast SEO plugin v26.6 - https:\/\/yoast.com\/wordpress\/plugins\/seo\/ -->\n<title>Procuradur\u00eda formul\u00f3 pliego de cargos contra exdirectivo de Fonade, por posible detrimento patrimonial en obra de acueducto en Huila -<\/title>\n<meta name=\"robots\" content=\"index, follow, max-snippet:-1, max-image-preview:large, max-video-preview:-1\" \/>\n<link rel=\"canonical\" href=\"https:\/\/luchonoticias.com\/editor\/procuraduria-formulo-pliego-de-cargos-contra-exdirectivo-de-fonade-por-posible-detrimento-patrimonial-en-obra-de-acueducto-en-huila\/\" \/>\n<meta property=\"og:locale\" content=\"es_ES\" \/>\n<meta property=\"og:type\" content=\"article\" \/>\n<meta property=\"og:title\" content=\"Procuradur\u00eda formul\u00f3 pliego de cargos contra exdirectivo de Fonade, por posible detrimento patrimonial en obra de acueducto en Huila -\" \/>\n<meta property=\"og:url\" content=\"https:\/\/luchonoticias.com\/editor\/procuraduria-formulo-pliego-de-cargos-contra-exdirectivo-de-fonade-por-posible-detrimento-patrimonial-en-obra-de-acueducto-en-huila\/\" \/>\n<meta property=\"article:publisher\" content=\"https:\/\/www.facebook.com\/luchonoticiasneiva\" \/>\n<meta property=\"article:published_time\" content=\"2023-05-10T19:12:43+00:00\" \/>\n<meta property=\"article:modified_time\" content=\"2023-05-10T19:12:44+00:00\" \/>\n<meta name=\"author\" content=\"Editor General\" \/>\n<meta name=\"twitter:card\" content=\"summary_large_image\" \/>\n<meta name=\"twitter:label1\" content=\"Escrito por\" \/>\n\t<meta name=\"twitter:data1\" content=\"Editor General\" \/>\n\t<meta name=\"twitter:label2\" content=\"Tiempo de lectura\" \/>\n\t<meta name=\"twitter:data2\" content=\"1 minuto\" \/>\n<script type=\"application\/ld+json\" class=\"yoast-schema-graph\">{\"@context\":\"https:\/\/schema.org\",\"@graph\":[{\"@type\":\"Article\",\"@id\":\"https:\/\/luchonoticias.com\/editor\/procuraduria-formulo-pliego-de-cargos-contra-exdirectivo-de-fonade-por-posible-detrimento-patrimonial-en-obra-de-acueducto-en-huila\/#article\",\"isPartOf\":{\"@id\":\"https:\/\/luchonoticias.com\/editor\/procuraduria-formulo-pliego-de-cargos-contra-exdirectivo-de-fonade-por-posible-detrimento-patrimonial-en-obra-de-acueducto-en-huila\/\"},\"author\":{\"name\":\"Editor General\",\"@id\":\"https:\/\/luchonoticias.com\/editor\/#\/schema\/person\/29217990ddf6f14e35912b2866d591fb\"},\"headline\":\"Procuradur\u00eda formul\u00f3 pliego de cargos contra exdirectivo de Fonade, por posible detrimento patrimonial en obra de acueducto en Huila\",\"datePublished\":\"2023-05-10T19:12:43+00:00\",\"dateModified\":\"2023-05-10T19:12:44+00:00\",\"mainEntityOfPage\":{\"@id\":\"https:\/\/luchonoticias.com\/editor\/procuraduria-formulo-pliego-de-cargos-contra-exdirectivo-de-fonade-por-posible-detrimento-patrimonial-en-obra-de-acueducto-en-huila\/\"},\"wordCount\":285,\"commentCount\":0,\"publisher\":{\"@id\":\"https:\/\/luchonoticias.com\/editor\/#\/schema\/person\/7a7fd911f58561fd056dbac7b55af9cd\"},\"articleSection\":[\"Destacado\",\"Judicial\"],\"inLanguage\":\"es\",\"potentialAction\":[{\"@type\":\"CommentAction\",\"name\":\"Comment\",\"target\":[\"https:\/\/luchonoticias.com\/editor\/procuraduria-formulo-pliego-de-cargos-contra-exdirectivo-de-fonade-por-posible-detrimento-patrimonial-en-obra-de-acueducto-en-huila\/#respond\"]}]},{\"@type\":\"WebPage\",\"@id\":\"https:\/\/luchonoticias.com\/editor\/procuraduria-formulo-pliego-de-cargos-contra-exdirectivo-de-fonade-por-posible-detrimento-patrimonial-en-obra-de-acueducto-en-huila\/\",\"url\":\"https:\/\/luchonoticias.com\/editor\/procuraduria-formulo-pliego-de-cargos-contra-exdirectivo-de-fonade-por-posible-detrimento-patrimonial-en-obra-de-acueducto-en-huila\/\",\"name\":\"Procuradur\u00eda formul\u00f3 pliego de cargos contra exdirectivo de Fonade, por posible detrimento patrimonial en obra de acueducto en Huila -\",\"isPartOf\":{\"@id\":\"https:\/\/luchonoticias.com\/editor\/#website\"},\"datePublished\":\"2023-05-10T19:12:43+00:00\",\"dateModified\":\"2023-05-10T19:12:44+00:00\",\"breadcrumb\":{\"@id\":\"https:\/\/luchonoticias.com\/editor\/procuraduria-formulo-pliego-de-cargos-contra-exdirectivo-de-fonade-por-posible-detrimento-patrimonial-en-obra-de-acueducto-en-huila\/#breadcrumb\"},\"inLanguage\":\"es\",\"potentialAction\":[{\"@type\":\"ReadAction\",\"target\":[\"https:\/\/luchonoticias.com\/editor\/procuraduria-formulo-pliego-de-cargos-contra-exdirectivo-de-fonade-por-posible-detrimento-patrimonial-en-obra-de-acueducto-en-huila\/\"]}]},{\"@type\":\"BreadcrumbList\",\"@id\":\"https:\/\/luchonoticias.com\/editor\/procuraduria-formulo-pliego-de-cargos-contra-exdirectivo-de-fonade-por-posible-detrimento-patrimonial-en-obra-de-acueducto-en-huila\/#breadcrumb\",\"itemListElement\":[{\"@type\":\"ListItem\",\"position\":1,\"name\":\"Portada\",\"item\":\"https:\/\/luchonoticias.com\/editor\/\"},{\"@type\":\"ListItem\",\"position\":2,\"name\":\"Procuradur\u00eda formul\u00f3 pliego de cargos contra exdirectivo de Fonade, por posible detrimento patrimonial en obra de acueducto en Huila\"}]},{\"@type\":\"WebSite\",\"@id\":\"https:\/\/luchonoticias.com\/editor\/#website\",\"url\":\"https:\/\/luchonoticias.com\/editor\/\",\"name\":\"\",\"description\":\"\",\"publisher\":{\"@id\":\"https:\/\/luchonoticias.com\/editor\/#\/schema\/person\/7a7fd911f58561fd056dbac7b55af9cd\"},\"potentialAction\":[{\"@type\":\"SearchAction\",\"target\":{\"@type\":\"EntryPoint\",\"urlTemplate\":\"https:\/\/luchonoticias.com\/editor\/?s={search_term_string}\"},\"query-input\":{\"@type\":\"PropertyValueSpecification\",\"valueRequired\":true,\"valueName\":\"search_term_string\"}}],\"inLanguage\":\"es\"},{\"@type\":[\"Person\",\"Organization\"],\"@id\":\"https:\/\/luchonoticias.com\/editor\/#\/schema\/person\/7a7fd911f58561fd056dbac7b55af9cd\",\"name\":\"admin\",\"image\":{\"@type\":\"ImageObject\",\"inLanguage\":\"es\",\"@id\":\"https:\/\/luchonoticias.com\/editor\/#\/schema\/person\/image\/\",\"url\":\"https:\/\/luchonoticias.com\/editor\/wp-content\/uploads\/2024\/02\/cropped-cropped-logolu.webp\",\"contentUrl\":\"https:\/\/luchonoticias.com\/editor\/wp-content\/uploads\/2024\/02\/cropped-cropped-logolu.webp\",\"width\":382,\"height\":170,\"caption\":\"admin\"},\"logo\":{\"@id\":\"https:\/\/luchonoticias.com\/editor\/#\/schema\/person\/image\/\"},\"sameAs\":[\"https:\/\/www.facebook.com\/luchonoticiasneiva\"]},{\"@type\":\"Person\",\"@id\":\"https:\/\/luchonoticias.com\/editor\/#\/schema\/person\/29217990ddf6f14e35912b2866d591fb\",\"name\":\"Editor General\",\"image\":{\"@type\":\"ImageObject\",\"inLanguage\":\"es\",\"@id\":\"https:\/\/luchonoticias.com\/editor\/#\/schema\/person\/image\/\",\"url\":\"https:\/\/luchonoticias.com\/editor\/wp-content\/uploads\/2024\/02\/cropped-cropped-logolu-150x150.webp\",\"contentUrl\":\"https:\/\/luchonoticias.com\/editor\/wp-content\/uploads\/2024\/02\/cropped-cropped-logolu-150x150.webp\",\"caption\":\"Editor General\"},\"sameAs\":[\"https:\/\/luchonoticias.com\/\"],\"url\":\"https:\/\/luchonoticias.com\/editor\/author\/editor-general\/\"}]}<\/script>\n<!-- \/ Yoast SEO plugin. -->","yoast_head_json":{"title":"Procuradur\u00eda formul\u00f3 pliego de cargos contra exdirectivo de Fonade, por posible detrimento patrimonial en obra de acueducto en Huila -","robots":{"index":"index","follow":"follow","max-snippet":"max-snippet:-1","max-image-preview":"max-image-preview:large","max-video-preview":"max-video-preview:-1"},"canonical":"https:\/\/luchonoticias.com\/editor\/procuraduria-formulo-pliego-de-cargos-contra-exdirectivo-de-fonade-por-posible-detrimento-patrimonial-en-obra-de-acueducto-en-huila\/","og_locale":"es_ES","og_type":"article","og_title":"Procuradur\u00eda formul\u00f3 pliego de cargos contra exdirectivo de Fonade, por posible detrimento patrimonial en obra de acueducto en Huila -","og_url":"https:\/\/luchonoticias.com\/editor\/procuraduria-formulo-pliego-de-cargos-contra-exdirectivo-de-fonade-por-posible-detrimento-patrimonial-en-obra-de-acueducto-en-huila\/","article_publisher":"https:\/\/www.facebook.com\/luchonoticiasneiva","article_published_time":"2023-05-10T19:12:43+00:00","article_modified_time":"2023-05-10T19:12:44+00:00","author":"Editor General","twitter_card":"summary_large_image","twitter_misc":{"Escrito por":"Editor General","Tiempo de lectura":"1 minuto"},"schema":{"@context":"https:\/\/schema.org","@graph":[{"@type":"Article","@id":"https:\/\/luchonoticias.com\/editor\/procuraduria-formulo-pliego-de-cargos-contra-exdirectivo-de-fonade-por-posible-detrimento-patrimonial-en-obra-de-acueducto-en-huila\/#article","isPartOf":{"@id":"https:\/\/luchonoticias.com\/editor\/procuraduria-formulo-pliego-de-cargos-contra-exdirectivo-de-fonade-por-posible-detrimento-patrimonial-en-obra-de-acueducto-en-huila\/"},"author":{"name":"Editor General","@id":"https:\/\/luchonoticias.com\/editor\/#\/schema\/person\/29217990ddf6f14e35912b2866d591fb"},"headline":"Procuradur\u00eda formul\u00f3 pliego de cargos contra exdirectivo de Fonade, por posible detrimento patrimonial en obra de acueducto en Huila","datePublished":"2023-05-10T19:12:43+00:00","dateModified":"2023-05-10T19:12:44+00:00","mainEntityOfPage":{"@id":"https:\/\/luchonoticias.com\/editor\/procuraduria-formulo-pliego-de-cargos-contra-exdirectivo-de-fonade-por-posible-detrimento-patrimonial-en-obra-de-acueducto-en-huila\/"},"wordCount":285,"commentCount":0,"publisher":{"@id":"https:\/\/luchonoticias.com\/editor\/#\/schema\/person\/7a7fd911f58561fd056dbac7b55af9cd"},"articleSection":["Destacado","Judicial"],"inLanguage":"es","potentialAction":[{"@type":"CommentAction","name":"Comment","target":["https:\/\/luchonoticias.com\/editor\/procuraduria-formulo-pliego-de-cargos-contra-exdirectivo-de-fonade-por-posible-detrimento-patrimonial-en-obra-de-acueducto-en-huila\/#respond"]}]},{"@type":"WebPage","@id":"https:\/\/luchonoticias.com\/editor\/procuraduria-formulo-pliego-de-cargos-contra-exdirectivo-de-fonade-por-posible-detrimento-patrimonial-en-obra-de-acueducto-en-huila\/","url":"https:\/\/luchonoticias.com\/editor\/procuraduria-formulo-pliego-de-cargos-contra-exdirectivo-de-fonade-por-posible-detrimento-patrimonial-en-obra-de-acueducto-en-huila\/","name":"Procuradur\u00eda formul\u00f3 pliego de cargos contra exdirectivo de Fonade, por posible detrimento patrimonial en obra de acueducto en Huila -","isPartOf":{"@id":"https:\/\/luchonoticias.com\/editor\/#website"},"datePublished":"2023-05-10T19:12:43+00:00","dateModified":"2023-05-10T19:12:44+00:00","breadcrumb":{"@id":"https:\/\/luchonoticias.com\/editor\/procuraduria-formulo-pliego-de-cargos-contra-exdirectivo-de-fonade-por-posible-detrimento-patrimonial-en-obra-de-acueducto-en-huila\/#breadcrumb"},"inLanguage":"es","potentialAction":[{"@type":"ReadAction","target":["https:\/\/luchonoticias.com\/editor\/procuraduria-formulo-pliego-de-cargos-contra-exdirectivo-de-fonade-por-posible-detrimento-patrimonial-en-obra-de-acueducto-en-huila\/"]}]},{"@type":"BreadcrumbList","@id":"https:\/\/luchonoticias.com\/editor\/procuraduria-formulo-pliego-de-cargos-contra-exdirectivo-de-fonade-por-posible-detrimento-patrimonial-en-obra-de-acueducto-en-huila\/#breadcrumb","itemListElement":[{"@type":"ListItem","position":1,"name":"Portada","item":"https:\/\/luchonoticias.com\/editor\/"},{"@type":"ListItem","position":2,"name":"Procuradur\u00eda formul\u00f3 pliego de cargos contra exdirectivo de Fonade, por posible detrimento patrimonial en obra de acueducto en Huila"}]},{"@type":"WebSite","@id":"https:\/\/luchonoticias.com\/editor\/#website","url":"https:\/\/luchonoticias.com\/editor\/","name":"","description":"","publisher":{"@id":"https:\/\/luchonoticias.com\/editor\/#\/schema\/person\/7a7fd911f58561fd056dbac7b55af9cd"},"potentialAction":[{"@type":"SearchAction","target":{"@type":"EntryPoint","urlTemplate":"https:\/\/luchonoticias.com\/editor\/?s={search_term_string}"},"query-input":{"@type":"PropertyValueSpecification","valueRequired":true,"valueName":"search_term_string"}}],"inLanguage":"es"},{"@type":["Person","Organization"],"@id":"https:\/\/luchonoticias.com\/editor\/#\/schema\/person\/7a7fd911f58561fd056dbac7b55af9cd","name":"admin","image":{"@type":"ImageObject","inLanguage":"es","@id":"https:\/\/luchonoticias.com\/editor\/#\/schema\/person\/image\/","url":"https:\/\/luchonoticias.com\/editor\/wp-content\/uploads\/2024\/02\/cropped-cropped-logolu.webp","contentUrl":"https:\/\/luchonoticias.com\/editor\/wp-content\/uploads\/2024\/02\/cropped-cropped-logolu.webp","width":382,"height":170,"caption":"admin"},"logo":{"@id":"https:\/\/luchonoticias.com\/editor\/#\/schema\/person\/image\/"},"sameAs":["https:\/\/www.facebook.com\/luchonoticiasneiva"]},{"@type":"Person","@id":"https:\/\/luchonoticias.com\/editor\/#\/schema\/person\/29217990ddf6f14e35912b2866d591fb","name":"Editor General","image":{"@type":"ImageObject","inLanguage":"es","@id":"https:\/\/luchonoticias.com\/editor\/#\/schema\/person\/image\/","url":"https:\/\/luchonoticias.com\/editor\/wp-content\/uploads\/2024\/02\/cropped-cropped-logolu-150x150.webp","contentUrl":"https:\/\/luchonoticias.com\/editor\/wp-content\/uploads\/2024\/02\/cropped-cropped-logolu-150x150.webp","caption":"Editor General"},"sameAs":["https:\/\/luchonoticias.com\/"],"url":"https:\/\/luchonoticias.com\/editor\/author\/editor-general\/"}]}},"_links":{"self":[{"href":"https:\/\/luchonoticias.com\/editor\/wp-json\/wp\/v2\/posts\/52154","targetHints":{"allow":["GET"]}}],"collection":[{"href":"https:\/\/luchonoticias.com\/editor\/wp-json\/wp\/v2\/posts"}],"about":[{"href":"https:\/\/luchonoticias.com\/editor\/wp-json\/wp\/v2\/types\/post"}],"author":[{"embeddable":true,"href":"https:\/\/luchonoticias.com\/editor\/wp-json\/wp\/v2\/users\/2"}],"replies":[{"embeddable":true,"href":"https:\/\/luchonoticias.com\/editor\/wp-json\/wp\/v2\/comments?post=52154"}],"version-history":[{"count":0,"href":"https:\/\/luchonoticias.com\/editor\/wp-json\/wp\/v2\/posts\/52154\/revisions"}],"wp:attachment":[{"href":"https:\/\/luchonoticias.com\/editor\/wp-json\/wp\/v2\/media?parent=52154"}],"wp:term":[{"taxonomy":"category","embeddable":true,"href":"https:\/\/luchonoticias.com\/editor\/wp-json\/wp\/v2\/categories?post=52154"},{"taxonomy":"post_tag","embeddable":true,"href":"https:\/\/luchonoticias.com\/editor\/wp-json\/wp\/v2\/tags?post=52154"}],"curies":[{"name":"wp","href":"https:\/\/api.w.org\/{rel}","templated":true}]}}