{"id":52157,"date":"2023-05-10T14:15:42","date_gmt":"2023-05-10T19:15:42","guid":{"rendered":"https:\/\/luchonoticias.com\/?p=52157"},"modified":"2023-05-10T14:15:43","modified_gmt":"2023-05-10T19:15:43","slug":"a-la-camara-paso-acto-legislativo-que-reduce-receso-congresional","status":"publish","type":"post","link":"https:\/\/luchonoticias.com\/editor\/a-la-camara-paso-acto-legislativo-que-reduce-receso-congresional\/","title":{"rendered":"A la C\u00e1mara pas\u00f3 Acto Legislativo que reduce receso congresional"},"content":{"rendered":"\n<p>A s\u00f3lo dos debates de ser un cambio constitucional qued\u00f3 el acto legislativo por medio del cual se determina una reducci\u00f3n en el tiempo del receso legislativo de comienzo de a\u00f1o, seg\u00fan lo contenido en el proyecto de acto legislativo No. 002 de 2022 Senado \u2013 260 de 2022 C\u00e1mara \u2013Acumulado con los PAL&nbsp; No. 003 de 2022 Senado \u2013 011 de 2022 Senado.<\/p>\n\n\n\n<p>La iniciativa que fue aprobada por m\u00e1s de 80 votos y ninguno en contra, tuvo entre sus principales defensores al senador&nbsp;<strong>Carlos Fernando Motoa, Cambio Radical,<\/strong>&nbsp;sostuvo que \u201csin importar el origen, es decir, si es congresional, ciudadana o del Ejecutivo. Al Congreso le corresponde aperturar la democracia, no cerrarla. Que el Congreso ejerza plenamente todas sus funciones previstas en la Constituci\u00f3n y la Ley, es decir: legislativas, constituyentes y de control pol\u00edtico\u201d.<\/p>\n\n\n\n<p>El senador&nbsp;<strong>David Luna S\u00e1nchez, Cambio Radical,<\/strong>&nbsp;explic\u00f3 que este acto legislativo \u00abpretende reconectar al Congreso con la opini\u00f3n p\u00fablica al demostrar su inter\u00e9s de realizar un mayor ejercicio legislativo y de control pol\u00edtico\u00bb.<\/p>\n\n\n\n<p>El primer vicepresidente del Senado,&nbsp;<strong>Miguel \u00c1ngel Pinto Hern\u00e1ndez, Partido Liberal<\/strong>, quien ejerci\u00f3 como presidente pro tempore ante la salida del senador Roy Barreras Montealegre, sostuvo que no apoyaba durante ese mes que se adiciona de sesiones, discutir reformas constitucionales durante el periodo, \u00abla limitaci\u00f3n en el tiempo de tramite es un blindaje que protege la constituci\u00f3n del 91\u00bb.<\/p>\n\n\n\n<p>Cabe destacar que al entrar en vigencia la reforma constitucional, el periodo de sesiones de inicio de a\u00f1o comenzar\u00e1 el 16 de febrero y no el 16 de marzo como ocurre actualmente.&nbsp;La reducci\u00f3n de ese mes en el receso legislativo, solo aplicar\u00e1 para los tres primeros a\u00f1os del periodo congresional, teniendo en cuenta que el \u00faltimo a\u00f1o es electoral y los dirigentes pol\u00edticos necesitan estar en las regiones para impulsar sus candidatos.&nbsp;<\/p>\n","protected":false},"excerpt":{"rendered":"<p>A s\u00f3lo dos debates de ser un cambio constitucional qued\u00f3 el acto legislativo por medio del cual se determina una reducci\u00f3n en el tiempo del receso legislativo de comienzo de a\u00f1o, seg\u00fan lo contenido en el proyecto de acto legislativo No. 002 de 2022 Senado \u2013 260 de 2022 C\u00e1mara \u2013Acumulado con los PAL&nbsp; No. [&hellip;]<\/p>\n","protected":false},"author":2,"featured_media":0,"comment_status":"open","ping_status":"open","sticky":false,"template":"","format":"standard","meta":{"footnotes":""},"categories":[36,617],"tags":[],"class_list":["post-52157","post","type-post","status-publish","format-standard","hentry","category-destacado","category-politica"],"yoast_head":"<!-- This site is optimized with the Yoast SEO plugin v26.6 - https:\/\/yoast.com\/wordpress\/plugins\/seo\/ -->\n<title>A la C\u00e1mara pas\u00f3 Acto Legislativo que reduce receso congresional -<\/title>\n<meta name=\"robots\" content=\"index, follow, max-snippet:-1, max-image-preview:large, max-video-preview:-1\" \/>\n<link rel=\"canonical\" href=\"https:\/\/luchonoticias.com\/editor\/a-la-camara-paso-acto-legislativo-que-reduce-receso-congresional\/\" \/>\n<meta property=\"og:locale\" content=\"es_ES\" \/>\n<meta property=\"og:type\" content=\"article\" \/>\n<meta property=\"og:title\" content=\"A la C\u00e1mara pas\u00f3 Acto Legislativo que reduce receso congresional -\" \/>\n<meta property=\"og:url\" content=\"https:\/\/luchonoticias.com\/editor\/a-la-camara-paso-acto-legislativo-que-reduce-receso-congresional\/\" \/>\n<meta property=\"article:publisher\" content=\"https:\/\/www.facebook.com\/luchonoticiasneiva\" \/>\n<meta property=\"article:published_time\" content=\"2023-05-10T19:15:42+00:00\" \/>\n<meta property=\"article:modified_time\" content=\"2023-05-10T19:15:43+00:00\" \/>\n<meta name=\"author\" content=\"Editor General\" \/>\n<meta name=\"twitter:card\" content=\"summary_large_image\" \/>\n<meta name=\"twitter:label1\" content=\"Escrito por\" \/>\n\t<meta name=\"twitter:data1\" content=\"Editor General\" \/>\n\t<meta name=\"twitter:label2\" content=\"Tiempo de lectura\" \/>\n\t<meta name=\"twitter:data2\" content=\"2 minutos\" \/>\n<script type=\"application\/ld+json\" class=\"yoast-schema-graph\">{\"@context\":\"https:\/\/schema.org\",\"@graph\":[{\"@type\":\"Article\",\"@id\":\"https:\/\/luchonoticias.com\/editor\/a-la-camara-paso-acto-legislativo-que-reduce-receso-congresional\/#article\",\"isPartOf\":{\"@id\":\"https:\/\/luchonoticias.com\/editor\/a-la-camara-paso-acto-legislativo-que-reduce-receso-congresional\/\"},\"author\":{\"name\":\"Editor General\",\"@id\":\"https:\/\/luchonoticias.com\/editor\/#\/schema\/person\/29217990ddf6f14e35912b2866d591fb\"},\"headline\":\"A la C\u00e1mara pas\u00f3 Acto Legislativo que reduce receso congresional\",\"datePublished\":\"2023-05-10T19:15:42+00:00\",\"dateModified\":\"2023-05-10T19:15:43+00:00\",\"mainEntityOfPage\":{\"@id\":\"https:\/\/luchonoticias.com\/editor\/a-la-camara-paso-acto-legislativo-que-reduce-receso-congresional\/\"},\"wordCount\":329,\"commentCount\":0,\"publisher\":{\"@id\":\"https:\/\/luchonoticias.com\/editor\/#\/schema\/person\/7a7fd911f58561fd056dbac7b55af9cd\"},\"articleSection\":[\"Destacado\",\"Pol\u00edtica\"],\"inLanguage\":\"es\",\"potentialAction\":[{\"@type\":\"CommentAction\",\"name\":\"Comment\",\"target\":[\"https:\/\/luchonoticias.com\/editor\/a-la-camara-paso-acto-legislativo-que-reduce-receso-congresional\/#respond\"]}]},{\"@type\":\"WebPage\",\"@id\":\"https:\/\/luchonoticias.com\/editor\/a-la-camara-paso-acto-legislativo-que-reduce-receso-congresional\/\",\"url\":\"https:\/\/luchonoticias.com\/editor\/a-la-camara-paso-acto-legislativo-que-reduce-receso-congresional\/\",\"name\":\"A la C\u00e1mara pas\u00f3 Acto Legislativo que reduce receso congresional -\",\"isPartOf\":{\"@id\":\"https:\/\/luchonoticias.com\/editor\/#website\"},\"datePublished\":\"2023-05-10T19:15:42+00:00\",\"dateModified\":\"2023-05-10T19:15:43+00:00\",\"breadcrumb\":{\"@id\":\"https:\/\/luchonoticias.com\/editor\/a-la-camara-paso-acto-legislativo-que-reduce-receso-congresional\/#breadcrumb\"},\"inLanguage\":\"es\",\"potentialAction\":[{\"@type\":\"ReadAction\",\"target\":[\"https:\/\/luchonoticias.com\/editor\/a-la-camara-paso-acto-legislativo-que-reduce-receso-congresional\/\"]}]},{\"@type\":\"BreadcrumbList\",\"@id\":\"https:\/\/luchonoticias.com\/editor\/a-la-camara-paso-acto-legislativo-que-reduce-receso-congresional\/#breadcrumb\",\"itemListElement\":[{\"@type\":\"ListItem\",\"position\":1,\"name\":\"Portada\",\"item\":\"https:\/\/luchonoticias.com\/editor\/\"},{\"@type\":\"ListItem\",\"position\":2,\"name\":\"A la C\u00e1mara pas\u00f3 Acto Legislativo que reduce receso congresional\"}]},{\"@type\":\"WebSite\",\"@id\":\"https:\/\/luchonoticias.com\/editor\/#website\",\"url\":\"https:\/\/luchonoticias.com\/editor\/\",\"name\":\"\",\"description\":\"\",\"publisher\":{\"@id\":\"https:\/\/luchonoticias.com\/editor\/#\/schema\/person\/7a7fd911f58561fd056dbac7b55af9cd\"},\"potentialAction\":[{\"@type\":\"SearchAction\",\"target\":{\"@type\":\"EntryPoint\",\"urlTemplate\":\"https:\/\/luchonoticias.com\/editor\/?s={search_term_string}\"},\"query-input\":{\"@type\":\"PropertyValueSpecification\",\"valueRequired\":true,\"valueName\":\"search_term_string\"}}],\"inLanguage\":\"es\"},{\"@type\":[\"Person\",\"Organization\"],\"@id\":\"https:\/\/luchonoticias.com\/editor\/#\/schema\/person\/7a7fd911f58561fd056dbac7b55af9cd\",\"name\":\"admin\",\"image\":{\"@type\":\"ImageObject\",\"inLanguage\":\"es\",\"@id\":\"https:\/\/luchonoticias.com\/editor\/#\/schema\/person\/image\/\",\"url\":\"https:\/\/luchonoticias.com\/editor\/wp-content\/uploads\/2024\/02\/cropped-cropped-logolu.webp\",\"contentUrl\":\"https:\/\/luchonoticias.com\/editor\/wp-content\/uploads\/2024\/02\/cropped-cropped-logolu.webp\",\"width\":382,\"height\":170,\"caption\":\"admin\"},\"logo\":{\"@id\":\"https:\/\/luchonoticias.com\/editor\/#\/schema\/person\/image\/\"},\"sameAs\":[\"https:\/\/www.facebook.com\/luchonoticiasneiva\"]},{\"@type\":\"Person\",\"@id\":\"https:\/\/luchonoticias.com\/editor\/#\/schema\/person\/29217990ddf6f14e35912b2866d591fb\",\"name\":\"Editor General\",\"image\":{\"@type\":\"ImageObject\",\"inLanguage\":\"es\",\"@id\":\"https:\/\/luchonoticias.com\/editor\/#\/schema\/person\/image\/\",\"url\":\"https:\/\/luchonoticias.com\/editor\/wp-content\/uploads\/2024\/02\/cropped-cropped-logolu-150x150.webp\",\"contentUrl\":\"https:\/\/luchonoticias.com\/editor\/wp-content\/uploads\/2024\/02\/cropped-cropped-logolu-150x150.webp\",\"caption\":\"Editor General\"},\"sameAs\":[\"https:\/\/luchonoticias.com\/\"],\"url\":\"https:\/\/luchonoticias.com\/editor\/author\/editor-general\/\"}]}<\/script>\n<!-- \/ Yoast SEO plugin. -->","yoast_head_json":{"title":"A la C\u00e1mara pas\u00f3 Acto Legislativo que reduce receso congresional -","robots":{"index":"index","follow":"follow","max-snippet":"max-snippet:-1","max-image-preview":"max-image-preview:large","max-video-preview":"max-video-preview:-1"},"canonical":"https:\/\/luchonoticias.com\/editor\/a-la-camara-paso-acto-legislativo-que-reduce-receso-congresional\/","og_locale":"es_ES","og_type":"article","og_title":"A la C\u00e1mara pas\u00f3 Acto Legislativo que reduce receso congresional -","og_url":"https:\/\/luchonoticias.com\/editor\/a-la-camara-paso-acto-legislativo-que-reduce-receso-congresional\/","article_publisher":"https:\/\/www.facebook.com\/luchonoticiasneiva","article_published_time":"2023-05-10T19:15:42+00:00","article_modified_time":"2023-05-10T19:15:43+00:00","author":"Editor General","twitter_card":"summary_large_image","twitter_misc":{"Escrito por":"Editor General","Tiempo de lectura":"2 minutos"},"schema":{"@context":"https:\/\/schema.org","@graph":[{"@type":"Article","@id":"https:\/\/luchonoticias.com\/editor\/a-la-camara-paso-acto-legislativo-que-reduce-receso-congresional\/#article","isPartOf":{"@id":"https:\/\/luchonoticias.com\/editor\/a-la-camara-paso-acto-legislativo-que-reduce-receso-congresional\/"},"author":{"name":"Editor General","@id":"https:\/\/luchonoticias.com\/editor\/#\/schema\/person\/29217990ddf6f14e35912b2866d591fb"},"headline":"A la C\u00e1mara pas\u00f3 Acto Legislativo que reduce receso congresional","datePublished":"2023-05-10T19:15:42+00:00","dateModified":"2023-05-10T19:15:43+00:00","mainEntityOfPage":{"@id":"https:\/\/luchonoticias.com\/editor\/a-la-camara-paso-acto-legislativo-que-reduce-receso-congresional\/"},"wordCount":329,"commentCount":0,"publisher":{"@id":"https:\/\/luchonoticias.com\/editor\/#\/schema\/person\/7a7fd911f58561fd056dbac7b55af9cd"},"articleSection":["Destacado","Pol\u00edtica"],"inLanguage":"es","potentialAction":[{"@type":"CommentAction","name":"Comment","target":["https:\/\/luchonoticias.com\/editor\/a-la-camara-paso-acto-legislativo-que-reduce-receso-congresional\/#respond"]}]},{"@type":"WebPage","@id":"https:\/\/luchonoticias.com\/editor\/a-la-camara-paso-acto-legislativo-que-reduce-receso-congresional\/","url":"https:\/\/luchonoticias.com\/editor\/a-la-camara-paso-acto-legislativo-que-reduce-receso-congresional\/","name":"A la C\u00e1mara pas\u00f3 Acto Legislativo que reduce receso congresional -","isPartOf":{"@id":"https:\/\/luchonoticias.com\/editor\/#website"},"datePublished":"2023-05-10T19:15:42+00:00","dateModified":"2023-05-10T19:15:43+00:00","breadcrumb":{"@id":"https:\/\/luchonoticias.com\/editor\/a-la-camara-paso-acto-legislativo-que-reduce-receso-congresional\/#breadcrumb"},"inLanguage":"es","potentialAction":[{"@type":"ReadAction","target":["https:\/\/luchonoticias.com\/editor\/a-la-camara-paso-acto-legislativo-que-reduce-receso-congresional\/"]}]},{"@type":"BreadcrumbList","@id":"https:\/\/luchonoticias.com\/editor\/a-la-camara-paso-acto-legislativo-que-reduce-receso-congresional\/#breadcrumb","itemListElement":[{"@type":"ListItem","position":1,"name":"Portada","item":"https:\/\/luchonoticias.com\/editor\/"},{"@type":"ListItem","position":2,"name":"A la C\u00e1mara pas\u00f3 Acto Legislativo que reduce receso congresional"}]},{"@type":"WebSite","@id":"https:\/\/luchonoticias.com\/editor\/#website","url":"https:\/\/luchonoticias.com\/editor\/","name":"","description":"","publisher":{"@id":"https:\/\/luchonoticias.com\/editor\/#\/schema\/person\/7a7fd911f58561fd056dbac7b55af9cd"},"potentialAction":[{"@type":"SearchAction","target":{"@type":"EntryPoint","urlTemplate":"https:\/\/luchonoticias.com\/editor\/?s={search_term_string}"},"query-input":{"@type":"PropertyValueSpecification","valueRequired":true,"valueName":"search_term_string"}}],"inLanguage":"es"},{"@type":["Person","Organization"],"@id":"https:\/\/luchonoticias.com\/editor\/#\/schema\/person\/7a7fd911f58561fd056dbac7b55af9cd","name":"admin","image":{"@type":"ImageObject","inLanguage":"es","@id":"https:\/\/luchonoticias.com\/editor\/#\/schema\/person\/image\/","url":"https:\/\/luchonoticias.com\/editor\/wp-content\/uploads\/2024\/02\/cropped-cropped-logolu.webp","contentUrl":"https:\/\/luchonoticias.com\/editor\/wp-content\/uploads\/2024\/02\/cropped-cropped-logolu.webp","width":382,"height":170,"caption":"admin"},"logo":{"@id":"https:\/\/luchonoticias.com\/editor\/#\/schema\/person\/image\/"},"sameAs":["https:\/\/www.facebook.com\/luchonoticiasneiva"]},{"@type":"Person","@id":"https:\/\/luchonoticias.com\/editor\/#\/schema\/person\/29217990ddf6f14e35912b2866d591fb","name":"Editor General","image":{"@type":"ImageObject","inLanguage":"es","@id":"https:\/\/luchonoticias.com\/editor\/#\/schema\/person\/image\/","url":"https:\/\/luchonoticias.com\/editor\/wp-content\/uploads\/2024\/02\/cropped-cropped-logolu-150x150.webp","contentUrl":"https:\/\/luchonoticias.com\/editor\/wp-content\/uploads\/2024\/02\/cropped-cropped-logolu-150x150.webp","caption":"Editor General"},"sameAs":["https:\/\/luchonoticias.com\/"],"url":"https:\/\/luchonoticias.com\/editor\/author\/editor-general\/"}]}},"_links":{"self":[{"href":"https:\/\/luchonoticias.com\/editor\/wp-json\/wp\/v2\/posts\/52157","targetHints":{"allow":["GET"]}}],"collection":[{"href":"https:\/\/luchonoticias.com\/editor\/wp-json\/wp\/v2\/posts"}],"about":[{"href":"https:\/\/luchonoticias.com\/editor\/wp-json\/wp\/v2\/types\/post"}],"author":[{"embeddable":true,"href":"https:\/\/luchonoticias.com\/editor\/wp-json\/wp\/v2\/users\/2"}],"replies":[{"embeddable":true,"href":"https:\/\/luchonoticias.com\/editor\/wp-json\/wp\/v2\/comments?post=52157"}],"version-history":[{"count":0,"href":"https:\/\/luchonoticias.com\/editor\/wp-json\/wp\/v2\/posts\/52157\/revisions"}],"wp:attachment":[{"href":"https:\/\/luchonoticias.com\/editor\/wp-json\/wp\/v2\/media?parent=52157"}],"wp:term":[{"taxonomy":"category","embeddable":true,"href":"https:\/\/luchonoticias.com\/editor\/wp-json\/wp\/v2\/categories?post=52157"},{"taxonomy":"post_tag","embeddable":true,"href":"https:\/\/luchonoticias.com\/editor\/wp-json\/wp\/v2\/tags?post=52157"}],"curies":[{"name":"wp","href":"https:\/\/api.w.org\/{rel}","templated":true}]}}