{"id":52160,"date":"2023-05-10T14:21:10","date_gmt":"2023-05-10T19:21:10","guid":{"rendered":"https:\/\/luchonoticias.com\/?p=52160"},"modified":"2023-05-10T14:21:11","modified_gmt":"2023-05-10T19:21:11","slug":"al-senado-paso-la-reforma-constitucional-del-uso-recreativo-de-la-marihuana","status":"publish","type":"post","link":"https:\/\/luchonoticias.com\/editor\/al-senado-paso-la-reforma-constitucional-del-uso-recreativo-de-la-marihuana\/","title":{"rendered":"Al Senado pas\u00f3 la reforma constitucional del uso recreativo de la marihuana"},"content":{"rendered":"\n<p>La C\u00e1mara de Representantes aprob\u00f3&nbsp;el Proyecto de Acto Legislativo N\u00b0 002 de 2022 C\u00e1mara \u2013 033 de 2022 Senado \u201cPor medio del cual se&nbsp;modifica el art\u00edculo 49 de la Constituci\u00f3n Pol\u00edtica de Colombia, se regulariza el Cannabis de uso adulto&nbsp;y se dictan otras disposiciones\u201d.<\/p>\n\n\n\n<p>La iniciativa es de autor\u00eda congresional y tiene el apoyo del gobierno. Entre los autores est\u00e1n Juan Carlos Lozada Vargas, Juli\u00e1n David L\u00f3pez Tenorio, Jaime Rodr\u00edguez Contreras, Jorge Eliecer Tamayo Marulanda, Andr\u00e9s David Calle Aguas, Mar\u00eda Del Mar Pizarro Garc\u00eda,&nbsp;Jennifer Dalley Pedraza Sandoval, Mar\u00eda Fernanda Carrascal Rojas, Gabriel Becerra Y\u00e1\u00f1ez, Luis Alberto&nbsp;Alban Urbano y David Ricardo Racero Mayorca, entre otros.<\/p>\n\n\n\n<p>Sobre el proyecto el representante liberal, Juan Carlos Losada, sostuvo que \u201choy estamos creando un mercado legal del cannabis que va a garantizar los derechos de los consumidores en nuestro pa\u00eds, que va a quitar el estigma, que va a quitarle adem\u00e1s un negocio a las bandas delincuenciales que se han lucrado durante demasiado tiempo de la fallida pol\u00edtica contra las drogas\u201d.<\/p>\n\n\n\n<p>Precis\u00f3 que \u201cesto no se va a hacer de cualquier manera, se va a hacer a trav\u00e9s de un licenciamiento, pero adem\u00e1s de ello con unas restricciones muy claras para proteger a los menores de edad. Est\u00e1 prohibido dentro de instituciones educativas, en otros entornos escolares y en zonas comunes de las propiedades horizontales\u201d.<\/p>\n\n\n\n<p>Entre quien vot\u00f3 en contra el proyecto, estuvo la representante Marel\u00e9n Castillo, quien afirm\u00f3 que \u201cvot\u00e9 negativo y no estoy de acuerdo con la legalizaci\u00f3n, porque esto afecta a nuestros j\u00f3venes y porque es un problema de salud p\u00fablica as\u00ed no lo quieran aceptar, qu\u00e9 tal que llegue cerca a nuestras escuelas\u201d.<\/p>\n\n\n\n<p>Finalmente, el ministro del Interior, Luis Fernando Velasco, manifest\u00f3 que \u201cesto es convertir un factor de violencia en un factor de desarrollo, en el norte del Cauca, en algunas zonas de la Sierra Nevada y en muchos lugares de la Orinoqu\u00eda y de la Amazon\u00eda la gente se mata por el control del negocio. En el momento en que este sea un negocio en manos del Estado, regulado por el Estado, no solo no nos vamos a matar, sino que tenemos una opci\u00f3n econ\u00f3mica para los campesinos de Colombia\u201d.<\/p>\n","protected":false},"excerpt":{"rendered":"<p>La C\u00e1mara de Representantes aprob\u00f3&nbsp;el Proyecto de Acto Legislativo N\u00b0 002 de 2022 C\u00e1mara \u2013 033 de 2022 Senado \u201cPor medio del cual se&nbsp;modifica el art\u00edculo 49 de la Constituci\u00f3n Pol\u00edtica de Colombia, se regulariza el Cannabis de uso adulto&nbsp;y se dictan otras disposiciones\u201d. La iniciativa es de autor\u00eda congresional y tiene el apoyo del [&hellip;]<\/p>\n","protected":false},"author":2,"featured_media":0,"comment_status":"open","ping_status":"open","sticky":false,"template":"","format":"standard","meta":{"footnotes":""},"categories":[36,617],"tags":[],"class_list":["post-52160","post","type-post","status-publish","format-standard","hentry","category-destacado","category-politica"],"yoast_head":"<!-- This site is optimized with the Yoast SEO plugin v26.6 - https:\/\/yoast.com\/wordpress\/plugins\/seo\/ -->\n<title>Al Senado pas\u00f3 la reforma constitucional del uso recreativo de la marihuana -<\/title>\n<meta name=\"robots\" content=\"index, follow, max-snippet:-1, max-image-preview:large, max-video-preview:-1\" \/>\n<link rel=\"canonical\" href=\"https:\/\/luchonoticias.com\/editor\/al-senado-paso-la-reforma-constitucional-del-uso-recreativo-de-la-marihuana\/\" \/>\n<meta property=\"og:locale\" content=\"es_ES\" \/>\n<meta property=\"og:type\" content=\"article\" \/>\n<meta property=\"og:title\" content=\"Al Senado pas\u00f3 la reforma constitucional del uso recreativo de la marihuana -\" \/>\n<meta property=\"og:url\" content=\"https:\/\/luchonoticias.com\/editor\/al-senado-paso-la-reforma-constitucional-del-uso-recreativo-de-la-marihuana\/\" \/>\n<meta property=\"article:publisher\" content=\"https:\/\/www.facebook.com\/luchonoticiasneiva\" \/>\n<meta property=\"article:published_time\" content=\"2023-05-10T19:21:10+00:00\" \/>\n<meta property=\"article:modified_time\" content=\"2023-05-10T19:21:11+00:00\" \/>\n<meta name=\"author\" content=\"Editor General\" \/>\n<meta name=\"twitter:card\" content=\"summary_large_image\" \/>\n<meta name=\"twitter:label1\" content=\"Escrito por\" \/>\n\t<meta name=\"twitter:data1\" content=\"Editor General\" \/>\n\t<meta name=\"twitter:label2\" content=\"Tiempo de lectura\" \/>\n\t<meta name=\"twitter:data2\" content=\"2 minutos\" \/>\n<script type=\"application\/ld+json\" class=\"yoast-schema-graph\">{\"@context\":\"https:\/\/schema.org\",\"@graph\":[{\"@type\":\"Article\",\"@id\":\"https:\/\/luchonoticias.com\/editor\/al-senado-paso-la-reforma-constitucional-del-uso-recreativo-de-la-marihuana\/#article\",\"isPartOf\":{\"@id\":\"https:\/\/luchonoticias.com\/editor\/al-senado-paso-la-reforma-constitucional-del-uso-recreativo-de-la-marihuana\/\"},\"author\":{\"name\":\"Editor General\",\"@id\":\"https:\/\/luchonoticias.com\/editor\/#\/schema\/person\/29217990ddf6f14e35912b2866d591fb\"},\"headline\":\"Al Senado pas\u00f3 la reforma constitucional del uso recreativo de la marihuana\",\"datePublished\":\"2023-05-10T19:21:10+00:00\",\"dateModified\":\"2023-05-10T19:21:11+00:00\",\"mainEntityOfPage\":{\"@id\":\"https:\/\/luchonoticias.com\/editor\/al-senado-paso-la-reforma-constitucional-del-uso-recreativo-de-la-marihuana\/\"},\"wordCount\":405,\"commentCount\":0,\"publisher\":{\"@id\":\"https:\/\/luchonoticias.com\/editor\/#\/schema\/person\/7a7fd911f58561fd056dbac7b55af9cd\"},\"articleSection\":[\"Destacado\",\"Pol\u00edtica\"],\"inLanguage\":\"es\",\"potentialAction\":[{\"@type\":\"CommentAction\",\"name\":\"Comment\",\"target\":[\"https:\/\/luchonoticias.com\/editor\/al-senado-paso-la-reforma-constitucional-del-uso-recreativo-de-la-marihuana\/#respond\"]}]},{\"@type\":\"WebPage\",\"@id\":\"https:\/\/luchonoticias.com\/editor\/al-senado-paso-la-reforma-constitucional-del-uso-recreativo-de-la-marihuana\/\",\"url\":\"https:\/\/luchonoticias.com\/editor\/al-senado-paso-la-reforma-constitucional-del-uso-recreativo-de-la-marihuana\/\",\"name\":\"Al Senado pas\u00f3 la reforma constitucional del uso recreativo de la marihuana -\",\"isPartOf\":{\"@id\":\"https:\/\/luchonoticias.com\/editor\/#website\"},\"datePublished\":\"2023-05-10T19:21:10+00:00\",\"dateModified\":\"2023-05-10T19:21:11+00:00\",\"breadcrumb\":{\"@id\":\"https:\/\/luchonoticias.com\/editor\/al-senado-paso-la-reforma-constitucional-del-uso-recreativo-de-la-marihuana\/#breadcrumb\"},\"inLanguage\":\"es\",\"potentialAction\":[{\"@type\":\"ReadAction\",\"target\":[\"https:\/\/luchonoticias.com\/editor\/al-senado-paso-la-reforma-constitucional-del-uso-recreativo-de-la-marihuana\/\"]}]},{\"@type\":\"BreadcrumbList\",\"@id\":\"https:\/\/luchonoticias.com\/editor\/al-senado-paso-la-reforma-constitucional-del-uso-recreativo-de-la-marihuana\/#breadcrumb\",\"itemListElement\":[{\"@type\":\"ListItem\",\"position\":1,\"name\":\"Portada\",\"item\":\"https:\/\/luchonoticias.com\/editor\/\"},{\"@type\":\"ListItem\",\"position\":2,\"name\":\"Al Senado pas\u00f3 la reforma constitucional del uso recreativo de la marihuana\"}]},{\"@type\":\"WebSite\",\"@id\":\"https:\/\/luchonoticias.com\/editor\/#website\",\"url\":\"https:\/\/luchonoticias.com\/editor\/\",\"name\":\"\",\"description\":\"\",\"publisher\":{\"@id\":\"https:\/\/luchonoticias.com\/editor\/#\/schema\/person\/7a7fd911f58561fd056dbac7b55af9cd\"},\"potentialAction\":[{\"@type\":\"SearchAction\",\"target\":{\"@type\":\"EntryPoint\",\"urlTemplate\":\"https:\/\/luchonoticias.com\/editor\/?s={search_term_string}\"},\"query-input\":{\"@type\":\"PropertyValueSpecification\",\"valueRequired\":true,\"valueName\":\"search_term_string\"}}],\"inLanguage\":\"es\"},{\"@type\":[\"Person\",\"Organization\"],\"@id\":\"https:\/\/luchonoticias.com\/editor\/#\/schema\/person\/7a7fd911f58561fd056dbac7b55af9cd\",\"name\":\"admin\",\"image\":{\"@type\":\"ImageObject\",\"inLanguage\":\"es\",\"@id\":\"https:\/\/luchonoticias.com\/editor\/#\/schema\/person\/image\/\",\"url\":\"https:\/\/luchonoticias.com\/editor\/wp-content\/uploads\/2024\/02\/cropped-cropped-logolu.webp\",\"contentUrl\":\"https:\/\/luchonoticias.com\/editor\/wp-content\/uploads\/2024\/02\/cropped-cropped-logolu.webp\",\"width\":382,\"height\":170,\"caption\":\"admin\"},\"logo\":{\"@id\":\"https:\/\/luchonoticias.com\/editor\/#\/schema\/person\/image\/\"},\"sameAs\":[\"https:\/\/www.facebook.com\/luchonoticiasneiva\"]},{\"@type\":\"Person\",\"@id\":\"https:\/\/luchonoticias.com\/editor\/#\/schema\/person\/29217990ddf6f14e35912b2866d591fb\",\"name\":\"Editor General\",\"image\":{\"@type\":\"ImageObject\",\"inLanguage\":\"es\",\"@id\":\"https:\/\/luchonoticias.com\/editor\/#\/schema\/person\/image\/\",\"url\":\"https:\/\/luchonoticias.com\/editor\/wp-content\/uploads\/2024\/02\/cropped-cropped-logolu-150x150.webp\",\"contentUrl\":\"https:\/\/luchonoticias.com\/editor\/wp-content\/uploads\/2024\/02\/cropped-cropped-logolu-150x150.webp\",\"caption\":\"Editor General\"},\"sameAs\":[\"https:\/\/luchonoticias.com\/\"],\"url\":\"https:\/\/luchonoticias.com\/editor\/author\/editor-general\/\"}]}<\/script>\n<!-- \/ Yoast SEO plugin. -->","yoast_head_json":{"title":"Al Senado pas\u00f3 la reforma constitucional del uso recreativo de la marihuana -","robots":{"index":"index","follow":"follow","max-snippet":"max-snippet:-1","max-image-preview":"max-image-preview:large","max-video-preview":"max-video-preview:-1"},"canonical":"https:\/\/luchonoticias.com\/editor\/al-senado-paso-la-reforma-constitucional-del-uso-recreativo-de-la-marihuana\/","og_locale":"es_ES","og_type":"article","og_title":"Al Senado pas\u00f3 la reforma constitucional del uso recreativo de la marihuana -","og_url":"https:\/\/luchonoticias.com\/editor\/al-senado-paso-la-reforma-constitucional-del-uso-recreativo-de-la-marihuana\/","article_publisher":"https:\/\/www.facebook.com\/luchonoticiasneiva","article_published_time":"2023-05-10T19:21:10+00:00","article_modified_time":"2023-05-10T19:21:11+00:00","author":"Editor General","twitter_card":"summary_large_image","twitter_misc":{"Escrito por":"Editor General","Tiempo de lectura":"2 minutos"},"schema":{"@context":"https:\/\/schema.org","@graph":[{"@type":"Article","@id":"https:\/\/luchonoticias.com\/editor\/al-senado-paso-la-reforma-constitucional-del-uso-recreativo-de-la-marihuana\/#article","isPartOf":{"@id":"https:\/\/luchonoticias.com\/editor\/al-senado-paso-la-reforma-constitucional-del-uso-recreativo-de-la-marihuana\/"},"author":{"name":"Editor General","@id":"https:\/\/luchonoticias.com\/editor\/#\/schema\/person\/29217990ddf6f14e35912b2866d591fb"},"headline":"Al Senado pas\u00f3 la reforma constitucional del uso recreativo de la marihuana","datePublished":"2023-05-10T19:21:10+00:00","dateModified":"2023-05-10T19:21:11+00:00","mainEntityOfPage":{"@id":"https:\/\/luchonoticias.com\/editor\/al-senado-paso-la-reforma-constitucional-del-uso-recreativo-de-la-marihuana\/"},"wordCount":405,"commentCount":0,"publisher":{"@id":"https:\/\/luchonoticias.com\/editor\/#\/schema\/person\/7a7fd911f58561fd056dbac7b55af9cd"},"articleSection":["Destacado","Pol\u00edtica"],"inLanguage":"es","potentialAction":[{"@type":"CommentAction","name":"Comment","target":["https:\/\/luchonoticias.com\/editor\/al-senado-paso-la-reforma-constitucional-del-uso-recreativo-de-la-marihuana\/#respond"]}]},{"@type":"WebPage","@id":"https:\/\/luchonoticias.com\/editor\/al-senado-paso-la-reforma-constitucional-del-uso-recreativo-de-la-marihuana\/","url":"https:\/\/luchonoticias.com\/editor\/al-senado-paso-la-reforma-constitucional-del-uso-recreativo-de-la-marihuana\/","name":"Al Senado pas\u00f3 la reforma constitucional del uso recreativo de la marihuana -","isPartOf":{"@id":"https:\/\/luchonoticias.com\/editor\/#website"},"datePublished":"2023-05-10T19:21:10+00:00","dateModified":"2023-05-10T19:21:11+00:00","breadcrumb":{"@id":"https:\/\/luchonoticias.com\/editor\/al-senado-paso-la-reforma-constitucional-del-uso-recreativo-de-la-marihuana\/#breadcrumb"},"inLanguage":"es","potentialAction":[{"@type":"ReadAction","target":["https:\/\/luchonoticias.com\/editor\/al-senado-paso-la-reforma-constitucional-del-uso-recreativo-de-la-marihuana\/"]}]},{"@type":"BreadcrumbList","@id":"https:\/\/luchonoticias.com\/editor\/al-senado-paso-la-reforma-constitucional-del-uso-recreativo-de-la-marihuana\/#breadcrumb","itemListElement":[{"@type":"ListItem","position":1,"name":"Portada","item":"https:\/\/luchonoticias.com\/editor\/"},{"@type":"ListItem","position":2,"name":"Al Senado pas\u00f3 la reforma constitucional del uso recreativo de la marihuana"}]},{"@type":"WebSite","@id":"https:\/\/luchonoticias.com\/editor\/#website","url":"https:\/\/luchonoticias.com\/editor\/","name":"","description":"","publisher":{"@id":"https:\/\/luchonoticias.com\/editor\/#\/schema\/person\/7a7fd911f58561fd056dbac7b55af9cd"},"potentialAction":[{"@type":"SearchAction","target":{"@type":"EntryPoint","urlTemplate":"https:\/\/luchonoticias.com\/editor\/?s={search_term_string}"},"query-input":{"@type":"PropertyValueSpecification","valueRequired":true,"valueName":"search_term_string"}}],"inLanguage":"es"},{"@type":["Person","Organization"],"@id":"https:\/\/luchonoticias.com\/editor\/#\/schema\/person\/7a7fd911f58561fd056dbac7b55af9cd","name":"admin","image":{"@type":"ImageObject","inLanguage":"es","@id":"https:\/\/luchonoticias.com\/editor\/#\/schema\/person\/image\/","url":"https:\/\/luchonoticias.com\/editor\/wp-content\/uploads\/2024\/02\/cropped-cropped-logolu.webp","contentUrl":"https:\/\/luchonoticias.com\/editor\/wp-content\/uploads\/2024\/02\/cropped-cropped-logolu.webp","width":382,"height":170,"caption":"admin"},"logo":{"@id":"https:\/\/luchonoticias.com\/editor\/#\/schema\/person\/image\/"},"sameAs":["https:\/\/www.facebook.com\/luchonoticiasneiva"]},{"@type":"Person","@id":"https:\/\/luchonoticias.com\/editor\/#\/schema\/person\/29217990ddf6f14e35912b2866d591fb","name":"Editor General","image":{"@type":"ImageObject","inLanguage":"es","@id":"https:\/\/luchonoticias.com\/editor\/#\/schema\/person\/image\/","url":"https:\/\/luchonoticias.com\/editor\/wp-content\/uploads\/2024\/02\/cropped-cropped-logolu-150x150.webp","contentUrl":"https:\/\/luchonoticias.com\/editor\/wp-content\/uploads\/2024\/02\/cropped-cropped-logolu-150x150.webp","caption":"Editor General"},"sameAs":["https:\/\/luchonoticias.com\/"],"url":"https:\/\/luchonoticias.com\/editor\/author\/editor-general\/"}]}},"_links":{"self":[{"href":"https:\/\/luchonoticias.com\/editor\/wp-json\/wp\/v2\/posts\/52160","targetHints":{"allow":["GET"]}}],"collection":[{"href":"https:\/\/luchonoticias.com\/editor\/wp-json\/wp\/v2\/posts"}],"about":[{"href":"https:\/\/luchonoticias.com\/editor\/wp-json\/wp\/v2\/types\/post"}],"author":[{"embeddable":true,"href":"https:\/\/luchonoticias.com\/editor\/wp-json\/wp\/v2\/users\/2"}],"replies":[{"embeddable":true,"href":"https:\/\/luchonoticias.com\/editor\/wp-json\/wp\/v2\/comments?post=52160"}],"version-history":[{"count":0,"href":"https:\/\/luchonoticias.com\/editor\/wp-json\/wp\/v2\/posts\/52160\/revisions"}],"wp:attachment":[{"href":"https:\/\/luchonoticias.com\/editor\/wp-json\/wp\/v2\/media?parent=52160"}],"wp:term":[{"taxonomy":"category","embeddable":true,"href":"https:\/\/luchonoticias.com\/editor\/wp-json\/wp\/v2\/categories?post=52160"},{"taxonomy":"post_tag","embeddable":true,"href":"https:\/\/luchonoticias.com\/editor\/wp-json\/wp\/v2\/tags?post=52160"}],"curies":[{"name":"wp","href":"https:\/\/api.w.org\/{rel}","templated":true}]}}