{"id":52190,"date":"2023-05-11T07:06:55","date_gmt":"2023-05-11T12:06:55","guid":{"rendered":"https:\/\/luchonoticias.com\/?p=52190"},"modified":"2023-05-11T07:06:56","modified_gmt":"2023-05-11T12:06:56","slug":"fiscalia-aclara-aspectos-sobre-supuestos-homicidios-en-la-costa-atlantica-relacionados-con-el-clan-del-golfo","status":"publish","type":"post","link":"https:\/\/luchonoticias.com\/editor\/fiscalia-aclara-aspectos-sobre-supuestos-homicidios-en-la-costa-atlantica-relacionados-con-el-clan-del-golfo\/","title":{"rendered":"Fiscal\u00eda aclara aspectos sobre supuestos homicidios en la costa atl\u00e1ntica relacionados con el Clan del Golfo"},"content":{"rendered":"\n<p>La Vicefiscal General de la Naci\u00f3n, Martha Janeth Mancera, present\u00f3 un informe que detalla las actividades investigativas hechas por la entidad en un proceso que da cuenta de varios hechos delictivos ocurridos entre 2008 y 2010, en la Costa Atl\u00e1ntica; y que ha generado inter\u00e9s p\u00fablico durante las \u00faltimas semanas.<\/p>\n\n\n\n<p>\u201cDespu\u00e9s de esta primera evaluaci\u00f3n que se hizo al caso, es falso que dentro de la investigaci\u00f3n se hayan producido 200 asesinatos, no es cierto. Y voy yo a respaldar la hip\u00f3tesis que en este momento la Fiscal\u00eda les est\u00e1 diciendo a todos los colombianos con la siguiente informaci\u00f3n: la investigaci\u00f3n nace en el 2008, por una fuente no formal que entrega informaci\u00f3n para orientar la investigaci\u00f3n de unas personas que estaban dedicadas a la extorsi\u00f3n\u201d, detall\u00f3 la Vicefiscal.<\/p>\n\n\n\n<p>En ese sentido, hizo \u00e9nfasis en diferentes aspectos que han surgido a ra\u00edz de esta investigaci\u00f3n; y se\u00f1al\u00f3 que la Fiscal\u00eda est\u00e1 en condici\u00f3n de explicarlos ante las instancias gubernamentales y judiciales que los requieran.<\/p>\n\n\n\n<p><strong>1 Homicidios<\/strong>. No es cierto que hayan ocurrido 200 homicidios y que hagan parte de una investigaci\u00f3n que se sigue contra posibles integrantes de una estructura criminal. Se investigan homicidios entre 2020 y 2022 de 21 v\u00edctimas, 18 de ellas en Magdalena y 3 en Antioquia. Al respecto hay avance de esclarecimiento del 57%. Estos hechos que dio a conocer un investigador mediante chat con notas period\u00edsticas enviadas al Fiscal Daniel Hern\u00e1ndez, no se relacionan con la investigaci\u00f3n que \u00e9l tiene a su cargo, sobre casos ocurridos entre 2008 y 2010.<\/p>\n\n\n\n<p>\u201cEsto quiere decir que de las 21 v\u00edctimas logramos resolver 12 casos de homicidio, y solamente un colectivo tiene que ver con una organizaci\u00f3n criminal, los dem\u00e1s tienen que ver con situaciones del territorio, pero que no hay una estructura atr\u00e1s\u201d. La Fiscal\u00eda General de la Naci\u00f3n, que no tiene como competencia una funci\u00f3n preventiva, no conoci\u00f3 con anticipaci\u00f3n que se cometer\u00edan estos homicidios.<\/p>\n\n\n\n<p><strong>2. Informaci\u00f3n<\/strong> al Gobierno Nacional. La Fiscal\u00eda est\u00e1 presta a entregar la informaci\u00f3n relacionada con temas que afecten el orden p\u00fablico y la seguridad nacional, que sirvan para la toma adecuada de decisiones; siempre y cuando se acuda a los canales formales de comunicaci\u00f3n, y se garantice el respeto a la reserva y a las normas constitucionales y legales.<\/p>\n\n\n\n<p><strong>3. Temporalidad<\/strong>. No existe una responsabilidad institucional sobre posibles omisiones en la investigaci\u00f3n de presuntos homicidios ocurridos entre 2008 y 2010.<\/p>\n\n\n\n<p>\u201cAhora dicen que son 200 muertos, que el Fiscal General de la Naci\u00f3n y yo dejamos ejecutar (\u2026) Para poder llegar al 2010, necesito una m\u00e1quina del tiempo para que el Fiscal General de la Naci\u00f3n, Francisco Barbosa, que para ese momento -2010- no se encontraba en Colombia; y la suscrita, que era directora seccional del Cuerpo T\u00e9cnico de Investigaci\u00f3n del Valle del Cauca, pudi\u00e9ramos responder por un tema que no es de actualidad\u201d, recalc\u00f3 la Vicefiscal General.<\/p>\n\n\n\n<p><strong>4. Suficiencia probatoria<\/strong>. Todos los procesos investigativos, para que sean efectivos y logren resultados ante los jueces, deben contar con suficiencia probatoria. Las notas period\u00edsticas, los informes de polic\u00eda judicial sin corroboraci\u00f3n de pruebas y los informes de inteligencia no son suficientes para acreditar la materialidad de un delito y la responsabilidad de su ejecuci\u00f3n.<\/p>\n\n\n\n<p><strong>5. Investigaci\u00f3n vigente.<\/strong> \u201cEl ejercicio de la acci\u00f3n penal es juicioso en la Fiscal\u00eda, y con el respeto y la debida diligencia de las investigaciones. Continuaremos con la investigaci\u00f3n, retrotray\u00e9ndonos a los hechos 2008 \u2013 2010, no se ha cerrado la investigaci\u00f3n\u201d, precis\u00f3.<\/p>\n\n\n\n<p><strong>6. Estrategia en contra de las Autodefensas Unidas de Colombia y terceros auxiliadores<\/strong>. Al amparo de la Ley 975 de 2004, que permiti\u00f3 el sometimiento de los grupos paramilitares, la entidad ha realizado imputaciones por 75.896 hechos atribuibles a estas estructuras. En febrero de 2020, antes de la llegada del Fiscal General de la Naci\u00f3n, Francisco Barbosa Delgado, hab\u00eda imputaciones sobre 56.401 eventos. Esto evidencia una efectiva acci\u00f3n investigativa y judicial de la Fiscal\u00eda.<\/p>\n\n\n\n<p>\u201cEn tres a\u00f1os y medio la voluntad de fiscales, investigadores, de un Fiscal General y de una Vicefiscal, es que en Colombia tengamos la verdad no solamente en papel. La verdad en atribuci\u00f3n efectiva y eficaz para las v\u00edctimas\u201d, se\u00f1al\u00f3 la Vicefiscal Mancera.<\/p>\n\n\n\n<p>En casi tres a\u00f1os y medio, a trav\u00e9s de la Direcci\u00f3n de Justicia Transicional, se han entregado al Fondo para la Reparaci\u00f3n a las V\u00edctimas bienes avaluados en m\u00e1s 845.000 millones de pesos. De otra parte, en lo que respecta a terceros auxiliadores de las extintas Autodefensas Unidas de Colombia se han obtenido 98 resoluciones de acusaci\u00f3n a empresarios, directivos de entidades, funcionarios, entre otros; y suscrito 28 actas de sentencia anticipada.<\/p>\n\n\n\n<p><strong>7. Lucha contra el \u2018Clan del Golfo\u2019.<\/strong> La Vicefiscal General de la Naci\u00f3n, Martha Janeth Mancera, indic\u00f3 que existe una metodolog\u00eda enfocada a la desarticulaci\u00f3n del \u2018Clan del Golfo\u2019 y al esclarecimiento de los casos de graves violaciones a los derechos humanos, homicidios de l\u00edderes sociales y otras conductas il\u00edcitas que se le atribuyen a esta estructura.<\/p>\n\n\n\n<p>De esta manera, han sido capturados 2.272 integrantes del \u2018Clan del Golfo\u2019, 369 son cabecillas de alto impacto; y se han logrado 633 condenas. En materia de afectaci\u00f3n a al patrimonio ilegal de esta organizaci\u00f3n criminal, se han imputado eventos de lavado de activos por m\u00e1s de 190.202 millones de pesos y ocupado con fines de extinci\u00f3n de dominio 3.637 bienes.<\/p>\n\n\n\n<p>En lo relacionado con homicidios de Defensores de Derechos Humanos de los 799 casos registrados entre 2016 y 2023 (Casos unificados de reportes de Naciones Unidas y Defensor\u00eda del Pueblo), se han presentado avances de esclarecimiento en el 59,20%. 47 de estos hechos son atribuidos al Clan del Golfo y 145 a las disidencias llamadas Gaor.<\/p>\n\n\n\n<p>Con relaci\u00f3n a homicidios de reincorporados, la Fiscal\u00eda como punto de partida para acceso efectivo de la justicia ordinaria, ha logrado avances investigativos en el 57.9% de casos, de estos hechos 21 son atribuidos al Clan del Golfo como determinadores de estas muertes.<\/p>\n\n\n\n<p><strong>8. \u00d3rdenes de captura por materializar<\/strong>. Por diferentes iniciativas investigativas de la Fiscal\u00eda hay 460 \u00f3rdenes de captura por materializar contra integrantes del \u2018Clan del Golfo\u2019, 141 est\u00e1n dirigidas contra cabecillas. Cabe se\u00f1alar que para que estas capturas se produzcan es imprescindible la colaboraci\u00f3n del Gobierno Nacional en los espacios interinstitucionales que la Fiscal\u00eda tiene con \u00e9l.<\/p>\n\n\n\n<p><strong>9. Homicidios colectivos.<\/strong> Sobre el incremento de homicidios colectivos en el pa\u00eds este a\u00f1o, la Vicefiscal General enfatiz\u00f3 que es importante avanzar en una pol\u00edtica de prevenci\u00f3n que articule los esfuerzos de la fuerza p\u00fablica y otras instituciones para frenar la tendencia criminal.<\/p>\n\n\n\n<p>En este frente de acci\u00f3n, la Fiscal\u00eda ha resuelto el 80,88% de los hechos conocidos. En ese sentido, hay resultados judiciales sobre 1.053 v\u00edctimas.<\/p>\n\n\n\n<p>\u201cDel Clan Golfo tenemos 45 casos. Y eso hace que nosotros podamos decir que en lo que tiene que ver con el Clan Golfo, ellos deben responder por supuesto por 165 v\u00edctimas en colectivos\u201d, concluy\u00f3 la Vicefiscal.<\/p>\n\n\n\n<p><strong>10. Suspensi\u00f3n ordenes de captura<\/strong>. Reiter\u00f3 el compromiso del Fiscal Francisco Barbosa y de la Fiscal\u00eda con la paz total, a trav\u00e9s de acciones claras como la suspensi\u00f3n de \u00f3rdenes de captura solicitadas por el Gobierno en contra de integrantes del ELN y las disidencias de las Farc.<\/p>\n\n\n\n<p>Sin embargo, record\u00f3 que, frente a otras estructuras armadas delincuenciales, la Fiscal\u00eda no ha accedido a la suspensi\u00f3n de las \u00f3rdenes de captura que ha solicitado el Presidente de la Rep\u00fablica, comoquiera que para ello es necesario un marco legal de sometimiento a la justicia ordinaria.<\/p>\n","protected":false},"excerpt":{"rendered":"<p>La Vicefiscal General de la Naci\u00f3n, Martha Janeth Mancera, present\u00f3 un informe que detalla las actividades investigativas hechas por la entidad en un proceso que da cuenta de varios hechos delictivos ocurridos entre 2008 y 2010, en la Costa Atl\u00e1ntica; y que ha generado inter\u00e9s p\u00fablico durante las \u00faltimas semanas. \u201cDespu\u00e9s de esta primera evaluaci\u00f3n [&hellip;]<\/p>\n","protected":false},"author":2,"featured_media":0,"comment_status":"open","ping_status":"open","sticky":false,"template":"","format":"standard","meta":{"footnotes":""},"categories":[28,36],"tags":[],"class_list":["post-52190","post","type-post","status-publish","format-standard","hentry","category-actualidad","category-destacado"],"yoast_head":"<!-- This site is optimized with the Yoast SEO plugin v26.6 - https:\/\/yoast.com\/wordpress\/plugins\/seo\/ -->\n<title>Fiscal\u00eda aclara aspectos sobre supuestos homicidios en la costa atl\u00e1ntica relacionados con el Clan del Golfo -<\/title>\n<meta name=\"robots\" content=\"index, follow, max-snippet:-1, max-image-preview:large, max-video-preview:-1\" \/>\n<link rel=\"canonical\" href=\"https:\/\/luchonoticias.com\/editor\/fiscalia-aclara-aspectos-sobre-supuestos-homicidios-en-la-costa-atlantica-relacionados-con-el-clan-del-golfo\/\" \/>\n<meta property=\"og:locale\" content=\"es_ES\" \/>\n<meta property=\"og:type\" content=\"article\" \/>\n<meta property=\"og:title\" content=\"Fiscal\u00eda aclara aspectos sobre supuestos homicidios en la costa atl\u00e1ntica relacionados con el Clan del Golfo -\" \/>\n<meta property=\"og:url\" content=\"https:\/\/luchonoticias.com\/editor\/fiscalia-aclara-aspectos-sobre-supuestos-homicidios-en-la-costa-atlantica-relacionados-con-el-clan-del-golfo\/\" \/>\n<meta property=\"article:publisher\" content=\"https:\/\/www.facebook.com\/luchonoticiasneiva\" \/>\n<meta property=\"article:published_time\" content=\"2023-05-11T12:06:55+00:00\" \/>\n<meta property=\"article:modified_time\" content=\"2023-05-11T12:06:56+00:00\" \/>\n<meta name=\"author\" content=\"Editor General\" \/>\n<meta name=\"twitter:card\" content=\"summary_large_image\" \/>\n<meta name=\"twitter:label1\" content=\"Escrito por\" \/>\n\t<meta name=\"twitter:data1\" content=\"Editor General\" \/>\n\t<meta name=\"twitter:label2\" content=\"Tiempo de lectura\" \/>\n\t<meta name=\"twitter:data2\" content=\"6 minutos\" \/>\n<script type=\"application\/ld+json\" class=\"yoast-schema-graph\">{\"@context\":\"https:\/\/schema.org\",\"@graph\":[{\"@type\":\"Article\",\"@id\":\"https:\/\/luchonoticias.com\/editor\/fiscalia-aclara-aspectos-sobre-supuestos-homicidios-en-la-costa-atlantica-relacionados-con-el-clan-del-golfo\/#article\",\"isPartOf\":{\"@id\":\"https:\/\/luchonoticias.com\/editor\/fiscalia-aclara-aspectos-sobre-supuestos-homicidios-en-la-costa-atlantica-relacionados-con-el-clan-del-golfo\/\"},\"author\":{\"name\":\"Editor General\",\"@id\":\"https:\/\/luchonoticias.com\/editor\/#\/schema\/person\/29217990ddf6f14e35912b2866d591fb\"},\"headline\":\"Fiscal\u00eda aclara aspectos sobre supuestos homicidios en la costa atl\u00e1ntica relacionados con el Clan del Golfo\",\"datePublished\":\"2023-05-11T12:06:55+00:00\",\"dateModified\":\"2023-05-11T12:06:56+00:00\",\"mainEntityOfPage\":{\"@id\":\"https:\/\/luchonoticias.com\/editor\/fiscalia-aclara-aspectos-sobre-supuestos-homicidios-en-la-costa-atlantica-relacionados-con-el-clan-del-golfo\/\"},\"wordCount\":1298,\"commentCount\":0,\"publisher\":{\"@id\":\"https:\/\/luchonoticias.com\/editor\/#\/schema\/person\/7a7fd911f58561fd056dbac7b55af9cd\"},\"articleSection\":[\"Actualidad\",\"Destacado\"],\"inLanguage\":\"es\",\"potentialAction\":[{\"@type\":\"CommentAction\",\"name\":\"Comment\",\"target\":[\"https:\/\/luchonoticias.com\/editor\/fiscalia-aclara-aspectos-sobre-supuestos-homicidios-en-la-costa-atlantica-relacionados-con-el-clan-del-golfo\/#respond\"]}]},{\"@type\":\"WebPage\",\"@id\":\"https:\/\/luchonoticias.com\/editor\/fiscalia-aclara-aspectos-sobre-supuestos-homicidios-en-la-costa-atlantica-relacionados-con-el-clan-del-golfo\/\",\"url\":\"https:\/\/luchonoticias.com\/editor\/fiscalia-aclara-aspectos-sobre-supuestos-homicidios-en-la-costa-atlantica-relacionados-con-el-clan-del-golfo\/\",\"name\":\"Fiscal\u00eda aclara aspectos sobre supuestos homicidios en la costa atl\u00e1ntica relacionados con el Clan del Golfo -\",\"isPartOf\":{\"@id\":\"https:\/\/luchonoticias.com\/editor\/#website\"},\"datePublished\":\"2023-05-11T12:06:55+00:00\",\"dateModified\":\"2023-05-11T12:06:56+00:00\",\"breadcrumb\":{\"@id\":\"https:\/\/luchonoticias.com\/editor\/fiscalia-aclara-aspectos-sobre-supuestos-homicidios-en-la-costa-atlantica-relacionados-con-el-clan-del-golfo\/#breadcrumb\"},\"inLanguage\":\"es\",\"potentialAction\":[{\"@type\":\"ReadAction\",\"target\":[\"https:\/\/luchonoticias.com\/editor\/fiscalia-aclara-aspectos-sobre-supuestos-homicidios-en-la-costa-atlantica-relacionados-con-el-clan-del-golfo\/\"]}]},{\"@type\":\"BreadcrumbList\",\"@id\":\"https:\/\/luchonoticias.com\/editor\/fiscalia-aclara-aspectos-sobre-supuestos-homicidios-en-la-costa-atlantica-relacionados-con-el-clan-del-golfo\/#breadcrumb\",\"itemListElement\":[{\"@type\":\"ListItem\",\"position\":1,\"name\":\"Portada\",\"item\":\"https:\/\/luchonoticias.com\/editor\/\"},{\"@type\":\"ListItem\",\"position\":2,\"name\":\"Fiscal\u00eda aclara aspectos sobre supuestos homicidios en la costa atl\u00e1ntica relacionados con el Clan del Golfo\"}]},{\"@type\":\"WebSite\",\"@id\":\"https:\/\/luchonoticias.com\/editor\/#website\",\"url\":\"https:\/\/luchonoticias.com\/editor\/\",\"name\":\"\",\"description\":\"\",\"publisher\":{\"@id\":\"https:\/\/luchonoticias.com\/editor\/#\/schema\/person\/7a7fd911f58561fd056dbac7b55af9cd\"},\"potentialAction\":[{\"@type\":\"SearchAction\",\"target\":{\"@type\":\"EntryPoint\",\"urlTemplate\":\"https:\/\/luchonoticias.com\/editor\/?s={search_term_string}\"},\"query-input\":{\"@type\":\"PropertyValueSpecification\",\"valueRequired\":true,\"valueName\":\"search_term_string\"}}],\"inLanguage\":\"es\"},{\"@type\":[\"Person\",\"Organization\"],\"@id\":\"https:\/\/luchonoticias.com\/editor\/#\/schema\/person\/7a7fd911f58561fd056dbac7b55af9cd\",\"name\":\"admin\",\"image\":{\"@type\":\"ImageObject\",\"inLanguage\":\"es\",\"@id\":\"https:\/\/luchonoticias.com\/editor\/#\/schema\/person\/image\/\",\"url\":\"https:\/\/luchonoticias.com\/editor\/wp-content\/uploads\/2024\/02\/cropped-cropped-logolu.webp\",\"contentUrl\":\"https:\/\/luchonoticias.com\/editor\/wp-content\/uploads\/2024\/02\/cropped-cropped-logolu.webp\",\"width\":382,\"height\":170,\"caption\":\"admin\"},\"logo\":{\"@id\":\"https:\/\/luchonoticias.com\/editor\/#\/schema\/person\/image\/\"},\"sameAs\":[\"https:\/\/www.facebook.com\/luchonoticiasneiva\"]},{\"@type\":\"Person\",\"@id\":\"https:\/\/luchonoticias.com\/editor\/#\/schema\/person\/29217990ddf6f14e35912b2866d591fb\",\"name\":\"Editor General\",\"image\":{\"@type\":\"ImageObject\",\"inLanguage\":\"es\",\"@id\":\"https:\/\/luchonoticias.com\/editor\/#\/schema\/person\/image\/\",\"url\":\"https:\/\/luchonoticias.com\/editor\/wp-content\/uploads\/2024\/02\/cropped-cropped-logolu-150x150.webp\",\"contentUrl\":\"https:\/\/luchonoticias.com\/editor\/wp-content\/uploads\/2024\/02\/cropped-cropped-logolu-150x150.webp\",\"caption\":\"Editor General\"},\"sameAs\":[\"https:\/\/luchonoticias.com\/\"],\"url\":\"https:\/\/luchonoticias.com\/editor\/author\/editor-general\/\"}]}<\/script>\n<!-- \/ Yoast SEO plugin. -->","yoast_head_json":{"title":"Fiscal\u00eda aclara aspectos sobre supuestos homicidios en la costa atl\u00e1ntica relacionados con el Clan del Golfo -","robots":{"index":"index","follow":"follow","max-snippet":"max-snippet:-1","max-image-preview":"max-image-preview:large","max-video-preview":"max-video-preview:-1"},"canonical":"https:\/\/luchonoticias.com\/editor\/fiscalia-aclara-aspectos-sobre-supuestos-homicidios-en-la-costa-atlantica-relacionados-con-el-clan-del-golfo\/","og_locale":"es_ES","og_type":"article","og_title":"Fiscal\u00eda aclara aspectos sobre supuestos homicidios en la costa atl\u00e1ntica relacionados con el Clan del Golfo -","og_url":"https:\/\/luchonoticias.com\/editor\/fiscalia-aclara-aspectos-sobre-supuestos-homicidios-en-la-costa-atlantica-relacionados-con-el-clan-del-golfo\/","article_publisher":"https:\/\/www.facebook.com\/luchonoticiasneiva","article_published_time":"2023-05-11T12:06:55+00:00","article_modified_time":"2023-05-11T12:06:56+00:00","author":"Editor General","twitter_card":"summary_large_image","twitter_misc":{"Escrito por":"Editor General","Tiempo de lectura":"6 minutos"},"schema":{"@context":"https:\/\/schema.org","@graph":[{"@type":"Article","@id":"https:\/\/luchonoticias.com\/editor\/fiscalia-aclara-aspectos-sobre-supuestos-homicidios-en-la-costa-atlantica-relacionados-con-el-clan-del-golfo\/#article","isPartOf":{"@id":"https:\/\/luchonoticias.com\/editor\/fiscalia-aclara-aspectos-sobre-supuestos-homicidios-en-la-costa-atlantica-relacionados-con-el-clan-del-golfo\/"},"author":{"name":"Editor General","@id":"https:\/\/luchonoticias.com\/editor\/#\/schema\/person\/29217990ddf6f14e35912b2866d591fb"},"headline":"Fiscal\u00eda aclara aspectos sobre supuestos homicidios en la costa atl\u00e1ntica relacionados con el Clan del Golfo","datePublished":"2023-05-11T12:06:55+00:00","dateModified":"2023-05-11T12:06:56+00:00","mainEntityOfPage":{"@id":"https:\/\/luchonoticias.com\/editor\/fiscalia-aclara-aspectos-sobre-supuestos-homicidios-en-la-costa-atlantica-relacionados-con-el-clan-del-golfo\/"},"wordCount":1298,"commentCount":0,"publisher":{"@id":"https:\/\/luchonoticias.com\/editor\/#\/schema\/person\/7a7fd911f58561fd056dbac7b55af9cd"},"articleSection":["Actualidad","Destacado"],"inLanguage":"es","potentialAction":[{"@type":"CommentAction","name":"Comment","target":["https:\/\/luchonoticias.com\/editor\/fiscalia-aclara-aspectos-sobre-supuestos-homicidios-en-la-costa-atlantica-relacionados-con-el-clan-del-golfo\/#respond"]}]},{"@type":"WebPage","@id":"https:\/\/luchonoticias.com\/editor\/fiscalia-aclara-aspectos-sobre-supuestos-homicidios-en-la-costa-atlantica-relacionados-con-el-clan-del-golfo\/","url":"https:\/\/luchonoticias.com\/editor\/fiscalia-aclara-aspectos-sobre-supuestos-homicidios-en-la-costa-atlantica-relacionados-con-el-clan-del-golfo\/","name":"Fiscal\u00eda aclara aspectos sobre supuestos homicidios en la costa atl\u00e1ntica relacionados con el Clan del Golfo -","isPartOf":{"@id":"https:\/\/luchonoticias.com\/editor\/#website"},"datePublished":"2023-05-11T12:06:55+00:00","dateModified":"2023-05-11T12:06:56+00:00","breadcrumb":{"@id":"https:\/\/luchonoticias.com\/editor\/fiscalia-aclara-aspectos-sobre-supuestos-homicidios-en-la-costa-atlantica-relacionados-con-el-clan-del-golfo\/#breadcrumb"},"inLanguage":"es","potentialAction":[{"@type":"ReadAction","target":["https:\/\/luchonoticias.com\/editor\/fiscalia-aclara-aspectos-sobre-supuestos-homicidios-en-la-costa-atlantica-relacionados-con-el-clan-del-golfo\/"]}]},{"@type":"BreadcrumbList","@id":"https:\/\/luchonoticias.com\/editor\/fiscalia-aclara-aspectos-sobre-supuestos-homicidios-en-la-costa-atlantica-relacionados-con-el-clan-del-golfo\/#breadcrumb","itemListElement":[{"@type":"ListItem","position":1,"name":"Portada","item":"https:\/\/luchonoticias.com\/editor\/"},{"@type":"ListItem","position":2,"name":"Fiscal\u00eda aclara aspectos sobre supuestos homicidios en la costa atl\u00e1ntica relacionados con el Clan del Golfo"}]},{"@type":"WebSite","@id":"https:\/\/luchonoticias.com\/editor\/#website","url":"https:\/\/luchonoticias.com\/editor\/","name":"","description":"","publisher":{"@id":"https:\/\/luchonoticias.com\/editor\/#\/schema\/person\/7a7fd911f58561fd056dbac7b55af9cd"},"potentialAction":[{"@type":"SearchAction","target":{"@type":"EntryPoint","urlTemplate":"https:\/\/luchonoticias.com\/editor\/?s={search_term_string}"},"query-input":{"@type":"PropertyValueSpecification","valueRequired":true,"valueName":"search_term_string"}}],"inLanguage":"es"},{"@type":["Person","Organization"],"@id":"https:\/\/luchonoticias.com\/editor\/#\/schema\/person\/7a7fd911f58561fd056dbac7b55af9cd","name":"admin","image":{"@type":"ImageObject","inLanguage":"es","@id":"https:\/\/luchonoticias.com\/editor\/#\/schema\/person\/image\/","url":"https:\/\/luchonoticias.com\/editor\/wp-content\/uploads\/2024\/02\/cropped-cropped-logolu.webp","contentUrl":"https:\/\/luchonoticias.com\/editor\/wp-content\/uploads\/2024\/02\/cropped-cropped-logolu.webp","width":382,"height":170,"caption":"admin"},"logo":{"@id":"https:\/\/luchonoticias.com\/editor\/#\/schema\/person\/image\/"},"sameAs":["https:\/\/www.facebook.com\/luchonoticiasneiva"]},{"@type":"Person","@id":"https:\/\/luchonoticias.com\/editor\/#\/schema\/person\/29217990ddf6f14e35912b2866d591fb","name":"Editor General","image":{"@type":"ImageObject","inLanguage":"es","@id":"https:\/\/luchonoticias.com\/editor\/#\/schema\/person\/image\/","url":"https:\/\/luchonoticias.com\/editor\/wp-content\/uploads\/2024\/02\/cropped-cropped-logolu-150x150.webp","contentUrl":"https:\/\/luchonoticias.com\/editor\/wp-content\/uploads\/2024\/02\/cropped-cropped-logolu-150x150.webp","caption":"Editor General"},"sameAs":["https:\/\/luchonoticias.com\/"],"url":"https:\/\/luchonoticias.com\/editor\/author\/editor-general\/"}]}},"_links":{"self":[{"href":"https:\/\/luchonoticias.com\/editor\/wp-json\/wp\/v2\/posts\/52190","targetHints":{"allow":["GET"]}}],"collection":[{"href":"https:\/\/luchonoticias.com\/editor\/wp-json\/wp\/v2\/posts"}],"about":[{"href":"https:\/\/luchonoticias.com\/editor\/wp-json\/wp\/v2\/types\/post"}],"author":[{"embeddable":true,"href":"https:\/\/luchonoticias.com\/editor\/wp-json\/wp\/v2\/users\/2"}],"replies":[{"embeddable":true,"href":"https:\/\/luchonoticias.com\/editor\/wp-json\/wp\/v2\/comments?post=52190"}],"version-history":[{"count":0,"href":"https:\/\/luchonoticias.com\/editor\/wp-json\/wp\/v2\/posts\/52190\/revisions"}],"wp:attachment":[{"href":"https:\/\/luchonoticias.com\/editor\/wp-json\/wp\/v2\/media?parent=52190"}],"wp:term":[{"taxonomy":"category","embeddable":true,"href":"https:\/\/luchonoticias.com\/editor\/wp-json\/wp\/v2\/categories?post=52190"},{"taxonomy":"post_tag","embeddable":true,"href":"https:\/\/luchonoticias.com\/editor\/wp-json\/wp\/v2\/tags?post=52190"}],"curies":[{"name":"wp","href":"https:\/\/api.w.org\/{rel}","templated":true}]}}