{"id":52202,"date":"2023-05-11T07:34:42","date_gmt":"2023-05-11T12:34:42","guid":{"rendered":"https:\/\/luchonoticias.com\/?p=52202"},"modified":"2023-05-11T07:34:43","modified_gmt":"2023-05-11T12:34:43","slug":"corte-constitucional-decidio-acabar-la-virtualidad-en-los-juicios-de-materia-penal","status":"publish","type":"post","link":"https:\/\/luchonoticias.com\/editor\/corte-constitucional-decidio-acabar-la-virtualidad-en-los-juicios-de-materia-penal\/","title":{"rendered":"Corte Constitucional decidi\u00f3 acabar la virtualidad en los juicios de materia penal"},"content":{"rendered":"\n<p>El alto tribunal adopt\u00f3 esta decisi\u00f3n al estudiar de fondo el proyecto de Ley Estatutaria 295 de 2020 C\u00e1mara \u2013 475 de 2021 Senado, que reforma la Ley Estatutaria de Administraci\u00f3n de Justicia.<\/p>\n\n\n\n<p>En cuanto a las audiencias de justicia civil, de familia y contenciosa administrativa ser\u00e1 el juez quien decida si los compromisos se realizan de manera virtual o presencial, pero la Corte determin\u00f3 que el juicio oral de la materia penal, deber\u00e1 hacerse obligatoriamente de manera presencial.<\/p>\n\n\n\n<p>Con ponencia de la magistrada Natalia \u00c1ngel, el alto tribunal explic\u00f3 que en las audiencias de juicio oral o preparatorias son claves, pues es el momento en el que el juez conoce las pruebas del caso, as\u00ed como los testimonios.<\/p>\n\n\n\n<p>Por eso, debe existir un contacto \u201cdirecto\u201d entre esos documentos y el togado, para cumplir con el principio jur\u00eddico que habla del proceso de inmediaci\u00f3n de la prueba.<\/p>\n","protected":false},"excerpt":{"rendered":"<p>El alto tribunal adopt\u00f3 esta decisi\u00f3n al estudiar de fondo el proyecto de Ley Estatutaria 295 de 2020 C\u00e1mara \u2013 475 de 2021 Senado, que reforma la Ley Estatutaria de Administraci\u00f3n de Justicia. En cuanto a las audiencias de justicia civil, de familia y contenciosa administrativa ser\u00e1 el juez quien decida si los compromisos se [&hellip;]<\/p>\n","protected":false},"author":2,"featured_media":0,"comment_status":"open","ping_status":"open","sticky":false,"template":"","format":"standard","meta":{"footnotes":""},"categories":[36,32],"tags":[],"class_list":["post-52202","post","type-post","status-publish","format-standard","hentry","category-destacado","category-nacional"],"yoast_head":"<!-- This site is optimized with the Yoast SEO plugin v26.6 - https:\/\/yoast.com\/wordpress\/plugins\/seo\/ -->\n<title>Corte Constitucional decidi\u00f3 acabar la virtualidad en los juicios de materia penal -<\/title>\n<meta name=\"robots\" content=\"index, follow, max-snippet:-1, max-image-preview:large, max-video-preview:-1\" \/>\n<link rel=\"canonical\" href=\"https:\/\/luchonoticias.com\/editor\/corte-constitucional-decidio-acabar-la-virtualidad-en-los-juicios-de-materia-penal\/\" \/>\n<meta property=\"og:locale\" content=\"es_ES\" \/>\n<meta property=\"og:type\" content=\"article\" \/>\n<meta property=\"og:title\" content=\"Corte Constitucional decidi\u00f3 acabar la virtualidad en los juicios de materia penal -\" \/>\n<meta property=\"og:url\" content=\"https:\/\/luchonoticias.com\/editor\/corte-constitucional-decidio-acabar-la-virtualidad-en-los-juicios-de-materia-penal\/\" \/>\n<meta property=\"article:publisher\" content=\"https:\/\/www.facebook.com\/luchonoticiasneiva\" \/>\n<meta property=\"article:published_time\" content=\"2023-05-11T12:34:42+00:00\" \/>\n<meta property=\"article:modified_time\" content=\"2023-05-11T12:34:43+00:00\" \/>\n<meta name=\"author\" content=\"Editor General\" \/>\n<meta name=\"twitter:card\" content=\"summary_large_image\" \/>\n<meta name=\"twitter:label1\" content=\"Escrito por\" \/>\n\t<meta name=\"twitter:data1\" content=\"Editor General\" \/>\n\t<meta name=\"twitter:label2\" content=\"Tiempo de lectura\" \/>\n\t<meta name=\"twitter:data2\" content=\"1 minuto\" \/>\n<script type=\"application\/ld+json\" class=\"yoast-schema-graph\">{\"@context\":\"https:\/\/schema.org\",\"@graph\":[{\"@type\":\"Article\",\"@id\":\"https:\/\/luchonoticias.com\/editor\/corte-constitucional-decidio-acabar-la-virtualidad-en-los-juicios-de-materia-penal\/#article\",\"isPartOf\":{\"@id\":\"https:\/\/luchonoticias.com\/editor\/corte-constitucional-decidio-acabar-la-virtualidad-en-los-juicios-de-materia-penal\/\"},\"author\":{\"name\":\"Editor General\",\"@id\":\"https:\/\/luchonoticias.com\/editor\/#\/schema\/person\/29217990ddf6f14e35912b2866d591fb\"},\"headline\":\"Corte Constitucional decidi\u00f3 acabar la virtualidad en los juicios de materia penal\",\"datePublished\":\"2023-05-11T12:34:42+00:00\",\"dateModified\":\"2023-05-11T12:34:43+00:00\",\"mainEntityOfPage\":{\"@id\":\"https:\/\/luchonoticias.com\/editor\/corte-constitucional-decidio-acabar-la-virtualidad-en-los-juicios-de-materia-penal\/\"},\"wordCount\":159,\"commentCount\":0,\"publisher\":{\"@id\":\"https:\/\/luchonoticias.com\/editor\/#\/schema\/person\/7a7fd911f58561fd056dbac7b55af9cd\"},\"articleSection\":[\"Destacado\",\"Nacional\"],\"inLanguage\":\"es\",\"potentialAction\":[{\"@type\":\"CommentAction\",\"name\":\"Comment\",\"target\":[\"https:\/\/luchonoticias.com\/editor\/corte-constitucional-decidio-acabar-la-virtualidad-en-los-juicios-de-materia-penal\/#respond\"]}]},{\"@type\":\"WebPage\",\"@id\":\"https:\/\/luchonoticias.com\/editor\/corte-constitucional-decidio-acabar-la-virtualidad-en-los-juicios-de-materia-penal\/\",\"url\":\"https:\/\/luchonoticias.com\/editor\/corte-constitucional-decidio-acabar-la-virtualidad-en-los-juicios-de-materia-penal\/\",\"name\":\"Corte Constitucional decidi\u00f3 acabar la virtualidad en los juicios de materia penal -\",\"isPartOf\":{\"@id\":\"https:\/\/luchonoticias.com\/editor\/#website\"},\"datePublished\":\"2023-05-11T12:34:42+00:00\",\"dateModified\":\"2023-05-11T12:34:43+00:00\",\"breadcrumb\":{\"@id\":\"https:\/\/luchonoticias.com\/editor\/corte-constitucional-decidio-acabar-la-virtualidad-en-los-juicios-de-materia-penal\/#breadcrumb\"},\"inLanguage\":\"es\",\"potentialAction\":[{\"@type\":\"ReadAction\",\"target\":[\"https:\/\/luchonoticias.com\/editor\/corte-constitucional-decidio-acabar-la-virtualidad-en-los-juicios-de-materia-penal\/\"]}]},{\"@type\":\"BreadcrumbList\",\"@id\":\"https:\/\/luchonoticias.com\/editor\/corte-constitucional-decidio-acabar-la-virtualidad-en-los-juicios-de-materia-penal\/#breadcrumb\",\"itemListElement\":[{\"@type\":\"ListItem\",\"position\":1,\"name\":\"Portada\",\"item\":\"https:\/\/luchonoticias.com\/editor\/\"},{\"@type\":\"ListItem\",\"position\":2,\"name\":\"Corte Constitucional decidi\u00f3 acabar la virtualidad en los juicios de materia penal\"}]},{\"@type\":\"WebSite\",\"@id\":\"https:\/\/luchonoticias.com\/editor\/#website\",\"url\":\"https:\/\/luchonoticias.com\/editor\/\",\"name\":\"\",\"description\":\"\",\"publisher\":{\"@id\":\"https:\/\/luchonoticias.com\/editor\/#\/schema\/person\/7a7fd911f58561fd056dbac7b55af9cd\"},\"potentialAction\":[{\"@type\":\"SearchAction\",\"target\":{\"@type\":\"EntryPoint\",\"urlTemplate\":\"https:\/\/luchonoticias.com\/editor\/?s={search_term_string}\"},\"query-input\":{\"@type\":\"PropertyValueSpecification\",\"valueRequired\":true,\"valueName\":\"search_term_string\"}}],\"inLanguage\":\"es\"},{\"@type\":[\"Person\",\"Organization\"],\"@id\":\"https:\/\/luchonoticias.com\/editor\/#\/schema\/person\/7a7fd911f58561fd056dbac7b55af9cd\",\"name\":\"admin\",\"image\":{\"@type\":\"ImageObject\",\"inLanguage\":\"es\",\"@id\":\"https:\/\/luchonoticias.com\/editor\/#\/schema\/person\/image\/\",\"url\":\"https:\/\/luchonoticias.com\/editor\/wp-content\/uploads\/2024\/02\/cropped-cropped-logolu.webp\",\"contentUrl\":\"https:\/\/luchonoticias.com\/editor\/wp-content\/uploads\/2024\/02\/cropped-cropped-logolu.webp\",\"width\":382,\"height\":170,\"caption\":\"admin\"},\"logo\":{\"@id\":\"https:\/\/luchonoticias.com\/editor\/#\/schema\/person\/image\/\"},\"sameAs\":[\"https:\/\/www.facebook.com\/luchonoticiasneiva\"]},{\"@type\":\"Person\",\"@id\":\"https:\/\/luchonoticias.com\/editor\/#\/schema\/person\/29217990ddf6f14e35912b2866d591fb\",\"name\":\"Editor General\",\"image\":{\"@type\":\"ImageObject\",\"inLanguage\":\"es\",\"@id\":\"https:\/\/luchonoticias.com\/editor\/#\/schema\/person\/image\/\",\"url\":\"https:\/\/luchonoticias.com\/editor\/wp-content\/uploads\/2024\/02\/cropped-cropped-logolu-150x150.webp\",\"contentUrl\":\"https:\/\/luchonoticias.com\/editor\/wp-content\/uploads\/2024\/02\/cropped-cropped-logolu-150x150.webp\",\"caption\":\"Editor General\"},\"sameAs\":[\"https:\/\/luchonoticias.com\/\"],\"url\":\"https:\/\/luchonoticias.com\/editor\/author\/editor-general\/\"}]}<\/script>\n<!-- \/ Yoast SEO plugin. -->","yoast_head_json":{"title":"Corte Constitucional decidi\u00f3 acabar la virtualidad en los juicios de materia penal -","robots":{"index":"index","follow":"follow","max-snippet":"max-snippet:-1","max-image-preview":"max-image-preview:large","max-video-preview":"max-video-preview:-1"},"canonical":"https:\/\/luchonoticias.com\/editor\/corte-constitucional-decidio-acabar-la-virtualidad-en-los-juicios-de-materia-penal\/","og_locale":"es_ES","og_type":"article","og_title":"Corte Constitucional decidi\u00f3 acabar la virtualidad en los juicios de materia penal -","og_url":"https:\/\/luchonoticias.com\/editor\/corte-constitucional-decidio-acabar-la-virtualidad-en-los-juicios-de-materia-penal\/","article_publisher":"https:\/\/www.facebook.com\/luchonoticiasneiva","article_published_time":"2023-05-11T12:34:42+00:00","article_modified_time":"2023-05-11T12:34:43+00:00","author":"Editor General","twitter_card":"summary_large_image","twitter_misc":{"Escrito por":"Editor General","Tiempo de lectura":"1 minuto"},"schema":{"@context":"https:\/\/schema.org","@graph":[{"@type":"Article","@id":"https:\/\/luchonoticias.com\/editor\/corte-constitucional-decidio-acabar-la-virtualidad-en-los-juicios-de-materia-penal\/#article","isPartOf":{"@id":"https:\/\/luchonoticias.com\/editor\/corte-constitucional-decidio-acabar-la-virtualidad-en-los-juicios-de-materia-penal\/"},"author":{"name":"Editor General","@id":"https:\/\/luchonoticias.com\/editor\/#\/schema\/person\/29217990ddf6f14e35912b2866d591fb"},"headline":"Corte Constitucional decidi\u00f3 acabar la virtualidad en los juicios de materia penal","datePublished":"2023-05-11T12:34:42+00:00","dateModified":"2023-05-11T12:34:43+00:00","mainEntityOfPage":{"@id":"https:\/\/luchonoticias.com\/editor\/corte-constitucional-decidio-acabar-la-virtualidad-en-los-juicios-de-materia-penal\/"},"wordCount":159,"commentCount":0,"publisher":{"@id":"https:\/\/luchonoticias.com\/editor\/#\/schema\/person\/7a7fd911f58561fd056dbac7b55af9cd"},"articleSection":["Destacado","Nacional"],"inLanguage":"es","potentialAction":[{"@type":"CommentAction","name":"Comment","target":["https:\/\/luchonoticias.com\/editor\/corte-constitucional-decidio-acabar-la-virtualidad-en-los-juicios-de-materia-penal\/#respond"]}]},{"@type":"WebPage","@id":"https:\/\/luchonoticias.com\/editor\/corte-constitucional-decidio-acabar-la-virtualidad-en-los-juicios-de-materia-penal\/","url":"https:\/\/luchonoticias.com\/editor\/corte-constitucional-decidio-acabar-la-virtualidad-en-los-juicios-de-materia-penal\/","name":"Corte Constitucional decidi\u00f3 acabar la virtualidad en los juicios de materia penal -","isPartOf":{"@id":"https:\/\/luchonoticias.com\/editor\/#website"},"datePublished":"2023-05-11T12:34:42+00:00","dateModified":"2023-05-11T12:34:43+00:00","breadcrumb":{"@id":"https:\/\/luchonoticias.com\/editor\/corte-constitucional-decidio-acabar-la-virtualidad-en-los-juicios-de-materia-penal\/#breadcrumb"},"inLanguage":"es","potentialAction":[{"@type":"ReadAction","target":["https:\/\/luchonoticias.com\/editor\/corte-constitucional-decidio-acabar-la-virtualidad-en-los-juicios-de-materia-penal\/"]}]},{"@type":"BreadcrumbList","@id":"https:\/\/luchonoticias.com\/editor\/corte-constitucional-decidio-acabar-la-virtualidad-en-los-juicios-de-materia-penal\/#breadcrumb","itemListElement":[{"@type":"ListItem","position":1,"name":"Portada","item":"https:\/\/luchonoticias.com\/editor\/"},{"@type":"ListItem","position":2,"name":"Corte Constitucional decidi\u00f3 acabar la virtualidad en los juicios de materia penal"}]},{"@type":"WebSite","@id":"https:\/\/luchonoticias.com\/editor\/#website","url":"https:\/\/luchonoticias.com\/editor\/","name":"","description":"","publisher":{"@id":"https:\/\/luchonoticias.com\/editor\/#\/schema\/person\/7a7fd911f58561fd056dbac7b55af9cd"},"potentialAction":[{"@type":"SearchAction","target":{"@type":"EntryPoint","urlTemplate":"https:\/\/luchonoticias.com\/editor\/?s={search_term_string}"},"query-input":{"@type":"PropertyValueSpecification","valueRequired":true,"valueName":"search_term_string"}}],"inLanguage":"es"},{"@type":["Person","Organization"],"@id":"https:\/\/luchonoticias.com\/editor\/#\/schema\/person\/7a7fd911f58561fd056dbac7b55af9cd","name":"admin","image":{"@type":"ImageObject","inLanguage":"es","@id":"https:\/\/luchonoticias.com\/editor\/#\/schema\/person\/image\/","url":"https:\/\/luchonoticias.com\/editor\/wp-content\/uploads\/2024\/02\/cropped-cropped-logolu.webp","contentUrl":"https:\/\/luchonoticias.com\/editor\/wp-content\/uploads\/2024\/02\/cropped-cropped-logolu.webp","width":382,"height":170,"caption":"admin"},"logo":{"@id":"https:\/\/luchonoticias.com\/editor\/#\/schema\/person\/image\/"},"sameAs":["https:\/\/www.facebook.com\/luchonoticiasneiva"]},{"@type":"Person","@id":"https:\/\/luchonoticias.com\/editor\/#\/schema\/person\/29217990ddf6f14e35912b2866d591fb","name":"Editor General","image":{"@type":"ImageObject","inLanguage":"es","@id":"https:\/\/luchonoticias.com\/editor\/#\/schema\/person\/image\/","url":"https:\/\/luchonoticias.com\/editor\/wp-content\/uploads\/2024\/02\/cropped-cropped-logolu-150x150.webp","contentUrl":"https:\/\/luchonoticias.com\/editor\/wp-content\/uploads\/2024\/02\/cropped-cropped-logolu-150x150.webp","caption":"Editor General"},"sameAs":["https:\/\/luchonoticias.com\/"],"url":"https:\/\/luchonoticias.com\/editor\/author\/editor-general\/"}]}},"_links":{"self":[{"href":"https:\/\/luchonoticias.com\/editor\/wp-json\/wp\/v2\/posts\/52202","targetHints":{"allow":["GET"]}}],"collection":[{"href":"https:\/\/luchonoticias.com\/editor\/wp-json\/wp\/v2\/posts"}],"about":[{"href":"https:\/\/luchonoticias.com\/editor\/wp-json\/wp\/v2\/types\/post"}],"author":[{"embeddable":true,"href":"https:\/\/luchonoticias.com\/editor\/wp-json\/wp\/v2\/users\/2"}],"replies":[{"embeddable":true,"href":"https:\/\/luchonoticias.com\/editor\/wp-json\/wp\/v2\/comments?post=52202"}],"version-history":[{"count":0,"href":"https:\/\/luchonoticias.com\/editor\/wp-json\/wp\/v2\/posts\/52202\/revisions"}],"wp:attachment":[{"href":"https:\/\/luchonoticias.com\/editor\/wp-json\/wp\/v2\/media?parent=52202"}],"wp:term":[{"taxonomy":"category","embeddable":true,"href":"https:\/\/luchonoticias.com\/editor\/wp-json\/wp\/v2\/categories?post=52202"},{"taxonomy":"post_tag","embeddable":true,"href":"https:\/\/luchonoticias.com\/editor\/wp-json\/wp\/v2\/tags?post=52202"}],"curies":[{"name":"wp","href":"https:\/\/api.w.org\/{rel}","templated":true}]}}