{"id":52205,"date":"2023-05-11T07:45:12","date_gmt":"2023-05-11T12:45:12","guid":{"rendered":"https:\/\/luchonoticias.com\/?p=52205"},"modified":"2023-05-11T07:45:13","modified_gmt":"2023-05-11T12:45:13","slug":"policia-de-pitalito-recupero-una-motocicleta-que-habia-sido-hurtada-en-neiva","status":"publish","type":"post","link":"https:\/\/luchonoticias.com\/editor\/policia-de-pitalito-recupero-una-motocicleta-que-habia-sido-hurtada-en-neiva\/","title":{"rendered":"Polic\u00eda de Pitalito recuper\u00f3 una motocicleta que hab\u00eda sido hurtada en Neiva"},"content":{"rendered":"\n<p>Las autoridades huilenses, dieron a conocer que ayer mi\u00e9rcoles, en las labores realizadas por uniformados de Polic\u00eda Judicial de la Seccional de Investigaci\u00f3n Criminal, fue recuperada una motocicleta en el barrio San Antonio del Valle de Laboyos.<\/p>\n\n\n\n<p>\u201cEl veh\u00edculo el cual figura era requerida por parte de la Fiscal\u00eda 44 local de Neiva hurto. Asimismo, en el procedimiento fue capturado un hombre de 33 a\u00f1os, el cual deber\u00e1 responder ante las autoridades competentes, como presunto responsable del delito de receptaci\u00f3n\u201d, indicaron las fuentes oficiales.<\/p>\n\n\n\n<p>Finalmente, las autoridades dieron a conocer que el implicado fue puesto ante la autoridad competente, quienes le definir\u00e1s la situaci\u00f3n jur\u00eddica al hoy capturado.<\/p>\n","protected":false},"excerpt":{"rendered":"<p>Las autoridades huilenses, dieron a conocer que ayer mi\u00e9rcoles, en las labores realizadas por uniformados de Polic\u00eda Judicial de la Seccional de Investigaci\u00f3n Criminal, fue recuperada una motocicleta en el barrio San Antonio del Valle de Laboyos. \u201cEl veh\u00edculo el cual figura era requerida por parte de la Fiscal\u00eda 44 local de Neiva hurto. Asimismo, [&hellip;]<\/p>\n","protected":false},"author":2,"featured_media":0,"comment_status":"open","ping_status":"open","sticky":false,"template":"","format":"standard","meta":{"footnotes":""},"categories":[36,29],"tags":[],"class_list":["post-52205","post","type-post","status-publish","format-standard","hentry","category-destacado","category-judicial"],"yoast_head":"<!-- This site is optimized with the Yoast SEO plugin v26.6 - https:\/\/yoast.com\/wordpress\/plugins\/seo\/ -->\n<title>Polic\u00eda de Pitalito recuper\u00f3 una motocicleta que hab\u00eda sido hurtada en Neiva -<\/title>\n<meta name=\"robots\" content=\"index, follow, max-snippet:-1, max-image-preview:large, max-video-preview:-1\" \/>\n<link rel=\"canonical\" href=\"https:\/\/luchonoticias.com\/editor\/policia-de-pitalito-recupero-una-motocicleta-que-habia-sido-hurtada-en-neiva\/\" \/>\n<meta property=\"og:locale\" content=\"es_ES\" \/>\n<meta property=\"og:type\" content=\"article\" \/>\n<meta property=\"og:title\" content=\"Polic\u00eda de Pitalito recuper\u00f3 una motocicleta que hab\u00eda sido hurtada en Neiva -\" \/>\n<meta property=\"og:url\" content=\"https:\/\/luchonoticias.com\/editor\/policia-de-pitalito-recupero-una-motocicleta-que-habia-sido-hurtada-en-neiva\/\" \/>\n<meta property=\"article:publisher\" content=\"https:\/\/www.facebook.com\/luchonoticiasneiva\" \/>\n<meta property=\"article:published_time\" content=\"2023-05-11T12:45:12+00:00\" \/>\n<meta property=\"article:modified_time\" content=\"2023-05-11T12:45:13+00:00\" \/>\n<meta name=\"author\" content=\"Editor General\" \/>\n<meta name=\"twitter:card\" content=\"summary_large_image\" \/>\n<meta name=\"twitter:label1\" content=\"Escrito por\" \/>\n\t<meta name=\"twitter:data1\" content=\"Editor General\" \/>\n\t<meta name=\"twitter:label2\" content=\"Tiempo de lectura\" \/>\n\t<meta name=\"twitter:data2\" content=\"1 minuto\" \/>\n<script type=\"application\/ld+json\" class=\"yoast-schema-graph\">{\"@context\":\"https:\/\/schema.org\",\"@graph\":[{\"@type\":\"Article\",\"@id\":\"https:\/\/luchonoticias.com\/editor\/policia-de-pitalito-recupero-una-motocicleta-que-habia-sido-hurtada-en-neiva\/#article\",\"isPartOf\":{\"@id\":\"https:\/\/luchonoticias.com\/editor\/policia-de-pitalito-recupero-una-motocicleta-que-habia-sido-hurtada-en-neiva\/\"},\"author\":{\"name\":\"Editor General\",\"@id\":\"https:\/\/luchonoticias.com\/editor\/#\/schema\/person\/29217990ddf6f14e35912b2866d591fb\"},\"headline\":\"Polic\u00eda de Pitalito recuper\u00f3 una motocicleta que hab\u00eda sido hurtada en Neiva\",\"datePublished\":\"2023-05-11T12:45:12+00:00\",\"dateModified\":\"2023-05-11T12:45:13+00:00\",\"mainEntityOfPage\":{\"@id\":\"https:\/\/luchonoticias.com\/editor\/policia-de-pitalito-recupero-una-motocicleta-que-habia-sido-hurtada-en-neiva\/\"},\"wordCount\":130,\"commentCount\":0,\"publisher\":{\"@id\":\"https:\/\/luchonoticias.com\/editor\/#\/schema\/person\/7a7fd911f58561fd056dbac7b55af9cd\"},\"articleSection\":[\"Destacado\",\"Judicial\"],\"inLanguage\":\"es\",\"potentialAction\":[{\"@type\":\"CommentAction\",\"name\":\"Comment\",\"target\":[\"https:\/\/luchonoticias.com\/editor\/policia-de-pitalito-recupero-una-motocicleta-que-habia-sido-hurtada-en-neiva\/#respond\"]}]},{\"@type\":\"WebPage\",\"@id\":\"https:\/\/luchonoticias.com\/editor\/policia-de-pitalito-recupero-una-motocicleta-que-habia-sido-hurtada-en-neiva\/\",\"url\":\"https:\/\/luchonoticias.com\/editor\/policia-de-pitalito-recupero-una-motocicleta-que-habia-sido-hurtada-en-neiva\/\",\"name\":\"Polic\u00eda de Pitalito recuper\u00f3 una motocicleta que hab\u00eda sido hurtada en Neiva -\",\"isPartOf\":{\"@id\":\"https:\/\/luchonoticias.com\/editor\/#website\"},\"datePublished\":\"2023-05-11T12:45:12+00:00\",\"dateModified\":\"2023-05-11T12:45:13+00:00\",\"breadcrumb\":{\"@id\":\"https:\/\/luchonoticias.com\/editor\/policia-de-pitalito-recupero-una-motocicleta-que-habia-sido-hurtada-en-neiva\/#breadcrumb\"},\"inLanguage\":\"es\",\"potentialAction\":[{\"@type\":\"ReadAction\",\"target\":[\"https:\/\/luchonoticias.com\/editor\/policia-de-pitalito-recupero-una-motocicleta-que-habia-sido-hurtada-en-neiva\/\"]}]},{\"@type\":\"BreadcrumbList\",\"@id\":\"https:\/\/luchonoticias.com\/editor\/policia-de-pitalito-recupero-una-motocicleta-que-habia-sido-hurtada-en-neiva\/#breadcrumb\",\"itemListElement\":[{\"@type\":\"ListItem\",\"position\":1,\"name\":\"Portada\",\"item\":\"https:\/\/luchonoticias.com\/editor\/\"},{\"@type\":\"ListItem\",\"position\":2,\"name\":\"Polic\u00eda de Pitalito recuper\u00f3 una motocicleta que hab\u00eda sido hurtada en Neiva\"}]},{\"@type\":\"WebSite\",\"@id\":\"https:\/\/luchonoticias.com\/editor\/#website\",\"url\":\"https:\/\/luchonoticias.com\/editor\/\",\"name\":\"\",\"description\":\"\",\"publisher\":{\"@id\":\"https:\/\/luchonoticias.com\/editor\/#\/schema\/person\/7a7fd911f58561fd056dbac7b55af9cd\"},\"potentialAction\":[{\"@type\":\"SearchAction\",\"target\":{\"@type\":\"EntryPoint\",\"urlTemplate\":\"https:\/\/luchonoticias.com\/editor\/?s={search_term_string}\"},\"query-input\":{\"@type\":\"PropertyValueSpecification\",\"valueRequired\":true,\"valueName\":\"search_term_string\"}}],\"inLanguage\":\"es\"},{\"@type\":[\"Person\",\"Organization\"],\"@id\":\"https:\/\/luchonoticias.com\/editor\/#\/schema\/person\/7a7fd911f58561fd056dbac7b55af9cd\",\"name\":\"admin\",\"image\":{\"@type\":\"ImageObject\",\"inLanguage\":\"es\",\"@id\":\"https:\/\/luchonoticias.com\/editor\/#\/schema\/person\/image\/\",\"url\":\"https:\/\/luchonoticias.com\/editor\/wp-content\/uploads\/2024\/02\/cropped-cropped-logolu.webp\",\"contentUrl\":\"https:\/\/luchonoticias.com\/editor\/wp-content\/uploads\/2024\/02\/cropped-cropped-logolu.webp\",\"width\":382,\"height\":170,\"caption\":\"admin\"},\"logo\":{\"@id\":\"https:\/\/luchonoticias.com\/editor\/#\/schema\/person\/image\/\"},\"sameAs\":[\"https:\/\/www.facebook.com\/luchonoticiasneiva\"]},{\"@type\":\"Person\",\"@id\":\"https:\/\/luchonoticias.com\/editor\/#\/schema\/person\/29217990ddf6f14e35912b2866d591fb\",\"name\":\"Editor General\",\"image\":{\"@type\":\"ImageObject\",\"inLanguage\":\"es\",\"@id\":\"https:\/\/luchonoticias.com\/editor\/#\/schema\/person\/image\/\",\"url\":\"https:\/\/luchonoticias.com\/editor\/wp-content\/uploads\/2024\/02\/cropped-cropped-logolu-150x150.webp\",\"contentUrl\":\"https:\/\/luchonoticias.com\/editor\/wp-content\/uploads\/2024\/02\/cropped-cropped-logolu-150x150.webp\",\"caption\":\"Editor General\"},\"sameAs\":[\"https:\/\/luchonoticias.com\/\"],\"url\":\"https:\/\/luchonoticias.com\/editor\/author\/editor-general\/\"}]}<\/script>\n<!-- \/ Yoast SEO plugin. -->","yoast_head_json":{"title":"Polic\u00eda de Pitalito recuper\u00f3 una motocicleta que hab\u00eda sido hurtada en Neiva -","robots":{"index":"index","follow":"follow","max-snippet":"max-snippet:-1","max-image-preview":"max-image-preview:large","max-video-preview":"max-video-preview:-1"},"canonical":"https:\/\/luchonoticias.com\/editor\/policia-de-pitalito-recupero-una-motocicleta-que-habia-sido-hurtada-en-neiva\/","og_locale":"es_ES","og_type":"article","og_title":"Polic\u00eda de Pitalito recuper\u00f3 una motocicleta que hab\u00eda sido hurtada en Neiva -","og_url":"https:\/\/luchonoticias.com\/editor\/policia-de-pitalito-recupero-una-motocicleta-que-habia-sido-hurtada-en-neiva\/","article_publisher":"https:\/\/www.facebook.com\/luchonoticiasneiva","article_published_time":"2023-05-11T12:45:12+00:00","article_modified_time":"2023-05-11T12:45:13+00:00","author":"Editor General","twitter_card":"summary_large_image","twitter_misc":{"Escrito por":"Editor General","Tiempo de lectura":"1 minuto"},"schema":{"@context":"https:\/\/schema.org","@graph":[{"@type":"Article","@id":"https:\/\/luchonoticias.com\/editor\/policia-de-pitalito-recupero-una-motocicleta-que-habia-sido-hurtada-en-neiva\/#article","isPartOf":{"@id":"https:\/\/luchonoticias.com\/editor\/policia-de-pitalito-recupero-una-motocicleta-que-habia-sido-hurtada-en-neiva\/"},"author":{"name":"Editor General","@id":"https:\/\/luchonoticias.com\/editor\/#\/schema\/person\/29217990ddf6f14e35912b2866d591fb"},"headline":"Polic\u00eda de Pitalito recuper\u00f3 una motocicleta que hab\u00eda sido hurtada en Neiva","datePublished":"2023-05-11T12:45:12+00:00","dateModified":"2023-05-11T12:45:13+00:00","mainEntityOfPage":{"@id":"https:\/\/luchonoticias.com\/editor\/policia-de-pitalito-recupero-una-motocicleta-que-habia-sido-hurtada-en-neiva\/"},"wordCount":130,"commentCount":0,"publisher":{"@id":"https:\/\/luchonoticias.com\/editor\/#\/schema\/person\/7a7fd911f58561fd056dbac7b55af9cd"},"articleSection":["Destacado","Judicial"],"inLanguage":"es","potentialAction":[{"@type":"CommentAction","name":"Comment","target":["https:\/\/luchonoticias.com\/editor\/policia-de-pitalito-recupero-una-motocicleta-que-habia-sido-hurtada-en-neiva\/#respond"]}]},{"@type":"WebPage","@id":"https:\/\/luchonoticias.com\/editor\/policia-de-pitalito-recupero-una-motocicleta-que-habia-sido-hurtada-en-neiva\/","url":"https:\/\/luchonoticias.com\/editor\/policia-de-pitalito-recupero-una-motocicleta-que-habia-sido-hurtada-en-neiva\/","name":"Polic\u00eda de Pitalito recuper\u00f3 una motocicleta que hab\u00eda sido hurtada en Neiva -","isPartOf":{"@id":"https:\/\/luchonoticias.com\/editor\/#website"},"datePublished":"2023-05-11T12:45:12+00:00","dateModified":"2023-05-11T12:45:13+00:00","breadcrumb":{"@id":"https:\/\/luchonoticias.com\/editor\/policia-de-pitalito-recupero-una-motocicleta-que-habia-sido-hurtada-en-neiva\/#breadcrumb"},"inLanguage":"es","potentialAction":[{"@type":"ReadAction","target":["https:\/\/luchonoticias.com\/editor\/policia-de-pitalito-recupero-una-motocicleta-que-habia-sido-hurtada-en-neiva\/"]}]},{"@type":"BreadcrumbList","@id":"https:\/\/luchonoticias.com\/editor\/policia-de-pitalito-recupero-una-motocicleta-que-habia-sido-hurtada-en-neiva\/#breadcrumb","itemListElement":[{"@type":"ListItem","position":1,"name":"Portada","item":"https:\/\/luchonoticias.com\/editor\/"},{"@type":"ListItem","position":2,"name":"Polic\u00eda de Pitalito recuper\u00f3 una motocicleta que hab\u00eda sido hurtada en Neiva"}]},{"@type":"WebSite","@id":"https:\/\/luchonoticias.com\/editor\/#website","url":"https:\/\/luchonoticias.com\/editor\/","name":"","description":"","publisher":{"@id":"https:\/\/luchonoticias.com\/editor\/#\/schema\/person\/7a7fd911f58561fd056dbac7b55af9cd"},"potentialAction":[{"@type":"SearchAction","target":{"@type":"EntryPoint","urlTemplate":"https:\/\/luchonoticias.com\/editor\/?s={search_term_string}"},"query-input":{"@type":"PropertyValueSpecification","valueRequired":true,"valueName":"search_term_string"}}],"inLanguage":"es"},{"@type":["Person","Organization"],"@id":"https:\/\/luchonoticias.com\/editor\/#\/schema\/person\/7a7fd911f58561fd056dbac7b55af9cd","name":"admin","image":{"@type":"ImageObject","inLanguage":"es","@id":"https:\/\/luchonoticias.com\/editor\/#\/schema\/person\/image\/","url":"https:\/\/luchonoticias.com\/editor\/wp-content\/uploads\/2024\/02\/cropped-cropped-logolu.webp","contentUrl":"https:\/\/luchonoticias.com\/editor\/wp-content\/uploads\/2024\/02\/cropped-cropped-logolu.webp","width":382,"height":170,"caption":"admin"},"logo":{"@id":"https:\/\/luchonoticias.com\/editor\/#\/schema\/person\/image\/"},"sameAs":["https:\/\/www.facebook.com\/luchonoticiasneiva"]},{"@type":"Person","@id":"https:\/\/luchonoticias.com\/editor\/#\/schema\/person\/29217990ddf6f14e35912b2866d591fb","name":"Editor General","image":{"@type":"ImageObject","inLanguage":"es","@id":"https:\/\/luchonoticias.com\/editor\/#\/schema\/person\/image\/","url":"https:\/\/luchonoticias.com\/editor\/wp-content\/uploads\/2024\/02\/cropped-cropped-logolu-150x150.webp","contentUrl":"https:\/\/luchonoticias.com\/editor\/wp-content\/uploads\/2024\/02\/cropped-cropped-logolu-150x150.webp","caption":"Editor General"},"sameAs":["https:\/\/luchonoticias.com\/"],"url":"https:\/\/luchonoticias.com\/editor\/author\/editor-general\/"}]}},"_links":{"self":[{"href":"https:\/\/luchonoticias.com\/editor\/wp-json\/wp\/v2\/posts\/52205","targetHints":{"allow":["GET"]}}],"collection":[{"href":"https:\/\/luchonoticias.com\/editor\/wp-json\/wp\/v2\/posts"}],"about":[{"href":"https:\/\/luchonoticias.com\/editor\/wp-json\/wp\/v2\/types\/post"}],"author":[{"embeddable":true,"href":"https:\/\/luchonoticias.com\/editor\/wp-json\/wp\/v2\/users\/2"}],"replies":[{"embeddable":true,"href":"https:\/\/luchonoticias.com\/editor\/wp-json\/wp\/v2\/comments?post=52205"}],"version-history":[{"count":0,"href":"https:\/\/luchonoticias.com\/editor\/wp-json\/wp\/v2\/posts\/52205\/revisions"}],"wp:attachment":[{"href":"https:\/\/luchonoticias.com\/editor\/wp-json\/wp\/v2\/media?parent=52205"}],"wp:term":[{"taxonomy":"category","embeddable":true,"href":"https:\/\/luchonoticias.com\/editor\/wp-json\/wp\/v2\/categories?post=52205"},{"taxonomy":"post_tag","embeddable":true,"href":"https:\/\/luchonoticias.com\/editor\/wp-json\/wp\/v2\/tags?post=52205"}],"curies":[{"name":"wp","href":"https:\/\/api.w.org\/{rel}","templated":true}]}}