{"id":52208,"date":"2023-05-11T07:48:28","date_gmt":"2023-05-11T12:48:28","guid":{"rendered":"https:\/\/luchonoticias.com\/?p=52208"},"modified":"2023-05-11T07:48:30","modified_gmt":"2023-05-11T12:48:30","slug":"la-funcion-de-la-fuerza-publica-es-destruir-la-economia-ilicita-afirmo-el-presidente-petro","status":"publish","type":"post","link":"https:\/\/luchonoticias.com\/editor\/la-funcion-de-la-fuerza-publica-es-destruir-la-economia-ilicita-afirmo-el-presidente-petro\/","title":{"rendered":"\u00abLa funci\u00f3n de la Fuerza P\u00fablica es destruir la econom\u00eda il\u00edcita\u00bb afirm\u00f3 el Presidente Petro"},"content":{"rendered":"\n<p>\u201cLa funci\u00f3n de la Fuerza P\u00fablica es, uno A, orden del Presidente de la Rep\u00fablica: destruir la econom\u00eda il\u00edcita en su c\u00fapula, en donde toca\u201d.<\/p>\n\n\n\n<p>As\u00ed lo afirm\u00f3 el Presidente Gustavo Petro al intervenir este mi\u00e9rcoles en la conmemoraci\u00f3n del 72\u00b0 aniversario del Comando General de las Fuerzas Militares, que se realiz\u00f3 en el Cant\u00f3n Norte de Bogot\u00e1.<\/p>\n\n\n\n<p>El Jefe de Estado dijo que en este tema no puede haber confusi\u00f3n: \u201cSi hablan de un cese al fuego no es un cese al fuego a la econom\u00eda il\u00edcita, es lo contrario: es el ataque decidido a la econom\u00eda il\u00edcita lo que puede permitir que un grupo equis o ye diga: Bueno, lleg\u00f3 el momento de dejar de disparar, porque vamos a hablar, no porque vamos a enga\u00f1ar\u201d.<\/p>\n\n\n\n<p>\u201cEntonces la orden fundamental de esta pol\u00edtica es la destrucci\u00f3n de la econom\u00eda il\u00edcita, que es la base de la violencia de hoy\u201d, dijo y subray\u00f3 que \u201cla estrategia contra la econom\u00eda il\u00edcita tiene que ser pol\u00edtico-militar\u201d.<\/p>\n\n\n\n<p><strong>Separaci\u00f3n de la corrupci\u00f3n tiene que ser tajante<\/strong><\/p>\n\n\n\n<p>En su intervenci\u00f3n, el Mandatario consider\u00f3 que \u201cla Fuerza P\u00fablica de hoy tiene que separarse del crimen\u201d, ya que \u201csi nuestro objetivo es destruir la econom\u00eda il\u00edcita, no puede haber entre nosotros, por debajo de la mesa, personas, como ha habido hasta este momento, que est\u00e1n es dialogando, haciendo negocios conjuntamente con la econom\u00eda il\u00edcita\u201d.<\/p>\n\n\n\n<p>A este respecto, el Presidente precis\u00f3: \u201cEsa corrupci\u00f3n, llam\u00e9mosla as\u00ed \u2013que aparece de vez en vez, con nombre propio, en investigaciones de gente que estando aqu\u00ed, armada, termina es prest\u00e1ndole servicio a la banda\u2013, lo que est\u00e1 haciendo no es simplemente enriquecerse con alguna comisi\u00f3n que le pagan, sino que le est\u00e1 dando tanto poder a la banda, que esa banda va a poder matar a su propia tropa\u201d.<\/p>\n\n\n\n<p>\u201cLa corrupci\u00f3n va contra la tropa, contra el joven que est\u00e1 ah\u00ed en la trocha exponi\u00e9ndose, arriesg\u00e1ndose\u201d, dijo y agreg\u00f3 que \u201csi no se captura al gran empresario o al gran lavador y la coca\u00edna pasa por entre los huecos, finalmente todo ese dinero termina mat\u00e1ndonos a nosotros los colombianos\u201d.<\/p>\n\n\n\n<p>\u201cEntonces la separaci\u00f3n entre c\u00fapula, entre mandos en el territorio, en el municipio, y la banda, tiene que ser tajante\u201d, subray\u00f3.<\/p>\n\n\n\n<p>De acuerdo con el Mandatario, separarse del crimen y la corrupci\u00f3n es lo que permite destruir la econom\u00eda il\u00edcita, \u201cun tema que tiene que ver con la inteligencia, fundamentalmente con la contrainteligencia y obviamente con la justicia\u201d.<\/p>\n\n\n\n<p>\u201cPero tenemos que ser celosos, esa es una prioridad: no puede haber un militar o un polic\u00eda, no puede haber un miembro de la Fuerza P\u00fablica en negocios con las bandas que controlan la econom\u00eda il\u00edcita porque perdemos la posibilidad de la paz\u201d, concluy\u00f3 el Presidente de la Rep\u00fablica.<\/p>\n","protected":false},"excerpt":{"rendered":"<p>\u201cLa funci\u00f3n de la Fuerza P\u00fablica es, uno A, orden del Presidente de la Rep\u00fablica: destruir la econom\u00eda il\u00edcita en su c\u00fapula, en donde toca\u201d. As\u00ed lo afirm\u00f3 el Presidente Gustavo Petro al intervenir este mi\u00e9rcoles en la conmemoraci\u00f3n del 72\u00b0 aniversario del Comando General de las Fuerzas Militares, que se realiz\u00f3 en el Cant\u00f3n [&hellip;]<\/p>\n","protected":false},"author":2,"featured_media":0,"comment_status":"open","ping_status":"open","sticky":false,"template":"","format":"standard","meta":{"footnotes":""},"categories":[36,32],"tags":[],"class_list":["post-52208","post","type-post","status-publish","format-standard","hentry","category-destacado","category-nacional"],"yoast_head":"<!-- This site is optimized with the Yoast SEO plugin v26.6 - https:\/\/yoast.com\/wordpress\/plugins\/seo\/ -->\n<title>&quot;La funci\u00f3n de la Fuerza P\u00fablica es destruir la econom\u00eda il\u00edcita&quot; afirm\u00f3 el Presidente Petro -<\/title>\n<meta name=\"robots\" content=\"index, follow, max-snippet:-1, max-image-preview:large, max-video-preview:-1\" \/>\n<link rel=\"canonical\" href=\"https:\/\/luchonoticias.com\/editor\/la-funcion-de-la-fuerza-publica-es-destruir-la-economia-ilicita-afirmo-el-presidente-petro\/\" \/>\n<meta property=\"og:locale\" content=\"es_ES\" \/>\n<meta property=\"og:type\" content=\"article\" \/>\n<meta property=\"og:title\" content=\"&quot;La funci\u00f3n de la Fuerza P\u00fablica es destruir la econom\u00eda il\u00edcita&quot; afirm\u00f3 el Presidente Petro -\" \/>\n<meta property=\"og:url\" content=\"https:\/\/luchonoticias.com\/editor\/la-funcion-de-la-fuerza-publica-es-destruir-la-economia-ilicita-afirmo-el-presidente-petro\/\" \/>\n<meta property=\"article:publisher\" content=\"https:\/\/www.facebook.com\/luchonoticiasneiva\" \/>\n<meta property=\"article:published_time\" content=\"2023-05-11T12:48:28+00:00\" \/>\n<meta property=\"article:modified_time\" content=\"2023-05-11T12:48:30+00:00\" \/>\n<meta name=\"author\" content=\"Editor General\" \/>\n<meta name=\"twitter:card\" content=\"summary_large_image\" \/>\n<meta name=\"twitter:label1\" content=\"Escrito por\" \/>\n\t<meta name=\"twitter:data1\" content=\"Editor General\" \/>\n\t<meta name=\"twitter:label2\" content=\"Tiempo de lectura\" \/>\n\t<meta name=\"twitter:data2\" content=\"3 minutos\" \/>\n<script type=\"application\/ld+json\" class=\"yoast-schema-graph\">{\"@context\":\"https:\/\/schema.org\",\"@graph\":[{\"@type\":\"Article\",\"@id\":\"https:\/\/luchonoticias.com\/editor\/la-funcion-de-la-fuerza-publica-es-destruir-la-economia-ilicita-afirmo-el-presidente-petro\/#article\",\"isPartOf\":{\"@id\":\"https:\/\/luchonoticias.com\/editor\/la-funcion-de-la-fuerza-publica-es-destruir-la-economia-ilicita-afirmo-el-presidente-petro\/\"},\"author\":{\"name\":\"Editor General\",\"@id\":\"https:\/\/luchonoticias.com\/editor\/#\/schema\/person\/29217990ddf6f14e35912b2866d591fb\"},\"headline\":\"\u00abLa funci\u00f3n de la Fuerza P\u00fablica es destruir la econom\u00eda il\u00edcita\u00bb afirm\u00f3 el Presidente Petro\",\"datePublished\":\"2023-05-11T12:48:28+00:00\",\"dateModified\":\"2023-05-11T12:48:30+00:00\",\"mainEntityOfPage\":{\"@id\":\"https:\/\/luchonoticias.com\/editor\/la-funcion-de-la-fuerza-publica-es-destruir-la-economia-ilicita-afirmo-el-presidente-petro\/\"},\"wordCount\":521,\"commentCount\":0,\"publisher\":{\"@id\":\"https:\/\/luchonoticias.com\/editor\/#\/schema\/person\/7a7fd911f58561fd056dbac7b55af9cd\"},\"articleSection\":[\"Destacado\",\"Nacional\"],\"inLanguage\":\"es\",\"potentialAction\":[{\"@type\":\"CommentAction\",\"name\":\"Comment\",\"target\":[\"https:\/\/luchonoticias.com\/editor\/la-funcion-de-la-fuerza-publica-es-destruir-la-economia-ilicita-afirmo-el-presidente-petro\/#respond\"]}]},{\"@type\":\"WebPage\",\"@id\":\"https:\/\/luchonoticias.com\/editor\/la-funcion-de-la-fuerza-publica-es-destruir-la-economia-ilicita-afirmo-el-presidente-petro\/\",\"url\":\"https:\/\/luchonoticias.com\/editor\/la-funcion-de-la-fuerza-publica-es-destruir-la-economia-ilicita-afirmo-el-presidente-petro\/\",\"name\":\"\\\"La funci\u00f3n de la Fuerza P\u00fablica es destruir la econom\u00eda il\u00edcita\\\" afirm\u00f3 el Presidente Petro -\",\"isPartOf\":{\"@id\":\"https:\/\/luchonoticias.com\/editor\/#website\"},\"datePublished\":\"2023-05-11T12:48:28+00:00\",\"dateModified\":\"2023-05-11T12:48:30+00:00\",\"breadcrumb\":{\"@id\":\"https:\/\/luchonoticias.com\/editor\/la-funcion-de-la-fuerza-publica-es-destruir-la-economia-ilicita-afirmo-el-presidente-petro\/#breadcrumb\"},\"inLanguage\":\"es\",\"potentialAction\":[{\"@type\":\"ReadAction\",\"target\":[\"https:\/\/luchonoticias.com\/editor\/la-funcion-de-la-fuerza-publica-es-destruir-la-economia-ilicita-afirmo-el-presidente-petro\/\"]}]},{\"@type\":\"BreadcrumbList\",\"@id\":\"https:\/\/luchonoticias.com\/editor\/la-funcion-de-la-fuerza-publica-es-destruir-la-economia-ilicita-afirmo-el-presidente-petro\/#breadcrumb\",\"itemListElement\":[{\"@type\":\"ListItem\",\"position\":1,\"name\":\"Portada\",\"item\":\"https:\/\/luchonoticias.com\/editor\/\"},{\"@type\":\"ListItem\",\"position\":2,\"name\":\"\u00abLa funci\u00f3n de la Fuerza P\u00fablica es destruir la econom\u00eda il\u00edcita\u00bb afirm\u00f3 el Presidente Petro\"}]},{\"@type\":\"WebSite\",\"@id\":\"https:\/\/luchonoticias.com\/editor\/#website\",\"url\":\"https:\/\/luchonoticias.com\/editor\/\",\"name\":\"\",\"description\":\"\",\"publisher\":{\"@id\":\"https:\/\/luchonoticias.com\/editor\/#\/schema\/person\/7a7fd911f58561fd056dbac7b55af9cd\"},\"potentialAction\":[{\"@type\":\"SearchAction\",\"target\":{\"@type\":\"EntryPoint\",\"urlTemplate\":\"https:\/\/luchonoticias.com\/editor\/?s={search_term_string}\"},\"query-input\":{\"@type\":\"PropertyValueSpecification\",\"valueRequired\":true,\"valueName\":\"search_term_string\"}}],\"inLanguage\":\"es\"},{\"@type\":[\"Person\",\"Organization\"],\"@id\":\"https:\/\/luchonoticias.com\/editor\/#\/schema\/person\/7a7fd911f58561fd056dbac7b55af9cd\",\"name\":\"admin\",\"image\":{\"@type\":\"ImageObject\",\"inLanguage\":\"es\",\"@id\":\"https:\/\/luchonoticias.com\/editor\/#\/schema\/person\/image\/\",\"url\":\"https:\/\/luchonoticias.com\/editor\/wp-content\/uploads\/2024\/02\/cropped-cropped-logolu.webp\",\"contentUrl\":\"https:\/\/luchonoticias.com\/editor\/wp-content\/uploads\/2024\/02\/cropped-cropped-logolu.webp\",\"width\":382,\"height\":170,\"caption\":\"admin\"},\"logo\":{\"@id\":\"https:\/\/luchonoticias.com\/editor\/#\/schema\/person\/image\/\"},\"sameAs\":[\"https:\/\/www.facebook.com\/luchonoticiasneiva\"]},{\"@type\":\"Person\",\"@id\":\"https:\/\/luchonoticias.com\/editor\/#\/schema\/person\/29217990ddf6f14e35912b2866d591fb\",\"name\":\"Editor General\",\"image\":{\"@type\":\"ImageObject\",\"inLanguage\":\"es\",\"@id\":\"https:\/\/luchonoticias.com\/editor\/#\/schema\/person\/image\/\",\"url\":\"https:\/\/luchonoticias.com\/editor\/wp-content\/uploads\/2024\/02\/cropped-cropped-logolu-150x150.webp\",\"contentUrl\":\"https:\/\/luchonoticias.com\/editor\/wp-content\/uploads\/2024\/02\/cropped-cropped-logolu-150x150.webp\",\"caption\":\"Editor General\"},\"sameAs\":[\"https:\/\/luchonoticias.com\/\"],\"url\":\"https:\/\/luchonoticias.com\/editor\/author\/editor-general\/\"}]}<\/script>\n<!-- \/ Yoast SEO plugin. -->","yoast_head_json":{"title":"\"La funci\u00f3n de la Fuerza P\u00fablica es destruir la econom\u00eda il\u00edcita\" afirm\u00f3 el Presidente Petro -","robots":{"index":"index","follow":"follow","max-snippet":"max-snippet:-1","max-image-preview":"max-image-preview:large","max-video-preview":"max-video-preview:-1"},"canonical":"https:\/\/luchonoticias.com\/editor\/la-funcion-de-la-fuerza-publica-es-destruir-la-economia-ilicita-afirmo-el-presidente-petro\/","og_locale":"es_ES","og_type":"article","og_title":"\"La funci\u00f3n de la Fuerza P\u00fablica es destruir la econom\u00eda il\u00edcita\" afirm\u00f3 el Presidente Petro -","og_url":"https:\/\/luchonoticias.com\/editor\/la-funcion-de-la-fuerza-publica-es-destruir-la-economia-ilicita-afirmo-el-presidente-petro\/","article_publisher":"https:\/\/www.facebook.com\/luchonoticiasneiva","article_published_time":"2023-05-11T12:48:28+00:00","article_modified_time":"2023-05-11T12:48:30+00:00","author":"Editor General","twitter_card":"summary_large_image","twitter_misc":{"Escrito por":"Editor General","Tiempo de lectura":"3 minutos"},"schema":{"@context":"https:\/\/schema.org","@graph":[{"@type":"Article","@id":"https:\/\/luchonoticias.com\/editor\/la-funcion-de-la-fuerza-publica-es-destruir-la-economia-ilicita-afirmo-el-presidente-petro\/#article","isPartOf":{"@id":"https:\/\/luchonoticias.com\/editor\/la-funcion-de-la-fuerza-publica-es-destruir-la-economia-ilicita-afirmo-el-presidente-petro\/"},"author":{"name":"Editor General","@id":"https:\/\/luchonoticias.com\/editor\/#\/schema\/person\/29217990ddf6f14e35912b2866d591fb"},"headline":"\u00abLa funci\u00f3n de la Fuerza P\u00fablica es destruir la econom\u00eda il\u00edcita\u00bb afirm\u00f3 el Presidente Petro","datePublished":"2023-05-11T12:48:28+00:00","dateModified":"2023-05-11T12:48:30+00:00","mainEntityOfPage":{"@id":"https:\/\/luchonoticias.com\/editor\/la-funcion-de-la-fuerza-publica-es-destruir-la-economia-ilicita-afirmo-el-presidente-petro\/"},"wordCount":521,"commentCount":0,"publisher":{"@id":"https:\/\/luchonoticias.com\/editor\/#\/schema\/person\/7a7fd911f58561fd056dbac7b55af9cd"},"articleSection":["Destacado","Nacional"],"inLanguage":"es","potentialAction":[{"@type":"CommentAction","name":"Comment","target":["https:\/\/luchonoticias.com\/editor\/la-funcion-de-la-fuerza-publica-es-destruir-la-economia-ilicita-afirmo-el-presidente-petro\/#respond"]}]},{"@type":"WebPage","@id":"https:\/\/luchonoticias.com\/editor\/la-funcion-de-la-fuerza-publica-es-destruir-la-economia-ilicita-afirmo-el-presidente-petro\/","url":"https:\/\/luchonoticias.com\/editor\/la-funcion-de-la-fuerza-publica-es-destruir-la-economia-ilicita-afirmo-el-presidente-petro\/","name":"\"La funci\u00f3n de la Fuerza P\u00fablica es destruir la econom\u00eda il\u00edcita\" afirm\u00f3 el Presidente Petro -","isPartOf":{"@id":"https:\/\/luchonoticias.com\/editor\/#website"},"datePublished":"2023-05-11T12:48:28+00:00","dateModified":"2023-05-11T12:48:30+00:00","breadcrumb":{"@id":"https:\/\/luchonoticias.com\/editor\/la-funcion-de-la-fuerza-publica-es-destruir-la-economia-ilicita-afirmo-el-presidente-petro\/#breadcrumb"},"inLanguage":"es","potentialAction":[{"@type":"ReadAction","target":["https:\/\/luchonoticias.com\/editor\/la-funcion-de-la-fuerza-publica-es-destruir-la-economia-ilicita-afirmo-el-presidente-petro\/"]}]},{"@type":"BreadcrumbList","@id":"https:\/\/luchonoticias.com\/editor\/la-funcion-de-la-fuerza-publica-es-destruir-la-economia-ilicita-afirmo-el-presidente-petro\/#breadcrumb","itemListElement":[{"@type":"ListItem","position":1,"name":"Portada","item":"https:\/\/luchonoticias.com\/editor\/"},{"@type":"ListItem","position":2,"name":"\u00abLa funci\u00f3n de la Fuerza P\u00fablica es destruir la econom\u00eda il\u00edcita\u00bb afirm\u00f3 el Presidente Petro"}]},{"@type":"WebSite","@id":"https:\/\/luchonoticias.com\/editor\/#website","url":"https:\/\/luchonoticias.com\/editor\/","name":"","description":"","publisher":{"@id":"https:\/\/luchonoticias.com\/editor\/#\/schema\/person\/7a7fd911f58561fd056dbac7b55af9cd"},"potentialAction":[{"@type":"SearchAction","target":{"@type":"EntryPoint","urlTemplate":"https:\/\/luchonoticias.com\/editor\/?s={search_term_string}"},"query-input":{"@type":"PropertyValueSpecification","valueRequired":true,"valueName":"search_term_string"}}],"inLanguage":"es"},{"@type":["Person","Organization"],"@id":"https:\/\/luchonoticias.com\/editor\/#\/schema\/person\/7a7fd911f58561fd056dbac7b55af9cd","name":"admin","image":{"@type":"ImageObject","inLanguage":"es","@id":"https:\/\/luchonoticias.com\/editor\/#\/schema\/person\/image\/","url":"https:\/\/luchonoticias.com\/editor\/wp-content\/uploads\/2024\/02\/cropped-cropped-logolu.webp","contentUrl":"https:\/\/luchonoticias.com\/editor\/wp-content\/uploads\/2024\/02\/cropped-cropped-logolu.webp","width":382,"height":170,"caption":"admin"},"logo":{"@id":"https:\/\/luchonoticias.com\/editor\/#\/schema\/person\/image\/"},"sameAs":["https:\/\/www.facebook.com\/luchonoticiasneiva"]},{"@type":"Person","@id":"https:\/\/luchonoticias.com\/editor\/#\/schema\/person\/29217990ddf6f14e35912b2866d591fb","name":"Editor General","image":{"@type":"ImageObject","inLanguage":"es","@id":"https:\/\/luchonoticias.com\/editor\/#\/schema\/person\/image\/","url":"https:\/\/luchonoticias.com\/editor\/wp-content\/uploads\/2024\/02\/cropped-cropped-logolu-150x150.webp","contentUrl":"https:\/\/luchonoticias.com\/editor\/wp-content\/uploads\/2024\/02\/cropped-cropped-logolu-150x150.webp","caption":"Editor General"},"sameAs":["https:\/\/luchonoticias.com\/"],"url":"https:\/\/luchonoticias.com\/editor\/author\/editor-general\/"}]}},"_links":{"self":[{"href":"https:\/\/luchonoticias.com\/editor\/wp-json\/wp\/v2\/posts\/52208","targetHints":{"allow":["GET"]}}],"collection":[{"href":"https:\/\/luchonoticias.com\/editor\/wp-json\/wp\/v2\/posts"}],"about":[{"href":"https:\/\/luchonoticias.com\/editor\/wp-json\/wp\/v2\/types\/post"}],"author":[{"embeddable":true,"href":"https:\/\/luchonoticias.com\/editor\/wp-json\/wp\/v2\/users\/2"}],"replies":[{"embeddable":true,"href":"https:\/\/luchonoticias.com\/editor\/wp-json\/wp\/v2\/comments?post=52208"}],"version-history":[{"count":0,"href":"https:\/\/luchonoticias.com\/editor\/wp-json\/wp\/v2\/posts\/52208\/revisions"}],"wp:attachment":[{"href":"https:\/\/luchonoticias.com\/editor\/wp-json\/wp\/v2\/media?parent=52208"}],"wp:term":[{"taxonomy":"category","embeddable":true,"href":"https:\/\/luchonoticias.com\/editor\/wp-json\/wp\/v2\/categories?post=52208"},{"taxonomy":"post_tag","embeddable":true,"href":"https:\/\/luchonoticias.com\/editor\/wp-json\/wp\/v2\/tags?post=52208"}],"curies":[{"name":"wp","href":"https:\/\/api.w.org\/{rel}","templated":true}]}}