{"id":52214,"date":"2023-05-11T07:57:35","date_gmt":"2023-05-11T12:57:35","guid":{"rendered":"https:\/\/luchonoticias.com\/?p=52214"},"modified":"2023-05-11T07:57:36","modified_gmt":"2023-05-11T12:57:36","slug":"tarqui-fue-escenario-de-torneo-juvenil-de-microfutbol","status":"publish","type":"post","link":"https:\/\/luchonoticias.com\/editor\/tarqui-fue-escenario-de-torneo-juvenil-de-microfutbol\/","title":{"rendered":"Tarqui fue escenario de torneo juvenil de microf\u00fatbol"},"content":{"rendered":"\n<p>Concluy\u00f3 en&nbsp;<strong>Tarqui&nbsp;<\/strong>el&nbsp;<strong>Campeonato Municipal juvenil de f\u00fatbol de sal\u00f3n<\/strong>, actividad organizada por el Colegio Esteban Rojas Tovar del \u2018Municipio Ruise\u00f1or\u2019 del Huila.<\/p>\n\n\n\n<p>La actividad cont\u00f3 con la&nbsp;<strong>participaci\u00f3n de equipos de la zona rural y el casco urbano&nbsp;<\/strong>del municipio adem\u00e1s del apoyo de algunas empresas y de la emisora local.<\/p>\n\n\n\n<p>El&nbsp;<strong>Combo de Pingui de la Vereda Ricabrisa<\/strong>&nbsp;se coron\u00f3 como&nbsp;<strong>campe\u00f3n&nbsp;<\/strong>tras superar al equipo El Barrio F. C., el Club Kavras de la Vereda La Esmeralda fue tercero y el Inter de Miami concluy\u00f3 en la cuarta plaza.<\/p>\n\n\n\n<p>Con informaci\u00f3n y foto de Garz\u00f3n St\u00e9reo.<\/p>\n","protected":false},"excerpt":{"rendered":"<p>Concluy\u00f3 en&nbsp;Tarqui&nbsp;el&nbsp;Campeonato Municipal juvenil de f\u00fatbol de sal\u00f3n, actividad organizada por el Colegio Esteban Rojas Tovar del \u2018Municipio Ruise\u00f1or\u2019 del Huila. La actividad cont\u00f3 con la&nbsp;participaci\u00f3n de equipos de la zona rural y el casco urbano&nbsp;del municipio adem\u00e1s del apoyo de algunas empresas y de la emisora local. El&nbsp;Combo de Pingui de la Vereda Ricabrisa&nbsp;se [&hellip;]<\/p>\n","protected":false},"author":2,"featured_media":0,"comment_status":"open","ping_status":"open","sticky":false,"template":"","format":"standard","meta":{"footnotes":""},"categories":[34],"tags":[],"class_list":["post-52214","post","type-post","status-publish","format-standard","hentry","category-deportes"],"yoast_head":"<!-- This site is optimized with the Yoast SEO plugin v26.6 - https:\/\/yoast.com\/wordpress\/plugins\/seo\/ -->\n<title>Tarqui fue escenario de torneo juvenil de microf\u00fatbol -<\/title>\n<meta name=\"robots\" content=\"index, follow, max-snippet:-1, max-image-preview:large, max-video-preview:-1\" \/>\n<link rel=\"canonical\" href=\"https:\/\/luchonoticias.com\/editor\/tarqui-fue-escenario-de-torneo-juvenil-de-microfutbol\/\" \/>\n<meta property=\"og:locale\" content=\"es_ES\" \/>\n<meta property=\"og:type\" content=\"article\" \/>\n<meta property=\"og:title\" content=\"Tarqui fue escenario de torneo juvenil de microf\u00fatbol -\" \/>\n<meta property=\"og:url\" content=\"https:\/\/luchonoticias.com\/editor\/tarqui-fue-escenario-de-torneo-juvenil-de-microfutbol\/\" \/>\n<meta property=\"article:publisher\" content=\"https:\/\/www.facebook.com\/luchonoticiasneiva\" \/>\n<meta property=\"article:published_time\" content=\"2023-05-11T12:57:35+00:00\" \/>\n<meta property=\"article:modified_time\" content=\"2023-05-11T12:57:36+00:00\" \/>\n<meta name=\"author\" content=\"Editor General\" \/>\n<meta name=\"twitter:card\" content=\"summary_large_image\" \/>\n<meta name=\"twitter:label1\" content=\"Escrito por\" \/>\n\t<meta name=\"twitter:data1\" content=\"Editor General\" \/>\n\t<meta name=\"twitter:label2\" content=\"Tiempo de lectura\" \/>\n\t<meta name=\"twitter:data2\" content=\"1 minuto\" \/>\n<script type=\"application\/ld+json\" class=\"yoast-schema-graph\">{\"@context\":\"https:\/\/schema.org\",\"@graph\":[{\"@type\":\"Article\",\"@id\":\"https:\/\/luchonoticias.com\/editor\/tarqui-fue-escenario-de-torneo-juvenil-de-microfutbol\/#article\",\"isPartOf\":{\"@id\":\"https:\/\/luchonoticias.com\/editor\/tarqui-fue-escenario-de-torneo-juvenil-de-microfutbol\/\"},\"author\":{\"name\":\"Editor General\",\"@id\":\"https:\/\/luchonoticias.com\/editor\/#\/schema\/person\/29217990ddf6f14e35912b2866d591fb\"},\"headline\":\"Tarqui fue escenario de torneo juvenil de microf\u00fatbol\",\"datePublished\":\"2023-05-11T12:57:35+00:00\",\"dateModified\":\"2023-05-11T12:57:36+00:00\",\"mainEntityOfPage\":{\"@id\":\"https:\/\/luchonoticias.com\/editor\/tarqui-fue-escenario-de-torneo-juvenil-de-microfutbol\/\"},\"wordCount\":127,\"commentCount\":0,\"publisher\":{\"@id\":\"https:\/\/luchonoticias.com\/editor\/#\/schema\/person\/7a7fd911f58561fd056dbac7b55af9cd\"},\"articleSection\":[\"Deportes\"],\"inLanguage\":\"es\",\"potentialAction\":[{\"@type\":\"CommentAction\",\"name\":\"Comment\",\"target\":[\"https:\/\/luchonoticias.com\/editor\/tarqui-fue-escenario-de-torneo-juvenil-de-microfutbol\/#respond\"]}]},{\"@type\":\"WebPage\",\"@id\":\"https:\/\/luchonoticias.com\/editor\/tarqui-fue-escenario-de-torneo-juvenil-de-microfutbol\/\",\"url\":\"https:\/\/luchonoticias.com\/editor\/tarqui-fue-escenario-de-torneo-juvenil-de-microfutbol\/\",\"name\":\"Tarqui fue escenario de torneo juvenil de microf\u00fatbol -\",\"isPartOf\":{\"@id\":\"https:\/\/luchonoticias.com\/editor\/#website\"},\"datePublished\":\"2023-05-11T12:57:35+00:00\",\"dateModified\":\"2023-05-11T12:57:36+00:00\",\"breadcrumb\":{\"@id\":\"https:\/\/luchonoticias.com\/editor\/tarqui-fue-escenario-de-torneo-juvenil-de-microfutbol\/#breadcrumb\"},\"inLanguage\":\"es\",\"potentialAction\":[{\"@type\":\"ReadAction\",\"target\":[\"https:\/\/luchonoticias.com\/editor\/tarqui-fue-escenario-de-torneo-juvenil-de-microfutbol\/\"]}]},{\"@type\":\"BreadcrumbList\",\"@id\":\"https:\/\/luchonoticias.com\/editor\/tarqui-fue-escenario-de-torneo-juvenil-de-microfutbol\/#breadcrumb\",\"itemListElement\":[{\"@type\":\"ListItem\",\"position\":1,\"name\":\"Portada\",\"item\":\"https:\/\/luchonoticias.com\/editor\/\"},{\"@type\":\"ListItem\",\"position\":2,\"name\":\"Tarqui fue escenario de torneo juvenil de microf\u00fatbol\"}]},{\"@type\":\"WebSite\",\"@id\":\"https:\/\/luchonoticias.com\/editor\/#website\",\"url\":\"https:\/\/luchonoticias.com\/editor\/\",\"name\":\"\",\"description\":\"\",\"publisher\":{\"@id\":\"https:\/\/luchonoticias.com\/editor\/#\/schema\/person\/7a7fd911f58561fd056dbac7b55af9cd\"},\"potentialAction\":[{\"@type\":\"SearchAction\",\"target\":{\"@type\":\"EntryPoint\",\"urlTemplate\":\"https:\/\/luchonoticias.com\/editor\/?s={search_term_string}\"},\"query-input\":{\"@type\":\"PropertyValueSpecification\",\"valueRequired\":true,\"valueName\":\"search_term_string\"}}],\"inLanguage\":\"es\"},{\"@type\":[\"Person\",\"Organization\"],\"@id\":\"https:\/\/luchonoticias.com\/editor\/#\/schema\/person\/7a7fd911f58561fd056dbac7b55af9cd\",\"name\":\"admin\",\"image\":{\"@type\":\"ImageObject\",\"inLanguage\":\"es\",\"@id\":\"https:\/\/luchonoticias.com\/editor\/#\/schema\/person\/image\/\",\"url\":\"https:\/\/luchonoticias.com\/editor\/wp-content\/uploads\/2024\/02\/cropped-cropped-logolu.webp\",\"contentUrl\":\"https:\/\/luchonoticias.com\/editor\/wp-content\/uploads\/2024\/02\/cropped-cropped-logolu.webp\",\"width\":382,\"height\":170,\"caption\":\"admin\"},\"logo\":{\"@id\":\"https:\/\/luchonoticias.com\/editor\/#\/schema\/person\/image\/\"},\"sameAs\":[\"https:\/\/www.facebook.com\/luchonoticiasneiva\"]},{\"@type\":\"Person\",\"@id\":\"https:\/\/luchonoticias.com\/editor\/#\/schema\/person\/29217990ddf6f14e35912b2866d591fb\",\"name\":\"Editor General\",\"image\":{\"@type\":\"ImageObject\",\"inLanguage\":\"es\",\"@id\":\"https:\/\/luchonoticias.com\/editor\/#\/schema\/person\/image\/\",\"url\":\"https:\/\/luchonoticias.com\/editor\/wp-content\/uploads\/2024\/02\/cropped-cropped-logolu-150x150.webp\",\"contentUrl\":\"https:\/\/luchonoticias.com\/editor\/wp-content\/uploads\/2024\/02\/cropped-cropped-logolu-150x150.webp\",\"caption\":\"Editor General\"},\"sameAs\":[\"https:\/\/luchonoticias.com\/\"],\"url\":\"https:\/\/luchonoticias.com\/editor\/author\/editor-general\/\"}]}<\/script>\n<!-- \/ Yoast SEO plugin. -->","yoast_head_json":{"title":"Tarqui fue escenario de torneo juvenil de microf\u00fatbol -","robots":{"index":"index","follow":"follow","max-snippet":"max-snippet:-1","max-image-preview":"max-image-preview:large","max-video-preview":"max-video-preview:-1"},"canonical":"https:\/\/luchonoticias.com\/editor\/tarqui-fue-escenario-de-torneo-juvenil-de-microfutbol\/","og_locale":"es_ES","og_type":"article","og_title":"Tarqui fue escenario de torneo juvenil de microf\u00fatbol -","og_url":"https:\/\/luchonoticias.com\/editor\/tarqui-fue-escenario-de-torneo-juvenil-de-microfutbol\/","article_publisher":"https:\/\/www.facebook.com\/luchonoticiasneiva","article_published_time":"2023-05-11T12:57:35+00:00","article_modified_time":"2023-05-11T12:57:36+00:00","author":"Editor General","twitter_card":"summary_large_image","twitter_misc":{"Escrito por":"Editor General","Tiempo de lectura":"1 minuto"},"schema":{"@context":"https:\/\/schema.org","@graph":[{"@type":"Article","@id":"https:\/\/luchonoticias.com\/editor\/tarqui-fue-escenario-de-torneo-juvenil-de-microfutbol\/#article","isPartOf":{"@id":"https:\/\/luchonoticias.com\/editor\/tarqui-fue-escenario-de-torneo-juvenil-de-microfutbol\/"},"author":{"name":"Editor General","@id":"https:\/\/luchonoticias.com\/editor\/#\/schema\/person\/29217990ddf6f14e35912b2866d591fb"},"headline":"Tarqui fue escenario de torneo juvenil de microf\u00fatbol","datePublished":"2023-05-11T12:57:35+00:00","dateModified":"2023-05-11T12:57:36+00:00","mainEntityOfPage":{"@id":"https:\/\/luchonoticias.com\/editor\/tarqui-fue-escenario-de-torneo-juvenil-de-microfutbol\/"},"wordCount":127,"commentCount":0,"publisher":{"@id":"https:\/\/luchonoticias.com\/editor\/#\/schema\/person\/7a7fd911f58561fd056dbac7b55af9cd"},"articleSection":["Deportes"],"inLanguage":"es","potentialAction":[{"@type":"CommentAction","name":"Comment","target":["https:\/\/luchonoticias.com\/editor\/tarqui-fue-escenario-de-torneo-juvenil-de-microfutbol\/#respond"]}]},{"@type":"WebPage","@id":"https:\/\/luchonoticias.com\/editor\/tarqui-fue-escenario-de-torneo-juvenil-de-microfutbol\/","url":"https:\/\/luchonoticias.com\/editor\/tarqui-fue-escenario-de-torneo-juvenil-de-microfutbol\/","name":"Tarqui fue escenario de torneo juvenil de microf\u00fatbol -","isPartOf":{"@id":"https:\/\/luchonoticias.com\/editor\/#website"},"datePublished":"2023-05-11T12:57:35+00:00","dateModified":"2023-05-11T12:57:36+00:00","breadcrumb":{"@id":"https:\/\/luchonoticias.com\/editor\/tarqui-fue-escenario-de-torneo-juvenil-de-microfutbol\/#breadcrumb"},"inLanguage":"es","potentialAction":[{"@type":"ReadAction","target":["https:\/\/luchonoticias.com\/editor\/tarqui-fue-escenario-de-torneo-juvenil-de-microfutbol\/"]}]},{"@type":"BreadcrumbList","@id":"https:\/\/luchonoticias.com\/editor\/tarqui-fue-escenario-de-torneo-juvenil-de-microfutbol\/#breadcrumb","itemListElement":[{"@type":"ListItem","position":1,"name":"Portada","item":"https:\/\/luchonoticias.com\/editor\/"},{"@type":"ListItem","position":2,"name":"Tarqui fue escenario de torneo juvenil de microf\u00fatbol"}]},{"@type":"WebSite","@id":"https:\/\/luchonoticias.com\/editor\/#website","url":"https:\/\/luchonoticias.com\/editor\/","name":"","description":"","publisher":{"@id":"https:\/\/luchonoticias.com\/editor\/#\/schema\/person\/7a7fd911f58561fd056dbac7b55af9cd"},"potentialAction":[{"@type":"SearchAction","target":{"@type":"EntryPoint","urlTemplate":"https:\/\/luchonoticias.com\/editor\/?s={search_term_string}"},"query-input":{"@type":"PropertyValueSpecification","valueRequired":true,"valueName":"search_term_string"}}],"inLanguage":"es"},{"@type":["Person","Organization"],"@id":"https:\/\/luchonoticias.com\/editor\/#\/schema\/person\/7a7fd911f58561fd056dbac7b55af9cd","name":"admin","image":{"@type":"ImageObject","inLanguage":"es","@id":"https:\/\/luchonoticias.com\/editor\/#\/schema\/person\/image\/","url":"https:\/\/luchonoticias.com\/editor\/wp-content\/uploads\/2024\/02\/cropped-cropped-logolu.webp","contentUrl":"https:\/\/luchonoticias.com\/editor\/wp-content\/uploads\/2024\/02\/cropped-cropped-logolu.webp","width":382,"height":170,"caption":"admin"},"logo":{"@id":"https:\/\/luchonoticias.com\/editor\/#\/schema\/person\/image\/"},"sameAs":["https:\/\/www.facebook.com\/luchonoticiasneiva"]},{"@type":"Person","@id":"https:\/\/luchonoticias.com\/editor\/#\/schema\/person\/29217990ddf6f14e35912b2866d591fb","name":"Editor General","image":{"@type":"ImageObject","inLanguage":"es","@id":"https:\/\/luchonoticias.com\/editor\/#\/schema\/person\/image\/","url":"https:\/\/luchonoticias.com\/editor\/wp-content\/uploads\/2024\/02\/cropped-cropped-logolu-150x150.webp","contentUrl":"https:\/\/luchonoticias.com\/editor\/wp-content\/uploads\/2024\/02\/cropped-cropped-logolu-150x150.webp","caption":"Editor General"},"sameAs":["https:\/\/luchonoticias.com\/"],"url":"https:\/\/luchonoticias.com\/editor\/author\/editor-general\/"}]}},"_links":{"self":[{"href":"https:\/\/luchonoticias.com\/editor\/wp-json\/wp\/v2\/posts\/52214","targetHints":{"allow":["GET"]}}],"collection":[{"href":"https:\/\/luchonoticias.com\/editor\/wp-json\/wp\/v2\/posts"}],"about":[{"href":"https:\/\/luchonoticias.com\/editor\/wp-json\/wp\/v2\/types\/post"}],"author":[{"embeddable":true,"href":"https:\/\/luchonoticias.com\/editor\/wp-json\/wp\/v2\/users\/2"}],"replies":[{"embeddable":true,"href":"https:\/\/luchonoticias.com\/editor\/wp-json\/wp\/v2\/comments?post=52214"}],"version-history":[{"count":0,"href":"https:\/\/luchonoticias.com\/editor\/wp-json\/wp\/v2\/posts\/52214\/revisions"}],"wp:attachment":[{"href":"https:\/\/luchonoticias.com\/editor\/wp-json\/wp\/v2\/media?parent=52214"}],"wp:term":[{"taxonomy":"category","embeddable":true,"href":"https:\/\/luchonoticias.com\/editor\/wp-json\/wp\/v2\/categories?post=52214"},{"taxonomy":"post_tag","embeddable":true,"href":"https:\/\/luchonoticias.com\/editor\/wp-json\/wp\/v2\/tags?post=52214"}],"curies":[{"name":"wp","href":"https:\/\/api.w.org\/{rel}","templated":true}]}}