{"id":52216,"date":"2023-05-11T07:56:41","date_gmt":"2023-05-11T12:56:41","guid":{"rendered":"https:\/\/luchonoticias.com\/?p=52216"},"modified":"2023-05-11T07:56:42","modified_gmt":"2023-05-11T12:56:42","slug":"aprobado-en-primer-debate-proyecto-de-ley-que-grava-cigarrillos-electronicos-para-financiar-el-deporte-en-el-pais","status":"publish","type":"post","link":"https:\/\/luchonoticias.com\/editor\/aprobado-en-primer-debate-proyecto-de-ley-que-grava-cigarrillos-electronicos-para-financiar-el-deporte-en-el-pais\/","title":{"rendered":"Aprobado en primer debate proyecto de ley que grava cigarrillos electr\u00f3nicos para financiar el deporte en el pa\u00eds"},"content":{"rendered":"\n<p>Por unanimidad, la Comisi\u00f3n Tercera de la C\u00e1mara de Representantes aprob\u00f3 en primer debate el proyecto de ley que busca crear una Tasa Pro Formaci\u00f3n y Talentos Deportivos, con el objetivo de fortalecer el acceso a la formaci\u00f3n deportiva y fomentar la identificaci\u00f3n de nuevos talentos, as\u00ed como aumentar la reserva deportiva del pa\u00eds<\/p>\n\n\n\n<p>Los recursos para financiar esta iniciativa se recaudar\u00e1n a trav\u00e9s de una tasa del 10% sobre el valor registrado en la declaraci\u00f3n de importaci\u00f3n de cigarrillos electr\u00f3nicos, vapeadores, soluciones l\u00edquidas con o sin nicotina que ingresen al pa\u00eds.<\/p>\n\n\n\n<p>La Representante Juliana Aray, autora y ponente de la iniciativa, destac\u00f3 que \u00abeste es un gran paso para dignificar el trabajo de nuestros deportistas y entrenadores. Estoy convencida de que fomentar la pr\u00e1ctica deportiva cambia realidades y genera mejores oportunidades en la sociedad. Agradezco a toda la Comisi\u00f3n Tercera, a los ponentes y a los ciudadanos que respaldaron esta iniciativa\u201d, agreg\u00f3.&nbsp;<\/p>\n\n\n\n<p>El proyecto de ley busca resolver problemas como el financiamiento del sector deportivo, la falta de accesibilidad a los programas deportivos por parte de las poblaciones m\u00e1s vulnerables y la falta de internacionalizaci\u00f3n de nuevos talentos.<\/p>\n\n\n\n<p>Destinaci\u00f3n espec\u00edfica de la tasa<\/p>\n\n\n\n<p>Los recursos recaudados por la Tasa Pro Formaci\u00f3n y Talentos Deportivos deber\u00e1n destinarse as\u00ed:&nbsp;<\/p>\n\n\n\n<ul class=\"wp-block-list\">\n<li>15% a la implementaci\u00f3n de programas y estrategias que permitan la identificaci\u00f3n y selecci\u00f3n de nuevos talentos deportivos.&nbsp;<\/li>\n\n\n\n<li>30% destinado a la construcci\u00f3n de nuevos escenarios deportivos.&nbsp;<\/li>\n\n\n\n<li>10% destinados a programas y estrategias de capacitaci\u00f3n a j\u00f3venes.&nbsp;<\/li>\n\n\n\n<li>25% destinados a la contrataci\u00f3n de entrenadores.&nbsp;<\/li>\n\n\n\n<li>20% destinados para apoyo econ\u00f3mico en la participaci\u00f3n de atletas.<\/li>\n<\/ul>\n\n\n\n<p>Se espera que en las pr\u00f3ximas semanas, el proyecto de ley sea anunciado para ser discutido en segundo debate en la Plenaria de la C\u00e1mara de Representantes.<\/p>\n","protected":false},"excerpt":{"rendered":"<p>Por unanimidad, la Comisi\u00f3n Tercera de la C\u00e1mara de Representantes aprob\u00f3 en primer debate el proyecto de ley que busca crear una Tasa Pro Formaci\u00f3n y Talentos Deportivos, con el objetivo de fortalecer el acceso a la formaci\u00f3n deportiva y fomentar la identificaci\u00f3n de nuevos talentos, as\u00ed como aumentar la reserva deportiva del pa\u00eds Los [&hellip;]<\/p>\n","protected":false},"author":2,"featured_media":0,"comment_status":"open","ping_status":"open","sticky":false,"template":"","format":"standard","meta":{"footnotes":""},"categories":[36,617],"tags":[],"class_list":["post-52216","post","type-post","status-publish","format-standard","hentry","category-destacado","category-politica"],"yoast_head":"<!-- This site is optimized with the Yoast SEO plugin v26.6 - https:\/\/yoast.com\/wordpress\/plugins\/seo\/ -->\n<title>Aprobado en primer debate proyecto de ley que grava cigarrillos electr\u00f3nicos para financiar el deporte en el pa\u00eds -<\/title>\n<meta name=\"robots\" content=\"index, follow, max-snippet:-1, max-image-preview:large, max-video-preview:-1\" \/>\n<link rel=\"canonical\" href=\"https:\/\/luchonoticias.com\/editor\/aprobado-en-primer-debate-proyecto-de-ley-que-grava-cigarrillos-electronicos-para-financiar-el-deporte-en-el-pais\/\" \/>\n<meta property=\"og:locale\" content=\"es_ES\" \/>\n<meta property=\"og:type\" content=\"article\" \/>\n<meta property=\"og:title\" content=\"Aprobado en primer debate proyecto de ley que grava cigarrillos electr\u00f3nicos para financiar el deporte en el pa\u00eds -\" \/>\n<meta property=\"og:url\" content=\"https:\/\/luchonoticias.com\/editor\/aprobado-en-primer-debate-proyecto-de-ley-que-grava-cigarrillos-electronicos-para-financiar-el-deporte-en-el-pais\/\" \/>\n<meta property=\"article:publisher\" content=\"https:\/\/www.facebook.com\/luchonoticiasneiva\" \/>\n<meta property=\"article:published_time\" content=\"2023-05-11T12:56:41+00:00\" \/>\n<meta property=\"article:modified_time\" content=\"2023-05-11T12:56:42+00:00\" \/>\n<meta name=\"author\" content=\"Editor General\" \/>\n<meta name=\"twitter:card\" content=\"summary_large_image\" \/>\n<meta name=\"twitter:label1\" content=\"Escrito por\" \/>\n\t<meta name=\"twitter:data1\" content=\"Editor General\" \/>\n\t<meta name=\"twitter:label2\" content=\"Tiempo de lectura\" \/>\n\t<meta name=\"twitter:data2\" content=\"2 minutos\" \/>\n<script type=\"application\/ld+json\" class=\"yoast-schema-graph\">{\"@context\":\"https:\/\/schema.org\",\"@graph\":[{\"@type\":\"Article\",\"@id\":\"https:\/\/luchonoticias.com\/editor\/aprobado-en-primer-debate-proyecto-de-ley-que-grava-cigarrillos-electronicos-para-financiar-el-deporte-en-el-pais\/#article\",\"isPartOf\":{\"@id\":\"https:\/\/luchonoticias.com\/editor\/aprobado-en-primer-debate-proyecto-de-ley-que-grava-cigarrillos-electronicos-para-financiar-el-deporte-en-el-pais\/\"},\"author\":{\"name\":\"Editor General\",\"@id\":\"https:\/\/luchonoticias.com\/editor\/#\/schema\/person\/29217990ddf6f14e35912b2866d591fb\"},\"headline\":\"Aprobado en primer debate proyecto de ley que grava cigarrillos electr\u00f3nicos para financiar el deporte en el pa\u00eds\",\"datePublished\":\"2023-05-11T12:56:41+00:00\",\"dateModified\":\"2023-05-11T12:56:42+00:00\",\"mainEntityOfPage\":{\"@id\":\"https:\/\/luchonoticias.com\/editor\/aprobado-en-primer-debate-proyecto-de-ley-que-grava-cigarrillos-electronicos-para-financiar-el-deporte-en-el-pais\/\"},\"wordCount\":341,\"commentCount\":0,\"publisher\":{\"@id\":\"https:\/\/luchonoticias.com\/editor\/#\/schema\/person\/7a7fd911f58561fd056dbac7b55af9cd\"},\"articleSection\":[\"Destacado\",\"Pol\u00edtica\"],\"inLanguage\":\"es\",\"potentialAction\":[{\"@type\":\"CommentAction\",\"name\":\"Comment\",\"target\":[\"https:\/\/luchonoticias.com\/editor\/aprobado-en-primer-debate-proyecto-de-ley-que-grava-cigarrillos-electronicos-para-financiar-el-deporte-en-el-pais\/#respond\"]}]},{\"@type\":\"WebPage\",\"@id\":\"https:\/\/luchonoticias.com\/editor\/aprobado-en-primer-debate-proyecto-de-ley-que-grava-cigarrillos-electronicos-para-financiar-el-deporte-en-el-pais\/\",\"url\":\"https:\/\/luchonoticias.com\/editor\/aprobado-en-primer-debate-proyecto-de-ley-que-grava-cigarrillos-electronicos-para-financiar-el-deporte-en-el-pais\/\",\"name\":\"Aprobado en primer debate proyecto de ley que grava cigarrillos electr\u00f3nicos para financiar el deporte en el pa\u00eds -\",\"isPartOf\":{\"@id\":\"https:\/\/luchonoticias.com\/editor\/#website\"},\"datePublished\":\"2023-05-11T12:56:41+00:00\",\"dateModified\":\"2023-05-11T12:56:42+00:00\",\"breadcrumb\":{\"@id\":\"https:\/\/luchonoticias.com\/editor\/aprobado-en-primer-debate-proyecto-de-ley-que-grava-cigarrillos-electronicos-para-financiar-el-deporte-en-el-pais\/#breadcrumb\"},\"inLanguage\":\"es\",\"potentialAction\":[{\"@type\":\"ReadAction\",\"target\":[\"https:\/\/luchonoticias.com\/editor\/aprobado-en-primer-debate-proyecto-de-ley-que-grava-cigarrillos-electronicos-para-financiar-el-deporte-en-el-pais\/\"]}]},{\"@type\":\"BreadcrumbList\",\"@id\":\"https:\/\/luchonoticias.com\/editor\/aprobado-en-primer-debate-proyecto-de-ley-que-grava-cigarrillos-electronicos-para-financiar-el-deporte-en-el-pais\/#breadcrumb\",\"itemListElement\":[{\"@type\":\"ListItem\",\"position\":1,\"name\":\"Portada\",\"item\":\"https:\/\/luchonoticias.com\/editor\/\"},{\"@type\":\"ListItem\",\"position\":2,\"name\":\"Aprobado en primer debate proyecto de ley que grava cigarrillos electr\u00f3nicos para financiar el deporte en el pa\u00eds\"}]},{\"@type\":\"WebSite\",\"@id\":\"https:\/\/luchonoticias.com\/editor\/#website\",\"url\":\"https:\/\/luchonoticias.com\/editor\/\",\"name\":\"\",\"description\":\"\",\"publisher\":{\"@id\":\"https:\/\/luchonoticias.com\/editor\/#\/schema\/person\/7a7fd911f58561fd056dbac7b55af9cd\"},\"potentialAction\":[{\"@type\":\"SearchAction\",\"target\":{\"@type\":\"EntryPoint\",\"urlTemplate\":\"https:\/\/luchonoticias.com\/editor\/?s={search_term_string}\"},\"query-input\":{\"@type\":\"PropertyValueSpecification\",\"valueRequired\":true,\"valueName\":\"search_term_string\"}}],\"inLanguage\":\"es\"},{\"@type\":[\"Person\",\"Organization\"],\"@id\":\"https:\/\/luchonoticias.com\/editor\/#\/schema\/person\/7a7fd911f58561fd056dbac7b55af9cd\",\"name\":\"admin\",\"image\":{\"@type\":\"ImageObject\",\"inLanguage\":\"es\",\"@id\":\"https:\/\/luchonoticias.com\/editor\/#\/schema\/person\/image\/\",\"url\":\"https:\/\/luchonoticias.com\/editor\/wp-content\/uploads\/2024\/02\/cropped-cropped-logolu.webp\",\"contentUrl\":\"https:\/\/luchonoticias.com\/editor\/wp-content\/uploads\/2024\/02\/cropped-cropped-logolu.webp\",\"width\":382,\"height\":170,\"caption\":\"admin\"},\"logo\":{\"@id\":\"https:\/\/luchonoticias.com\/editor\/#\/schema\/person\/image\/\"},\"sameAs\":[\"https:\/\/www.facebook.com\/luchonoticiasneiva\"]},{\"@type\":\"Person\",\"@id\":\"https:\/\/luchonoticias.com\/editor\/#\/schema\/person\/29217990ddf6f14e35912b2866d591fb\",\"name\":\"Editor General\",\"image\":{\"@type\":\"ImageObject\",\"inLanguage\":\"es\",\"@id\":\"https:\/\/luchonoticias.com\/editor\/#\/schema\/person\/image\/\",\"url\":\"https:\/\/luchonoticias.com\/editor\/wp-content\/uploads\/2024\/02\/cropped-cropped-logolu-150x150.webp\",\"contentUrl\":\"https:\/\/luchonoticias.com\/editor\/wp-content\/uploads\/2024\/02\/cropped-cropped-logolu-150x150.webp\",\"caption\":\"Editor General\"},\"sameAs\":[\"https:\/\/luchonoticias.com\/\"],\"url\":\"https:\/\/luchonoticias.com\/editor\/author\/editor-general\/\"}]}<\/script>\n<!-- \/ Yoast SEO plugin. -->","yoast_head_json":{"title":"Aprobado en primer debate proyecto de ley que grava cigarrillos electr\u00f3nicos para financiar el deporte en el pa\u00eds -","robots":{"index":"index","follow":"follow","max-snippet":"max-snippet:-1","max-image-preview":"max-image-preview:large","max-video-preview":"max-video-preview:-1"},"canonical":"https:\/\/luchonoticias.com\/editor\/aprobado-en-primer-debate-proyecto-de-ley-que-grava-cigarrillos-electronicos-para-financiar-el-deporte-en-el-pais\/","og_locale":"es_ES","og_type":"article","og_title":"Aprobado en primer debate proyecto de ley que grava cigarrillos electr\u00f3nicos para financiar el deporte en el pa\u00eds -","og_url":"https:\/\/luchonoticias.com\/editor\/aprobado-en-primer-debate-proyecto-de-ley-que-grava-cigarrillos-electronicos-para-financiar-el-deporte-en-el-pais\/","article_publisher":"https:\/\/www.facebook.com\/luchonoticiasneiva","article_published_time":"2023-05-11T12:56:41+00:00","article_modified_time":"2023-05-11T12:56:42+00:00","author":"Editor General","twitter_card":"summary_large_image","twitter_misc":{"Escrito por":"Editor General","Tiempo de lectura":"2 minutos"},"schema":{"@context":"https:\/\/schema.org","@graph":[{"@type":"Article","@id":"https:\/\/luchonoticias.com\/editor\/aprobado-en-primer-debate-proyecto-de-ley-que-grava-cigarrillos-electronicos-para-financiar-el-deporte-en-el-pais\/#article","isPartOf":{"@id":"https:\/\/luchonoticias.com\/editor\/aprobado-en-primer-debate-proyecto-de-ley-que-grava-cigarrillos-electronicos-para-financiar-el-deporte-en-el-pais\/"},"author":{"name":"Editor General","@id":"https:\/\/luchonoticias.com\/editor\/#\/schema\/person\/29217990ddf6f14e35912b2866d591fb"},"headline":"Aprobado en primer debate proyecto de ley que grava cigarrillos electr\u00f3nicos para financiar el deporte en el pa\u00eds","datePublished":"2023-05-11T12:56:41+00:00","dateModified":"2023-05-11T12:56:42+00:00","mainEntityOfPage":{"@id":"https:\/\/luchonoticias.com\/editor\/aprobado-en-primer-debate-proyecto-de-ley-que-grava-cigarrillos-electronicos-para-financiar-el-deporte-en-el-pais\/"},"wordCount":341,"commentCount":0,"publisher":{"@id":"https:\/\/luchonoticias.com\/editor\/#\/schema\/person\/7a7fd911f58561fd056dbac7b55af9cd"},"articleSection":["Destacado","Pol\u00edtica"],"inLanguage":"es","potentialAction":[{"@type":"CommentAction","name":"Comment","target":["https:\/\/luchonoticias.com\/editor\/aprobado-en-primer-debate-proyecto-de-ley-que-grava-cigarrillos-electronicos-para-financiar-el-deporte-en-el-pais\/#respond"]}]},{"@type":"WebPage","@id":"https:\/\/luchonoticias.com\/editor\/aprobado-en-primer-debate-proyecto-de-ley-que-grava-cigarrillos-electronicos-para-financiar-el-deporte-en-el-pais\/","url":"https:\/\/luchonoticias.com\/editor\/aprobado-en-primer-debate-proyecto-de-ley-que-grava-cigarrillos-electronicos-para-financiar-el-deporte-en-el-pais\/","name":"Aprobado en primer debate proyecto de ley que grava cigarrillos electr\u00f3nicos para financiar el deporte en el pa\u00eds -","isPartOf":{"@id":"https:\/\/luchonoticias.com\/editor\/#website"},"datePublished":"2023-05-11T12:56:41+00:00","dateModified":"2023-05-11T12:56:42+00:00","breadcrumb":{"@id":"https:\/\/luchonoticias.com\/editor\/aprobado-en-primer-debate-proyecto-de-ley-que-grava-cigarrillos-electronicos-para-financiar-el-deporte-en-el-pais\/#breadcrumb"},"inLanguage":"es","potentialAction":[{"@type":"ReadAction","target":["https:\/\/luchonoticias.com\/editor\/aprobado-en-primer-debate-proyecto-de-ley-que-grava-cigarrillos-electronicos-para-financiar-el-deporte-en-el-pais\/"]}]},{"@type":"BreadcrumbList","@id":"https:\/\/luchonoticias.com\/editor\/aprobado-en-primer-debate-proyecto-de-ley-que-grava-cigarrillos-electronicos-para-financiar-el-deporte-en-el-pais\/#breadcrumb","itemListElement":[{"@type":"ListItem","position":1,"name":"Portada","item":"https:\/\/luchonoticias.com\/editor\/"},{"@type":"ListItem","position":2,"name":"Aprobado en primer debate proyecto de ley que grava cigarrillos electr\u00f3nicos para financiar el deporte en el pa\u00eds"}]},{"@type":"WebSite","@id":"https:\/\/luchonoticias.com\/editor\/#website","url":"https:\/\/luchonoticias.com\/editor\/","name":"","description":"","publisher":{"@id":"https:\/\/luchonoticias.com\/editor\/#\/schema\/person\/7a7fd911f58561fd056dbac7b55af9cd"},"potentialAction":[{"@type":"SearchAction","target":{"@type":"EntryPoint","urlTemplate":"https:\/\/luchonoticias.com\/editor\/?s={search_term_string}"},"query-input":{"@type":"PropertyValueSpecification","valueRequired":true,"valueName":"search_term_string"}}],"inLanguage":"es"},{"@type":["Person","Organization"],"@id":"https:\/\/luchonoticias.com\/editor\/#\/schema\/person\/7a7fd911f58561fd056dbac7b55af9cd","name":"admin","image":{"@type":"ImageObject","inLanguage":"es","@id":"https:\/\/luchonoticias.com\/editor\/#\/schema\/person\/image\/","url":"https:\/\/luchonoticias.com\/editor\/wp-content\/uploads\/2024\/02\/cropped-cropped-logolu.webp","contentUrl":"https:\/\/luchonoticias.com\/editor\/wp-content\/uploads\/2024\/02\/cropped-cropped-logolu.webp","width":382,"height":170,"caption":"admin"},"logo":{"@id":"https:\/\/luchonoticias.com\/editor\/#\/schema\/person\/image\/"},"sameAs":["https:\/\/www.facebook.com\/luchonoticiasneiva"]},{"@type":"Person","@id":"https:\/\/luchonoticias.com\/editor\/#\/schema\/person\/29217990ddf6f14e35912b2866d591fb","name":"Editor General","image":{"@type":"ImageObject","inLanguage":"es","@id":"https:\/\/luchonoticias.com\/editor\/#\/schema\/person\/image\/","url":"https:\/\/luchonoticias.com\/editor\/wp-content\/uploads\/2024\/02\/cropped-cropped-logolu-150x150.webp","contentUrl":"https:\/\/luchonoticias.com\/editor\/wp-content\/uploads\/2024\/02\/cropped-cropped-logolu-150x150.webp","caption":"Editor General"},"sameAs":["https:\/\/luchonoticias.com\/"],"url":"https:\/\/luchonoticias.com\/editor\/author\/editor-general\/"}]}},"_links":{"self":[{"href":"https:\/\/luchonoticias.com\/editor\/wp-json\/wp\/v2\/posts\/52216","targetHints":{"allow":["GET"]}}],"collection":[{"href":"https:\/\/luchonoticias.com\/editor\/wp-json\/wp\/v2\/posts"}],"about":[{"href":"https:\/\/luchonoticias.com\/editor\/wp-json\/wp\/v2\/types\/post"}],"author":[{"embeddable":true,"href":"https:\/\/luchonoticias.com\/editor\/wp-json\/wp\/v2\/users\/2"}],"replies":[{"embeddable":true,"href":"https:\/\/luchonoticias.com\/editor\/wp-json\/wp\/v2\/comments?post=52216"}],"version-history":[{"count":0,"href":"https:\/\/luchonoticias.com\/editor\/wp-json\/wp\/v2\/posts\/52216\/revisions"}],"wp:attachment":[{"href":"https:\/\/luchonoticias.com\/editor\/wp-json\/wp\/v2\/media?parent=52216"}],"wp:term":[{"taxonomy":"category","embeddable":true,"href":"https:\/\/luchonoticias.com\/editor\/wp-json\/wp\/v2\/categories?post=52216"},{"taxonomy":"post_tag","embeddable":true,"href":"https:\/\/luchonoticias.com\/editor\/wp-json\/wp\/v2\/tags?post=52216"}],"curies":[{"name":"wp","href":"https:\/\/api.w.org\/{rel}","templated":true}]}}