{"id":52481,"date":"2023-05-15T15:03:18","date_gmt":"2023-05-15T20:03:18","guid":{"rendered":"https:\/\/luchonoticias.com\/?p=52481"},"modified":"2023-05-15T15:03:19","modified_gmt":"2023-05-15T20:03:19","slug":"presidente-petro-celebra-decision-de-tiendas-ara-de-bajar-precios-a-mas-de-200-productos-e-insta-a-otras-empresas-a-seguir-el-ejemplo","status":"publish","type":"post","link":"https:\/\/luchonoticias.com\/editor\/presidente-petro-celebra-decision-de-tiendas-ara-de-bajar-precios-a-mas-de-200-productos-e-insta-a-otras-empresas-a-seguir-el-ejemplo\/","title":{"rendered":"Presidente Petro celebra decisi\u00f3n de Tiendas Ara de bajar precios a m\u00e1s de 200 productos e insta a otras empresas a seguir el ejemplo"},"content":{"rendered":"\n<p>El Presidente de la Rep\u00fablica, Gustavo Petro, agradeci\u00f3 este lunes a los directivos de Tiendas Ara tras la decisi\u00f3n de la cadena de almacenes de bajar los precios de m\u00e1s de 200 productos para aliviar el bolsillo de los consumidores del pa\u00eds, expres\u00f3 el mandatario en su cuenta de Twitter.<\/p>\n\n\n\n<p>\u201cAgradezco a Tiendas Ara su compromiso para reducir sus precios. Productos como arroz, huevos, aceite, fr\u00edjol, pasta, chocolate de mesa, avena, leche en polvo, los de aseo y cuidado personal, disminuir\u00e1n entre el 10 % y 45 % Invito a m\u00e1s empresas a sumarse a esta iniciativa\u201d, expres\u00f3 el Mandatario.<\/p>\n\n\n\n<p>La cadena de almacenes anunci\u00f3, desde el s\u00e1bado 13 de mayo, v\u00edspera de la celebraci\u00f3n del D\u00eda de las Madres, que bajar\u00eda el precio de los alimentos y de la canasta b\u00e1sica, como una contribuci\u00f3n a los colombianos que se han visto afectados por la inflaci\u00f3n.<\/p>\n\n\n\n<p>\u201cEstamos atentos a las necesidades de los colombianos, entendemos y somos conscientes de la realidad de miles de hogares en el pa\u00eds, por lo que decidimos tomar acci\u00f3n y en este momento cr\u00edtico, aportar en el prop\u00f3sito de garantizar la seguridad alimentaria del pa\u00eds\u201d, se\u00f1al\u00f3 Pedro Leandro, CEO de Jer\u00f3nimo Martins Colombia, propietaria de Ara.<\/p>\n\n\n\n<p>\u201cPor ello, el portafolio de productos fue elegido para tener el mayor alivio posible en la canasta de los hogares colombianos, teniendo en cuenta que son ellos nuestra raz\u00f3n de ser y de trabajar\u201d, concluy\u00f3 el empresario tras anunciar la lista de productos cuyos precios tuvieron una reducci\u00f3n de entre el diez y el 45 por ciento.<\/p>\n\n\n\n<p>Huevos, arroz, aceite, fr\u00edjol, pasta, chocolate de mesa, avena, leche en polvo, productos de aseo para el hogar y aseo personal, entre otros, surtieron rebajas en sus precios.<\/p>\n\n\n\n<p>\u201cCon esta decisi\u00f3n, los colombianos podr\u00e1n acceder a productos que est\u00e1n elaborados con los m\u00e1s altos est\u00e1ndares de calidad, a precios a\u00fan m\u00e1s bajos y en su gran mayor\u00eda producidos localmente, apoyando la econom\u00eda nacional\u201d, concluy\u00f3 Leandro, tras anunciar que Ara abrir\u00e1 230 nuevas tiendas en el pa\u00eds.<\/p>\n\n\n\n<p>La apertura de las nuevas Tiendas ARA en Colombia fue uno de los anuncios de la reuni\u00f3n, a comienzos de mayo en Portugal, entre el Presidente Gustavo Petro con Pedro Soares dos Santos, CEO de la compa\u00f1\u00eda portuguesa Jer\u00f3nimo Martins, en el marco de la visita de trabajo del Mandatario colombiano a ese pa\u00eds.<\/p>\n\n\n\n<p>Adem\u00e1s, en la misma reuni\u00f3n del Presidente Petro con el CEO del Grupo Jer\u00f3nimo Martins, se anunci\u00f3 que el Gobierno colombiano se propone establecer una l\u00ednea de cr\u00e9dito especial para mejorar las condiciones de transporte de las mercanc\u00edas, de tal manera que los productores sean m\u00e1s competitivos.<\/p>\n\n\n\n<p>Asimismo, se reanudar\u00e1 el proyecto de apoyo a hogares comunitarios del Instituto Colombiano de Bienestar Familiar (ICBF), con el objetivo de disminuir la desnutrici\u00f3n infantil.<\/p>\n","protected":false},"excerpt":{"rendered":"<p>El Presidente de la Rep\u00fablica, Gustavo Petro, agradeci\u00f3 este lunes a los directivos de Tiendas Ara tras la decisi\u00f3n de la cadena de almacenes de bajar los precios de m\u00e1s de 200 productos para aliviar el bolsillo de los consumidores del pa\u00eds, expres\u00f3 el mandatario en su cuenta de Twitter. \u201cAgradezco a Tiendas Ara su [&hellip;]<\/p>\n","protected":false},"author":2,"featured_media":0,"comment_status":"open","ping_status":"open","sticky":false,"template":"","format":"standard","meta":{"footnotes":""},"categories":[36,32],"tags":[],"class_list":["post-52481","post","type-post","status-publish","format-standard","hentry","category-destacado","category-nacional"],"yoast_head":"<!-- This site is optimized with the Yoast SEO plugin v26.6 - https:\/\/yoast.com\/wordpress\/plugins\/seo\/ -->\n<title>Presidente Petro celebra decisi\u00f3n de Tiendas Ara de bajar precios a m\u00e1s de 200 productos e insta a otras empresas a seguir el ejemplo -<\/title>\n<meta name=\"robots\" content=\"index, follow, max-snippet:-1, max-image-preview:large, max-video-preview:-1\" \/>\n<link rel=\"canonical\" href=\"https:\/\/luchonoticias.com\/editor\/presidente-petro-celebra-decision-de-tiendas-ara-de-bajar-precios-a-mas-de-200-productos-e-insta-a-otras-empresas-a-seguir-el-ejemplo\/\" \/>\n<meta property=\"og:locale\" content=\"es_ES\" \/>\n<meta property=\"og:type\" content=\"article\" \/>\n<meta property=\"og:title\" content=\"Presidente Petro celebra decisi\u00f3n de Tiendas Ara de bajar precios a m\u00e1s de 200 productos e insta a otras empresas a seguir el ejemplo -\" \/>\n<meta property=\"og:url\" content=\"https:\/\/luchonoticias.com\/editor\/presidente-petro-celebra-decision-de-tiendas-ara-de-bajar-precios-a-mas-de-200-productos-e-insta-a-otras-empresas-a-seguir-el-ejemplo\/\" \/>\n<meta property=\"article:publisher\" content=\"https:\/\/www.facebook.com\/luchonoticiasneiva\" \/>\n<meta property=\"article:published_time\" content=\"2023-05-15T20:03:18+00:00\" \/>\n<meta property=\"article:modified_time\" content=\"2023-05-15T20:03:19+00:00\" \/>\n<meta name=\"author\" content=\"Editor General\" \/>\n<meta name=\"twitter:card\" content=\"summary_large_image\" \/>\n<meta name=\"twitter:label1\" content=\"Escrito por\" \/>\n\t<meta name=\"twitter:data1\" content=\"Editor General\" \/>\n\t<meta name=\"twitter:label2\" content=\"Tiempo de lectura\" \/>\n\t<meta name=\"twitter:data2\" content=\"2 minutos\" \/>\n<script type=\"application\/ld+json\" class=\"yoast-schema-graph\">{\"@context\":\"https:\/\/schema.org\",\"@graph\":[{\"@type\":\"Article\",\"@id\":\"https:\/\/luchonoticias.com\/editor\/presidente-petro-celebra-decision-de-tiendas-ara-de-bajar-precios-a-mas-de-200-productos-e-insta-a-otras-empresas-a-seguir-el-ejemplo\/#article\",\"isPartOf\":{\"@id\":\"https:\/\/luchonoticias.com\/editor\/presidente-petro-celebra-decision-de-tiendas-ara-de-bajar-precios-a-mas-de-200-productos-e-insta-a-otras-empresas-a-seguir-el-ejemplo\/\"},\"author\":{\"name\":\"Editor General\",\"@id\":\"https:\/\/luchonoticias.com\/editor\/#\/schema\/person\/29217990ddf6f14e35912b2866d591fb\"},\"headline\":\"Presidente Petro celebra decisi\u00f3n de Tiendas Ara de bajar precios a m\u00e1s de 200 productos e insta a otras empresas a seguir el ejemplo\",\"datePublished\":\"2023-05-15T20:03:18+00:00\",\"dateModified\":\"2023-05-15T20:03:19+00:00\",\"mainEntityOfPage\":{\"@id\":\"https:\/\/luchonoticias.com\/editor\/presidente-petro-celebra-decision-de-tiendas-ara-de-bajar-precios-a-mas-de-200-productos-e-insta-a-otras-empresas-a-seguir-el-ejemplo\/\"},\"wordCount\":524,\"commentCount\":0,\"publisher\":{\"@id\":\"https:\/\/luchonoticias.com\/editor\/#\/schema\/person\/7a7fd911f58561fd056dbac7b55af9cd\"},\"articleSection\":[\"Destacado\",\"Nacional\"],\"inLanguage\":\"es\",\"potentialAction\":[{\"@type\":\"CommentAction\",\"name\":\"Comment\",\"target\":[\"https:\/\/luchonoticias.com\/editor\/presidente-petro-celebra-decision-de-tiendas-ara-de-bajar-precios-a-mas-de-200-productos-e-insta-a-otras-empresas-a-seguir-el-ejemplo\/#respond\"]}]},{\"@type\":\"WebPage\",\"@id\":\"https:\/\/luchonoticias.com\/editor\/presidente-petro-celebra-decision-de-tiendas-ara-de-bajar-precios-a-mas-de-200-productos-e-insta-a-otras-empresas-a-seguir-el-ejemplo\/\",\"url\":\"https:\/\/luchonoticias.com\/editor\/presidente-petro-celebra-decision-de-tiendas-ara-de-bajar-precios-a-mas-de-200-productos-e-insta-a-otras-empresas-a-seguir-el-ejemplo\/\",\"name\":\"Presidente Petro celebra decisi\u00f3n de Tiendas Ara de bajar precios a m\u00e1s de 200 productos e insta a otras empresas a seguir el ejemplo -\",\"isPartOf\":{\"@id\":\"https:\/\/luchonoticias.com\/editor\/#website\"},\"datePublished\":\"2023-05-15T20:03:18+00:00\",\"dateModified\":\"2023-05-15T20:03:19+00:00\",\"breadcrumb\":{\"@id\":\"https:\/\/luchonoticias.com\/editor\/presidente-petro-celebra-decision-de-tiendas-ara-de-bajar-precios-a-mas-de-200-productos-e-insta-a-otras-empresas-a-seguir-el-ejemplo\/#breadcrumb\"},\"inLanguage\":\"es\",\"potentialAction\":[{\"@type\":\"ReadAction\",\"target\":[\"https:\/\/luchonoticias.com\/editor\/presidente-petro-celebra-decision-de-tiendas-ara-de-bajar-precios-a-mas-de-200-productos-e-insta-a-otras-empresas-a-seguir-el-ejemplo\/\"]}]},{\"@type\":\"BreadcrumbList\",\"@id\":\"https:\/\/luchonoticias.com\/editor\/presidente-petro-celebra-decision-de-tiendas-ara-de-bajar-precios-a-mas-de-200-productos-e-insta-a-otras-empresas-a-seguir-el-ejemplo\/#breadcrumb\",\"itemListElement\":[{\"@type\":\"ListItem\",\"position\":1,\"name\":\"Portada\",\"item\":\"https:\/\/luchonoticias.com\/editor\/\"},{\"@type\":\"ListItem\",\"position\":2,\"name\":\"Presidente Petro celebra decisi\u00f3n de Tiendas Ara de bajar precios a m\u00e1s de 200 productos e insta a otras empresas a seguir el ejemplo\"}]},{\"@type\":\"WebSite\",\"@id\":\"https:\/\/luchonoticias.com\/editor\/#website\",\"url\":\"https:\/\/luchonoticias.com\/editor\/\",\"name\":\"\",\"description\":\"\",\"publisher\":{\"@id\":\"https:\/\/luchonoticias.com\/editor\/#\/schema\/person\/7a7fd911f58561fd056dbac7b55af9cd\"},\"potentialAction\":[{\"@type\":\"SearchAction\",\"target\":{\"@type\":\"EntryPoint\",\"urlTemplate\":\"https:\/\/luchonoticias.com\/editor\/?s={search_term_string}\"},\"query-input\":{\"@type\":\"PropertyValueSpecification\",\"valueRequired\":true,\"valueName\":\"search_term_string\"}}],\"inLanguage\":\"es\"},{\"@type\":[\"Person\",\"Organization\"],\"@id\":\"https:\/\/luchonoticias.com\/editor\/#\/schema\/person\/7a7fd911f58561fd056dbac7b55af9cd\",\"name\":\"admin\",\"image\":{\"@type\":\"ImageObject\",\"inLanguage\":\"es\",\"@id\":\"https:\/\/luchonoticias.com\/editor\/#\/schema\/person\/image\/\",\"url\":\"https:\/\/luchonoticias.com\/editor\/wp-content\/uploads\/2024\/02\/cropped-cropped-logolu.webp\",\"contentUrl\":\"https:\/\/luchonoticias.com\/editor\/wp-content\/uploads\/2024\/02\/cropped-cropped-logolu.webp\",\"width\":382,\"height\":170,\"caption\":\"admin\"},\"logo\":{\"@id\":\"https:\/\/luchonoticias.com\/editor\/#\/schema\/person\/image\/\"},\"sameAs\":[\"https:\/\/www.facebook.com\/luchonoticiasneiva\"]},{\"@type\":\"Person\",\"@id\":\"https:\/\/luchonoticias.com\/editor\/#\/schema\/person\/29217990ddf6f14e35912b2866d591fb\",\"name\":\"Editor General\",\"image\":{\"@type\":\"ImageObject\",\"inLanguage\":\"es\",\"@id\":\"https:\/\/luchonoticias.com\/editor\/#\/schema\/person\/image\/\",\"url\":\"https:\/\/luchonoticias.com\/editor\/wp-content\/uploads\/2024\/02\/cropped-cropped-logolu-150x150.webp\",\"contentUrl\":\"https:\/\/luchonoticias.com\/editor\/wp-content\/uploads\/2024\/02\/cropped-cropped-logolu-150x150.webp\",\"caption\":\"Editor General\"},\"sameAs\":[\"https:\/\/luchonoticias.com\/\"],\"url\":\"https:\/\/luchonoticias.com\/editor\/author\/editor-general\/\"}]}<\/script>\n<!-- \/ Yoast SEO plugin. -->","yoast_head_json":{"title":"Presidente Petro celebra decisi\u00f3n de Tiendas Ara de bajar precios a m\u00e1s de 200 productos e insta a otras empresas a seguir el ejemplo -","robots":{"index":"index","follow":"follow","max-snippet":"max-snippet:-1","max-image-preview":"max-image-preview:large","max-video-preview":"max-video-preview:-1"},"canonical":"https:\/\/luchonoticias.com\/editor\/presidente-petro-celebra-decision-de-tiendas-ara-de-bajar-precios-a-mas-de-200-productos-e-insta-a-otras-empresas-a-seguir-el-ejemplo\/","og_locale":"es_ES","og_type":"article","og_title":"Presidente Petro celebra decisi\u00f3n de Tiendas Ara de bajar precios a m\u00e1s de 200 productos e insta a otras empresas a seguir el ejemplo -","og_url":"https:\/\/luchonoticias.com\/editor\/presidente-petro-celebra-decision-de-tiendas-ara-de-bajar-precios-a-mas-de-200-productos-e-insta-a-otras-empresas-a-seguir-el-ejemplo\/","article_publisher":"https:\/\/www.facebook.com\/luchonoticiasneiva","article_published_time":"2023-05-15T20:03:18+00:00","article_modified_time":"2023-05-15T20:03:19+00:00","author":"Editor General","twitter_card":"summary_large_image","twitter_misc":{"Escrito por":"Editor General","Tiempo de lectura":"2 minutos"},"schema":{"@context":"https:\/\/schema.org","@graph":[{"@type":"Article","@id":"https:\/\/luchonoticias.com\/editor\/presidente-petro-celebra-decision-de-tiendas-ara-de-bajar-precios-a-mas-de-200-productos-e-insta-a-otras-empresas-a-seguir-el-ejemplo\/#article","isPartOf":{"@id":"https:\/\/luchonoticias.com\/editor\/presidente-petro-celebra-decision-de-tiendas-ara-de-bajar-precios-a-mas-de-200-productos-e-insta-a-otras-empresas-a-seguir-el-ejemplo\/"},"author":{"name":"Editor General","@id":"https:\/\/luchonoticias.com\/editor\/#\/schema\/person\/29217990ddf6f14e35912b2866d591fb"},"headline":"Presidente Petro celebra decisi\u00f3n de Tiendas Ara de bajar precios a m\u00e1s de 200 productos e insta a otras empresas a seguir el ejemplo","datePublished":"2023-05-15T20:03:18+00:00","dateModified":"2023-05-15T20:03:19+00:00","mainEntityOfPage":{"@id":"https:\/\/luchonoticias.com\/editor\/presidente-petro-celebra-decision-de-tiendas-ara-de-bajar-precios-a-mas-de-200-productos-e-insta-a-otras-empresas-a-seguir-el-ejemplo\/"},"wordCount":524,"commentCount":0,"publisher":{"@id":"https:\/\/luchonoticias.com\/editor\/#\/schema\/person\/7a7fd911f58561fd056dbac7b55af9cd"},"articleSection":["Destacado","Nacional"],"inLanguage":"es","potentialAction":[{"@type":"CommentAction","name":"Comment","target":["https:\/\/luchonoticias.com\/editor\/presidente-petro-celebra-decision-de-tiendas-ara-de-bajar-precios-a-mas-de-200-productos-e-insta-a-otras-empresas-a-seguir-el-ejemplo\/#respond"]}]},{"@type":"WebPage","@id":"https:\/\/luchonoticias.com\/editor\/presidente-petro-celebra-decision-de-tiendas-ara-de-bajar-precios-a-mas-de-200-productos-e-insta-a-otras-empresas-a-seguir-el-ejemplo\/","url":"https:\/\/luchonoticias.com\/editor\/presidente-petro-celebra-decision-de-tiendas-ara-de-bajar-precios-a-mas-de-200-productos-e-insta-a-otras-empresas-a-seguir-el-ejemplo\/","name":"Presidente Petro celebra decisi\u00f3n de Tiendas Ara de bajar precios a m\u00e1s de 200 productos e insta a otras empresas a seguir el ejemplo -","isPartOf":{"@id":"https:\/\/luchonoticias.com\/editor\/#website"},"datePublished":"2023-05-15T20:03:18+00:00","dateModified":"2023-05-15T20:03:19+00:00","breadcrumb":{"@id":"https:\/\/luchonoticias.com\/editor\/presidente-petro-celebra-decision-de-tiendas-ara-de-bajar-precios-a-mas-de-200-productos-e-insta-a-otras-empresas-a-seguir-el-ejemplo\/#breadcrumb"},"inLanguage":"es","potentialAction":[{"@type":"ReadAction","target":["https:\/\/luchonoticias.com\/editor\/presidente-petro-celebra-decision-de-tiendas-ara-de-bajar-precios-a-mas-de-200-productos-e-insta-a-otras-empresas-a-seguir-el-ejemplo\/"]}]},{"@type":"BreadcrumbList","@id":"https:\/\/luchonoticias.com\/editor\/presidente-petro-celebra-decision-de-tiendas-ara-de-bajar-precios-a-mas-de-200-productos-e-insta-a-otras-empresas-a-seguir-el-ejemplo\/#breadcrumb","itemListElement":[{"@type":"ListItem","position":1,"name":"Portada","item":"https:\/\/luchonoticias.com\/editor\/"},{"@type":"ListItem","position":2,"name":"Presidente Petro celebra decisi\u00f3n de Tiendas Ara de bajar precios a m\u00e1s de 200 productos e insta a otras empresas a seguir el ejemplo"}]},{"@type":"WebSite","@id":"https:\/\/luchonoticias.com\/editor\/#website","url":"https:\/\/luchonoticias.com\/editor\/","name":"","description":"","publisher":{"@id":"https:\/\/luchonoticias.com\/editor\/#\/schema\/person\/7a7fd911f58561fd056dbac7b55af9cd"},"potentialAction":[{"@type":"SearchAction","target":{"@type":"EntryPoint","urlTemplate":"https:\/\/luchonoticias.com\/editor\/?s={search_term_string}"},"query-input":{"@type":"PropertyValueSpecification","valueRequired":true,"valueName":"search_term_string"}}],"inLanguage":"es"},{"@type":["Person","Organization"],"@id":"https:\/\/luchonoticias.com\/editor\/#\/schema\/person\/7a7fd911f58561fd056dbac7b55af9cd","name":"admin","image":{"@type":"ImageObject","inLanguage":"es","@id":"https:\/\/luchonoticias.com\/editor\/#\/schema\/person\/image\/","url":"https:\/\/luchonoticias.com\/editor\/wp-content\/uploads\/2024\/02\/cropped-cropped-logolu.webp","contentUrl":"https:\/\/luchonoticias.com\/editor\/wp-content\/uploads\/2024\/02\/cropped-cropped-logolu.webp","width":382,"height":170,"caption":"admin"},"logo":{"@id":"https:\/\/luchonoticias.com\/editor\/#\/schema\/person\/image\/"},"sameAs":["https:\/\/www.facebook.com\/luchonoticiasneiva"]},{"@type":"Person","@id":"https:\/\/luchonoticias.com\/editor\/#\/schema\/person\/29217990ddf6f14e35912b2866d591fb","name":"Editor General","image":{"@type":"ImageObject","inLanguage":"es","@id":"https:\/\/luchonoticias.com\/editor\/#\/schema\/person\/image\/","url":"https:\/\/luchonoticias.com\/editor\/wp-content\/uploads\/2024\/02\/cropped-cropped-logolu-150x150.webp","contentUrl":"https:\/\/luchonoticias.com\/editor\/wp-content\/uploads\/2024\/02\/cropped-cropped-logolu-150x150.webp","caption":"Editor General"},"sameAs":["https:\/\/luchonoticias.com\/"],"url":"https:\/\/luchonoticias.com\/editor\/author\/editor-general\/"}]}},"_links":{"self":[{"href":"https:\/\/luchonoticias.com\/editor\/wp-json\/wp\/v2\/posts\/52481","targetHints":{"allow":["GET"]}}],"collection":[{"href":"https:\/\/luchonoticias.com\/editor\/wp-json\/wp\/v2\/posts"}],"about":[{"href":"https:\/\/luchonoticias.com\/editor\/wp-json\/wp\/v2\/types\/post"}],"author":[{"embeddable":true,"href":"https:\/\/luchonoticias.com\/editor\/wp-json\/wp\/v2\/users\/2"}],"replies":[{"embeddable":true,"href":"https:\/\/luchonoticias.com\/editor\/wp-json\/wp\/v2\/comments?post=52481"}],"version-history":[{"count":0,"href":"https:\/\/luchonoticias.com\/editor\/wp-json\/wp\/v2\/posts\/52481\/revisions"}],"wp:attachment":[{"href":"https:\/\/luchonoticias.com\/editor\/wp-json\/wp\/v2\/media?parent=52481"}],"wp:term":[{"taxonomy":"category","embeddable":true,"href":"https:\/\/luchonoticias.com\/editor\/wp-json\/wp\/v2\/categories?post=52481"},{"taxonomy":"post_tag","embeddable":true,"href":"https:\/\/luchonoticias.com\/editor\/wp-json\/wp\/v2\/tags?post=52481"}],"curies":[{"name":"wp","href":"https:\/\/api.w.org\/{rel}","templated":true}]}}