{"id":52553,"date":"2023-05-16T13:20:36","date_gmt":"2023-05-16T18:20:36","guid":{"rendered":"https:\/\/luchonoticias.com\/?p=52553"},"modified":"2023-05-16T13:20:37","modified_gmt":"2023-05-16T18:20:37","slug":"rondas-clasificatorias-para-el-festival-del-bambuco-en-neiva-tendran-una-planificacion-especial","status":"publish","type":"post","link":"https:\/\/luchonoticias.com\/editor\/rondas-clasificatorias-para-el-festival-del-bambuco-en-neiva-tendran-una-planificacion-especial\/","title":{"rendered":"Rondas clasificatorias para el Festival del Bambuco en Neiva tendr\u00e1n una planificaci\u00f3n especial"},"content":{"rendered":"\n<p>En Neiva, la capital del Huila, se llevar\u00e1n a cabo el pr\u00f3ximo fin de semana las rondas clasificatorias para seleccionar a los artistas y agrupaciones culturales que participar\u00e1n en la edici\u00f3n 62 del Festival del Bambuco en San Juan y San Pedro.<\/p>\n\n\n\n<p>Las rondas comprender\u00e1n en efecto desde el s\u00e1bado 20 hasta el lunes festivo 22 de mayo, de acuerdo con la convocatoria de la Secretar\u00eda de Cultura y Turismo del Huila y la Corporaci\u00f3n para la Promoci\u00f3n de la Cultura y Turismo del Huila CORPOSANPEDRO.<\/p>\n\n\n\n<p>Para facilitar la participaci\u00f3n de artistas y agrupaciones que se inscribieron a esa convocatoria, se ha organizado, por d\u00edas y horarios, una programaci\u00f3n claramente establecida, de manera que cada sector cultural pueda asistir el d\u00eda y la hora en que les corresponde la audici\u00f3n.<\/p>\n\n\n\n<p>Las rondas se cumplieron ya en Pitalito, Garz\u00f3n, La Plata, Campoalegre, Villavieja y Palermo, para cada una de las zonas de influencia de estos municipios.<\/p>\n\n\n\n<p>En el caso de Neiva, los d\u00edas y horarios fijados por cada sector son los siguientes:<\/p>\n\n\n\n<p>S\u00e1bado 20 de mayo<\/p>\n\n\n\n<p>8:00 a.m.: Agrupaciones musicales que deben asistir:<\/p>\n\n\n\n<p>\u2714\ufe0f Encuentro departamental de bandas municipales infantil y juvenil \u201cMilc\u00edades Chato Dur\u00e1n\u201d<\/p>\n\n\n\n<p>\u2714\ufe0fEncuentro departamental de rajale\u00f1as &#8211; adulto<\/p>\n\n\n\n<p>\u2714\ufe0f Encuentro departamental de rajale\u00f1a &#8211; infantil \u201cUlises Charry\u201d<\/p>\n\n\n\n<p>\u2714\ufe0f Encuentro departamental de m\u00fasica campesina<\/p>\n\n\n\n<p>\u2714\ufe0fEncuentro departamental de chirim\u00edas y m\u00fasica andina<\/p>\n\n\n\n<p>1:00 p.m.: Encuentros de baile por pareja:<\/p>\n\n\n\n<p>\u2714\ufe0f Encuentro departamental del baile del Sanjuanero huilense &#8211; infantil \u201cJairo S\u00e1nchez Monje\u201d, y juvenil \u201cLuz Cucal\u00f3n\u201d<\/p>\n\n\n\n<p>\u2714\ufe0f Encuentro departamental del baile del pasillo huilense \u201cLuis Carlos Pipa Prada\u201d<\/p>\n\n\n\n<p>\u2714\ufe0f Encuentro departamental del baile del bambuco tradicional \u201cFaustino Sandoval\u201d<\/p>\n\n\n\n<p>\u2714\ufe0fEncuentro departamental del baile de rumba campesina \u201c\u00c1lvaro Trujillo Cuenca\u201d<\/p>\n\n\n\n<p>Domingo 21 de mayo<\/p>\n\n\n\n<p>8:00 a.m.: Grupos de danzas para el Encuentro Departamental de Danzas \u201cCesar Marino Andrade\u201d<\/p>\n\n\n\n<p>2:00 p.m.: Grupos de comparsas para los desfiles folcl\u00f3ricos<\/p>\n\n\n\n<p>3:00 p.m.: Agrupaciones danc\u00edsticas para los desfiles folcl\u00f3ricos<\/p>\n\n\n\n<p>Lunes 22 de mayo<\/p>\n\n\n\n<p>8:00 a.m.: Grupos participantes en el Encuentro de m\u00fasica alternativa<\/p>\n\n\n\n<p>Las rondas se realizar\u00e1n en el Parque de la M\u00fasica \u201cJorge Villamil Cordovez\u201d<\/p>\n","protected":false},"excerpt":{"rendered":"<p>En Neiva, la capital del Huila, se llevar\u00e1n a cabo el pr\u00f3ximo fin de semana las rondas clasificatorias para seleccionar a los artistas y agrupaciones culturales que participar\u00e1n en la edici\u00f3n 62 del Festival del Bambuco en San Juan y San Pedro. Las rondas comprender\u00e1n en efecto desde el s\u00e1bado 20 hasta el lunes festivo [&hellip;]<\/p>\n","protected":false},"author":2,"featured_media":0,"comment_status":"open","ping_status":"open","sticky":false,"template":"","format":"standard","meta":{"footnotes":""},"categories":[36,31],"tags":[],"class_list":["post-52553","post","type-post","status-publish","format-standard","hentry","category-destacado","category-local"],"yoast_head":"<!-- This site is optimized with the Yoast SEO plugin v26.6 - https:\/\/yoast.com\/wordpress\/plugins\/seo\/ -->\n<title>Rondas clasificatorias para el Festival del Bambuco en Neiva tendr\u00e1n una planificaci\u00f3n especial -<\/title>\n<meta name=\"robots\" content=\"index, follow, max-snippet:-1, max-image-preview:large, max-video-preview:-1\" \/>\n<link rel=\"canonical\" href=\"https:\/\/luchonoticias.com\/editor\/rondas-clasificatorias-para-el-festival-del-bambuco-en-neiva-tendran-una-planificacion-especial\/\" \/>\n<meta property=\"og:locale\" content=\"es_ES\" \/>\n<meta property=\"og:type\" content=\"article\" \/>\n<meta property=\"og:title\" content=\"Rondas clasificatorias para el Festival del Bambuco en Neiva tendr\u00e1n una planificaci\u00f3n especial -\" \/>\n<meta property=\"og:url\" content=\"https:\/\/luchonoticias.com\/editor\/rondas-clasificatorias-para-el-festival-del-bambuco-en-neiva-tendran-una-planificacion-especial\/\" \/>\n<meta property=\"article:publisher\" content=\"https:\/\/www.facebook.com\/luchonoticiasneiva\" \/>\n<meta property=\"article:published_time\" content=\"2023-05-16T18:20:36+00:00\" \/>\n<meta property=\"article:modified_time\" content=\"2023-05-16T18:20:37+00:00\" \/>\n<meta name=\"author\" content=\"Editor General\" \/>\n<meta name=\"twitter:card\" content=\"summary_large_image\" \/>\n<meta name=\"twitter:label1\" content=\"Escrito por\" \/>\n\t<meta name=\"twitter:data1\" content=\"Editor General\" \/>\n\t<meta name=\"twitter:label2\" content=\"Tiempo de lectura\" \/>\n\t<meta name=\"twitter:data2\" content=\"2 minutos\" \/>\n<script type=\"application\/ld+json\" class=\"yoast-schema-graph\">{\"@context\":\"https:\/\/schema.org\",\"@graph\":[{\"@type\":\"Article\",\"@id\":\"https:\/\/luchonoticias.com\/editor\/rondas-clasificatorias-para-el-festival-del-bambuco-en-neiva-tendran-una-planificacion-especial\/#article\",\"isPartOf\":{\"@id\":\"https:\/\/luchonoticias.com\/editor\/rondas-clasificatorias-para-el-festival-del-bambuco-en-neiva-tendran-una-planificacion-especial\/\"},\"author\":{\"name\":\"Editor General\",\"@id\":\"https:\/\/luchonoticias.com\/editor\/#\/schema\/person\/29217990ddf6f14e35912b2866d591fb\"},\"headline\":\"Rondas clasificatorias para el Festival del Bambuco en Neiva tendr\u00e1n una planificaci\u00f3n especial\",\"datePublished\":\"2023-05-16T18:20:36+00:00\",\"dateModified\":\"2023-05-16T18:20:37+00:00\",\"mainEntityOfPage\":{\"@id\":\"https:\/\/luchonoticias.com\/editor\/rondas-clasificatorias-para-el-festival-del-bambuco-en-neiva-tendran-una-planificacion-especial\/\"},\"wordCount\":375,\"commentCount\":0,\"publisher\":{\"@id\":\"https:\/\/luchonoticias.com\/editor\/#\/schema\/person\/7a7fd911f58561fd056dbac7b55af9cd\"},\"articleSection\":[\"Destacado\",\"Local\"],\"inLanguage\":\"es\",\"potentialAction\":[{\"@type\":\"CommentAction\",\"name\":\"Comment\",\"target\":[\"https:\/\/luchonoticias.com\/editor\/rondas-clasificatorias-para-el-festival-del-bambuco-en-neiva-tendran-una-planificacion-especial\/#respond\"]}]},{\"@type\":\"WebPage\",\"@id\":\"https:\/\/luchonoticias.com\/editor\/rondas-clasificatorias-para-el-festival-del-bambuco-en-neiva-tendran-una-planificacion-especial\/\",\"url\":\"https:\/\/luchonoticias.com\/editor\/rondas-clasificatorias-para-el-festival-del-bambuco-en-neiva-tendran-una-planificacion-especial\/\",\"name\":\"Rondas clasificatorias para el Festival del Bambuco en Neiva tendr\u00e1n una planificaci\u00f3n especial -\",\"isPartOf\":{\"@id\":\"https:\/\/luchonoticias.com\/editor\/#website\"},\"datePublished\":\"2023-05-16T18:20:36+00:00\",\"dateModified\":\"2023-05-16T18:20:37+00:00\",\"breadcrumb\":{\"@id\":\"https:\/\/luchonoticias.com\/editor\/rondas-clasificatorias-para-el-festival-del-bambuco-en-neiva-tendran-una-planificacion-especial\/#breadcrumb\"},\"inLanguage\":\"es\",\"potentialAction\":[{\"@type\":\"ReadAction\",\"target\":[\"https:\/\/luchonoticias.com\/editor\/rondas-clasificatorias-para-el-festival-del-bambuco-en-neiva-tendran-una-planificacion-especial\/\"]}]},{\"@type\":\"BreadcrumbList\",\"@id\":\"https:\/\/luchonoticias.com\/editor\/rondas-clasificatorias-para-el-festival-del-bambuco-en-neiva-tendran-una-planificacion-especial\/#breadcrumb\",\"itemListElement\":[{\"@type\":\"ListItem\",\"position\":1,\"name\":\"Portada\",\"item\":\"https:\/\/luchonoticias.com\/editor\/\"},{\"@type\":\"ListItem\",\"position\":2,\"name\":\"Rondas clasificatorias para el Festival del Bambuco en Neiva tendr\u00e1n una planificaci\u00f3n especial\"}]},{\"@type\":\"WebSite\",\"@id\":\"https:\/\/luchonoticias.com\/editor\/#website\",\"url\":\"https:\/\/luchonoticias.com\/editor\/\",\"name\":\"\",\"description\":\"\",\"publisher\":{\"@id\":\"https:\/\/luchonoticias.com\/editor\/#\/schema\/person\/7a7fd911f58561fd056dbac7b55af9cd\"},\"potentialAction\":[{\"@type\":\"SearchAction\",\"target\":{\"@type\":\"EntryPoint\",\"urlTemplate\":\"https:\/\/luchonoticias.com\/editor\/?s={search_term_string}\"},\"query-input\":{\"@type\":\"PropertyValueSpecification\",\"valueRequired\":true,\"valueName\":\"search_term_string\"}}],\"inLanguage\":\"es\"},{\"@type\":[\"Person\",\"Organization\"],\"@id\":\"https:\/\/luchonoticias.com\/editor\/#\/schema\/person\/7a7fd911f58561fd056dbac7b55af9cd\",\"name\":\"admin\",\"image\":{\"@type\":\"ImageObject\",\"inLanguage\":\"es\",\"@id\":\"https:\/\/luchonoticias.com\/editor\/#\/schema\/person\/image\/\",\"url\":\"https:\/\/luchonoticias.com\/editor\/wp-content\/uploads\/2024\/02\/cropped-cropped-logolu.webp\",\"contentUrl\":\"https:\/\/luchonoticias.com\/editor\/wp-content\/uploads\/2024\/02\/cropped-cropped-logolu.webp\",\"width\":382,\"height\":170,\"caption\":\"admin\"},\"logo\":{\"@id\":\"https:\/\/luchonoticias.com\/editor\/#\/schema\/person\/image\/\"},\"sameAs\":[\"https:\/\/www.facebook.com\/luchonoticiasneiva\"]},{\"@type\":\"Person\",\"@id\":\"https:\/\/luchonoticias.com\/editor\/#\/schema\/person\/29217990ddf6f14e35912b2866d591fb\",\"name\":\"Editor General\",\"image\":{\"@type\":\"ImageObject\",\"inLanguage\":\"es\",\"@id\":\"https:\/\/luchonoticias.com\/editor\/#\/schema\/person\/image\/\",\"url\":\"https:\/\/luchonoticias.com\/editor\/wp-content\/uploads\/2024\/02\/cropped-cropped-logolu-150x150.webp\",\"contentUrl\":\"https:\/\/luchonoticias.com\/editor\/wp-content\/uploads\/2024\/02\/cropped-cropped-logolu-150x150.webp\",\"caption\":\"Editor General\"},\"sameAs\":[\"https:\/\/luchonoticias.com\/\"],\"url\":\"https:\/\/luchonoticias.com\/editor\/author\/editor-general\/\"}]}<\/script>\n<!-- \/ Yoast SEO plugin. -->","yoast_head_json":{"title":"Rondas clasificatorias para el Festival del Bambuco en Neiva tendr\u00e1n una planificaci\u00f3n especial -","robots":{"index":"index","follow":"follow","max-snippet":"max-snippet:-1","max-image-preview":"max-image-preview:large","max-video-preview":"max-video-preview:-1"},"canonical":"https:\/\/luchonoticias.com\/editor\/rondas-clasificatorias-para-el-festival-del-bambuco-en-neiva-tendran-una-planificacion-especial\/","og_locale":"es_ES","og_type":"article","og_title":"Rondas clasificatorias para el Festival del Bambuco en Neiva tendr\u00e1n una planificaci\u00f3n especial -","og_url":"https:\/\/luchonoticias.com\/editor\/rondas-clasificatorias-para-el-festival-del-bambuco-en-neiva-tendran-una-planificacion-especial\/","article_publisher":"https:\/\/www.facebook.com\/luchonoticiasneiva","article_published_time":"2023-05-16T18:20:36+00:00","article_modified_time":"2023-05-16T18:20:37+00:00","author":"Editor General","twitter_card":"summary_large_image","twitter_misc":{"Escrito por":"Editor General","Tiempo de lectura":"2 minutos"},"schema":{"@context":"https:\/\/schema.org","@graph":[{"@type":"Article","@id":"https:\/\/luchonoticias.com\/editor\/rondas-clasificatorias-para-el-festival-del-bambuco-en-neiva-tendran-una-planificacion-especial\/#article","isPartOf":{"@id":"https:\/\/luchonoticias.com\/editor\/rondas-clasificatorias-para-el-festival-del-bambuco-en-neiva-tendran-una-planificacion-especial\/"},"author":{"name":"Editor General","@id":"https:\/\/luchonoticias.com\/editor\/#\/schema\/person\/29217990ddf6f14e35912b2866d591fb"},"headline":"Rondas clasificatorias para el Festival del Bambuco en Neiva tendr\u00e1n una planificaci\u00f3n especial","datePublished":"2023-05-16T18:20:36+00:00","dateModified":"2023-05-16T18:20:37+00:00","mainEntityOfPage":{"@id":"https:\/\/luchonoticias.com\/editor\/rondas-clasificatorias-para-el-festival-del-bambuco-en-neiva-tendran-una-planificacion-especial\/"},"wordCount":375,"commentCount":0,"publisher":{"@id":"https:\/\/luchonoticias.com\/editor\/#\/schema\/person\/7a7fd911f58561fd056dbac7b55af9cd"},"articleSection":["Destacado","Local"],"inLanguage":"es","potentialAction":[{"@type":"CommentAction","name":"Comment","target":["https:\/\/luchonoticias.com\/editor\/rondas-clasificatorias-para-el-festival-del-bambuco-en-neiva-tendran-una-planificacion-especial\/#respond"]}]},{"@type":"WebPage","@id":"https:\/\/luchonoticias.com\/editor\/rondas-clasificatorias-para-el-festival-del-bambuco-en-neiva-tendran-una-planificacion-especial\/","url":"https:\/\/luchonoticias.com\/editor\/rondas-clasificatorias-para-el-festival-del-bambuco-en-neiva-tendran-una-planificacion-especial\/","name":"Rondas clasificatorias para el Festival del Bambuco en Neiva tendr\u00e1n una planificaci\u00f3n especial -","isPartOf":{"@id":"https:\/\/luchonoticias.com\/editor\/#website"},"datePublished":"2023-05-16T18:20:36+00:00","dateModified":"2023-05-16T18:20:37+00:00","breadcrumb":{"@id":"https:\/\/luchonoticias.com\/editor\/rondas-clasificatorias-para-el-festival-del-bambuco-en-neiva-tendran-una-planificacion-especial\/#breadcrumb"},"inLanguage":"es","potentialAction":[{"@type":"ReadAction","target":["https:\/\/luchonoticias.com\/editor\/rondas-clasificatorias-para-el-festival-del-bambuco-en-neiva-tendran-una-planificacion-especial\/"]}]},{"@type":"BreadcrumbList","@id":"https:\/\/luchonoticias.com\/editor\/rondas-clasificatorias-para-el-festival-del-bambuco-en-neiva-tendran-una-planificacion-especial\/#breadcrumb","itemListElement":[{"@type":"ListItem","position":1,"name":"Portada","item":"https:\/\/luchonoticias.com\/editor\/"},{"@type":"ListItem","position":2,"name":"Rondas clasificatorias para el Festival del Bambuco en Neiva tendr\u00e1n una planificaci\u00f3n especial"}]},{"@type":"WebSite","@id":"https:\/\/luchonoticias.com\/editor\/#website","url":"https:\/\/luchonoticias.com\/editor\/","name":"","description":"","publisher":{"@id":"https:\/\/luchonoticias.com\/editor\/#\/schema\/person\/7a7fd911f58561fd056dbac7b55af9cd"},"potentialAction":[{"@type":"SearchAction","target":{"@type":"EntryPoint","urlTemplate":"https:\/\/luchonoticias.com\/editor\/?s={search_term_string}"},"query-input":{"@type":"PropertyValueSpecification","valueRequired":true,"valueName":"search_term_string"}}],"inLanguage":"es"},{"@type":["Person","Organization"],"@id":"https:\/\/luchonoticias.com\/editor\/#\/schema\/person\/7a7fd911f58561fd056dbac7b55af9cd","name":"admin","image":{"@type":"ImageObject","inLanguage":"es","@id":"https:\/\/luchonoticias.com\/editor\/#\/schema\/person\/image\/","url":"https:\/\/luchonoticias.com\/editor\/wp-content\/uploads\/2024\/02\/cropped-cropped-logolu.webp","contentUrl":"https:\/\/luchonoticias.com\/editor\/wp-content\/uploads\/2024\/02\/cropped-cropped-logolu.webp","width":382,"height":170,"caption":"admin"},"logo":{"@id":"https:\/\/luchonoticias.com\/editor\/#\/schema\/person\/image\/"},"sameAs":["https:\/\/www.facebook.com\/luchonoticiasneiva"]},{"@type":"Person","@id":"https:\/\/luchonoticias.com\/editor\/#\/schema\/person\/29217990ddf6f14e35912b2866d591fb","name":"Editor General","image":{"@type":"ImageObject","inLanguage":"es","@id":"https:\/\/luchonoticias.com\/editor\/#\/schema\/person\/image\/","url":"https:\/\/luchonoticias.com\/editor\/wp-content\/uploads\/2024\/02\/cropped-cropped-logolu-150x150.webp","contentUrl":"https:\/\/luchonoticias.com\/editor\/wp-content\/uploads\/2024\/02\/cropped-cropped-logolu-150x150.webp","caption":"Editor General"},"sameAs":["https:\/\/luchonoticias.com\/"],"url":"https:\/\/luchonoticias.com\/editor\/author\/editor-general\/"}]}},"_links":{"self":[{"href":"https:\/\/luchonoticias.com\/editor\/wp-json\/wp\/v2\/posts\/52553","targetHints":{"allow":["GET"]}}],"collection":[{"href":"https:\/\/luchonoticias.com\/editor\/wp-json\/wp\/v2\/posts"}],"about":[{"href":"https:\/\/luchonoticias.com\/editor\/wp-json\/wp\/v2\/types\/post"}],"author":[{"embeddable":true,"href":"https:\/\/luchonoticias.com\/editor\/wp-json\/wp\/v2\/users\/2"}],"replies":[{"embeddable":true,"href":"https:\/\/luchonoticias.com\/editor\/wp-json\/wp\/v2\/comments?post=52553"}],"version-history":[{"count":0,"href":"https:\/\/luchonoticias.com\/editor\/wp-json\/wp\/v2\/posts\/52553\/revisions"}],"wp:attachment":[{"href":"https:\/\/luchonoticias.com\/editor\/wp-json\/wp\/v2\/media?parent=52553"}],"wp:term":[{"taxonomy":"category","embeddable":true,"href":"https:\/\/luchonoticias.com\/editor\/wp-json\/wp\/v2\/categories?post=52553"},{"taxonomy":"post_tag","embeddable":true,"href":"https:\/\/luchonoticias.com\/editor\/wp-json\/wp\/v2\/tags?post=52553"}],"curies":[{"name":"wp","href":"https:\/\/api.w.org\/{rel}","templated":true}]}}