{"id":52681,"date":"2023-05-18T07:12:38","date_gmt":"2023-05-18T12:12:38","guid":{"rendered":"https:\/\/luchonoticias.com\/?p=52681"},"modified":"2023-05-18T07:12:39","modified_gmt":"2023-05-18T12:12:39","slug":"policia-metropolitana-de-neiva-continua-la-fuerte-ofensiva-contra-el-microtrafico","status":"publish","type":"post","link":"https:\/\/luchonoticias.com\/editor\/policia-metropolitana-de-neiva-continua-la-fuerte-ofensiva-contra-el-microtrafico\/","title":{"rendered":"Polic\u00eda Metropolitana de Neiva continua la fuerte ofensiva contra el microtr\u00e1fico."},"content":{"rendered":"\n<p>La Polic\u00eda Metropolitana de Neiva en desarrollo del plan Cazador y dando continuidad a la Ley de Seguridad Ciudadana en las \u00faltimas horas, logr\u00f3 la Aprehensi\u00f3n de una menor que presuntamente se encontraba comercializando Marihuana.<\/p>\n\n\n\n<p>\u201cDe esta forma unidades adscritas al CAI palmas, en desarrollo de actividades de control y prevenci\u00f3n del delito, logran sobre la calle 31 con carrera 52, del barrio San Bernardo de la comuna 10, la aprehensi\u00f3n de una menor de 17 a\u00f1os de edad, a quien mediante registro preventivo se le halla en su poder 34 dosis de Marihuana que presuntamente se encontraba comercializando y 28 mil pesos producto de la venta de este estupefaciente\u201d, indicaron las autoridades en un comunicado.<\/p>\n\n\n\n<p>&nbsp;Es de anotar que la Aprehendida fue dejada a disposici\u00f3n de autoridad competente, por el delito de Porte, Tr\u00e1fico y Fabricaci\u00f3n de Estupefacientes, donde un juez de menores definir\u00e1 su situaci\u00f3n Judicial.<\/p>\n","protected":false},"excerpt":{"rendered":"<p>La Polic\u00eda Metropolitana de Neiva en desarrollo del plan Cazador y dando continuidad a la Ley de Seguridad Ciudadana en las \u00faltimas horas, logr\u00f3 la Aprehensi\u00f3n de una menor que presuntamente se encontraba comercializando Marihuana. \u201cDe esta forma unidades adscritas al CAI palmas, en desarrollo de actividades de control y prevenci\u00f3n del delito, logran sobre [&hellip;]<\/p>\n","protected":false},"author":2,"featured_media":0,"comment_status":"open","ping_status":"open","sticky":false,"template":"","format":"standard","meta":{"footnotes":""},"categories":[36,29],"tags":[],"class_list":["post-52681","post","type-post","status-publish","format-standard","hentry","category-destacado","category-judicial"],"yoast_head":"<!-- This site is optimized with the Yoast SEO plugin v26.6 - https:\/\/yoast.com\/wordpress\/plugins\/seo\/ -->\n<title>Polic\u00eda Metropolitana de Neiva continua la fuerte ofensiva contra el microtr\u00e1fico. -<\/title>\n<meta name=\"robots\" content=\"index, follow, max-snippet:-1, max-image-preview:large, max-video-preview:-1\" \/>\n<link rel=\"canonical\" href=\"https:\/\/luchonoticias.com\/editor\/policia-metropolitana-de-neiva-continua-la-fuerte-ofensiva-contra-el-microtrafico\/\" \/>\n<meta property=\"og:locale\" content=\"es_ES\" \/>\n<meta property=\"og:type\" content=\"article\" \/>\n<meta property=\"og:title\" content=\"Polic\u00eda Metropolitana de Neiva continua la fuerte ofensiva contra el microtr\u00e1fico. -\" \/>\n<meta property=\"og:url\" content=\"https:\/\/luchonoticias.com\/editor\/policia-metropolitana-de-neiva-continua-la-fuerte-ofensiva-contra-el-microtrafico\/\" \/>\n<meta property=\"article:publisher\" content=\"https:\/\/www.facebook.com\/luchonoticiasneiva\" \/>\n<meta property=\"article:published_time\" content=\"2023-05-18T12:12:38+00:00\" \/>\n<meta property=\"article:modified_time\" content=\"2023-05-18T12:12:39+00:00\" \/>\n<meta name=\"author\" content=\"Editor General\" \/>\n<meta name=\"twitter:card\" content=\"summary_large_image\" \/>\n<meta name=\"twitter:label1\" content=\"Escrito por\" \/>\n\t<meta name=\"twitter:data1\" content=\"Editor General\" \/>\n\t<meta name=\"twitter:label2\" content=\"Tiempo de lectura\" \/>\n\t<meta name=\"twitter:data2\" content=\"1 minuto\" \/>\n<script type=\"application\/ld+json\" class=\"yoast-schema-graph\">{\"@context\":\"https:\/\/schema.org\",\"@graph\":[{\"@type\":\"Article\",\"@id\":\"https:\/\/luchonoticias.com\/editor\/policia-metropolitana-de-neiva-continua-la-fuerte-ofensiva-contra-el-microtrafico\/#article\",\"isPartOf\":{\"@id\":\"https:\/\/luchonoticias.com\/editor\/policia-metropolitana-de-neiva-continua-la-fuerte-ofensiva-contra-el-microtrafico\/\"},\"author\":{\"name\":\"Editor General\",\"@id\":\"https:\/\/luchonoticias.com\/editor\/#\/schema\/person\/29217990ddf6f14e35912b2866d591fb\"},\"headline\":\"Polic\u00eda Metropolitana de Neiva continua la fuerte ofensiva contra el microtr\u00e1fico.\",\"datePublished\":\"2023-05-18T12:12:38+00:00\",\"dateModified\":\"2023-05-18T12:12:39+00:00\",\"mainEntityOfPage\":{\"@id\":\"https:\/\/luchonoticias.com\/editor\/policia-metropolitana-de-neiva-continua-la-fuerte-ofensiva-contra-el-microtrafico\/\"},\"wordCount\":165,\"commentCount\":0,\"publisher\":{\"@id\":\"https:\/\/luchonoticias.com\/editor\/#\/schema\/person\/7a7fd911f58561fd056dbac7b55af9cd\"},\"articleSection\":[\"Destacado\",\"Judicial\"],\"inLanguage\":\"es\",\"potentialAction\":[{\"@type\":\"CommentAction\",\"name\":\"Comment\",\"target\":[\"https:\/\/luchonoticias.com\/editor\/policia-metropolitana-de-neiva-continua-la-fuerte-ofensiva-contra-el-microtrafico\/#respond\"]}]},{\"@type\":\"WebPage\",\"@id\":\"https:\/\/luchonoticias.com\/editor\/policia-metropolitana-de-neiva-continua-la-fuerte-ofensiva-contra-el-microtrafico\/\",\"url\":\"https:\/\/luchonoticias.com\/editor\/policia-metropolitana-de-neiva-continua-la-fuerte-ofensiva-contra-el-microtrafico\/\",\"name\":\"Polic\u00eda Metropolitana de Neiva continua la fuerte ofensiva contra el microtr\u00e1fico. -\",\"isPartOf\":{\"@id\":\"https:\/\/luchonoticias.com\/editor\/#website\"},\"datePublished\":\"2023-05-18T12:12:38+00:00\",\"dateModified\":\"2023-05-18T12:12:39+00:00\",\"breadcrumb\":{\"@id\":\"https:\/\/luchonoticias.com\/editor\/policia-metropolitana-de-neiva-continua-la-fuerte-ofensiva-contra-el-microtrafico\/#breadcrumb\"},\"inLanguage\":\"es\",\"potentialAction\":[{\"@type\":\"ReadAction\",\"target\":[\"https:\/\/luchonoticias.com\/editor\/policia-metropolitana-de-neiva-continua-la-fuerte-ofensiva-contra-el-microtrafico\/\"]}]},{\"@type\":\"BreadcrumbList\",\"@id\":\"https:\/\/luchonoticias.com\/editor\/policia-metropolitana-de-neiva-continua-la-fuerte-ofensiva-contra-el-microtrafico\/#breadcrumb\",\"itemListElement\":[{\"@type\":\"ListItem\",\"position\":1,\"name\":\"Portada\",\"item\":\"https:\/\/luchonoticias.com\/editor\/\"},{\"@type\":\"ListItem\",\"position\":2,\"name\":\"Polic\u00eda Metropolitana de Neiva continua la fuerte ofensiva contra el microtr\u00e1fico.\"}]},{\"@type\":\"WebSite\",\"@id\":\"https:\/\/luchonoticias.com\/editor\/#website\",\"url\":\"https:\/\/luchonoticias.com\/editor\/\",\"name\":\"\",\"description\":\"\",\"publisher\":{\"@id\":\"https:\/\/luchonoticias.com\/editor\/#\/schema\/person\/7a7fd911f58561fd056dbac7b55af9cd\"},\"potentialAction\":[{\"@type\":\"SearchAction\",\"target\":{\"@type\":\"EntryPoint\",\"urlTemplate\":\"https:\/\/luchonoticias.com\/editor\/?s={search_term_string}\"},\"query-input\":{\"@type\":\"PropertyValueSpecification\",\"valueRequired\":true,\"valueName\":\"search_term_string\"}}],\"inLanguage\":\"es\"},{\"@type\":[\"Person\",\"Organization\"],\"@id\":\"https:\/\/luchonoticias.com\/editor\/#\/schema\/person\/7a7fd911f58561fd056dbac7b55af9cd\",\"name\":\"admin\",\"image\":{\"@type\":\"ImageObject\",\"inLanguage\":\"es\",\"@id\":\"https:\/\/luchonoticias.com\/editor\/#\/schema\/person\/image\/\",\"url\":\"https:\/\/luchonoticias.com\/editor\/wp-content\/uploads\/2024\/02\/cropped-cropped-logolu.webp\",\"contentUrl\":\"https:\/\/luchonoticias.com\/editor\/wp-content\/uploads\/2024\/02\/cropped-cropped-logolu.webp\",\"width\":382,\"height\":170,\"caption\":\"admin\"},\"logo\":{\"@id\":\"https:\/\/luchonoticias.com\/editor\/#\/schema\/person\/image\/\"},\"sameAs\":[\"https:\/\/www.facebook.com\/luchonoticiasneiva\"]},{\"@type\":\"Person\",\"@id\":\"https:\/\/luchonoticias.com\/editor\/#\/schema\/person\/29217990ddf6f14e35912b2866d591fb\",\"name\":\"Editor General\",\"image\":{\"@type\":\"ImageObject\",\"inLanguage\":\"es\",\"@id\":\"https:\/\/luchonoticias.com\/editor\/#\/schema\/person\/image\/\",\"url\":\"https:\/\/luchonoticias.com\/editor\/wp-content\/uploads\/2024\/02\/cropped-cropped-logolu-150x150.webp\",\"contentUrl\":\"https:\/\/luchonoticias.com\/editor\/wp-content\/uploads\/2024\/02\/cropped-cropped-logolu-150x150.webp\",\"caption\":\"Editor General\"},\"sameAs\":[\"https:\/\/luchonoticias.com\/\"],\"url\":\"https:\/\/luchonoticias.com\/editor\/author\/editor-general\/\"}]}<\/script>\n<!-- \/ Yoast SEO plugin. -->","yoast_head_json":{"title":"Polic\u00eda Metropolitana de Neiva continua la fuerte ofensiva contra el microtr\u00e1fico. -","robots":{"index":"index","follow":"follow","max-snippet":"max-snippet:-1","max-image-preview":"max-image-preview:large","max-video-preview":"max-video-preview:-1"},"canonical":"https:\/\/luchonoticias.com\/editor\/policia-metropolitana-de-neiva-continua-la-fuerte-ofensiva-contra-el-microtrafico\/","og_locale":"es_ES","og_type":"article","og_title":"Polic\u00eda Metropolitana de Neiva continua la fuerte ofensiva contra el microtr\u00e1fico. -","og_url":"https:\/\/luchonoticias.com\/editor\/policia-metropolitana-de-neiva-continua-la-fuerte-ofensiva-contra-el-microtrafico\/","article_publisher":"https:\/\/www.facebook.com\/luchonoticiasneiva","article_published_time":"2023-05-18T12:12:38+00:00","article_modified_time":"2023-05-18T12:12:39+00:00","author":"Editor General","twitter_card":"summary_large_image","twitter_misc":{"Escrito por":"Editor General","Tiempo de lectura":"1 minuto"},"schema":{"@context":"https:\/\/schema.org","@graph":[{"@type":"Article","@id":"https:\/\/luchonoticias.com\/editor\/policia-metropolitana-de-neiva-continua-la-fuerte-ofensiva-contra-el-microtrafico\/#article","isPartOf":{"@id":"https:\/\/luchonoticias.com\/editor\/policia-metropolitana-de-neiva-continua-la-fuerte-ofensiva-contra-el-microtrafico\/"},"author":{"name":"Editor General","@id":"https:\/\/luchonoticias.com\/editor\/#\/schema\/person\/29217990ddf6f14e35912b2866d591fb"},"headline":"Polic\u00eda Metropolitana de Neiva continua la fuerte ofensiva contra el microtr\u00e1fico.","datePublished":"2023-05-18T12:12:38+00:00","dateModified":"2023-05-18T12:12:39+00:00","mainEntityOfPage":{"@id":"https:\/\/luchonoticias.com\/editor\/policia-metropolitana-de-neiva-continua-la-fuerte-ofensiva-contra-el-microtrafico\/"},"wordCount":165,"commentCount":0,"publisher":{"@id":"https:\/\/luchonoticias.com\/editor\/#\/schema\/person\/7a7fd911f58561fd056dbac7b55af9cd"},"articleSection":["Destacado","Judicial"],"inLanguage":"es","potentialAction":[{"@type":"CommentAction","name":"Comment","target":["https:\/\/luchonoticias.com\/editor\/policia-metropolitana-de-neiva-continua-la-fuerte-ofensiva-contra-el-microtrafico\/#respond"]}]},{"@type":"WebPage","@id":"https:\/\/luchonoticias.com\/editor\/policia-metropolitana-de-neiva-continua-la-fuerte-ofensiva-contra-el-microtrafico\/","url":"https:\/\/luchonoticias.com\/editor\/policia-metropolitana-de-neiva-continua-la-fuerte-ofensiva-contra-el-microtrafico\/","name":"Polic\u00eda Metropolitana de Neiva continua la fuerte ofensiva contra el microtr\u00e1fico. -","isPartOf":{"@id":"https:\/\/luchonoticias.com\/editor\/#website"},"datePublished":"2023-05-18T12:12:38+00:00","dateModified":"2023-05-18T12:12:39+00:00","breadcrumb":{"@id":"https:\/\/luchonoticias.com\/editor\/policia-metropolitana-de-neiva-continua-la-fuerte-ofensiva-contra-el-microtrafico\/#breadcrumb"},"inLanguage":"es","potentialAction":[{"@type":"ReadAction","target":["https:\/\/luchonoticias.com\/editor\/policia-metropolitana-de-neiva-continua-la-fuerte-ofensiva-contra-el-microtrafico\/"]}]},{"@type":"BreadcrumbList","@id":"https:\/\/luchonoticias.com\/editor\/policia-metropolitana-de-neiva-continua-la-fuerte-ofensiva-contra-el-microtrafico\/#breadcrumb","itemListElement":[{"@type":"ListItem","position":1,"name":"Portada","item":"https:\/\/luchonoticias.com\/editor\/"},{"@type":"ListItem","position":2,"name":"Polic\u00eda Metropolitana de Neiva continua la fuerte ofensiva contra el microtr\u00e1fico."}]},{"@type":"WebSite","@id":"https:\/\/luchonoticias.com\/editor\/#website","url":"https:\/\/luchonoticias.com\/editor\/","name":"","description":"","publisher":{"@id":"https:\/\/luchonoticias.com\/editor\/#\/schema\/person\/7a7fd911f58561fd056dbac7b55af9cd"},"potentialAction":[{"@type":"SearchAction","target":{"@type":"EntryPoint","urlTemplate":"https:\/\/luchonoticias.com\/editor\/?s={search_term_string}"},"query-input":{"@type":"PropertyValueSpecification","valueRequired":true,"valueName":"search_term_string"}}],"inLanguage":"es"},{"@type":["Person","Organization"],"@id":"https:\/\/luchonoticias.com\/editor\/#\/schema\/person\/7a7fd911f58561fd056dbac7b55af9cd","name":"admin","image":{"@type":"ImageObject","inLanguage":"es","@id":"https:\/\/luchonoticias.com\/editor\/#\/schema\/person\/image\/","url":"https:\/\/luchonoticias.com\/editor\/wp-content\/uploads\/2024\/02\/cropped-cropped-logolu.webp","contentUrl":"https:\/\/luchonoticias.com\/editor\/wp-content\/uploads\/2024\/02\/cropped-cropped-logolu.webp","width":382,"height":170,"caption":"admin"},"logo":{"@id":"https:\/\/luchonoticias.com\/editor\/#\/schema\/person\/image\/"},"sameAs":["https:\/\/www.facebook.com\/luchonoticiasneiva"]},{"@type":"Person","@id":"https:\/\/luchonoticias.com\/editor\/#\/schema\/person\/29217990ddf6f14e35912b2866d591fb","name":"Editor General","image":{"@type":"ImageObject","inLanguage":"es","@id":"https:\/\/luchonoticias.com\/editor\/#\/schema\/person\/image\/","url":"https:\/\/luchonoticias.com\/editor\/wp-content\/uploads\/2024\/02\/cropped-cropped-logolu-150x150.webp","contentUrl":"https:\/\/luchonoticias.com\/editor\/wp-content\/uploads\/2024\/02\/cropped-cropped-logolu-150x150.webp","caption":"Editor General"},"sameAs":["https:\/\/luchonoticias.com\/"],"url":"https:\/\/luchonoticias.com\/editor\/author\/editor-general\/"}]}},"_links":{"self":[{"href":"https:\/\/luchonoticias.com\/editor\/wp-json\/wp\/v2\/posts\/52681","targetHints":{"allow":["GET"]}}],"collection":[{"href":"https:\/\/luchonoticias.com\/editor\/wp-json\/wp\/v2\/posts"}],"about":[{"href":"https:\/\/luchonoticias.com\/editor\/wp-json\/wp\/v2\/types\/post"}],"author":[{"embeddable":true,"href":"https:\/\/luchonoticias.com\/editor\/wp-json\/wp\/v2\/users\/2"}],"replies":[{"embeddable":true,"href":"https:\/\/luchonoticias.com\/editor\/wp-json\/wp\/v2\/comments?post=52681"}],"version-history":[{"count":0,"href":"https:\/\/luchonoticias.com\/editor\/wp-json\/wp\/v2\/posts\/52681\/revisions"}],"wp:attachment":[{"href":"https:\/\/luchonoticias.com\/editor\/wp-json\/wp\/v2\/media?parent=52681"}],"wp:term":[{"taxonomy":"category","embeddable":true,"href":"https:\/\/luchonoticias.com\/editor\/wp-json\/wp\/v2\/categories?post=52681"},{"taxonomy":"post_tag","embeddable":true,"href":"https:\/\/luchonoticias.com\/editor\/wp-json\/wp\/v2\/tags?post=52681"}],"curies":[{"name":"wp","href":"https:\/\/api.w.org\/{rel}","templated":true}]}}