{"id":52684,"date":"2023-05-18T07:14:54","date_gmt":"2023-05-18T12:14:54","guid":{"rendered":"https:\/\/luchonoticias.com\/?p=52684"},"modified":"2023-05-18T07:14:55","modified_gmt":"2023-05-18T12:14:55","slug":"invitacion-a-presentar-hojas-de-vida-para-el-cargo-de-superintendente-financiero-de-colombia","status":"publish","type":"post","link":"https:\/\/luchonoticias.com\/editor\/invitacion-a-presentar-hojas-de-vida-para-el-cargo-de-superintendente-financiero-de-colombia\/","title":{"rendered":"Invitaci\u00f3n a presentar hojas de vida para el cargo de Superintendente Financiero de Colombia"},"content":{"rendered":"\n<p>La Presidencia de la Rep\u00fablica invita a todas las personas interesadas que cumplan con los requisitos establecidos en la normativa vigente, especialmente en el Cap\u00edtulo 1, T\u00edtulo 34, Parte 2, Titulo 2 del Decreto 1083 de 2015, \u00danico Reglamentario de la Funci\u00f3n P\u00fablica , a presentar su hoja de vida para integrar el listado de candidatos a partir del cual el se\u00f1or Presidente de la Rep\u00fablica nombrar\u00e1 al Superintendente Financiero de Colombia.<\/p>\n\n\n\n<p>Los interesados en presentar su hoja de vida para aspirar al empleo de Superintendente C\u00f3digo 0030 Grado 25 de la Superintendencia Financiera de Colombia, deben tener en cuenta los siguientes aspectos:<\/p>\n\n\n\n<p>1. Los requisitos exigidos por la norma para ocupar el cargo en menci\u00f3n son:<\/p>\n\n\n\n<p>1.1. T\u00edtulo profesional y t\u00edtulo de postgrado en la modalidad de maestr\u00eda o doctorado en \u00e1reas afines a las funciones del empleo a desempe\u00f1ar.<\/p>\n\n\n\n<p>1.2. Diez (10) a\u00f1os de experiencia profesional relacionada con las funciones del cargo a desempe\u00f1ar, adquirida en el p\u00fablico o privado, o experiencia docente en el ejercicio la c\u00e1tedra universitaria en disciplinas relacionadas con las funciones del empleo.<\/p>\n\n\n\n<p>2. Para participar, los interesados deben diligenciar y enviar el formato de hoja de vida adjunto con los soportes documentales de estudios y experiencia que acrediten el cumplimiento de los requisitos exigidos en la normativa, \u00fanicamente a trav\u00e9s del correo electr\u00f3nico contacto@presidencia.gov.co; ASUNTO: CONVOCATORIA SUPERFINANCIERO, a partir del mi\u00e9rcoles 17 de mayo de 2023 a las 8:00 de la ma\u00f1ana, hasta el mi\u00e9rcoles 24 de mayo de 2023 a las 5:00 de la tarde.<\/p>\n\n\n\n<p>3. Previo a presentar su hoja de vida, el candidato debe verificar que cumple con los requisitos exigidos por la norma para ocupar el empleo y que no se encuentra incurso en alguna de las causales de inhabilidad o incompatibilidad previstas en la ley.<\/p>\n\n\n\n<p>4. El \u00fanico medio de informaci\u00f3n y divulgaci\u00f3n oficial es la p\u00e1gina web institucional de la Presidencia de la Rep\u00fablica.<\/p>\n\n\n\n<p>5. Tras la inscripci\u00f3n de los candidatos, se proceder\u00e1 a la publicaci\u00f3n de la lista de todos los nombres que se presentaron a la invitaci\u00f3n p\u00fablica, as\u00ed como sus hojas de vida y respectivos soportes, en la p\u00e1gina web de la Presidencia de la Rep\u00fablica.<\/p>\n\n\n\n<p>6. Una vez publicada la lista de candidatos, los ciudadanos podr\u00e1n presentar observaciones y\/o comentarios, por el t\u00e9rmino de tres (3) d\u00edas calendario.<\/p>\n\n\n\n<p>7. El se\u00f1or Presidente de la Rep\u00fablica por intermedio del Departamento Administrativo de la Funci\u00f3n P\u00fablica, podr\u00e1 solicitar opiniones adicionales a las organizaciones ciudadanas, sociales, universitarias o acad\u00e9micas, sobre el buen cr\u00e9dito de los aspirantes que estime necesarios.<\/p>\n\n\n\n<p>8. Culminado el t\u00e9rmino, el Departamento Administrativo de la Funci\u00f3n P\u00fablica, proceder\u00e1 a revisar y verificar las hojas de vida y sus soportes, con el fin de garantizar el cumplimiento de los requisitos establecidos en el Decreto 1083 de 2015 \u00abPor medio del cual se expide el Decreto \u00danico Reglamentario del Sector de Funci\u00f3n P\u00fablica\u00bb.<\/p>\n\n\n\n<p>9. Finalmente, las hojas de vida y los respectivos soportes que superen la revisi\u00f3n, se trasladar\u00e1n por el Departamento Administrativo de la Funci\u00f3n P\u00fablica al se\u00f1or Presidente de la Rep\u00fablica para que \u00e9ste realice la selecci\u00f3n y el nombramiento del Superintendente C\u00f3digo 0030 Grado 25 de la Superintendencia Financiera de Colombia, en los t\u00e9rminos consagrados en el art\u00edculo 2.2.34.1.4 del Decreto 1083 de 2015, en concordancia con numeral 13 del art\u00edculo 189 de la Constituci\u00f3n Pol\u00edtica de Colombia.<\/p>\n\n\n\n<p>10. Tenga en cuenta que quienes participen en la convocatoria p\u00fablica, autorizan el uso de sus datos personales de conformidad con lo establecido en la Ley 1581 de 2012 y la Ley 1712 de 2014.<\/p>\n","protected":false},"excerpt":{"rendered":"<p>La Presidencia de la Rep\u00fablica invita a todas las personas interesadas que cumplan con los requisitos establecidos en la normativa vigente, especialmente en el Cap\u00edtulo 1, T\u00edtulo 34, Parte 2, Titulo 2 del Decreto 1083 de 2015, \u00danico Reglamentario de la Funci\u00f3n P\u00fablica , a presentar su hoja de vida para integrar el listado de [&hellip;]<\/p>\n","protected":false},"author":2,"featured_media":0,"comment_status":"open","ping_status":"open","sticky":false,"template":"","format":"standard","meta":{"footnotes":""},"categories":[28,36],"tags":[],"class_list":["post-52684","post","type-post","status-publish","format-standard","hentry","category-actualidad","category-destacado"],"yoast_head":"<!-- This site is optimized with the Yoast SEO plugin v26.6 - https:\/\/yoast.com\/wordpress\/plugins\/seo\/ -->\n<title>Invitaci\u00f3n a presentar hojas de vida para el cargo de Superintendente Financiero de Colombia -<\/title>\n<meta name=\"robots\" content=\"index, follow, max-snippet:-1, max-image-preview:large, max-video-preview:-1\" \/>\n<link rel=\"canonical\" href=\"https:\/\/luchonoticias.com\/editor\/invitacion-a-presentar-hojas-de-vida-para-el-cargo-de-superintendente-financiero-de-colombia\/\" \/>\n<meta property=\"og:locale\" content=\"es_ES\" \/>\n<meta property=\"og:type\" content=\"article\" \/>\n<meta property=\"og:title\" content=\"Invitaci\u00f3n a presentar hojas de vida para el cargo de Superintendente Financiero de Colombia -\" \/>\n<meta property=\"og:url\" content=\"https:\/\/luchonoticias.com\/editor\/invitacion-a-presentar-hojas-de-vida-para-el-cargo-de-superintendente-financiero-de-colombia\/\" \/>\n<meta property=\"article:publisher\" content=\"https:\/\/www.facebook.com\/luchonoticiasneiva\" \/>\n<meta property=\"article:published_time\" content=\"2023-05-18T12:14:54+00:00\" \/>\n<meta property=\"article:modified_time\" content=\"2023-05-18T12:14:55+00:00\" \/>\n<meta name=\"author\" content=\"Editor General\" \/>\n<meta name=\"twitter:card\" content=\"summary_large_image\" \/>\n<meta name=\"twitter:label1\" content=\"Escrito por\" \/>\n\t<meta name=\"twitter:data1\" content=\"Editor General\" \/>\n\t<meta name=\"twitter:label2\" content=\"Tiempo de lectura\" \/>\n\t<meta name=\"twitter:data2\" content=\"3 minutos\" \/>\n<script type=\"application\/ld+json\" class=\"yoast-schema-graph\">{\"@context\":\"https:\/\/schema.org\",\"@graph\":[{\"@type\":\"Article\",\"@id\":\"https:\/\/luchonoticias.com\/editor\/invitacion-a-presentar-hojas-de-vida-para-el-cargo-de-superintendente-financiero-de-colombia\/#article\",\"isPartOf\":{\"@id\":\"https:\/\/luchonoticias.com\/editor\/invitacion-a-presentar-hojas-de-vida-para-el-cargo-de-superintendente-financiero-de-colombia\/\"},\"author\":{\"name\":\"Editor General\",\"@id\":\"https:\/\/luchonoticias.com\/editor\/#\/schema\/person\/29217990ddf6f14e35912b2866d591fb\"},\"headline\":\"Invitaci\u00f3n a presentar hojas de vida para el cargo de Superintendente Financiero de Colombia\",\"datePublished\":\"2023-05-18T12:14:54+00:00\",\"dateModified\":\"2023-05-18T12:14:55+00:00\",\"mainEntityOfPage\":{\"@id\":\"https:\/\/luchonoticias.com\/editor\/invitacion-a-presentar-hojas-de-vida-para-el-cargo-de-superintendente-financiero-de-colombia\/\"},\"wordCount\":628,\"commentCount\":0,\"publisher\":{\"@id\":\"https:\/\/luchonoticias.com\/editor\/#\/schema\/person\/7a7fd911f58561fd056dbac7b55af9cd\"},\"articleSection\":[\"Actualidad\",\"Destacado\"],\"inLanguage\":\"es\",\"potentialAction\":[{\"@type\":\"CommentAction\",\"name\":\"Comment\",\"target\":[\"https:\/\/luchonoticias.com\/editor\/invitacion-a-presentar-hojas-de-vida-para-el-cargo-de-superintendente-financiero-de-colombia\/#respond\"]}]},{\"@type\":\"WebPage\",\"@id\":\"https:\/\/luchonoticias.com\/editor\/invitacion-a-presentar-hojas-de-vida-para-el-cargo-de-superintendente-financiero-de-colombia\/\",\"url\":\"https:\/\/luchonoticias.com\/editor\/invitacion-a-presentar-hojas-de-vida-para-el-cargo-de-superintendente-financiero-de-colombia\/\",\"name\":\"Invitaci\u00f3n a presentar hojas de vida para el cargo de Superintendente Financiero de Colombia -\",\"isPartOf\":{\"@id\":\"https:\/\/luchonoticias.com\/editor\/#website\"},\"datePublished\":\"2023-05-18T12:14:54+00:00\",\"dateModified\":\"2023-05-18T12:14:55+00:00\",\"breadcrumb\":{\"@id\":\"https:\/\/luchonoticias.com\/editor\/invitacion-a-presentar-hojas-de-vida-para-el-cargo-de-superintendente-financiero-de-colombia\/#breadcrumb\"},\"inLanguage\":\"es\",\"potentialAction\":[{\"@type\":\"ReadAction\",\"target\":[\"https:\/\/luchonoticias.com\/editor\/invitacion-a-presentar-hojas-de-vida-para-el-cargo-de-superintendente-financiero-de-colombia\/\"]}]},{\"@type\":\"BreadcrumbList\",\"@id\":\"https:\/\/luchonoticias.com\/editor\/invitacion-a-presentar-hojas-de-vida-para-el-cargo-de-superintendente-financiero-de-colombia\/#breadcrumb\",\"itemListElement\":[{\"@type\":\"ListItem\",\"position\":1,\"name\":\"Portada\",\"item\":\"https:\/\/luchonoticias.com\/editor\/\"},{\"@type\":\"ListItem\",\"position\":2,\"name\":\"Invitaci\u00f3n a presentar hojas de vida para el cargo de Superintendente Financiero de Colombia\"}]},{\"@type\":\"WebSite\",\"@id\":\"https:\/\/luchonoticias.com\/editor\/#website\",\"url\":\"https:\/\/luchonoticias.com\/editor\/\",\"name\":\"\",\"description\":\"\",\"publisher\":{\"@id\":\"https:\/\/luchonoticias.com\/editor\/#\/schema\/person\/7a7fd911f58561fd056dbac7b55af9cd\"},\"potentialAction\":[{\"@type\":\"SearchAction\",\"target\":{\"@type\":\"EntryPoint\",\"urlTemplate\":\"https:\/\/luchonoticias.com\/editor\/?s={search_term_string}\"},\"query-input\":{\"@type\":\"PropertyValueSpecification\",\"valueRequired\":true,\"valueName\":\"search_term_string\"}}],\"inLanguage\":\"es\"},{\"@type\":[\"Person\",\"Organization\"],\"@id\":\"https:\/\/luchonoticias.com\/editor\/#\/schema\/person\/7a7fd911f58561fd056dbac7b55af9cd\",\"name\":\"admin\",\"image\":{\"@type\":\"ImageObject\",\"inLanguage\":\"es\",\"@id\":\"https:\/\/luchonoticias.com\/editor\/#\/schema\/person\/image\/\",\"url\":\"https:\/\/luchonoticias.com\/editor\/wp-content\/uploads\/2024\/02\/cropped-cropped-logolu.webp\",\"contentUrl\":\"https:\/\/luchonoticias.com\/editor\/wp-content\/uploads\/2024\/02\/cropped-cropped-logolu.webp\",\"width\":382,\"height\":170,\"caption\":\"admin\"},\"logo\":{\"@id\":\"https:\/\/luchonoticias.com\/editor\/#\/schema\/person\/image\/\"},\"sameAs\":[\"https:\/\/www.facebook.com\/luchonoticiasneiva\"]},{\"@type\":\"Person\",\"@id\":\"https:\/\/luchonoticias.com\/editor\/#\/schema\/person\/29217990ddf6f14e35912b2866d591fb\",\"name\":\"Editor General\",\"image\":{\"@type\":\"ImageObject\",\"inLanguage\":\"es\",\"@id\":\"https:\/\/luchonoticias.com\/editor\/#\/schema\/person\/image\/\",\"url\":\"https:\/\/luchonoticias.com\/editor\/wp-content\/uploads\/2024\/02\/cropped-cropped-logolu-150x150.webp\",\"contentUrl\":\"https:\/\/luchonoticias.com\/editor\/wp-content\/uploads\/2024\/02\/cropped-cropped-logolu-150x150.webp\",\"caption\":\"Editor General\"},\"sameAs\":[\"https:\/\/luchonoticias.com\/\"],\"url\":\"https:\/\/luchonoticias.com\/editor\/author\/editor-general\/\"}]}<\/script>\n<!-- \/ Yoast SEO plugin. -->","yoast_head_json":{"title":"Invitaci\u00f3n a presentar hojas de vida para el cargo de Superintendente Financiero de Colombia -","robots":{"index":"index","follow":"follow","max-snippet":"max-snippet:-1","max-image-preview":"max-image-preview:large","max-video-preview":"max-video-preview:-1"},"canonical":"https:\/\/luchonoticias.com\/editor\/invitacion-a-presentar-hojas-de-vida-para-el-cargo-de-superintendente-financiero-de-colombia\/","og_locale":"es_ES","og_type":"article","og_title":"Invitaci\u00f3n a presentar hojas de vida para el cargo de Superintendente Financiero de Colombia -","og_url":"https:\/\/luchonoticias.com\/editor\/invitacion-a-presentar-hojas-de-vida-para-el-cargo-de-superintendente-financiero-de-colombia\/","article_publisher":"https:\/\/www.facebook.com\/luchonoticiasneiva","article_published_time":"2023-05-18T12:14:54+00:00","article_modified_time":"2023-05-18T12:14:55+00:00","author":"Editor General","twitter_card":"summary_large_image","twitter_misc":{"Escrito por":"Editor General","Tiempo de lectura":"3 minutos"},"schema":{"@context":"https:\/\/schema.org","@graph":[{"@type":"Article","@id":"https:\/\/luchonoticias.com\/editor\/invitacion-a-presentar-hojas-de-vida-para-el-cargo-de-superintendente-financiero-de-colombia\/#article","isPartOf":{"@id":"https:\/\/luchonoticias.com\/editor\/invitacion-a-presentar-hojas-de-vida-para-el-cargo-de-superintendente-financiero-de-colombia\/"},"author":{"name":"Editor General","@id":"https:\/\/luchonoticias.com\/editor\/#\/schema\/person\/29217990ddf6f14e35912b2866d591fb"},"headline":"Invitaci\u00f3n a presentar hojas de vida para el cargo de Superintendente Financiero de Colombia","datePublished":"2023-05-18T12:14:54+00:00","dateModified":"2023-05-18T12:14:55+00:00","mainEntityOfPage":{"@id":"https:\/\/luchonoticias.com\/editor\/invitacion-a-presentar-hojas-de-vida-para-el-cargo-de-superintendente-financiero-de-colombia\/"},"wordCount":628,"commentCount":0,"publisher":{"@id":"https:\/\/luchonoticias.com\/editor\/#\/schema\/person\/7a7fd911f58561fd056dbac7b55af9cd"},"articleSection":["Actualidad","Destacado"],"inLanguage":"es","potentialAction":[{"@type":"CommentAction","name":"Comment","target":["https:\/\/luchonoticias.com\/editor\/invitacion-a-presentar-hojas-de-vida-para-el-cargo-de-superintendente-financiero-de-colombia\/#respond"]}]},{"@type":"WebPage","@id":"https:\/\/luchonoticias.com\/editor\/invitacion-a-presentar-hojas-de-vida-para-el-cargo-de-superintendente-financiero-de-colombia\/","url":"https:\/\/luchonoticias.com\/editor\/invitacion-a-presentar-hojas-de-vida-para-el-cargo-de-superintendente-financiero-de-colombia\/","name":"Invitaci\u00f3n a presentar hojas de vida para el cargo de Superintendente Financiero de Colombia -","isPartOf":{"@id":"https:\/\/luchonoticias.com\/editor\/#website"},"datePublished":"2023-05-18T12:14:54+00:00","dateModified":"2023-05-18T12:14:55+00:00","breadcrumb":{"@id":"https:\/\/luchonoticias.com\/editor\/invitacion-a-presentar-hojas-de-vida-para-el-cargo-de-superintendente-financiero-de-colombia\/#breadcrumb"},"inLanguage":"es","potentialAction":[{"@type":"ReadAction","target":["https:\/\/luchonoticias.com\/editor\/invitacion-a-presentar-hojas-de-vida-para-el-cargo-de-superintendente-financiero-de-colombia\/"]}]},{"@type":"BreadcrumbList","@id":"https:\/\/luchonoticias.com\/editor\/invitacion-a-presentar-hojas-de-vida-para-el-cargo-de-superintendente-financiero-de-colombia\/#breadcrumb","itemListElement":[{"@type":"ListItem","position":1,"name":"Portada","item":"https:\/\/luchonoticias.com\/editor\/"},{"@type":"ListItem","position":2,"name":"Invitaci\u00f3n a presentar hojas de vida para el cargo de Superintendente Financiero de Colombia"}]},{"@type":"WebSite","@id":"https:\/\/luchonoticias.com\/editor\/#website","url":"https:\/\/luchonoticias.com\/editor\/","name":"","description":"","publisher":{"@id":"https:\/\/luchonoticias.com\/editor\/#\/schema\/person\/7a7fd911f58561fd056dbac7b55af9cd"},"potentialAction":[{"@type":"SearchAction","target":{"@type":"EntryPoint","urlTemplate":"https:\/\/luchonoticias.com\/editor\/?s={search_term_string}"},"query-input":{"@type":"PropertyValueSpecification","valueRequired":true,"valueName":"search_term_string"}}],"inLanguage":"es"},{"@type":["Person","Organization"],"@id":"https:\/\/luchonoticias.com\/editor\/#\/schema\/person\/7a7fd911f58561fd056dbac7b55af9cd","name":"admin","image":{"@type":"ImageObject","inLanguage":"es","@id":"https:\/\/luchonoticias.com\/editor\/#\/schema\/person\/image\/","url":"https:\/\/luchonoticias.com\/editor\/wp-content\/uploads\/2024\/02\/cropped-cropped-logolu.webp","contentUrl":"https:\/\/luchonoticias.com\/editor\/wp-content\/uploads\/2024\/02\/cropped-cropped-logolu.webp","width":382,"height":170,"caption":"admin"},"logo":{"@id":"https:\/\/luchonoticias.com\/editor\/#\/schema\/person\/image\/"},"sameAs":["https:\/\/www.facebook.com\/luchonoticiasneiva"]},{"@type":"Person","@id":"https:\/\/luchonoticias.com\/editor\/#\/schema\/person\/29217990ddf6f14e35912b2866d591fb","name":"Editor General","image":{"@type":"ImageObject","inLanguage":"es","@id":"https:\/\/luchonoticias.com\/editor\/#\/schema\/person\/image\/","url":"https:\/\/luchonoticias.com\/editor\/wp-content\/uploads\/2024\/02\/cropped-cropped-logolu-150x150.webp","contentUrl":"https:\/\/luchonoticias.com\/editor\/wp-content\/uploads\/2024\/02\/cropped-cropped-logolu-150x150.webp","caption":"Editor General"},"sameAs":["https:\/\/luchonoticias.com\/"],"url":"https:\/\/luchonoticias.com\/editor\/author\/editor-general\/"}]}},"_links":{"self":[{"href":"https:\/\/luchonoticias.com\/editor\/wp-json\/wp\/v2\/posts\/52684","targetHints":{"allow":["GET"]}}],"collection":[{"href":"https:\/\/luchonoticias.com\/editor\/wp-json\/wp\/v2\/posts"}],"about":[{"href":"https:\/\/luchonoticias.com\/editor\/wp-json\/wp\/v2\/types\/post"}],"author":[{"embeddable":true,"href":"https:\/\/luchonoticias.com\/editor\/wp-json\/wp\/v2\/users\/2"}],"replies":[{"embeddable":true,"href":"https:\/\/luchonoticias.com\/editor\/wp-json\/wp\/v2\/comments?post=52684"}],"version-history":[{"count":0,"href":"https:\/\/luchonoticias.com\/editor\/wp-json\/wp\/v2\/posts\/52684\/revisions"}],"wp:attachment":[{"href":"https:\/\/luchonoticias.com\/editor\/wp-json\/wp\/v2\/media?parent=52684"}],"wp:term":[{"taxonomy":"category","embeddable":true,"href":"https:\/\/luchonoticias.com\/editor\/wp-json\/wp\/v2\/categories?post=52684"},{"taxonomy":"post_tag","embeddable":true,"href":"https:\/\/luchonoticias.com\/editor\/wp-json\/wp\/v2\/tags?post=52684"}],"curies":[{"name":"wp","href":"https:\/\/api.w.org\/{rel}","templated":true}]}}