{"id":52687,"date":"2023-05-18T07:18:08","date_gmt":"2023-05-18T12:18:08","guid":{"rendered":"https:\/\/luchonoticias.com\/?p=52687"},"modified":"2023-05-18T07:18:09","modified_gmt":"2023-05-18T12:18:09","slug":"comision-septima-aprobo-nuevo-bloque-de-articulos-de-la-reforma-a-la-salud","status":"publish","type":"post","link":"https:\/\/luchonoticias.com\/editor\/comision-septima-aprobo-nuevo-bloque-de-articulos-de-la-reforma-a-la-salud\/","title":{"rendered":"Comisi\u00f3n S\u00e9ptima aprob\u00f3 nuevo bloque de art\u00edculos de la reforma a la salud"},"content":{"rendered":"\n<p>La Comisi\u00f3n S\u00e9ptima de la C\u00e1mara de Representantes continu\u00f3 en su sesi\u00f3n de hoy en el estudio del proyecto de ley de la reforma al sistema de la salud en el pa\u00eds, el cual fue presentado por el gobierno nacional.<\/p>\n\n\n\n<p>En la sesi\u00f3n el tema se abord\u00f3 en dos partes. Una primera correspondi\u00f3 a la solicitud que hab\u00eda hecho la oposici\u00f3n para incluir en la agenda del d\u00eda un foro en el que participaron voceros del sector salud, entre ellos m\u00e9dicos, agremiaciones, exministros, entre otros.<\/p>\n\n\n\n<p>La segunda parte correspondi\u00f3 a la discusi\u00f3n de un nuevo paquete de art\u00edculos del proyecto que se aprobaron por 13 votos contra 6 que los negaron.<\/p>\n\n\n\n<p>Entre los art\u00edculos que fueron votados est\u00e1 el 134, el cual otorga facultades al Ministerio de Salud y Protecci\u00f3n Social para implementar el Plan Nacional de Salud Rural en un plazo m\u00e1ximo de seis meses a partir de la entrada en vigencia de la presente ley.<\/p>\n\n\n\n<p>El representante del Centro Democr\u00e1tico, Andr\u00e9s Forero, quien hace parte de uno de los partidos de oposici\u00f3n, radic\u00f3 durante el an\u00e1lisis de los art\u00edculos una proposici\u00f3n para hundir 15 art\u00edculos, pero la misma fue negada.<\/p>\n\n\n\n<p>Se hicieron presentes durante toda la discusi\u00f3n los ministros de Salud, Guillermo Alfonso Jaramillo y e Interior, Luis Fernando Velasco.<\/p>\n\n\n\n<p>Hasta la sesi\u00f3n de hoy martes, la Comisi\u00f3n VII de los 139 art\u00edculos que tiene el proyecto de la reforma a la salud ha avalado 24. La discusi\u00f3n continuar\u00e1 este mi\u00e9rcoles en la ma\u00f1ana.<\/p>\n","protected":false},"excerpt":{"rendered":"<p>La Comisi\u00f3n S\u00e9ptima de la C\u00e1mara de Representantes continu\u00f3 en su sesi\u00f3n de hoy en el estudio del proyecto de ley de la reforma al sistema de la salud en el pa\u00eds, el cual fue presentado por el gobierno nacional. En la sesi\u00f3n el tema se abord\u00f3 en dos partes. Una primera correspondi\u00f3 a la [&hellip;]<\/p>\n","protected":false},"author":2,"featured_media":0,"comment_status":"open","ping_status":"open","sticky":false,"template":"","format":"standard","meta":{"footnotes":""},"categories":[36,617],"tags":[],"class_list":["post-52687","post","type-post","status-publish","format-standard","hentry","category-destacado","category-politica"],"yoast_head":"<!-- This site is optimized with the Yoast SEO plugin v26.6 - https:\/\/yoast.com\/wordpress\/plugins\/seo\/ -->\n<title>Comisi\u00f3n S\u00e9ptima aprob\u00f3 nuevo bloque de art\u00edculos de la reforma a la salud -<\/title>\n<meta name=\"robots\" content=\"index, follow, max-snippet:-1, max-image-preview:large, max-video-preview:-1\" \/>\n<link rel=\"canonical\" href=\"https:\/\/luchonoticias.com\/editor\/comision-septima-aprobo-nuevo-bloque-de-articulos-de-la-reforma-a-la-salud\/\" \/>\n<meta property=\"og:locale\" content=\"es_ES\" \/>\n<meta property=\"og:type\" content=\"article\" \/>\n<meta property=\"og:title\" content=\"Comisi\u00f3n S\u00e9ptima aprob\u00f3 nuevo bloque de art\u00edculos de la reforma a la salud -\" \/>\n<meta property=\"og:url\" content=\"https:\/\/luchonoticias.com\/editor\/comision-septima-aprobo-nuevo-bloque-de-articulos-de-la-reforma-a-la-salud\/\" \/>\n<meta property=\"article:publisher\" content=\"https:\/\/www.facebook.com\/luchonoticiasneiva\" \/>\n<meta property=\"article:published_time\" content=\"2023-05-18T12:18:08+00:00\" \/>\n<meta property=\"article:modified_time\" content=\"2023-05-18T12:18:09+00:00\" \/>\n<meta name=\"author\" content=\"Editor General\" \/>\n<meta name=\"twitter:card\" content=\"summary_large_image\" \/>\n<meta name=\"twitter:label1\" content=\"Escrito por\" \/>\n\t<meta name=\"twitter:data1\" content=\"Editor General\" \/>\n\t<meta name=\"twitter:label2\" content=\"Tiempo de lectura\" \/>\n\t<meta name=\"twitter:data2\" content=\"1 minuto\" \/>\n<script type=\"application\/ld+json\" class=\"yoast-schema-graph\">{\"@context\":\"https:\/\/schema.org\",\"@graph\":[{\"@type\":\"Article\",\"@id\":\"https:\/\/luchonoticias.com\/editor\/comision-septima-aprobo-nuevo-bloque-de-articulos-de-la-reforma-a-la-salud\/#article\",\"isPartOf\":{\"@id\":\"https:\/\/luchonoticias.com\/editor\/comision-septima-aprobo-nuevo-bloque-de-articulos-de-la-reforma-a-la-salud\/\"},\"author\":{\"name\":\"Editor General\",\"@id\":\"https:\/\/luchonoticias.com\/editor\/#\/schema\/person\/29217990ddf6f14e35912b2866d591fb\"},\"headline\":\"Comisi\u00f3n S\u00e9ptima aprob\u00f3 nuevo bloque de art\u00edculos de la reforma a la salud\",\"datePublished\":\"2023-05-18T12:18:08+00:00\",\"dateModified\":\"2023-05-18T12:18:09+00:00\",\"mainEntityOfPage\":{\"@id\":\"https:\/\/luchonoticias.com\/editor\/comision-septima-aprobo-nuevo-bloque-de-articulos-de-la-reforma-a-la-salud\/\"},\"wordCount\":285,\"commentCount\":0,\"publisher\":{\"@id\":\"https:\/\/luchonoticias.com\/editor\/#\/schema\/person\/7a7fd911f58561fd056dbac7b55af9cd\"},\"articleSection\":[\"Destacado\",\"Pol\u00edtica\"],\"inLanguage\":\"es\",\"potentialAction\":[{\"@type\":\"CommentAction\",\"name\":\"Comment\",\"target\":[\"https:\/\/luchonoticias.com\/editor\/comision-septima-aprobo-nuevo-bloque-de-articulos-de-la-reforma-a-la-salud\/#respond\"]}]},{\"@type\":\"WebPage\",\"@id\":\"https:\/\/luchonoticias.com\/editor\/comision-septima-aprobo-nuevo-bloque-de-articulos-de-la-reforma-a-la-salud\/\",\"url\":\"https:\/\/luchonoticias.com\/editor\/comision-septima-aprobo-nuevo-bloque-de-articulos-de-la-reforma-a-la-salud\/\",\"name\":\"Comisi\u00f3n S\u00e9ptima aprob\u00f3 nuevo bloque de art\u00edculos de la reforma a la salud -\",\"isPartOf\":{\"@id\":\"https:\/\/luchonoticias.com\/editor\/#website\"},\"datePublished\":\"2023-05-18T12:18:08+00:00\",\"dateModified\":\"2023-05-18T12:18:09+00:00\",\"breadcrumb\":{\"@id\":\"https:\/\/luchonoticias.com\/editor\/comision-septima-aprobo-nuevo-bloque-de-articulos-de-la-reforma-a-la-salud\/#breadcrumb\"},\"inLanguage\":\"es\",\"potentialAction\":[{\"@type\":\"ReadAction\",\"target\":[\"https:\/\/luchonoticias.com\/editor\/comision-septima-aprobo-nuevo-bloque-de-articulos-de-la-reforma-a-la-salud\/\"]}]},{\"@type\":\"BreadcrumbList\",\"@id\":\"https:\/\/luchonoticias.com\/editor\/comision-septima-aprobo-nuevo-bloque-de-articulos-de-la-reforma-a-la-salud\/#breadcrumb\",\"itemListElement\":[{\"@type\":\"ListItem\",\"position\":1,\"name\":\"Portada\",\"item\":\"https:\/\/luchonoticias.com\/editor\/\"},{\"@type\":\"ListItem\",\"position\":2,\"name\":\"Comisi\u00f3n S\u00e9ptima aprob\u00f3 nuevo bloque de art\u00edculos de la reforma a la salud\"}]},{\"@type\":\"WebSite\",\"@id\":\"https:\/\/luchonoticias.com\/editor\/#website\",\"url\":\"https:\/\/luchonoticias.com\/editor\/\",\"name\":\"\",\"description\":\"\",\"publisher\":{\"@id\":\"https:\/\/luchonoticias.com\/editor\/#\/schema\/person\/7a7fd911f58561fd056dbac7b55af9cd\"},\"potentialAction\":[{\"@type\":\"SearchAction\",\"target\":{\"@type\":\"EntryPoint\",\"urlTemplate\":\"https:\/\/luchonoticias.com\/editor\/?s={search_term_string}\"},\"query-input\":{\"@type\":\"PropertyValueSpecification\",\"valueRequired\":true,\"valueName\":\"search_term_string\"}}],\"inLanguage\":\"es\"},{\"@type\":[\"Person\",\"Organization\"],\"@id\":\"https:\/\/luchonoticias.com\/editor\/#\/schema\/person\/7a7fd911f58561fd056dbac7b55af9cd\",\"name\":\"admin\",\"image\":{\"@type\":\"ImageObject\",\"inLanguage\":\"es\",\"@id\":\"https:\/\/luchonoticias.com\/editor\/#\/schema\/person\/image\/\",\"url\":\"https:\/\/luchonoticias.com\/editor\/wp-content\/uploads\/2024\/02\/cropped-cropped-logolu.webp\",\"contentUrl\":\"https:\/\/luchonoticias.com\/editor\/wp-content\/uploads\/2024\/02\/cropped-cropped-logolu.webp\",\"width\":382,\"height\":170,\"caption\":\"admin\"},\"logo\":{\"@id\":\"https:\/\/luchonoticias.com\/editor\/#\/schema\/person\/image\/\"},\"sameAs\":[\"https:\/\/www.facebook.com\/luchonoticiasneiva\"]},{\"@type\":\"Person\",\"@id\":\"https:\/\/luchonoticias.com\/editor\/#\/schema\/person\/29217990ddf6f14e35912b2866d591fb\",\"name\":\"Editor General\",\"image\":{\"@type\":\"ImageObject\",\"inLanguage\":\"es\",\"@id\":\"https:\/\/luchonoticias.com\/editor\/#\/schema\/person\/image\/\",\"url\":\"https:\/\/luchonoticias.com\/editor\/wp-content\/uploads\/2024\/02\/cropped-cropped-logolu-150x150.webp\",\"contentUrl\":\"https:\/\/luchonoticias.com\/editor\/wp-content\/uploads\/2024\/02\/cropped-cropped-logolu-150x150.webp\",\"caption\":\"Editor General\"},\"sameAs\":[\"https:\/\/luchonoticias.com\/\"],\"url\":\"https:\/\/luchonoticias.com\/editor\/author\/editor-general\/\"}]}<\/script>\n<!-- \/ Yoast SEO plugin. -->","yoast_head_json":{"title":"Comisi\u00f3n S\u00e9ptima aprob\u00f3 nuevo bloque de art\u00edculos de la reforma a la salud -","robots":{"index":"index","follow":"follow","max-snippet":"max-snippet:-1","max-image-preview":"max-image-preview:large","max-video-preview":"max-video-preview:-1"},"canonical":"https:\/\/luchonoticias.com\/editor\/comision-septima-aprobo-nuevo-bloque-de-articulos-de-la-reforma-a-la-salud\/","og_locale":"es_ES","og_type":"article","og_title":"Comisi\u00f3n S\u00e9ptima aprob\u00f3 nuevo bloque de art\u00edculos de la reforma a la salud -","og_url":"https:\/\/luchonoticias.com\/editor\/comision-septima-aprobo-nuevo-bloque-de-articulos-de-la-reforma-a-la-salud\/","article_publisher":"https:\/\/www.facebook.com\/luchonoticiasneiva","article_published_time":"2023-05-18T12:18:08+00:00","article_modified_time":"2023-05-18T12:18:09+00:00","author":"Editor General","twitter_card":"summary_large_image","twitter_misc":{"Escrito por":"Editor General","Tiempo de lectura":"1 minuto"},"schema":{"@context":"https:\/\/schema.org","@graph":[{"@type":"Article","@id":"https:\/\/luchonoticias.com\/editor\/comision-septima-aprobo-nuevo-bloque-de-articulos-de-la-reforma-a-la-salud\/#article","isPartOf":{"@id":"https:\/\/luchonoticias.com\/editor\/comision-septima-aprobo-nuevo-bloque-de-articulos-de-la-reforma-a-la-salud\/"},"author":{"name":"Editor General","@id":"https:\/\/luchonoticias.com\/editor\/#\/schema\/person\/29217990ddf6f14e35912b2866d591fb"},"headline":"Comisi\u00f3n S\u00e9ptima aprob\u00f3 nuevo bloque de art\u00edculos de la reforma a la salud","datePublished":"2023-05-18T12:18:08+00:00","dateModified":"2023-05-18T12:18:09+00:00","mainEntityOfPage":{"@id":"https:\/\/luchonoticias.com\/editor\/comision-septima-aprobo-nuevo-bloque-de-articulos-de-la-reforma-a-la-salud\/"},"wordCount":285,"commentCount":0,"publisher":{"@id":"https:\/\/luchonoticias.com\/editor\/#\/schema\/person\/7a7fd911f58561fd056dbac7b55af9cd"},"articleSection":["Destacado","Pol\u00edtica"],"inLanguage":"es","potentialAction":[{"@type":"CommentAction","name":"Comment","target":["https:\/\/luchonoticias.com\/editor\/comision-septima-aprobo-nuevo-bloque-de-articulos-de-la-reforma-a-la-salud\/#respond"]}]},{"@type":"WebPage","@id":"https:\/\/luchonoticias.com\/editor\/comision-septima-aprobo-nuevo-bloque-de-articulos-de-la-reforma-a-la-salud\/","url":"https:\/\/luchonoticias.com\/editor\/comision-septima-aprobo-nuevo-bloque-de-articulos-de-la-reforma-a-la-salud\/","name":"Comisi\u00f3n S\u00e9ptima aprob\u00f3 nuevo bloque de art\u00edculos de la reforma a la salud -","isPartOf":{"@id":"https:\/\/luchonoticias.com\/editor\/#website"},"datePublished":"2023-05-18T12:18:08+00:00","dateModified":"2023-05-18T12:18:09+00:00","breadcrumb":{"@id":"https:\/\/luchonoticias.com\/editor\/comision-septima-aprobo-nuevo-bloque-de-articulos-de-la-reforma-a-la-salud\/#breadcrumb"},"inLanguage":"es","potentialAction":[{"@type":"ReadAction","target":["https:\/\/luchonoticias.com\/editor\/comision-septima-aprobo-nuevo-bloque-de-articulos-de-la-reforma-a-la-salud\/"]}]},{"@type":"BreadcrumbList","@id":"https:\/\/luchonoticias.com\/editor\/comision-septima-aprobo-nuevo-bloque-de-articulos-de-la-reforma-a-la-salud\/#breadcrumb","itemListElement":[{"@type":"ListItem","position":1,"name":"Portada","item":"https:\/\/luchonoticias.com\/editor\/"},{"@type":"ListItem","position":2,"name":"Comisi\u00f3n S\u00e9ptima aprob\u00f3 nuevo bloque de art\u00edculos de la reforma a la salud"}]},{"@type":"WebSite","@id":"https:\/\/luchonoticias.com\/editor\/#website","url":"https:\/\/luchonoticias.com\/editor\/","name":"","description":"","publisher":{"@id":"https:\/\/luchonoticias.com\/editor\/#\/schema\/person\/7a7fd911f58561fd056dbac7b55af9cd"},"potentialAction":[{"@type":"SearchAction","target":{"@type":"EntryPoint","urlTemplate":"https:\/\/luchonoticias.com\/editor\/?s={search_term_string}"},"query-input":{"@type":"PropertyValueSpecification","valueRequired":true,"valueName":"search_term_string"}}],"inLanguage":"es"},{"@type":["Person","Organization"],"@id":"https:\/\/luchonoticias.com\/editor\/#\/schema\/person\/7a7fd911f58561fd056dbac7b55af9cd","name":"admin","image":{"@type":"ImageObject","inLanguage":"es","@id":"https:\/\/luchonoticias.com\/editor\/#\/schema\/person\/image\/","url":"https:\/\/luchonoticias.com\/editor\/wp-content\/uploads\/2024\/02\/cropped-cropped-logolu.webp","contentUrl":"https:\/\/luchonoticias.com\/editor\/wp-content\/uploads\/2024\/02\/cropped-cropped-logolu.webp","width":382,"height":170,"caption":"admin"},"logo":{"@id":"https:\/\/luchonoticias.com\/editor\/#\/schema\/person\/image\/"},"sameAs":["https:\/\/www.facebook.com\/luchonoticiasneiva"]},{"@type":"Person","@id":"https:\/\/luchonoticias.com\/editor\/#\/schema\/person\/29217990ddf6f14e35912b2866d591fb","name":"Editor General","image":{"@type":"ImageObject","inLanguage":"es","@id":"https:\/\/luchonoticias.com\/editor\/#\/schema\/person\/image\/","url":"https:\/\/luchonoticias.com\/editor\/wp-content\/uploads\/2024\/02\/cropped-cropped-logolu-150x150.webp","contentUrl":"https:\/\/luchonoticias.com\/editor\/wp-content\/uploads\/2024\/02\/cropped-cropped-logolu-150x150.webp","caption":"Editor General"},"sameAs":["https:\/\/luchonoticias.com\/"],"url":"https:\/\/luchonoticias.com\/editor\/author\/editor-general\/"}]}},"_links":{"self":[{"href":"https:\/\/luchonoticias.com\/editor\/wp-json\/wp\/v2\/posts\/52687","targetHints":{"allow":["GET"]}}],"collection":[{"href":"https:\/\/luchonoticias.com\/editor\/wp-json\/wp\/v2\/posts"}],"about":[{"href":"https:\/\/luchonoticias.com\/editor\/wp-json\/wp\/v2\/types\/post"}],"author":[{"embeddable":true,"href":"https:\/\/luchonoticias.com\/editor\/wp-json\/wp\/v2\/users\/2"}],"replies":[{"embeddable":true,"href":"https:\/\/luchonoticias.com\/editor\/wp-json\/wp\/v2\/comments?post=52687"}],"version-history":[{"count":0,"href":"https:\/\/luchonoticias.com\/editor\/wp-json\/wp\/v2\/posts\/52687\/revisions"}],"wp:attachment":[{"href":"https:\/\/luchonoticias.com\/editor\/wp-json\/wp\/v2\/media?parent=52687"}],"wp:term":[{"taxonomy":"category","embeddable":true,"href":"https:\/\/luchonoticias.com\/editor\/wp-json\/wp\/v2\/categories?post=52687"},{"taxonomy":"post_tag","embeddable":true,"href":"https:\/\/luchonoticias.com\/editor\/wp-json\/wp\/v2\/tags?post=52687"}],"curies":[{"name":"wp","href":"https:\/\/api.w.org\/{rel}","templated":true}]}}