{"id":52693,"date":"2023-05-18T07:22:24","date_gmt":"2023-05-18T12:22:24","guid":{"rendered":"https:\/\/luchonoticias.com\/?p=52693"},"modified":"2023-05-18T07:22:25","modified_gmt":"2023-05-18T12:22:25","slug":"la-mejor-reforma-pensional-es-una-reforma-laboral-gloria-ines-ramirez-rios-min-trabajo","status":"publish","type":"post","link":"https:\/\/luchonoticias.com\/editor\/la-mejor-reforma-pensional-es-una-reforma-laboral-gloria-ines-ramirez-rios-min-trabajo\/","title":{"rendered":"\u201cLa mejor reforma pensional es una reforma laboral\u201d, Gloria In\u00e9s Ram\u00edrez R\u00edos, Min Trabajo"},"content":{"rendered":"\n<p>En debate de control pol\u00edtico citado por el senador&nbsp;&nbsp;<strong>Carlos Meisel Vergara, Centro Democr\u00e1tico,<\/strong>&nbsp;consult\u00f3 a la titular de la cartera de trabajo sobre las afectaciones del empleo&nbsp; con la actual reforma laboral \u201cTrabajo por el Cambio\u201d, seg\u00fan&nbsp; entidades como el Banco de la Rep\u00fablica.<\/p>\n\n\n\n<p>El senador&nbsp;<strong>Carlos<\/strong>&nbsp;<strong>Meisel Vergara,<\/strong>&nbsp;cuestion\u00f3 \u201ccu\u00e1l es el estimativo en materia de creaci\u00f3n de empleo para el cierre de este a\u00f1o 2023, para hablar con cifras porque esta reforma puede destruir cerca de 480 mil empleos del pa\u00eds, el grueso de la poblaci\u00f3n necesita plaza laboral para mitigar las penurias en su casa\u201d.<\/p>\n\n\n\n<p>El congresista&nbsp;<strong>Meisel Vergara<\/strong>&nbsp;argument\u00f3, \u201cse debe entender que hoy se necesita la libertad de decidir, donde una persona tenga varios empleos y poder capacitarnos, para no estar amarrados a un solo trabajo y buscar atacar la informalidad, evitando que las personas se acostumbren a limosnas del estado, cuando lo que se quiere es oportunidad de empleo\u201d.<\/p>\n\n\n\n<p>Para el senador&nbsp;<strong>Carlos&nbsp;Farelo Daza,<\/strong>&nbsp;<strong>Cambio Radical<\/strong>, manifest\u00f3 que le preocupa el informe del Banco de la rep\u00fablica, porque, \u201c\u00bfqu\u00e9 le vamos a decir a las familias cuando esos empresarios cierren sus empresas? Aqu\u00ed defendemos los empleos existentes\u201d.<\/p>\n\n\n\n<p>Seg\u00fan la senadora<strong>&nbsp;Liliana Benavides Solarte<\/strong>,&nbsp;<strong>partido conservador<\/strong>, \u201cel sector empresarial debe ser tenido en cuenta como amigo y aliado, enfatizando en la importancia de los trabajadores.\u201d<\/p>\n\n\n\n<p>Por su parte la senadora&nbsp;<strong>Aida&nbsp;Avella Esquivel, Coalici\u00f3n Pacto Hist\u00f3rico<\/strong>, pide, que se debe combatir la desigualdad, \u201csabemos que los grandes sueldos se los lleva el gerente, mientras que el campesino y obrero ganan muy poco\u201d.<\/p>\n\n\n\n<p>De otra parte, el senador&nbsp;<strong>Juan Felipe Lemos Uribe, partido de la U<\/strong>, advierte el impacto en el sector empresarial, \u201cel sector privado sostiene la carga fiscal del pa\u00eds y esta reforma va a ocasionar unas nuevas adicionales en el sector econ\u00f3mico\u201d.<\/p>\n\n\n\n<p>En consonancia con la reforma laboral el senador&nbsp;<strong>John Jairo Rold\u00e1n Avenda\u00f1o, partido liberal<\/strong>&nbsp;manifest\u00f3 \u201caqu\u00ed hay un incremento en el desarrollo industrial en el sector laboral, esta reforma merece que se le discuta con seriedad para lograr un consenso entre trabajadores y empresarios\u201d.<\/p>\n\n\n\n<p>Por otra parte, el senador&nbsp;<strong>Wilson Arias Castillo<\/strong>,&nbsp;<strong>Coalici\u00f3n Pacto Hist\u00f3rico<\/strong>, advirti\u00f3, \u201ces pertinente que exista trabajo con dignidad humana, una pol\u00edtica de empleo se genera desde el ingreso y la gran audacia de esa ley, lo que se ofreci\u00f3 se va a cumplir\u201d.<\/p>\n\n\n\n<p>Para la senadora de&nbsp;<strong>Alianza<\/strong>&nbsp;<strong>Verde, Ang\u00e9lica Lozano Correa,<\/strong>&nbsp;\u201cel reto es enorme con los trabajadores por contrato de prestaci\u00f3n de servicios, que muchas veces trabajan gratis, a la vez que se debe analizar el salario m\u00ednimo de car\u00e1cter diferencial seg\u00fan el municipio\u201d.<\/p>\n\n\n\n<p>La congresista&nbsp;<strong>Claudia P\u00e9rez Giraldo, partido liberal,<\/strong>&nbsp;fue optimista al destacar que en esta reforma \u201cse atienda la dignificaci\u00f3n, la protecci\u00f3n y la equidad y pido claridad sobre el empleo a personas mayores\u201d.<\/p>\n\n\n\n<p>En el mismo sentido la vicepresidente de la comisi\u00f3n&nbsp;<strong>Laura Fortich S\u00e1nchez,<\/strong>&nbsp;solicit\u00f3, \u201cse hace necesario la articulaci\u00f3n de los dem\u00e1s ministerios e instituciones, a la vez que le recuerdo el compromiso con la comunidad en condici\u00f3n de discapacidad para que logren ser incluidas y no sufran discriminaci\u00f3n alguna\u201d.<\/p>\n\n\n\n<p>El senador&nbsp;<strong>Enrique Cabrales Baquero, Centro Democr\u00e1tico<\/strong>&nbsp;afirma que \u201cla empresa privada es la gran generadora de empleo en el pa\u00eds m\u00e1s hoy cuando el mayor desempleo est\u00e1 en los j\u00f3venes por lo tanto el apalancamiento financiero es primordial\u201d<\/p>\n\n\n\n<p><strong>En respuesta el gobierno aclara<\/strong><\/p>\n\n\n\n<p>La ministra de trabajo Gloria In\u00e9s Ram\u00edrez, manifest\u00f3 que el empresariado debe ser coherente con lo que hoy se ha vivido, \u201cellos han tenido muchos a\u00f1os con todas las garant\u00edas para generar empleo y no lo han hecho, esta reforma busca reconocer las garant\u00edas laborales perdidas, s\u00e9 que este es un debate ideol\u00f3gico\u201d.<\/p>\n\n\n\n<p>En el mismo sentido la titular de la cartera de trabajo, record\u00f3 que Colombia hace parte de la OIT \u201cy nos dedicamos a hacer una reforma con participaci\u00f3n de los sectores nacionales e internacionales, m\u00e1s cuando tenemos un pa\u00eds con una gran desigualdad, aqu\u00ed buscamos darles garant\u00eda a todos los sectores tanto del empresariado como los trabajadores al combatir el 58 por ciento de la informalidad\u201d.<\/p>\n","protected":false},"excerpt":{"rendered":"<p>En debate de control pol\u00edtico citado por el senador&nbsp;&nbsp;Carlos Meisel Vergara, Centro Democr\u00e1tico,&nbsp;consult\u00f3 a la titular de la cartera de trabajo sobre las afectaciones del empleo&nbsp; con la actual reforma laboral \u201cTrabajo por el Cambio\u201d, seg\u00fan&nbsp; entidades como el Banco de la Rep\u00fablica. El senador&nbsp;Carlos&nbsp;Meisel Vergara,&nbsp;cuestion\u00f3 \u201ccu\u00e1l es el estimativo en materia de creaci\u00f3n de [&hellip;]<\/p>\n","protected":false},"author":2,"featured_media":0,"comment_status":"open","ping_status":"open","sticky":false,"template":"","format":"standard","meta":{"footnotes":""},"categories":[36,32],"tags":[],"class_list":["post-52693","post","type-post","status-publish","format-standard","hentry","category-destacado","category-nacional"],"yoast_head":"<!-- This site is optimized with the Yoast SEO plugin v26.6 - https:\/\/yoast.com\/wordpress\/plugins\/seo\/ -->\n<title>\u201cLa mejor reforma pensional es una reforma laboral\u201d, Gloria In\u00e9s Ram\u00edrez R\u00edos, Min Trabajo -<\/title>\n<meta name=\"robots\" content=\"index, follow, max-snippet:-1, max-image-preview:large, max-video-preview:-1\" \/>\n<link rel=\"canonical\" href=\"https:\/\/luchonoticias.com\/editor\/la-mejor-reforma-pensional-es-una-reforma-laboral-gloria-ines-ramirez-rios-min-trabajo\/\" \/>\n<meta property=\"og:locale\" content=\"es_ES\" \/>\n<meta property=\"og:type\" content=\"article\" \/>\n<meta property=\"og:title\" content=\"\u201cLa mejor reforma pensional es una reforma laboral\u201d, Gloria In\u00e9s Ram\u00edrez R\u00edos, Min Trabajo -\" \/>\n<meta property=\"og:url\" content=\"https:\/\/luchonoticias.com\/editor\/la-mejor-reforma-pensional-es-una-reforma-laboral-gloria-ines-ramirez-rios-min-trabajo\/\" \/>\n<meta property=\"article:publisher\" content=\"https:\/\/www.facebook.com\/luchonoticiasneiva\" \/>\n<meta property=\"article:published_time\" content=\"2023-05-18T12:22:24+00:00\" \/>\n<meta property=\"article:modified_time\" content=\"2023-05-18T12:22:25+00:00\" \/>\n<meta name=\"author\" content=\"Editor General\" \/>\n<meta name=\"twitter:card\" content=\"summary_large_image\" \/>\n<meta name=\"twitter:label1\" content=\"Escrito por\" \/>\n\t<meta name=\"twitter:data1\" content=\"Editor General\" \/>\n\t<meta name=\"twitter:label2\" content=\"Tiempo de lectura\" \/>\n\t<meta name=\"twitter:data2\" content=\"4 minutos\" \/>\n<script type=\"application\/ld+json\" class=\"yoast-schema-graph\">{\"@context\":\"https:\/\/schema.org\",\"@graph\":[{\"@type\":\"Article\",\"@id\":\"https:\/\/luchonoticias.com\/editor\/la-mejor-reforma-pensional-es-una-reforma-laboral-gloria-ines-ramirez-rios-min-trabajo\/#article\",\"isPartOf\":{\"@id\":\"https:\/\/luchonoticias.com\/editor\/la-mejor-reforma-pensional-es-una-reforma-laboral-gloria-ines-ramirez-rios-min-trabajo\/\"},\"author\":{\"name\":\"Editor General\",\"@id\":\"https:\/\/luchonoticias.com\/editor\/#\/schema\/person\/29217990ddf6f14e35912b2866d591fb\"},\"headline\":\"\u201cLa mejor reforma pensional es una reforma laboral\u201d, Gloria In\u00e9s Ram\u00edrez R\u00edos, Min Trabajo\",\"datePublished\":\"2023-05-18T12:22:24+00:00\",\"dateModified\":\"2023-05-18T12:22:25+00:00\",\"mainEntityOfPage\":{\"@id\":\"https:\/\/luchonoticias.com\/editor\/la-mejor-reforma-pensional-es-una-reforma-laboral-gloria-ines-ramirez-rios-min-trabajo\/\"},\"wordCount\":770,\"commentCount\":0,\"publisher\":{\"@id\":\"https:\/\/luchonoticias.com\/editor\/#\/schema\/person\/7a7fd911f58561fd056dbac7b55af9cd\"},\"articleSection\":[\"Destacado\",\"Nacional\"],\"inLanguage\":\"es\",\"potentialAction\":[{\"@type\":\"CommentAction\",\"name\":\"Comment\",\"target\":[\"https:\/\/luchonoticias.com\/editor\/la-mejor-reforma-pensional-es-una-reforma-laboral-gloria-ines-ramirez-rios-min-trabajo\/#respond\"]}]},{\"@type\":\"WebPage\",\"@id\":\"https:\/\/luchonoticias.com\/editor\/la-mejor-reforma-pensional-es-una-reforma-laboral-gloria-ines-ramirez-rios-min-trabajo\/\",\"url\":\"https:\/\/luchonoticias.com\/editor\/la-mejor-reforma-pensional-es-una-reforma-laboral-gloria-ines-ramirez-rios-min-trabajo\/\",\"name\":\"\u201cLa mejor reforma pensional es una reforma laboral\u201d, Gloria In\u00e9s Ram\u00edrez R\u00edos, Min Trabajo -\",\"isPartOf\":{\"@id\":\"https:\/\/luchonoticias.com\/editor\/#website\"},\"datePublished\":\"2023-05-18T12:22:24+00:00\",\"dateModified\":\"2023-05-18T12:22:25+00:00\",\"breadcrumb\":{\"@id\":\"https:\/\/luchonoticias.com\/editor\/la-mejor-reforma-pensional-es-una-reforma-laboral-gloria-ines-ramirez-rios-min-trabajo\/#breadcrumb\"},\"inLanguage\":\"es\",\"potentialAction\":[{\"@type\":\"ReadAction\",\"target\":[\"https:\/\/luchonoticias.com\/editor\/la-mejor-reforma-pensional-es-una-reforma-laboral-gloria-ines-ramirez-rios-min-trabajo\/\"]}]},{\"@type\":\"BreadcrumbList\",\"@id\":\"https:\/\/luchonoticias.com\/editor\/la-mejor-reforma-pensional-es-una-reforma-laboral-gloria-ines-ramirez-rios-min-trabajo\/#breadcrumb\",\"itemListElement\":[{\"@type\":\"ListItem\",\"position\":1,\"name\":\"Portada\",\"item\":\"https:\/\/luchonoticias.com\/editor\/\"},{\"@type\":\"ListItem\",\"position\":2,\"name\":\"\u201cLa mejor reforma pensional es una reforma laboral\u201d, Gloria In\u00e9s Ram\u00edrez R\u00edos, Min Trabajo\"}]},{\"@type\":\"WebSite\",\"@id\":\"https:\/\/luchonoticias.com\/editor\/#website\",\"url\":\"https:\/\/luchonoticias.com\/editor\/\",\"name\":\"\",\"description\":\"\",\"publisher\":{\"@id\":\"https:\/\/luchonoticias.com\/editor\/#\/schema\/person\/7a7fd911f58561fd056dbac7b55af9cd\"},\"potentialAction\":[{\"@type\":\"SearchAction\",\"target\":{\"@type\":\"EntryPoint\",\"urlTemplate\":\"https:\/\/luchonoticias.com\/editor\/?s={search_term_string}\"},\"query-input\":{\"@type\":\"PropertyValueSpecification\",\"valueRequired\":true,\"valueName\":\"search_term_string\"}}],\"inLanguage\":\"es\"},{\"@type\":[\"Person\",\"Organization\"],\"@id\":\"https:\/\/luchonoticias.com\/editor\/#\/schema\/person\/7a7fd911f58561fd056dbac7b55af9cd\",\"name\":\"admin\",\"image\":{\"@type\":\"ImageObject\",\"inLanguage\":\"es\",\"@id\":\"https:\/\/luchonoticias.com\/editor\/#\/schema\/person\/image\/\",\"url\":\"https:\/\/luchonoticias.com\/editor\/wp-content\/uploads\/2024\/02\/cropped-cropped-logolu.webp\",\"contentUrl\":\"https:\/\/luchonoticias.com\/editor\/wp-content\/uploads\/2024\/02\/cropped-cropped-logolu.webp\",\"width\":382,\"height\":170,\"caption\":\"admin\"},\"logo\":{\"@id\":\"https:\/\/luchonoticias.com\/editor\/#\/schema\/person\/image\/\"},\"sameAs\":[\"https:\/\/www.facebook.com\/luchonoticiasneiva\"]},{\"@type\":\"Person\",\"@id\":\"https:\/\/luchonoticias.com\/editor\/#\/schema\/person\/29217990ddf6f14e35912b2866d591fb\",\"name\":\"Editor General\",\"image\":{\"@type\":\"ImageObject\",\"inLanguage\":\"es\",\"@id\":\"https:\/\/luchonoticias.com\/editor\/#\/schema\/person\/image\/\",\"url\":\"https:\/\/luchonoticias.com\/editor\/wp-content\/uploads\/2024\/02\/cropped-cropped-logolu-150x150.webp\",\"contentUrl\":\"https:\/\/luchonoticias.com\/editor\/wp-content\/uploads\/2024\/02\/cropped-cropped-logolu-150x150.webp\",\"caption\":\"Editor General\"},\"sameAs\":[\"https:\/\/luchonoticias.com\/\"],\"url\":\"https:\/\/luchonoticias.com\/editor\/author\/editor-general\/\"}]}<\/script>\n<!-- \/ Yoast SEO plugin. -->","yoast_head_json":{"title":"\u201cLa mejor reforma pensional es una reforma laboral\u201d, Gloria In\u00e9s Ram\u00edrez R\u00edos, Min Trabajo -","robots":{"index":"index","follow":"follow","max-snippet":"max-snippet:-1","max-image-preview":"max-image-preview:large","max-video-preview":"max-video-preview:-1"},"canonical":"https:\/\/luchonoticias.com\/editor\/la-mejor-reforma-pensional-es-una-reforma-laboral-gloria-ines-ramirez-rios-min-trabajo\/","og_locale":"es_ES","og_type":"article","og_title":"\u201cLa mejor reforma pensional es una reforma laboral\u201d, Gloria In\u00e9s Ram\u00edrez R\u00edos, Min Trabajo -","og_url":"https:\/\/luchonoticias.com\/editor\/la-mejor-reforma-pensional-es-una-reforma-laboral-gloria-ines-ramirez-rios-min-trabajo\/","article_publisher":"https:\/\/www.facebook.com\/luchonoticiasneiva","article_published_time":"2023-05-18T12:22:24+00:00","article_modified_time":"2023-05-18T12:22:25+00:00","author":"Editor General","twitter_card":"summary_large_image","twitter_misc":{"Escrito por":"Editor General","Tiempo de lectura":"4 minutos"},"schema":{"@context":"https:\/\/schema.org","@graph":[{"@type":"Article","@id":"https:\/\/luchonoticias.com\/editor\/la-mejor-reforma-pensional-es-una-reforma-laboral-gloria-ines-ramirez-rios-min-trabajo\/#article","isPartOf":{"@id":"https:\/\/luchonoticias.com\/editor\/la-mejor-reforma-pensional-es-una-reforma-laboral-gloria-ines-ramirez-rios-min-trabajo\/"},"author":{"name":"Editor General","@id":"https:\/\/luchonoticias.com\/editor\/#\/schema\/person\/29217990ddf6f14e35912b2866d591fb"},"headline":"\u201cLa mejor reforma pensional es una reforma laboral\u201d, Gloria In\u00e9s Ram\u00edrez R\u00edos, Min Trabajo","datePublished":"2023-05-18T12:22:24+00:00","dateModified":"2023-05-18T12:22:25+00:00","mainEntityOfPage":{"@id":"https:\/\/luchonoticias.com\/editor\/la-mejor-reforma-pensional-es-una-reforma-laboral-gloria-ines-ramirez-rios-min-trabajo\/"},"wordCount":770,"commentCount":0,"publisher":{"@id":"https:\/\/luchonoticias.com\/editor\/#\/schema\/person\/7a7fd911f58561fd056dbac7b55af9cd"},"articleSection":["Destacado","Nacional"],"inLanguage":"es","potentialAction":[{"@type":"CommentAction","name":"Comment","target":["https:\/\/luchonoticias.com\/editor\/la-mejor-reforma-pensional-es-una-reforma-laboral-gloria-ines-ramirez-rios-min-trabajo\/#respond"]}]},{"@type":"WebPage","@id":"https:\/\/luchonoticias.com\/editor\/la-mejor-reforma-pensional-es-una-reforma-laboral-gloria-ines-ramirez-rios-min-trabajo\/","url":"https:\/\/luchonoticias.com\/editor\/la-mejor-reforma-pensional-es-una-reforma-laboral-gloria-ines-ramirez-rios-min-trabajo\/","name":"\u201cLa mejor reforma pensional es una reforma laboral\u201d, Gloria In\u00e9s Ram\u00edrez R\u00edos, Min Trabajo -","isPartOf":{"@id":"https:\/\/luchonoticias.com\/editor\/#website"},"datePublished":"2023-05-18T12:22:24+00:00","dateModified":"2023-05-18T12:22:25+00:00","breadcrumb":{"@id":"https:\/\/luchonoticias.com\/editor\/la-mejor-reforma-pensional-es-una-reforma-laboral-gloria-ines-ramirez-rios-min-trabajo\/#breadcrumb"},"inLanguage":"es","potentialAction":[{"@type":"ReadAction","target":["https:\/\/luchonoticias.com\/editor\/la-mejor-reforma-pensional-es-una-reforma-laboral-gloria-ines-ramirez-rios-min-trabajo\/"]}]},{"@type":"BreadcrumbList","@id":"https:\/\/luchonoticias.com\/editor\/la-mejor-reforma-pensional-es-una-reforma-laboral-gloria-ines-ramirez-rios-min-trabajo\/#breadcrumb","itemListElement":[{"@type":"ListItem","position":1,"name":"Portada","item":"https:\/\/luchonoticias.com\/editor\/"},{"@type":"ListItem","position":2,"name":"\u201cLa mejor reforma pensional es una reforma laboral\u201d, Gloria In\u00e9s Ram\u00edrez R\u00edos, Min Trabajo"}]},{"@type":"WebSite","@id":"https:\/\/luchonoticias.com\/editor\/#website","url":"https:\/\/luchonoticias.com\/editor\/","name":"","description":"","publisher":{"@id":"https:\/\/luchonoticias.com\/editor\/#\/schema\/person\/7a7fd911f58561fd056dbac7b55af9cd"},"potentialAction":[{"@type":"SearchAction","target":{"@type":"EntryPoint","urlTemplate":"https:\/\/luchonoticias.com\/editor\/?s={search_term_string}"},"query-input":{"@type":"PropertyValueSpecification","valueRequired":true,"valueName":"search_term_string"}}],"inLanguage":"es"},{"@type":["Person","Organization"],"@id":"https:\/\/luchonoticias.com\/editor\/#\/schema\/person\/7a7fd911f58561fd056dbac7b55af9cd","name":"admin","image":{"@type":"ImageObject","inLanguage":"es","@id":"https:\/\/luchonoticias.com\/editor\/#\/schema\/person\/image\/","url":"https:\/\/luchonoticias.com\/editor\/wp-content\/uploads\/2024\/02\/cropped-cropped-logolu.webp","contentUrl":"https:\/\/luchonoticias.com\/editor\/wp-content\/uploads\/2024\/02\/cropped-cropped-logolu.webp","width":382,"height":170,"caption":"admin"},"logo":{"@id":"https:\/\/luchonoticias.com\/editor\/#\/schema\/person\/image\/"},"sameAs":["https:\/\/www.facebook.com\/luchonoticiasneiva"]},{"@type":"Person","@id":"https:\/\/luchonoticias.com\/editor\/#\/schema\/person\/29217990ddf6f14e35912b2866d591fb","name":"Editor General","image":{"@type":"ImageObject","inLanguage":"es","@id":"https:\/\/luchonoticias.com\/editor\/#\/schema\/person\/image\/","url":"https:\/\/luchonoticias.com\/editor\/wp-content\/uploads\/2024\/02\/cropped-cropped-logolu-150x150.webp","contentUrl":"https:\/\/luchonoticias.com\/editor\/wp-content\/uploads\/2024\/02\/cropped-cropped-logolu-150x150.webp","caption":"Editor General"},"sameAs":["https:\/\/luchonoticias.com\/"],"url":"https:\/\/luchonoticias.com\/editor\/author\/editor-general\/"}]}},"_links":{"self":[{"href":"https:\/\/luchonoticias.com\/editor\/wp-json\/wp\/v2\/posts\/52693","targetHints":{"allow":["GET"]}}],"collection":[{"href":"https:\/\/luchonoticias.com\/editor\/wp-json\/wp\/v2\/posts"}],"about":[{"href":"https:\/\/luchonoticias.com\/editor\/wp-json\/wp\/v2\/types\/post"}],"author":[{"embeddable":true,"href":"https:\/\/luchonoticias.com\/editor\/wp-json\/wp\/v2\/users\/2"}],"replies":[{"embeddable":true,"href":"https:\/\/luchonoticias.com\/editor\/wp-json\/wp\/v2\/comments?post=52693"}],"version-history":[{"count":0,"href":"https:\/\/luchonoticias.com\/editor\/wp-json\/wp\/v2\/posts\/52693\/revisions"}],"wp:attachment":[{"href":"https:\/\/luchonoticias.com\/editor\/wp-json\/wp\/v2\/media?parent=52693"}],"wp:term":[{"taxonomy":"category","embeddable":true,"href":"https:\/\/luchonoticias.com\/editor\/wp-json\/wp\/v2\/categories?post=52693"},{"taxonomy":"post_tag","embeddable":true,"href":"https:\/\/luchonoticias.com\/editor\/wp-json\/wp\/v2\/tags?post=52693"}],"curies":[{"name":"wp","href":"https:\/\/api.w.org\/{rel}","templated":true}]}}