{"id":52695,"date":"2023-05-18T07:24:20","date_gmt":"2023-05-18T12:24:20","guid":{"rendered":"https:\/\/luchonoticias.com\/?p=52695"},"modified":"2023-05-18T07:24:21","modified_gmt":"2023-05-18T12:24:21","slug":"resumen-de-la-tercera-fecha-del-torneo-de-liga-sub-13","status":"publish","type":"post","link":"https:\/\/luchonoticias.com\/editor\/resumen-de-la-tercera-fecha-del-torneo-de-liga-sub-13\/","title":{"rendered":"Resumen de la tercera fecha del torneo de liga sub &#8211; 13"},"content":{"rendered":"\n<p>Otro torneo de la Liga de F\u00fatbol del Huila que lleg\u00f3 a su&nbsp;<strong>tercera fecha<\/strong>&nbsp;fue el&nbsp;<strong>campeonato de liga sub \u2013 13<\/strong>&nbsp;con sus divisiones de \u00e9lite y ascenso.<\/p>\n\n\n\n<p><strong>M\u00e1s de 40 goles se marcaron en la jornada&nbsp;<\/strong>del pasado fin de semana, dos de los partidos terminaron con goleada, el 7:1 de Opitas FC al Atl\u00e9tico Huila y el 1:9 de Juli\u00e1n D\u00edaz a Titanes.<\/p>\n\n\n\n<p>A continuaci\u00f3n les tenemos los resultados de la jornada:<\/p>\n\n\n\n<p><strong>DIVISI\u00d3N \u00c9LITE<\/strong><\/p>\n\n\n\n<p><strong>\u00c9lite FC<\/strong>&nbsp;3:2 Aston Huila<\/p>\n\n\n\n<p>Surnei 0:4&nbsp;<strong>Athletic Neiva<\/strong><\/p>\n\n\n\n<p><strong>Opitas FC&nbsp;<\/strong>(en la foto) 7:1 Atl\u00e9tico Huila<\/p>\n\n\n\n<p><strong>Juventud Huila<\/strong>&nbsp;4:2 Utrahuilca<\/p>\n\n\n\n<p><strong>DIVISI\u00d3N DE ASCENSO<\/strong><\/p>\n\n\n\n<p>Estrellas de Baraya 3:3 Aston Huila B<\/p>\n\n\n\n<p>Promesas FC 0:3&nbsp;<strong>\u00c9lite FC B<\/strong><\/p>\n\n\n\n<p>Mararay 0:4&nbsp;<strong>Alianza Opita<\/strong><\/p>\n\n\n\n<p><strong>Camilo Torres<\/strong>&nbsp;4:1 Uni\u00f3n Opita<\/p>\n\n\n\n<p>Titanes 1:9&nbsp;<strong>Juli\u00e1n D\u00edaz<\/strong><\/p>\n","protected":false},"excerpt":{"rendered":"<p>Otro torneo de la Liga de F\u00fatbol del Huila que lleg\u00f3 a su&nbsp;tercera fecha&nbsp;fue el&nbsp;campeonato de liga sub \u2013 13&nbsp;con sus divisiones de \u00e9lite y ascenso. M\u00e1s de 40 goles se marcaron en la jornada&nbsp;del pasado fin de semana, dos de los partidos terminaron con goleada, el 7:1 de Opitas FC al Atl\u00e9tico Huila y [&hellip;]<\/p>\n","protected":false},"author":2,"featured_media":0,"comment_status":"open","ping_status":"open","sticky":false,"template":"","format":"standard","meta":{"footnotes":""},"categories":[34],"tags":[],"class_list":["post-52695","post","type-post","status-publish","format-standard","hentry","category-deportes"],"yoast_head":"<!-- This site is optimized with the Yoast SEO plugin v26.6 - https:\/\/yoast.com\/wordpress\/plugins\/seo\/ -->\n<title>Resumen de la tercera fecha del torneo de liga sub - 13 -<\/title>\n<meta name=\"robots\" content=\"index, follow, max-snippet:-1, max-image-preview:large, max-video-preview:-1\" \/>\n<link rel=\"canonical\" href=\"https:\/\/luchonoticias.com\/editor\/resumen-de-la-tercera-fecha-del-torneo-de-liga-sub-13\/\" \/>\n<meta property=\"og:locale\" content=\"es_ES\" \/>\n<meta property=\"og:type\" content=\"article\" \/>\n<meta property=\"og:title\" content=\"Resumen de la tercera fecha del torneo de liga sub - 13 -\" \/>\n<meta property=\"og:url\" content=\"https:\/\/luchonoticias.com\/editor\/resumen-de-la-tercera-fecha-del-torneo-de-liga-sub-13\/\" \/>\n<meta property=\"article:publisher\" content=\"https:\/\/www.facebook.com\/luchonoticiasneiva\" \/>\n<meta property=\"article:published_time\" content=\"2023-05-18T12:24:20+00:00\" \/>\n<meta property=\"article:modified_time\" content=\"2023-05-18T12:24:21+00:00\" \/>\n<meta name=\"author\" content=\"Editor General\" \/>\n<meta name=\"twitter:card\" content=\"summary_large_image\" \/>\n<meta name=\"twitter:label1\" content=\"Escrito por\" \/>\n\t<meta name=\"twitter:data1\" content=\"Editor General\" \/>\n\t<meta name=\"twitter:label2\" content=\"Tiempo de lectura\" \/>\n\t<meta name=\"twitter:data2\" content=\"1 minuto\" \/>\n<script type=\"application\/ld+json\" class=\"yoast-schema-graph\">{\"@context\":\"https:\/\/schema.org\",\"@graph\":[{\"@type\":\"Article\",\"@id\":\"https:\/\/luchonoticias.com\/editor\/resumen-de-la-tercera-fecha-del-torneo-de-liga-sub-13\/#article\",\"isPartOf\":{\"@id\":\"https:\/\/luchonoticias.com\/editor\/resumen-de-la-tercera-fecha-del-torneo-de-liga-sub-13\/\"},\"author\":{\"name\":\"Editor General\",\"@id\":\"https:\/\/luchonoticias.com\/editor\/#\/schema\/person\/29217990ddf6f14e35912b2866d591fb\"},\"headline\":\"Resumen de la tercera fecha del torneo de liga sub &#8211; 13\",\"datePublished\":\"2023-05-18T12:24:20+00:00\",\"dateModified\":\"2023-05-18T12:24:21+00:00\",\"mainEntityOfPage\":{\"@id\":\"https:\/\/luchonoticias.com\/editor\/resumen-de-la-tercera-fecha-del-torneo-de-liga-sub-13\/\"},\"wordCount\":150,\"commentCount\":0,\"publisher\":{\"@id\":\"https:\/\/luchonoticias.com\/editor\/#\/schema\/person\/7a7fd911f58561fd056dbac7b55af9cd\"},\"articleSection\":[\"Deportes\"],\"inLanguage\":\"es\",\"potentialAction\":[{\"@type\":\"CommentAction\",\"name\":\"Comment\",\"target\":[\"https:\/\/luchonoticias.com\/editor\/resumen-de-la-tercera-fecha-del-torneo-de-liga-sub-13\/#respond\"]}]},{\"@type\":\"WebPage\",\"@id\":\"https:\/\/luchonoticias.com\/editor\/resumen-de-la-tercera-fecha-del-torneo-de-liga-sub-13\/\",\"url\":\"https:\/\/luchonoticias.com\/editor\/resumen-de-la-tercera-fecha-del-torneo-de-liga-sub-13\/\",\"name\":\"Resumen de la tercera fecha del torneo de liga sub - 13 -\",\"isPartOf\":{\"@id\":\"https:\/\/luchonoticias.com\/editor\/#website\"},\"datePublished\":\"2023-05-18T12:24:20+00:00\",\"dateModified\":\"2023-05-18T12:24:21+00:00\",\"breadcrumb\":{\"@id\":\"https:\/\/luchonoticias.com\/editor\/resumen-de-la-tercera-fecha-del-torneo-de-liga-sub-13\/#breadcrumb\"},\"inLanguage\":\"es\",\"potentialAction\":[{\"@type\":\"ReadAction\",\"target\":[\"https:\/\/luchonoticias.com\/editor\/resumen-de-la-tercera-fecha-del-torneo-de-liga-sub-13\/\"]}]},{\"@type\":\"BreadcrumbList\",\"@id\":\"https:\/\/luchonoticias.com\/editor\/resumen-de-la-tercera-fecha-del-torneo-de-liga-sub-13\/#breadcrumb\",\"itemListElement\":[{\"@type\":\"ListItem\",\"position\":1,\"name\":\"Portada\",\"item\":\"https:\/\/luchonoticias.com\/editor\/\"},{\"@type\":\"ListItem\",\"position\":2,\"name\":\"Resumen de la tercera fecha del torneo de liga sub &#8211; 13\"}]},{\"@type\":\"WebSite\",\"@id\":\"https:\/\/luchonoticias.com\/editor\/#website\",\"url\":\"https:\/\/luchonoticias.com\/editor\/\",\"name\":\"\",\"description\":\"\",\"publisher\":{\"@id\":\"https:\/\/luchonoticias.com\/editor\/#\/schema\/person\/7a7fd911f58561fd056dbac7b55af9cd\"},\"potentialAction\":[{\"@type\":\"SearchAction\",\"target\":{\"@type\":\"EntryPoint\",\"urlTemplate\":\"https:\/\/luchonoticias.com\/editor\/?s={search_term_string}\"},\"query-input\":{\"@type\":\"PropertyValueSpecification\",\"valueRequired\":true,\"valueName\":\"search_term_string\"}}],\"inLanguage\":\"es\"},{\"@type\":[\"Person\",\"Organization\"],\"@id\":\"https:\/\/luchonoticias.com\/editor\/#\/schema\/person\/7a7fd911f58561fd056dbac7b55af9cd\",\"name\":\"admin\",\"image\":{\"@type\":\"ImageObject\",\"inLanguage\":\"es\",\"@id\":\"https:\/\/luchonoticias.com\/editor\/#\/schema\/person\/image\/\",\"url\":\"https:\/\/luchonoticias.com\/editor\/wp-content\/uploads\/2024\/02\/cropped-cropped-logolu.webp\",\"contentUrl\":\"https:\/\/luchonoticias.com\/editor\/wp-content\/uploads\/2024\/02\/cropped-cropped-logolu.webp\",\"width\":382,\"height\":170,\"caption\":\"admin\"},\"logo\":{\"@id\":\"https:\/\/luchonoticias.com\/editor\/#\/schema\/person\/image\/\"},\"sameAs\":[\"https:\/\/www.facebook.com\/luchonoticiasneiva\"]},{\"@type\":\"Person\",\"@id\":\"https:\/\/luchonoticias.com\/editor\/#\/schema\/person\/29217990ddf6f14e35912b2866d591fb\",\"name\":\"Editor General\",\"image\":{\"@type\":\"ImageObject\",\"inLanguage\":\"es\",\"@id\":\"https:\/\/luchonoticias.com\/editor\/#\/schema\/person\/image\/\",\"url\":\"https:\/\/luchonoticias.com\/editor\/wp-content\/uploads\/2024\/02\/cropped-cropped-logolu-150x150.webp\",\"contentUrl\":\"https:\/\/luchonoticias.com\/editor\/wp-content\/uploads\/2024\/02\/cropped-cropped-logolu-150x150.webp\",\"caption\":\"Editor General\"},\"sameAs\":[\"https:\/\/luchonoticias.com\/\"],\"url\":\"https:\/\/luchonoticias.com\/editor\/author\/editor-general\/\"}]}<\/script>\n<!-- \/ Yoast SEO plugin. -->","yoast_head_json":{"title":"Resumen de la tercera fecha del torneo de liga sub - 13 -","robots":{"index":"index","follow":"follow","max-snippet":"max-snippet:-1","max-image-preview":"max-image-preview:large","max-video-preview":"max-video-preview:-1"},"canonical":"https:\/\/luchonoticias.com\/editor\/resumen-de-la-tercera-fecha-del-torneo-de-liga-sub-13\/","og_locale":"es_ES","og_type":"article","og_title":"Resumen de la tercera fecha del torneo de liga sub - 13 -","og_url":"https:\/\/luchonoticias.com\/editor\/resumen-de-la-tercera-fecha-del-torneo-de-liga-sub-13\/","article_publisher":"https:\/\/www.facebook.com\/luchonoticiasneiva","article_published_time":"2023-05-18T12:24:20+00:00","article_modified_time":"2023-05-18T12:24:21+00:00","author":"Editor General","twitter_card":"summary_large_image","twitter_misc":{"Escrito por":"Editor General","Tiempo de lectura":"1 minuto"},"schema":{"@context":"https:\/\/schema.org","@graph":[{"@type":"Article","@id":"https:\/\/luchonoticias.com\/editor\/resumen-de-la-tercera-fecha-del-torneo-de-liga-sub-13\/#article","isPartOf":{"@id":"https:\/\/luchonoticias.com\/editor\/resumen-de-la-tercera-fecha-del-torneo-de-liga-sub-13\/"},"author":{"name":"Editor General","@id":"https:\/\/luchonoticias.com\/editor\/#\/schema\/person\/29217990ddf6f14e35912b2866d591fb"},"headline":"Resumen de la tercera fecha del torneo de liga sub &#8211; 13","datePublished":"2023-05-18T12:24:20+00:00","dateModified":"2023-05-18T12:24:21+00:00","mainEntityOfPage":{"@id":"https:\/\/luchonoticias.com\/editor\/resumen-de-la-tercera-fecha-del-torneo-de-liga-sub-13\/"},"wordCount":150,"commentCount":0,"publisher":{"@id":"https:\/\/luchonoticias.com\/editor\/#\/schema\/person\/7a7fd911f58561fd056dbac7b55af9cd"},"articleSection":["Deportes"],"inLanguage":"es","potentialAction":[{"@type":"CommentAction","name":"Comment","target":["https:\/\/luchonoticias.com\/editor\/resumen-de-la-tercera-fecha-del-torneo-de-liga-sub-13\/#respond"]}]},{"@type":"WebPage","@id":"https:\/\/luchonoticias.com\/editor\/resumen-de-la-tercera-fecha-del-torneo-de-liga-sub-13\/","url":"https:\/\/luchonoticias.com\/editor\/resumen-de-la-tercera-fecha-del-torneo-de-liga-sub-13\/","name":"Resumen de la tercera fecha del torneo de liga sub - 13 -","isPartOf":{"@id":"https:\/\/luchonoticias.com\/editor\/#website"},"datePublished":"2023-05-18T12:24:20+00:00","dateModified":"2023-05-18T12:24:21+00:00","breadcrumb":{"@id":"https:\/\/luchonoticias.com\/editor\/resumen-de-la-tercera-fecha-del-torneo-de-liga-sub-13\/#breadcrumb"},"inLanguage":"es","potentialAction":[{"@type":"ReadAction","target":["https:\/\/luchonoticias.com\/editor\/resumen-de-la-tercera-fecha-del-torneo-de-liga-sub-13\/"]}]},{"@type":"BreadcrumbList","@id":"https:\/\/luchonoticias.com\/editor\/resumen-de-la-tercera-fecha-del-torneo-de-liga-sub-13\/#breadcrumb","itemListElement":[{"@type":"ListItem","position":1,"name":"Portada","item":"https:\/\/luchonoticias.com\/editor\/"},{"@type":"ListItem","position":2,"name":"Resumen de la tercera fecha del torneo de liga sub &#8211; 13"}]},{"@type":"WebSite","@id":"https:\/\/luchonoticias.com\/editor\/#website","url":"https:\/\/luchonoticias.com\/editor\/","name":"","description":"","publisher":{"@id":"https:\/\/luchonoticias.com\/editor\/#\/schema\/person\/7a7fd911f58561fd056dbac7b55af9cd"},"potentialAction":[{"@type":"SearchAction","target":{"@type":"EntryPoint","urlTemplate":"https:\/\/luchonoticias.com\/editor\/?s={search_term_string}"},"query-input":{"@type":"PropertyValueSpecification","valueRequired":true,"valueName":"search_term_string"}}],"inLanguage":"es"},{"@type":["Person","Organization"],"@id":"https:\/\/luchonoticias.com\/editor\/#\/schema\/person\/7a7fd911f58561fd056dbac7b55af9cd","name":"admin","image":{"@type":"ImageObject","inLanguage":"es","@id":"https:\/\/luchonoticias.com\/editor\/#\/schema\/person\/image\/","url":"https:\/\/luchonoticias.com\/editor\/wp-content\/uploads\/2024\/02\/cropped-cropped-logolu.webp","contentUrl":"https:\/\/luchonoticias.com\/editor\/wp-content\/uploads\/2024\/02\/cropped-cropped-logolu.webp","width":382,"height":170,"caption":"admin"},"logo":{"@id":"https:\/\/luchonoticias.com\/editor\/#\/schema\/person\/image\/"},"sameAs":["https:\/\/www.facebook.com\/luchonoticiasneiva"]},{"@type":"Person","@id":"https:\/\/luchonoticias.com\/editor\/#\/schema\/person\/29217990ddf6f14e35912b2866d591fb","name":"Editor General","image":{"@type":"ImageObject","inLanguage":"es","@id":"https:\/\/luchonoticias.com\/editor\/#\/schema\/person\/image\/","url":"https:\/\/luchonoticias.com\/editor\/wp-content\/uploads\/2024\/02\/cropped-cropped-logolu-150x150.webp","contentUrl":"https:\/\/luchonoticias.com\/editor\/wp-content\/uploads\/2024\/02\/cropped-cropped-logolu-150x150.webp","caption":"Editor General"},"sameAs":["https:\/\/luchonoticias.com\/"],"url":"https:\/\/luchonoticias.com\/editor\/author\/editor-general\/"}]}},"_links":{"self":[{"href":"https:\/\/luchonoticias.com\/editor\/wp-json\/wp\/v2\/posts\/52695","targetHints":{"allow":["GET"]}}],"collection":[{"href":"https:\/\/luchonoticias.com\/editor\/wp-json\/wp\/v2\/posts"}],"about":[{"href":"https:\/\/luchonoticias.com\/editor\/wp-json\/wp\/v2\/types\/post"}],"author":[{"embeddable":true,"href":"https:\/\/luchonoticias.com\/editor\/wp-json\/wp\/v2\/users\/2"}],"replies":[{"embeddable":true,"href":"https:\/\/luchonoticias.com\/editor\/wp-json\/wp\/v2\/comments?post=52695"}],"version-history":[{"count":0,"href":"https:\/\/luchonoticias.com\/editor\/wp-json\/wp\/v2\/posts\/52695\/revisions"}],"wp:attachment":[{"href":"https:\/\/luchonoticias.com\/editor\/wp-json\/wp\/v2\/media?parent=52695"}],"wp:term":[{"taxonomy":"category","embeddable":true,"href":"https:\/\/luchonoticias.com\/editor\/wp-json\/wp\/v2\/categories?post=52695"},{"taxonomy":"post_tag","embeddable":true,"href":"https:\/\/luchonoticias.com\/editor\/wp-json\/wp\/v2\/tags?post=52695"}],"curies":[{"name":"wp","href":"https:\/\/api.w.org\/{rel}","templated":true}]}}