{"id":52711,"date":"2023-05-18T08:45:44","date_gmt":"2023-05-18T13:45:44","guid":{"rendered":"https:\/\/luchonoticias.com\/?p=52711"},"modified":"2023-05-18T08:45:45","modified_gmt":"2023-05-18T13:45:45","slug":"federacion-colombiana-de-patinaje-destaco-trabajo-del-alcalde-de-neiva","status":"publish","type":"post","link":"https:\/\/luchonoticias.com\/editor\/federacion-colombiana-de-patinaje-destaco-trabajo-del-alcalde-de-neiva\/","title":{"rendered":"Federaci\u00f3n Colombiana de Patinaje destac\u00f3 trabajo del Alcalde de Neiva"},"content":{"rendered":"\n<p>Desde el pasado 11 de mayo, la capital huilense es epicentro de un importante evento deportivo, que congrega delegaciones de diferentes departamentos y pa\u00edses invitados, con el cual se inaugur\u00f3 oficialmente el patin\u00f3dromo, un escenario deportivo que se empez\u00f3 a construir hace m\u00e1s de diez a\u00f1os y que finalmente fue entregado a la comunidad.<\/p>\n\n\n\n<p>El Grand Prix de Patinaje de Velocidad, empez\u00f3 con la participaci\u00f3n de las categor\u00edas menores; ni\u00f1os y ni\u00f1as entre los 7 y los 10 a\u00f1os, que hicieron parte del Segundo Festival Nacional Interclubes y posteriormente se le dio paso al Torneo Nacional de Transici\u00f3n, certamen que cont\u00f3 con la participaci\u00f3n de m\u00e1s de seiscientos deportistas.<\/p>\n\n\n\n<p>Este jueves, lleg\u00f3 el turno para la categor\u00eda de mayores, con el inicio de la S\u00e9ptima V\u00e1lida Nacional Interclubes. Durante los actos protocolarios, Jos\u00e9 Acevedo, Presidente de la Federaci\u00f3n Nacional de Patinaje, destac\u00f3 el trabajo realizado en el municipio, para convertirse en sede de la competencia, as\u00ed como las condiciones del escenario deportivo.<\/p>\n\n\n\n<p>\u201cPara nosotros es motivo de orgullo poder llegar a una ciudad como Neiva y encontrarnos con dirigentes como Gorky Mu\u00f1oz, porque no todo el mundo tiene la voluntad de invertir en la gente; el deporte es el catalizador de todos los problemas sociales, es salud, educaci\u00f3n, disciplina, construcci\u00f3n de tejido social. A usted tendr\u00e1 que recordarlo esta ciudad, por haber construido este escenario, haberlo terminado, dejando una huella muy importante. Seguramente la historia del patinaje del Huila ir\u00e1 a escribirse de otra forma, porque hoy tienen un escenario con todas las condiciones t\u00e9cnicas para la pr\u00e1ctica de este deporte\u201d indic\u00f3 Acevedo.<\/p>\n\n\n\n<p>El dirigente adem\u00e1s destac\u00f3 la labor del alcalde Mu\u00f1oz, para lograr que el Grand Prix de Patinaje se realizara en Neiva y no en otro lugar, ya que se trata de uno de los eventos m\u00e1s importantes del calendario nacional en esta disciplina, que genera un importante impacto en materia econ\u00f3mica, social y en la reactivaci\u00f3n de diferentes sectores.<\/p>\n\n\n\n<p>Por su parte el mandatario local, resalt\u00f3 el hecho de que hoy el Patin\u00f3dromo sea una realidad. \u201cEs un escenario que est\u00e1 homologado para cert\u00e1menes internacionales, que tiene capacidad para m\u00e1s de 600 espectadores y que en su etapa de ejecuci\u00f3n, gener\u00f3 m\u00e1s de 100 empleos entre directos e indirectos\u201d se\u00f1al\u00f3.<\/p>\n\n\n\n<p>Adem\u00e1s aprovech\u00f3 la oportunidad para entregar a Jos\u00e9 Acevedo, Presidente de la Federaci\u00f3n Colombiana de Patinaje, las llaves de la ciudad \u201ccomo s\u00edmbolo de gratitud por su contribuci\u00f3n al desarrollo de Neiva\u201d.<\/p>\n\n\n\n<p>La S\u00e9ptima V\u00e1lida Nacional Interclubes 2023 finalizar\u00e1 el pr\u00f3ximo s\u00e1bado 20 de mayo y el cierre del Grand Prix ser\u00e1 el domingo, con la disputa del marat\u00f3n, donde participar\u00e1n alrededor de 800 deportistas.<\/p>\n","protected":false},"excerpt":{"rendered":"<p>Desde el pasado 11 de mayo, la capital huilense es epicentro de un importante evento deportivo, que congrega delegaciones de diferentes departamentos y pa\u00edses invitados, con el cual se inaugur\u00f3 oficialmente el patin\u00f3dromo, un escenario deportivo que se empez\u00f3 a construir hace m\u00e1s de diez a\u00f1os y que finalmente fue entregado a la comunidad. El [&hellip;]<\/p>\n","protected":false},"author":2,"featured_media":0,"comment_status":"open","ping_status":"open","sticky":false,"template":"","format":"standard","meta":{"footnotes":""},"categories":[36,31],"tags":[],"class_list":["post-52711","post","type-post","status-publish","format-standard","hentry","category-destacado","category-local"],"yoast_head":"<!-- This site is optimized with the Yoast SEO plugin v26.6 - https:\/\/yoast.com\/wordpress\/plugins\/seo\/ -->\n<title>Federaci\u00f3n Colombiana de Patinaje destac\u00f3 trabajo del Alcalde de Neiva -<\/title>\n<meta name=\"robots\" content=\"index, follow, max-snippet:-1, max-image-preview:large, max-video-preview:-1\" \/>\n<link rel=\"canonical\" href=\"https:\/\/luchonoticias.com\/editor\/federacion-colombiana-de-patinaje-destaco-trabajo-del-alcalde-de-neiva\/\" \/>\n<meta property=\"og:locale\" content=\"es_ES\" \/>\n<meta property=\"og:type\" content=\"article\" \/>\n<meta property=\"og:title\" content=\"Federaci\u00f3n Colombiana de Patinaje destac\u00f3 trabajo del Alcalde de Neiva -\" \/>\n<meta property=\"og:url\" content=\"https:\/\/luchonoticias.com\/editor\/federacion-colombiana-de-patinaje-destaco-trabajo-del-alcalde-de-neiva\/\" \/>\n<meta property=\"article:publisher\" content=\"https:\/\/www.facebook.com\/luchonoticiasneiva\" \/>\n<meta property=\"article:published_time\" content=\"2023-05-18T13:45:44+00:00\" \/>\n<meta property=\"article:modified_time\" content=\"2023-05-18T13:45:45+00:00\" \/>\n<meta name=\"author\" content=\"Editor General\" \/>\n<meta name=\"twitter:card\" content=\"summary_large_image\" \/>\n<meta name=\"twitter:label1\" content=\"Escrito por\" \/>\n\t<meta name=\"twitter:data1\" content=\"Editor General\" \/>\n\t<meta name=\"twitter:label2\" content=\"Tiempo de lectura\" \/>\n\t<meta name=\"twitter:data2\" content=\"2 minutos\" \/>\n<script type=\"application\/ld+json\" class=\"yoast-schema-graph\">{\"@context\":\"https:\/\/schema.org\",\"@graph\":[{\"@type\":\"Article\",\"@id\":\"https:\/\/luchonoticias.com\/editor\/federacion-colombiana-de-patinaje-destaco-trabajo-del-alcalde-de-neiva\/#article\",\"isPartOf\":{\"@id\":\"https:\/\/luchonoticias.com\/editor\/federacion-colombiana-de-patinaje-destaco-trabajo-del-alcalde-de-neiva\/\"},\"author\":{\"name\":\"Editor General\",\"@id\":\"https:\/\/luchonoticias.com\/editor\/#\/schema\/person\/29217990ddf6f14e35912b2866d591fb\"},\"headline\":\"Federaci\u00f3n Colombiana de Patinaje destac\u00f3 trabajo del Alcalde de Neiva\",\"datePublished\":\"2023-05-18T13:45:44+00:00\",\"dateModified\":\"2023-05-18T13:45:45+00:00\",\"mainEntityOfPage\":{\"@id\":\"https:\/\/luchonoticias.com\/editor\/federacion-colombiana-de-patinaje-destaco-trabajo-del-alcalde-de-neiva\/\"},\"wordCount\":483,\"commentCount\":0,\"publisher\":{\"@id\":\"https:\/\/luchonoticias.com\/editor\/#\/schema\/person\/7a7fd911f58561fd056dbac7b55af9cd\"},\"articleSection\":[\"Destacado\",\"Local\"],\"inLanguage\":\"es\",\"potentialAction\":[{\"@type\":\"CommentAction\",\"name\":\"Comment\",\"target\":[\"https:\/\/luchonoticias.com\/editor\/federacion-colombiana-de-patinaje-destaco-trabajo-del-alcalde-de-neiva\/#respond\"]}]},{\"@type\":\"WebPage\",\"@id\":\"https:\/\/luchonoticias.com\/editor\/federacion-colombiana-de-patinaje-destaco-trabajo-del-alcalde-de-neiva\/\",\"url\":\"https:\/\/luchonoticias.com\/editor\/federacion-colombiana-de-patinaje-destaco-trabajo-del-alcalde-de-neiva\/\",\"name\":\"Federaci\u00f3n Colombiana de Patinaje destac\u00f3 trabajo del Alcalde de Neiva -\",\"isPartOf\":{\"@id\":\"https:\/\/luchonoticias.com\/editor\/#website\"},\"datePublished\":\"2023-05-18T13:45:44+00:00\",\"dateModified\":\"2023-05-18T13:45:45+00:00\",\"breadcrumb\":{\"@id\":\"https:\/\/luchonoticias.com\/editor\/federacion-colombiana-de-patinaje-destaco-trabajo-del-alcalde-de-neiva\/#breadcrumb\"},\"inLanguage\":\"es\",\"potentialAction\":[{\"@type\":\"ReadAction\",\"target\":[\"https:\/\/luchonoticias.com\/editor\/federacion-colombiana-de-patinaje-destaco-trabajo-del-alcalde-de-neiva\/\"]}]},{\"@type\":\"BreadcrumbList\",\"@id\":\"https:\/\/luchonoticias.com\/editor\/federacion-colombiana-de-patinaje-destaco-trabajo-del-alcalde-de-neiva\/#breadcrumb\",\"itemListElement\":[{\"@type\":\"ListItem\",\"position\":1,\"name\":\"Portada\",\"item\":\"https:\/\/luchonoticias.com\/editor\/\"},{\"@type\":\"ListItem\",\"position\":2,\"name\":\"Federaci\u00f3n Colombiana de Patinaje destac\u00f3 trabajo del Alcalde de Neiva\"}]},{\"@type\":\"WebSite\",\"@id\":\"https:\/\/luchonoticias.com\/editor\/#website\",\"url\":\"https:\/\/luchonoticias.com\/editor\/\",\"name\":\"\",\"description\":\"\",\"publisher\":{\"@id\":\"https:\/\/luchonoticias.com\/editor\/#\/schema\/person\/7a7fd911f58561fd056dbac7b55af9cd\"},\"potentialAction\":[{\"@type\":\"SearchAction\",\"target\":{\"@type\":\"EntryPoint\",\"urlTemplate\":\"https:\/\/luchonoticias.com\/editor\/?s={search_term_string}\"},\"query-input\":{\"@type\":\"PropertyValueSpecification\",\"valueRequired\":true,\"valueName\":\"search_term_string\"}}],\"inLanguage\":\"es\"},{\"@type\":[\"Person\",\"Organization\"],\"@id\":\"https:\/\/luchonoticias.com\/editor\/#\/schema\/person\/7a7fd911f58561fd056dbac7b55af9cd\",\"name\":\"admin\",\"image\":{\"@type\":\"ImageObject\",\"inLanguage\":\"es\",\"@id\":\"https:\/\/luchonoticias.com\/editor\/#\/schema\/person\/image\/\",\"url\":\"https:\/\/luchonoticias.com\/editor\/wp-content\/uploads\/2024\/02\/cropped-cropped-logolu.webp\",\"contentUrl\":\"https:\/\/luchonoticias.com\/editor\/wp-content\/uploads\/2024\/02\/cropped-cropped-logolu.webp\",\"width\":382,\"height\":170,\"caption\":\"admin\"},\"logo\":{\"@id\":\"https:\/\/luchonoticias.com\/editor\/#\/schema\/person\/image\/\"},\"sameAs\":[\"https:\/\/www.facebook.com\/luchonoticiasneiva\"]},{\"@type\":\"Person\",\"@id\":\"https:\/\/luchonoticias.com\/editor\/#\/schema\/person\/29217990ddf6f14e35912b2866d591fb\",\"name\":\"Editor General\",\"image\":{\"@type\":\"ImageObject\",\"inLanguage\":\"es\",\"@id\":\"https:\/\/luchonoticias.com\/editor\/#\/schema\/person\/image\/\",\"url\":\"https:\/\/luchonoticias.com\/editor\/wp-content\/uploads\/2024\/02\/cropped-cropped-logolu-150x150.webp\",\"contentUrl\":\"https:\/\/luchonoticias.com\/editor\/wp-content\/uploads\/2024\/02\/cropped-cropped-logolu-150x150.webp\",\"caption\":\"Editor General\"},\"sameAs\":[\"https:\/\/luchonoticias.com\/\"],\"url\":\"https:\/\/luchonoticias.com\/editor\/author\/editor-general\/\"}]}<\/script>\n<!-- \/ Yoast SEO plugin. -->","yoast_head_json":{"title":"Federaci\u00f3n Colombiana de Patinaje destac\u00f3 trabajo del Alcalde de Neiva -","robots":{"index":"index","follow":"follow","max-snippet":"max-snippet:-1","max-image-preview":"max-image-preview:large","max-video-preview":"max-video-preview:-1"},"canonical":"https:\/\/luchonoticias.com\/editor\/federacion-colombiana-de-patinaje-destaco-trabajo-del-alcalde-de-neiva\/","og_locale":"es_ES","og_type":"article","og_title":"Federaci\u00f3n Colombiana de Patinaje destac\u00f3 trabajo del Alcalde de Neiva -","og_url":"https:\/\/luchonoticias.com\/editor\/federacion-colombiana-de-patinaje-destaco-trabajo-del-alcalde-de-neiva\/","article_publisher":"https:\/\/www.facebook.com\/luchonoticiasneiva","article_published_time":"2023-05-18T13:45:44+00:00","article_modified_time":"2023-05-18T13:45:45+00:00","author":"Editor General","twitter_card":"summary_large_image","twitter_misc":{"Escrito por":"Editor General","Tiempo de lectura":"2 minutos"},"schema":{"@context":"https:\/\/schema.org","@graph":[{"@type":"Article","@id":"https:\/\/luchonoticias.com\/editor\/federacion-colombiana-de-patinaje-destaco-trabajo-del-alcalde-de-neiva\/#article","isPartOf":{"@id":"https:\/\/luchonoticias.com\/editor\/federacion-colombiana-de-patinaje-destaco-trabajo-del-alcalde-de-neiva\/"},"author":{"name":"Editor General","@id":"https:\/\/luchonoticias.com\/editor\/#\/schema\/person\/29217990ddf6f14e35912b2866d591fb"},"headline":"Federaci\u00f3n Colombiana de Patinaje destac\u00f3 trabajo del Alcalde de Neiva","datePublished":"2023-05-18T13:45:44+00:00","dateModified":"2023-05-18T13:45:45+00:00","mainEntityOfPage":{"@id":"https:\/\/luchonoticias.com\/editor\/federacion-colombiana-de-patinaje-destaco-trabajo-del-alcalde-de-neiva\/"},"wordCount":483,"commentCount":0,"publisher":{"@id":"https:\/\/luchonoticias.com\/editor\/#\/schema\/person\/7a7fd911f58561fd056dbac7b55af9cd"},"articleSection":["Destacado","Local"],"inLanguage":"es","potentialAction":[{"@type":"CommentAction","name":"Comment","target":["https:\/\/luchonoticias.com\/editor\/federacion-colombiana-de-patinaje-destaco-trabajo-del-alcalde-de-neiva\/#respond"]}]},{"@type":"WebPage","@id":"https:\/\/luchonoticias.com\/editor\/federacion-colombiana-de-patinaje-destaco-trabajo-del-alcalde-de-neiva\/","url":"https:\/\/luchonoticias.com\/editor\/federacion-colombiana-de-patinaje-destaco-trabajo-del-alcalde-de-neiva\/","name":"Federaci\u00f3n Colombiana de Patinaje destac\u00f3 trabajo del Alcalde de Neiva -","isPartOf":{"@id":"https:\/\/luchonoticias.com\/editor\/#website"},"datePublished":"2023-05-18T13:45:44+00:00","dateModified":"2023-05-18T13:45:45+00:00","breadcrumb":{"@id":"https:\/\/luchonoticias.com\/editor\/federacion-colombiana-de-patinaje-destaco-trabajo-del-alcalde-de-neiva\/#breadcrumb"},"inLanguage":"es","potentialAction":[{"@type":"ReadAction","target":["https:\/\/luchonoticias.com\/editor\/federacion-colombiana-de-patinaje-destaco-trabajo-del-alcalde-de-neiva\/"]}]},{"@type":"BreadcrumbList","@id":"https:\/\/luchonoticias.com\/editor\/federacion-colombiana-de-patinaje-destaco-trabajo-del-alcalde-de-neiva\/#breadcrumb","itemListElement":[{"@type":"ListItem","position":1,"name":"Portada","item":"https:\/\/luchonoticias.com\/editor\/"},{"@type":"ListItem","position":2,"name":"Federaci\u00f3n Colombiana de Patinaje destac\u00f3 trabajo del Alcalde de Neiva"}]},{"@type":"WebSite","@id":"https:\/\/luchonoticias.com\/editor\/#website","url":"https:\/\/luchonoticias.com\/editor\/","name":"","description":"","publisher":{"@id":"https:\/\/luchonoticias.com\/editor\/#\/schema\/person\/7a7fd911f58561fd056dbac7b55af9cd"},"potentialAction":[{"@type":"SearchAction","target":{"@type":"EntryPoint","urlTemplate":"https:\/\/luchonoticias.com\/editor\/?s={search_term_string}"},"query-input":{"@type":"PropertyValueSpecification","valueRequired":true,"valueName":"search_term_string"}}],"inLanguage":"es"},{"@type":["Person","Organization"],"@id":"https:\/\/luchonoticias.com\/editor\/#\/schema\/person\/7a7fd911f58561fd056dbac7b55af9cd","name":"admin","image":{"@type":"ImageObject","inLanguage":"es","@id":"https:\/\/luchonoticias.com\/editor\/#\/schema\/person\/image\/","url":"https:\/\/luchonoticias.com\/editor\/wp-content\/uploads\/2024\/02\/cropped-cropped-logolu.webp","contentUrl":"https:\/\/luchonoticias.com\/editor\/wp-content\/uploads\/2024\/02\/cropped-cropped-logolu.webp","width":382,"height":170,"caption":"admin"},"logo":{"@id":"https:\/\/luchonoticias.com\/editor\/#\/schema\/person\/image\/"},"sameAs":["https:\/\/www.facebook.com\/luchonoticiasneiva"]},{"@type":"Person","@id":"https:\/\/luchonoticias.com\/editor\/#\/schema\/person\/29217990ddf6f14e35912b2866d591fb","name":"Editor General","image":{"@type":"ImageObject","inLanguage":"es","@id":"https:\/\/luchonoticias.com\/editor\/#\/schema\/person\/image\/","url":"https:\/\/luchonoticias.com\/editor\/wp-content\/uploads\/2024\/02\/cropped-cropped-logolu-150x150.webp","contentUrl":"https:\/\/luchonoticias.com\/editor\/wp-content\/uploads\/2024\/02\/cropped-cropped-logolu-150x150.webp","caption":"Editor General"},"sameAs":["https:\/\/luchonoticias.com\/"],"url":"https:\/\/luchonoticias.com\/editor\/author\/editor-general\/"}]}},"_links":{"self":[{"href":"https:\/\/luchonoticias.com\/editor\/wp-json\/wp\/v2\/posts\/52711","targetHints":{"allow":["GET"]}}],"collection":[{"href":"https:\/\/luchonoticias.com\/editor\/wp-json\/wp\/v2\/posts"}],"about":[{"href":"https:\/\/luchonoticias.com\/editor\/wp-json\/wp\/v2\/types\/post"}],"author":[{"embeddable":true,"href":"https:\/\/luchonoticias.com\/editor\/wp-json\/wp\/v2\/users\/2"}],"replies":[{"embeddable":true,"href":"https:\/\/luchonoticias.com\/editor\/wp-json\/wp\/v2\/comments?post=52711"}],"version-history":[{"count":0,"href":"https:\/\/luchonoticias.com\/editor\/wp-json\/wp\/v2\/posts\/52711\/revisions"}],"wp:attachment":[{"href":"https:\/\/luchonoticias.com\/editor\/wp-json\/wp\/v2\/media?parent=52711"}],"wp:term":[{"taxonomy":"category","embeddable":true,"href":"https:\/\/luchonoticias.com\/editor\/wp-json\/wp\/v2\/categories?post=52711"},{"taxonomy":"post_tag","embeddable":true,"href":"https:\/\/luchonoticias.com\/editor\/wp-json\/wp\/v2\/tags?post=52711"}],"curies":[{"name":"wp","href":"https:\/\/api.w.org\/{rel}","templated":true}]}}