{"id":52715,"date":"2023-05-18T10:58:45","date_gmt":"2023-05-18T15:58:45","guid":{"rendered":"https:\/\/luchonoticias.com\/?p=52715"},"modified":"2023-05-18T10:58:47","modified_gmt":"2023-05-18T15:58:47","slug":"la-competitividad-del-huila-y-sus-cifras","status":"publish","type":"post","link":"https:\/\/luchonoticias.com\/editor\/la-competitividad-del-huila-y-sus-cifras\/","title":{"rendered":"La competitividad del Huila y sus cifras"},"content":{"rendered":"\n<p>La audiencia p\u00fablica de Rendici\u00f3n de Cuentas del Plan de Desarrollo Huila Crece, de la vigencia 2022, que se cumpli\u00f3 el d\u00eda de hoy, abord\u00f3 tres ejes estrat\u00e9gicos: Empleo, infraestructura y emprendimiento; Capital humano; y Gobierno ejemplar.<\/p>\n\n\n\n<p>En el primero de estos ejes estrat\u00e9gicos, la Oficina de Productividad y Competitividad indic\u00f3 que puso en marcha la&nbsp;<strong>implementaci\u00f3n de la Pol\u00edtica P\u00fablica de Emprendimiento<\/strong>, Empresarismo e Innovaci\u00f3n, con una&nbsp;<strong>inversi\u00f3n hist\u00f3rica de m\u00e1s de $45 mil millones,<\/strong>&nbsp;dirigidos a los diferentes programas enfocados a la generaci\u00f3n de empleo, el emprendimiento y la innovaci\u00f3n.<\/p>\n\n\n\n<p>\u201cEs importante resaltar que&nbsp;<strong>en este gobierno es algo hist\u00f3rico lo que se ha hecho en inversi\u00f3n en materia de emprendimiento<\/strong>, nunca un gobierno anterior hab\u00eda hecho esta inversi\u00f3n que se tiene hoy en d\u00eda en materia de empleo, emprendimiento e innovaci\u00f3n, donde ya llevamos m\u00e1s de 45 mil millones de pesos invertidos a trav\u00e9s de los diferentes programas, estrategias y proyectos\u201d, resalt\u00f3 Oscar Eduardo Trujillo, jefe de la Oficina de Productividad y Competitividad del Huila.<\/p>\n\n\n\n<p>La&nbsp;<strong>Pol\u00edtica P\u00fablica de Emprendimiento, Empresarismo e Innovaci\u00f3n<\/strong>&nbsp;est\u00e1 estructurada en seis pilares, 1. Entorno favorable, 2. Capital humano, 3. Financiamiento, 4. Fortalecimiento empresarial, 5. Gesti\u00f3n tecnol\u00f3gica e innovaci\u00f3n, y 6. Entorno institucional. En el primer pilar ya se han invertido $11.224 millones.<\/p>\n\n\n\n<p>\u201cDentro de estos 45 mil millones de pesos estamos presentando cu\u00e1nto ha sido la inversi\u00f3n en cada pilar, en el primer pilar que es Entorno favorable ya se han invertido m\u00e1s de 11 mil millones de pesos, y se ha empezado a generar toda esa cultura y mentalidad empresarial, all\u00ed ya contamos con ese visor empresarial donde en un trabajo articulado con la C\u00e1mara de Comercio del Huila, ya tenemos este producto funcionando y cualquier empresario o emprendedor puede entrar a las plataformas virtuales y acceder a la informaci\u00f3n gratuita de este visor empresarial\u201d, explic\u00f3 el jefe de la Oficina de Productividad y Competitividad.<\/p>\n","protected":false},"excerpt":{"rendered":"<p>La audiencia p\u00fablica de Rendici\u00f3n de Cuentas del Plan de Desarrollo Huila Crece, de la vigencia 2022, que se cumpli\u00f3 el d\u00eda de hoy, abord\u00f3 tres ejes estrat\u00e9gicos: Empleo, infraestructura y emprendimiento; Capital humano; y Gobierno ejemplar. En el primero de estos ejes estrat\u00e9gicos, la Oficina de Productividad y Competitividad indic\u00f3 que puso en marcha [&hellip;]<\/p>\n","protected":false},"author":2,"featured_media":0,"comment_status":"open","ping_status":"open","sticky":false,"template":"","format":"standard","meta":{"footnotes":""},"categories":[33],"tags":[],"class_list":["post-52715","post","type-post","status-publish","format-standard","hentry","category-huila"],"yoast_head":"<!-- This site is optimized with the Yoast SEO plugin v26.6 - https:\/\/yoast.com\/wordpress\/plugins\/seo\/ -->\n<title>La competitividad del Huila y sus cifras -<\/title>\n<meta name=\"robots\" content=\"index, follow, max-snippet:-1, max-image-preview:large, max-video-preview:-1\" \/>\n<link rel=\"canonical\" href=\"https:\/\/luchonoticias.com\/editor\/la-competitividad-del-huila-y-sus-cifras\/\" \/>\n<meta property=\"og:locale\" content=\"es_ES\" \/>\n<meta property=\"og:type\" content=\"article\" \/>\n<meta property=\"og:title\" content=\"La competitividad del Huila y sus cifras -\" \/>\n<meta property=\"og:url\" content=\"https:\/\/luchonoticias.com\/editor\/la-competitividad-del-huila-y-sus-cifras\/\" \/>\n<meta property=\"article:publisher\" content=\"https:\/\/www.facebook.com\/luchonoticiasneiva\" \/>\n<meta property=\"article:published_time\" content=\"2023-05-18T15:58:45+00:00\" \/>\n<meta property=\"article:modified_time\" content=\"2023-05-18T15:58:47+00:00\" \/>\n<meta name=\"author\" content=\"Editor General\" \/>\n<meta name=\"twitter:card\" content=\"summary_large_image\" \/>\n<meta name=\"twitter:label1\" content=\"Escrito por\" \/>\n\t<meta name=\"twitter:data1\" content=\"Editor General\" \/>\n\t<meta name=\"twitter:label2\" content=\"Tiempo de lectura\" \/>\n\t<meta name=\"twitter:data2\" content=\"2 minutos\" \/>\n<script type=\"application\/ld+json\" class=\"yoast-schema-graph\">{\"@context\":\"https:\/\/schema.org\",\"@graph\":[{\"@type\":\"Article\",\"@id\":\"https:\/\/luchonoticias.com\/editor\/la-competitividad-del-huila-y-sus-cifras\/#article\",\"isPartOf\":{\"@id\":\"https:\/\/luchonoticias.com\/editor\/la-competitividad-del-huila-y-sus-cifras\/\"},\"author\":{\"name\":\"Editor General\",\"@id\":\"https:\/\/luchonoticias.com\/editor\/#\/schema\/person\/29217990ddf6f14e35912b2866d591fb\"},\"headline\":\"La competitividad del Huila y sus cifras\",\"datePublished\":\"2023-05-18T15:58:45+00:00\",\"dateModified\":\"2023-05-18T15:58:47+00:00\",\"mainEntityOfPage\":{\"@id\":\"https:\/\/luchonoticias.com\/editor\/la-competitividad-del-huila-y-sus-cifras\/\"},\"wordCount\":349,\"commentCount\":0,\"publisher\":{\"@id\":\"https:\/\/luchonoticias.com\/editor\/#\/schema\/person\/7a7fd911f58561fd056dbac7b55af9cd\"},\"articleSection\":[\"Huila\"],\"inLanguage\":\"es\",\"potentialAction\":[{\"@type\":\"CommentAction\",\"name\":\"Comment\",\"target\":[\"https:\/\/luchonoticias.com\/editor\/la-competitividad-del-huila-y-sus-cifras\/#respond\"]}]},{\"@type\":\"WebPage\",\"@id\":\"https:\/\/luchonoticias.com\/editor\/la-competitividad-del-huila-y-sus-cifras\/\",\"url\":\"https:\/\/luchonoticias.com\/editor\/la-competitividad-del-huila-y-sus-cifras\/\",\"name\":\"La competitividad del Huila y sus cifras -\",\"isPartOf\":{\"@id\":\"https:\/\/luchonoticias.com\/editor\/#website\"},\"datePublished\":\"2023-05-18T15:58:45+00:00\",\"dateModified\":\"2023-05-18T15:58:47+00:00\",\"breadcrumb\":{\"@id\":\"https:\/\/luchonoticias.com\/editor\/la-competitividad-del-huila-y-sus-cifras\/#breadcrumb\"},\"inLanguage\":\"es\",\"potentialAction\":[{\"@type\":\"ReadAction\",\"target\":[\"https:\/\/luchonoticias.com\/editor\/la-competitividad-del-huila-y-sus-cifras\/\"]}]},{\"@type\":\"BreadcrumbList\",\"@id\":\"https:\/\/luchonoticias.com\/editor\/la-competitividad-del-huila-y-sus-cifras\/#breadcrumb\",\"itemListElement\":[{\"@type\":\"ListItem\",\"position\":1,\"name\":\"Portada\",\"item\":\"https:\/\/luchonoticias.com\/editor\/\"},{\"@type\":\"ListItem\",\"position\":2,\"name\":\"La competitividad del Huila y sus cifras\"}]},{\"@type\":\"WebSite\",\"@id\":\"https:\/\/luchonoticias.com\/editor\/#website\",\"url\":\"https:\/\/luchonoticias.com\/editor\/\",\"name\":\"\",\"description\":\"\",\"publisher\":{\"@id\":\"https:\/\/luchonoticias.com\/editor\/#\/schema\/person\/7a7fd911f58561fd056dbac7b55af9cd\"},\"potentialAction\":[{\"@type\":\"SearchAction\",\"target\":{\"@type\":\"EntryPoint\",\"urlTemplate\":\"https:\/\/luchonoticias.com\/editor\/?s={search_term_string}\"},\"query-input\":{\"@type\":\"PropertyValueSpecification\",\"valueRequired\":true,\"valueName\":\"search_term_string\"}}],\"inLanguage\":\"es\"},{\"@type\":[\"Person\",\"Organization\"],\"@id\":\"https:\/\/luchonoticias.com\/editor\/#\/schema\/person\/7a7fd911f58561fd056dbac7b55af9cd\",\"name\":\"admin\",\"image\":{\"@type\":\"ImageObject\",\"inLanguage\":\"es\",\"@id\":\"https:\/\/luchonoticias.com\/editor\/#\/schema\/person\/image\/\",\"url\":\"https:\/\/luchonoticias.com\/editor\/wp-content\/uploads\/2024\/02\/cropped-cropped-logolu.webp\",\"contentUrl\":\"https:\/\/luchonoticias.com\/editor\/wp-content\/uploads\/2024\/02\/cropped-cropped-logolu.webp\",\"width\":382,\"height\":170,\"caption\":\"admin\"},\"logo\":{\"@id\":\"https:\/\/luchonoticias.com\/editor\/#\/schema\/person\/image\/\"},\"sameAs\":[\"https:\/\/www.facebook.com\/luchonoticiasneiva\"]},{\"@type\":\"Person\",\"@id\":\"https:\/\/luchonoticias.com\/editor\/#\/schema\/person\/29217990ddf6f14e35912b2866d591fb\",\"name\":\"Editor General\",\"image\":{\"@type\":\"ImageObject\",\"inLanguage\":\"es\",\"@id\":\"https:\/\/luchonoticias.com\/editor\/#\/schema\/person\/image\/\",\"url\":\"https:\/\/luchonoticias.com\/editor\/wp-content\/uploads\/2024\/02\/cropped-cropped-logolu-150x150.webp\",\"contentUrl\":\"https:\/\/luchonoticias.com\/editor\/wp-content\/uploads\/2024\/02\/cropped-cropped-logolu-150x150.webp\",\"caption\":\"Editor General\"},\"sameAs\":[\"https:\/\/luchonoticias.com\/\"],\"url\":\"https:\/\/luchonoticias.com\/editor\/author\/editor-general\/\"}]}<\/script>\n<!-- \/ Yoast SEO plugin. -->","yoast_head_json":{"title":"La competitividad del Huila y sus cifras -","robots":{"index":"index","follow":"follow","max-snippet":"max-snippet:-1","max-image-preview":"max-image-preview:large","max-video-preview":"max-video-preview:-1"},"canonical":"https:\/\/luchonoticias.com\/editor\/la-competitividad-del-huila-y-sus-cifras\/","og_locale":"es_ES","og_type":"article","og_title":"La competitividad del Huila y sus cifras -","og_url":"https:\/\/luchonoticias.com\/editor\/la-competitividad-del-huila-y-sus-cifras\/","article_publisher":"https:\/\/www.facebook.com\/luchonoticiasneiva","article_published_time":"2023-05-18T15:58:45+00:00","article_modified_time":"2023-05-18T15:58:47+00:00","author":"Editor General","twitter_card":"summary_large_image","twitter_misc":{"Escrito por":"Editor General","Tiempo de lectura":"2 minutos"},"schema":{"@context":"https:\/\/schema.org","@graph":[{"@type":"Article","@id":"https:\/\/luchonoticias.com\/editor\/la-competitividad-del-huila-y-sus-cifras\/#article","isPartOf":{"@id":"https:\/\/luchonoticias.com\/editor\/la-competitividad-del-huila-y-sus-cifras\/"},"author":{"name":"Editor General","@id":"https:\/\/luchonoticias.com\/editor\/#\/schema\/person\/29217990ddf6f14e35912b2866d591fb"},"headline":"La competitividad del Huila y sus cifras","datePublished":"2023-05-18T15:58:45+00:00","dateModified":"2023-05-18T15:58:47+00:00","mainEntityOfPage":{"@id":"https:\/\/luchonoticias.com\/editor\/la-competitividad-del-huila-y-sus-cifras\/"},"wordCount":349,"commentCount":0,"publisher":{"@id":"https:\/\/luchonoticias.com\/editor\/#\/schema\/person\/7a7fd911f58561fd056dbac7b55af9cd"},"articleSection":["Huila"],"inLanguage":"es","potentialAction":[{"@type":"CommentAction","name":"Comment","target":["https:\/\/luchonoticias.com\/editor\/la-competitividad-del-huila-y-sus-cifras\/#respond"]}]},{"@type":"WebPage","@id":"https:\/\/luchonoticias.com\/editor\/la-competitividad-del-huila-y-sus-cifras\/","url":"https:\/\/luchonoticias.com\/editor\/la-competitividad-del-huila-y-sus-cifras\/","name":"La competitividad del Huila y sus cifras -","isPartOf":{"@id":"https:\/\/luchonoticias.com\/editor\/#website"},"datePublished":"2023-05-18T15:58:45+00:00","dateModified":"2023-05-18T15:58:47+00:00","breadcrumb":{"@id":"https:\/\/luchonoticias.com\/editor\/la-competitividad-del-huila-y-sus-cifras\/#breadcrumb"},"inLanguage":"es","potentialAction":[{"@type":"ReadAction","target":["https:\/\/luchonoticias.com\/editor\/la-competitividad-del-huila-y-sus-cifras\/"]}]},{"@type":"BreadcrumbList","@id":"https:\/\/luchonoticias.com\/editor\/la-competitividad-del-huila-y-sus-cifras\/#breadcrumb","itemListElement":[{"@type":"ListItem","position":1,"name":"Portada","item":"https:\/\/luchonoticias.com\/editor\/"},{"@type":"ListItem","position":2,"name":"La competitividad del Huila y sus cifras"}]},{"@type":"WebSite","@id":"https:\/\/luchonoticias.com\/editor\/#website","url":"https:\/\/luchonoticias.com\/editor\/","name":"","description":"","publisher":{"@id":"https:\/\/luchonoticias.com\/editor\/#\/schema\/person\/7a7fd911f58561fd056dbac7b55af9cd"},"potentialAction":[{"@type":"SearchAction","target":{"@type":"EntryPoint","urlTemplate":"https:\/\/luchonoticias.com\/editor\/?s={search_term_string}"},"query-input":{"@type":"PropertyValueSpecification","valueRequired":true,"valueName":"search_term_string"}}],"inLanguage":"es"},{"@type":["Person","Organization"],"@id":"https:\/\/luchonoticias.com\/editor\/#\/schema\/person\/7a7fd911f58561fd056dbac7b55af9cd","name":"admin","image":{"@type":"ImageObject","inLanguage":"es","@id":"https:\/\/luchonoticias.com\/editor\/#\/schema\/person\/image\/","url":"https:\/\/luchonoticias.com\/editor\/wp-content\/uploads\/2024\/02\/cropped-cropped-logolu.webp","contentUrl":"https:\/\/luchonoticias.com\/editor\/wp-content\/uploads\/2024\/02\/cropped-cropped-logolu.webp","width":382,"height":170,"caption":"admin"},"logo":{"@id":"https:\/\/luchonoticias.com\/editor\/#\/schema\/person\/image\/"},"sameAs":["https:\/\/www.facebook.com\/luchonoticiasneiva"]},{"@type":"Person","@id":"https:\/\/luchonoticias.com\/editor\/#\/schema\/person\/29217990ddf6f14e35912b2866d591fb","name":"Editor General","image":{"@type":"ImageObject","inLanguage":"es","@id":"https:\/\/luchonoticias.com\/editor\/#\/schema\/person\/image\/","url":"https:\/\/luchonoticias.com\/editor\/wp-content\/uploads\/2024\/02\/cropped-cropped-logolu-150x150.webp","contentUrl":"https:\/\/luchonoticias.com\/editor\/wp-content\/uploads\/2024\/02\/cropped-cropped-logolu-150x150.webp","caption":"Editor General"},"sameAs":["https:\/\/luchonoticias.com\/"],"url":"https:\/\/luchonoticias.com\/editor\/author\/editor-general\/"}]}},"_links":{"self":[{"href":"https:\/\/luchonoticias.com\/editor\/wp-json\/wp\/v2\/posts\/52715","targetHints":{"allow":["GET"]}}],"collection":[{"href":"https:\/\/luchonoticias.com\/editor\/wp-json\/wp\/v2\/posts"}],"about":[{"href":"https:\/\/luchonoticias.com\/editor\/wp-json\/wp\/v2\/types\/post"}],"author":[{"embeddable":true,"href":"https:\/\/luchonoticias.com\/editor\/wp-json\/wp\/v2\/users\/2"}],"replies":[{"embeddable":true,"href":"https:\/\/luchonoticias.com\/editor\/wp-json\/wp\/v2\/comments?post=52715"}],"version-history":[{"count":0,"href":"https:\/\/luchonoticias.com\/editor\/wp-json\/wp\/v2\/posts\/52715\/revisions"}],"wp:attachment":[{"href":"https:\/\/luchonoticias.com\/editor\/wp-json\/wp\/v2\/media?parent=52715"}],"wp:term":[{"taxonomy":"category","embeddable":true,"href":"https:\/\/luchonoticias.com\/editor\/wp-json\/wp\/v2\/categories?post=52715"},{"taxonomy":"post_tag","embeddable":true,"href":"https:\/\/luchonoticias.com\/editor\/wp-json\/wp\/v2\/tags?post=52715"}],"curies":[{"name":"wp","href":"https:\/\/api.w.org\/{rel}","templated":true}]}}