{"id":52721,"date":"2023-05-18T14:11:33","date_gmt":"2023-05-18T19:11:33","guid":{"rendered":"https:\/\/luchonoticias.com\/?p=52721"},"modified":"2023-05-18T14:11:34","modified_gmt":"2023-05-18T19:11:34","slug":"licitacion-para-impresion-de-pasaportes-en-la-mira-de-la-procuraduria","status":"publish","type":"post","link":"https:\/\/luchonoticias.com\/editor\/licitacion-para-impresion-de-pasaportes-en-la-mira-de-la-procuraduria\/","title":{"rendered":"Licitaci\u00f3n para impresi\u00f3n de pasaportes en la mira de la Procuradur\u00eda"},"content":{"rendered":"\n<p>El proceso de licitaci\u00f3n para elegir a la empresa que dise\u00f1ar\u00e1 e imprimir\u00e1 los pasaportes en Colombia est\u00e1 en la mira de la Procuradur\u00eda, quien&nbsp;<strong>vigila que se den garant\u00edas a la selecci\u00f3n objetiva<\/strong>, libre concurrencia en la participaci\u00f3n, calidad en el servicio y cumplimiento del cronograma.<\/p>\n\n\n\n<p>As\u00ed lo hizo saber Fernando Grillo, Procurador Delegado Segundo para la Vigilancia de la Funci\u00f3n P\u00fablica, al advertir que el Fondo Rotatorio del Ministerio de Relaciones Exteriores, encargado de la selecci\u00f3n del&nbsp;<strong>contrato que tiene un presupuesto cercano a los 600 mil millones de pesos<\/strong>, no ha dado respuesta a una serie de&nbsp;<strong>observaciones hechas por el Ministerio P\u00fablico<\/strong>&nbsp;y que tienen que ver con el pliego de la licitaci\u00f3n y las condiciones de participaci\u00f3n.<\/p>\n\n\n\n<p>La Canciller\u00eda tampoco ha dado respuesta a las empresas participantes que tambi\u00e9n hicieron observaciones relacionadas con&nbsp;<strong>criterios de ponderaci\u00f3n establecidos en el pliego de condiciones<\/strong>&nbsp;y que ten\u00edan que haber quedado absueltas el pasado 12 de mayo.<\/p>\n\n\n\n<p>Enfatiz\u00f3 el procurador \u201c<em>q<\/em><em>ue el proceso de suministro y personalizaci\u00f3n de pasaportes debe ser llevado a cabo con<strong>&nbsp;los m\u00e1s altos est\u00e1ndares de seguridad y calidad<\/strong>, considerando que este documento, adem\u00e1s de tener implicaciones directas en la protecci\u00f3n de la identidad y la integridad de los ciudadanos, es una herramienta fundamental para garantizar la seguridad nacional, el control y la circulaci\u00f3n migratoria<\/em>\u201d.<\/p>\n\n\n\n<p>Asimismo, el delegado manifest\u00f3 que, con antelaci\u00f3n, \u201c<em>se advirti\u00f3 a la Canciller\u00eda sobre la urgencia en iniciar y llevar a cabo el proceso de selecci\u00f3n, para&nbsp;<strong>evitar un&nbsp;desabastecimiento en el suministro, formalizaci\u00f3n y personalizaci\u00f3n de pasaportes<\/strong>, puesto que, el contrato vigente finaliza el 31 de agosto de 2023<\/em>\u00ab.<\/p>\n\n\n\n<p>Ante la situaci\u00f3n, el Ministerio de Relaciones Exteriores inform\u00f3 que \u201c<em>debido a las numerosas y complejas observaciones recibidas dentro de la etapa de traslado del proyecto de pliego de condiciones, no es posible continuar el tr\u00e1mite licitatorio con las fechas previstas en el cronograma inicial<\/em>\u201d.<\/p>\n\n\n\n<p>La Procuradur\u00eda continuar\u00e1 ejerciendo especial seguimiento a este proceso licitatorio con el fin de proteger los recursos p\u00fablicos y velando por los intereses del Estado y de la ciudadan\u00eda.<\/p>\n","protected":false},"excerpt":{"rendered":"<p>El proceso de licitaci\u00f3n para elegir a la empresa que dise\u00f1ar\u00e1 e imprimir\u00e1 los pasaportes en Colombia est\u00e1 en la mira de la Procuradur\u00eda, quien&nbsp;vigila que se den garant\u00edas a la selecci\u00f3n objetiva, libre concurrencia en la participaci\u00f3n, calidad en el servicio y cumplimiento del cronograma. As\u00ed lo hizo saber Fernando Grillo, Procurador Delegado Segundo [&hellip;]<\/p>\n","protected":false},"author":2,"featured_media":0,"comment_status":"open","ping_status":"open","sticky":false,"template":"","format":"standard","meta":{"footnotes":""},"categories":[28,36],"tags":[],"class_list":["post-52721","post","type-post","status-publish","format-standard","hentry","category-actualidad","category-destacado"],"yoast_head":"<!-- This site is optimized with the Yoast SEO plugin v26.6 - https:\/\/yoast.com\/wordpress\/plugins\/seo\/ -->\n<title>Licitaci\u00f3n para impresi\u00f3n de pasaportes en la mira de la Procuradur\u00eda -<\/title>\n<meta name=\"robots\" content=\"index, follow, max-snippet:-1, max-image-preview:large, max-video-preview:-1\" \/>\n<link rel=\"canonical\" href=\"https:\/\/luchonoticias.com\/editor\/licitacion-para-impresion-de-pasaportes-en-la-mira-de-la-procuraduria\/\" \/>\n<meta property=\"og:locale\" content=\"es_ES\" \/>\n<meta property=\"og:type\" content=\"article\" \/>\n<meta property=\"og:title\" content=\"Licitaci\u00f3n para impresi\u00f3n de pasaportes en la mira de la Procuradur\u00eda -\" \/>\n<meta property=\"og:url\" content=\"https:\/\/luchonoticias.com\/editor\/licitacion-para-impresion-de-pasaportes-en-la-mira-de-la-procuraduria\/\" \/>\n<meta property=\"article:publisher\" content=\"https:\/\/www.facebook.com\/luchonoticiasneiva\" \/>\n<meta property=\"article:published_time\" content=\"2023-05-18T19:11:33+00:00\" \/>\n<meta property=\"article:modified_time\" content=\"2023-05-18T19:11:34+00:00\" \/>\n<meta name=\"author\" content=\"Editor General\" \/>\n<meta name=\"twitter:card\" content=\"summary_large_image\" \/>\n<meta name=\"twitter:label1\" content=\"Escrito por\" \/>\n\t<meta name=\"twitter:data1\" content=\"Editor General\" \/>\n\t<meta name=\"twitter:label2\" content=\"Tiempo de lectura\" \/>\n\t<meta name=\"twitter:data2\" content=\"2 minutos\" \/>\n<script type=\"application\/ld+json\" class=\"yoast-schema-graph\">{\"@context\":\"https:\/\/schema.org\",\"@graph\":[{\"@type\":\"Article\",\"@id\":\"https:\/\/luchonoticias.com\/editor\/licitacion-para-impresion-de-pasaportes-en-la-mira-de-la-procuraduria\/#article\",\"isPartOf\":{\"@id\":\"https:\/\/luchonoticias.com\/editor\/licitacion-para-impresion-de-pasaportes-en-la-mira-de-la-procuraduria\/\"},\"author\":{\"name\":\"Editor General\",\"@id\":\"https:\/\/luchonoticias.com\/editor\/#\/schema\/person\/29217990ddf6f14e35912b2866d591fb\"},\"headline\":\"Licitaci\u00f3n para impresi\u00f3n de pasaportes en la mira de la Procuradur\u00eda\",\"datePublished\":\"2023-05-18T19:11:33+00:00\",\"dateModified\":\"2023-05-18T19:11:34+00:00\",\"mainEntityOfPage\":{\"@id\":\"https:\/\/luchonoticias.com\/editor\/licitacion-para-impresion-de-pasaportes-en-la-mira-de-la-procuraduria\/\"},\"wordCount\":396,\"commentCount\":0,\"publisher\":{\"@id\":\"https:\/\/luchonoticias.com\/editor\/#\/schema\/person\/7a7fd911f58561fd056dbac7b55af9cd\"},\"articleSection\":[\"Actualidad\",\"Destacado\"],\"inLanguage\":\"es\",\"potentialAction\":[{\"@type\":\"CommentAction\",\"name\":\"Comment\",\"target\":[\"https:\/\/luchonoticias.com\/editor\/licitacion-para-impresion-de-pasaportes-en-la-mira-de-la-procuraduria\/#respond\"]}]},{\"@type\":\"WebPage\",\"@id\":\"https:\/\/luchonoticias.com\/editor\/licitacion-para-impresion-de-pasaportes-en-la-mira-de-la-procuraduria\/\",\"url\":\"https:\/\/luchonoticias.com\/editor\/licitacion-para-impresion-de-pasaportes-en-la-mira-de-la-procuraduria\/\",\"name\":\"Licitaci\u00f3n para impresi\u00f3n de pasaportes en la mira de la Procuradur\u00eda -\",\"isPartOf\":{\"@id\":\"https:\/\/luchonoticias.com\/editor\/#website\"},\"datePublished\":\"2023-05-18T19:11:33+00:00\",\"dateModified\":\"2023-05-18T19:11:34+00:00\",\"breadcrumb\":{\"@id\":\"https:\/\/luchonoticias.com\/editor\/licitacion-para-impresion-de-pasaportes-en-la-mira-de-la-procuraduria\/#breadcrumb\"},\"inLanguage\":\"es\",\"potentialAction\":[{\"@type\":\"ReadAction\",\"target\":[\"https:\/\/luchonoticias.com\/editor\/licitacion-para-impresion-de-pasaportes-en-la-mira-de-la-procuraduria\/\"]}]},{\"@type\":\"BreadcrumbList\",\"@id\":\"https:\/\/luchonoticias.com\/editor\/licitacion-para-impresion-de-pasaportes-en-la-mira-de-la-procuraduria\/#breadcrumb\",\"itemListElement\":[{\"@type\":\"ListItem\",\"position\":1,\"name\":\"Portada\",\"item\":\"https:\/\/luchonoticias.com\/editor\/\"},{\"@type\":\"ListItem\",\"position\":2,\"name\":\"Licitaci\u00f3n para impresi\u00f3n de pasaportes en la mira de la Procuradur\u00eda\"}]},{\"@type\":\"WebSite\",\"@id\":\"https:\/\/luchonoticias.com\/editor\/#website\",\"url\":\"https:\/\/luchonoticias.com\/editor\/\",\"name\":\"\",\"description\":\"\",\"publisher\":{\"@id\":\"https:\/\/luchonoticias.com\/editor\/#\/schema\/person\/7a7fd911f58561fd056dbac7b55af9cd\"},\"potentialAction\":[{\"@type\":\"SearchAction\",\"target\":{\"@type\":\"EntryPoint\",\"urlTemplate\":\"https:\/\/luchonoticias.com\/editor\/?s={search_term_string}\"},\"query-input\":{\"@type\":\"PropertyValueSpecification\",\"valueRequired\":true,\"valueName\":\"search_term_string\"}}],\"inLanguage\":\"es\"},{\"@type\":[\"Person\",\"Organization\"],\"@id\":\"https:\/\/luchonoticias.com\/editor\/#\/schema\/person\/7a7fd911f58561fd056dbac7b55af9cd\",\"name\":\"admin\",\"image\":{\"@type\":\"ImageObject\",\"inLanguage\":\"es\",\"@id\":\"https:\/\/luchonoticias.com\/editor\/#\/schema\/person\/image\/\",\"url\":\"https:\/\/luchonoticias.com\/editor\/wp-content\/uploads\/2024\/02\/cropped-cropped-logolu.webp\",\"contentUrl\":\"https:\/\/luchonoticias.com\/editor\/wp-content\/uploads\/2024\/02\/cropped-cropped-logolu.webp\",\"width\":382,\"height\":170,\"caption\":\"admin\"},\"logo\":{\"@id\":\"https:\/\/luchonoticias.com\/editor\/#\/schema\/person\/image\/\"},\"sameAs\":[\"https:\/\/www.facebook.com\/luchonoticiasneiva\"]},{\"@type\":\"Person\",\"@id\":\"https:\/\/luchonoticias.com\/editor\/#\/schema\/person\/29217990ddf6f14e35912b2866d591fb\",\"name\":\"Editor General\",\"image\":{\"@type\":\"ImageObject\",\"inLanguage\":\"es\",\"@id\":\"https:\/\/luchonoticias.com\/editor\/#\/schema\/person\/image\/\",\"url\":\"https:\/\/luchonoticias.com\/editor\/wp-content\/uploads\/2024\/02\/cropped-cropped-logolu-150x150.webp\",\"contentUrl\":\"https:\/\/luchonoticias.com\/editor\/wp-content\/uploads\/2024\/02\/cropped-cropped-logolu-150x150.webp\",\"caption\":\"Editor General\"},\"sameAs\":[\"https:\/\/luchonoticias.com\/\"],\"url\":\"https:\/\/luchonoticias.com\/editor\/author\/editor-general\/\"}]}<\/script>\n<!-- \/ Yoast SEO plugin. -->","yoast_head_json":{"title":"Licitaci\u00f3n para impresi\u00f3n de pasaportes en la mira de la Procuradur\u00eda -","robots":{"index":"index","follow":"follow","max-snippet":"max-snippet:-1","max-image-preview":"max-image-preview:large","max-video-preview":"max-video-preview:-1"},"canonical":"https:\/\/luchonoticias.com\/editor\/licitacion-para-impresion-de-pasaportes-en-la-mira-de-la-procuraduria\/","og_locale":"es_ES","og_type":"article","og_title":"Licitaci\u00f3n para impresi\u00f3n de pasaportes en la mira de la Procuradur\u00eda -","og_url":"https:\/\/luchonoticias.com\/editor\/licitacion-para-impresion-de-pasaportes-en-la-mira-de-la-procuraduria\/","article_publisher":"https:\/\/www.facebook.com\/luchonoticiasneiva","article_published_time":"2023-05-18T19:11:33+00:00","article_modified_time":"2023-05-18T19:11:34+00:00","author":"Editor General","twitter_card":"summary_large_image","twitter_misc":{"Escrito por":"Editor General","Tiempo de lectura":"2 minutos"},"schema":{"@context":"https:\/\/schema.org","@graph":[{"@type":"Article","@id":"https:\/\/luchonoticias.com\/editor\/licitacion-para-impresion-de-pasaportes-en-la-mira-de-la-procuraduria\/#article","isPartOf":{"@id":"https:\/\/luchonoticias.com\/editor\/licitacion-para-impresion-de-pasaportes-en-la-mira-de-la-procuraduria\/"},"author":{"name":"Editor General","@id":"https:\/\/luchonoticias.com\/editor\/#\/schema\/person\/29217990ddf6f14e35912b2866d591fb"},"headline":"Licitaci\u00f3n para impresi\u00f3n de pasaportes en la mira de la Procuradur\u00eda","datePublished":"2023-05-18T19:11:33+00:00","dateModified":"2023-05-18T19:11:34+00:00","mainEntityOfPage":{"@id":"https:\/\/luchonoticias.com\/editor\/licitacion-para-impresion-de-pasaportes-en-la-mira-de-la-procuraduria\/"},"wordCount":396,"commentCount":0,"publisher":{"@id":"https:\/\/luchonoticias.com\/editor\/#\/schema\/person\/7a7fd911f58561fd056dbac7b55af9cd"},"articleSection":["Actualidad","Destacado"],"inLanguage":"es","potentialAction":[{"@type":"CommentAction","name":"Comment","target":["https:\/\/luchonoticias.com\/editor\/licitacion-para-impresion-de-pasaportes-en-la-mira-de-la-procuraduria\/#respond"]}]},{"@type":"WebPage","@id":"https:\/\/luchonoticias.com\/editor\/licitacion-para-impresion-de-pasaportes-en-la-mira-de-la-procuraduria\/","url":"https:\/\/luchonoticias.com\/editor\/licitacion-para-impresion-de-pasaportes-en-la-mira-de-la-procuraduria\/","name":"Licitaci\u00f3n para impresi\u00f3n de pasaportes en la mira de la Procuradur\u00eda -","isPartOf":{"@id":"https:\/\/luchonoticias.com\/editor\/#website"},"datePublished":"2023-05-18T19:11:33+00:00","dateModified":"2023-05-18T19:11:34+00:00","breadcrumb":{"@id":"https:\/\/luchonoticias.com\/editor\/licitacion-para-impresion-de-pasaportes-en-la-mira-de-la-procuraduria\/#breadcrumb"},"inLanguage":"es","potentialAction":[{"@type":"ReadAction","target":["https:\/\/luchonoticias.com\/editor\/licitacion-para-impresion-de-pasaportes-en-la-mira-de-la-procuraduria\/"]}]},{"@type":"BreadcrumbList","@id":"https:\/\/luchonoticias.com\/editor\/licitacion-para-impresion-de-pasaportes-en-la-mira-de-la-procuraduria\/#breadcrumb","itemListElement":[{"@type":"ListItem","position":1,"name":"Portada","item":"https:\/\/luchonoticias.com\/editor\/"},{"@type":"ListItem","position":2,"name":"Licitaci\u00f3n para impresi\u00f3n de pasaportes en la mira de la Procuradur\u00eda"}]},{"@type":"WebSite","@id":"https:\/\/luchonoticias.com\/editor\/#website","url":"https:\/\/luchonoticias.com\/editor\/","name":"","description":"","publisher":{"@id":"https:\/\/luchonoticias.com\/editor\/#\/schema\/person\/7a7fd911f58561fd056dbac7b55af9cd"},"potentialAction":[{"@type":"SearchAction","target":{"@type":"EntryPoint","urlTemplate":"https:\/\/luchonoticias.com\/editor\/?s={search_term_string}"},"query-input":{"@type":"PropertyValueSpecification","valueRequired":true,"valueName":"search_term_string"}}],"inLanguage":"es"},{"@type":["Person","Organization"],"@id":"https:\/\/luchonoticias.com\/editor\/#\/schema\/person\/7a7fd911f58561fd056dbac7b55af9cd","name":"admin","image":{"@type":"ImageObject","inLanguage":"es","@id":"https:\/\/luchonoticias.com\/editor\/#\/schema\/person\/image\/","url":"https:\/\/luchonoticias.com\/editor\/wp-content\/uploads\/2024\/02\/cropped-cropped-logolu.webp","contentUrl":"https:\/\/luchonoticias.com\/editor\/wp-content\/uploads\/2024\/02\/cropped-cropped-logolu.webp","width":382,"height":170,"caption":"admin"},"logo":{"@id":"https:\/\/luchonoticias.com\/editor\/#\/schema\/person\/image\/"},"sameAs":["https:\/\/www.facebook.com\/luchonoticiasneiva"]},{"@type":"Person","@id":"https:\/\/luchonoticias.com\/editor\/#\/schema\/person\/29217990ddf6f14e35912b2866d591fb","name":"Editor General","image":{"@type":"ImageObject","inLanguage":"es","@id":"https:\/\/luchonoticias.com\/editor\/#\/schema\/person\/image\/","url":"https:\/\/luchonoticias.com\/editor\/wp-content\/uploads\/2024\/02\/cropped-cropped-logolu-150x150.webp","contentUrl":"https:\/\/luchonoticias.com\/editor\/wp-content\/uploads\/2024\/02\/cropped-cropped-logolu-150x150.webp","caption":"Editor General"},"sameAs":["https:\/\/luchonoticias.com\/"],"url":"https:\/\/luchonoticias.com\/editor\/author\/editor-general\/"}]}},"_links":{"self":[{"href":"https:\/\/luchonoticias.com\/editor\/wp-json\/wp\/v2\/posts\/52721","targetHints":{"allow":["GET"]}}],"collection":[{"href":"https:\/\/luchonoticias.com\/editor\/wp-json\/wp\/v2\/posts"}],"about":[{"href":"https:\/\/luchonoticias.com\/editor\/wp-json\/wp\/v2\/types\/post"}],"author":[{"embeddable":true,"href":"https:\/\/luchonoticias.com\/editor\/wp-json\/wp\/v2\/users\/2"}],"replies":[{"embeddable":true,"href":"https:\/\/luchonoticias.com\/editor\/wp-json\/wp\/v2\/comments?post=52721"}],"version-history":[{"count":0,"href":"https:\/\/luchonoticias.com\/editor\/wp-json\/wp\/v2\/posts\/52721\/revisions"}],"wp:attachment":[{"href":"https:\/\/luchonoticias.com\/editor\/wp-json\/wp\/v2\/media?parent=52721"}],"wp:term":[{"taxonomy":"category","embeddable":true,"href":"https:\/\/luchonoticias.com\/editor\/wp-json\/wp\/v2\/categories?post=52721"},{"taxonomy":"post_tag","embeddable":true,"href":"https:\/\/luchonoticias.com\/editor\/wp-json\/wp\/v2\/tags?post=52721"}],"curies":[{"name":"wp","href":"https:\/\/api.w.org\/{rel}","templated":true}]}}