{"id":52730,"date":"2023-05-18T17:19:01","date_gmt":"2023-05-18T22:19:01","guid":{"rendered":"https:\/\/luchonoticias.com\/?p=52730"},"modified":"2023-05-18T17:19:02","modified_gmt":"2023-05-18T22:19:02","slug":"alias-palomo-fue-capturado-por-homicidio-en-campoalegre","status":"publish","type":"post","link":"https:\/\/luchonoticias.com\/editor\/alias-palomo-fue-capturado-por-homicidio-en-campoalegre\/","title":{"rendered":"Alias &#8216;Palomo&#8217; fue capturado por homicidio en Campoalegre"},"content":{"rendered":"\n<p>En el desarrollo de las investigaciones que adelanta el Departamento de Polic\u00eda Huila por los delitos de afectaci\u00f3n a la vida e integridad en la capital arrocera del Huila, fue capturado en las \u00faltimas horas un sujeto conocido como &#8216;Palomo&#8217;, el cual, es se\u00f1alado del homicidio con arma blanca ocurrido el pasado 20 de abril del presente a\u00f1o en el barrio Alfonso L\u00f3pez.<\/p>\n\n\n\n<p>Seg\u00fan el coronel Gustavo Camargo, comandante del Departamento Polic\u00eda Huila, en las evidencias recolectadas por los investigadores del caso, se pudo establecer que este hecho de intolerancia donde perdi\u00f3 la vida Carlos Duvan Montealegre, se habr\u00eda presentado en una ri\u00f1a con arma blanca que sostuvieran los dos hombres, mientras peleaban por un billete de 100 mil pesos.<\/p>\n\n\n\n<p>Alias &#8216;Palomo&#8217; de 25 a\u00f1os de edad, tiene como antecedente una sentencia condenatoria por hurto y anotaciones en el sistema SPOA de la Fiscal\u00eda por tr\u00e1fico de estupefacientes. En estos momentos est\u00e1 siendo presentado por la Fiscal\u00eda 5 local unidad de Vida de Neiva ante un juez de control de garant\u00edas, a espera que se defina su situaci\u00f3n judicial.<\/p>\n","protected":false},"excerpt":{"rendered":"<p>En el desarrollo de las investigaciones que adelanta el Departamento de Polic\u00eda Huila por los delitos de afectaci\u00f3n a la vida e integridad en la capital arrocera del Huila, fue capturado en las \u00faltimas horas un sujeto conocido como &#8216;Palomo&#8217;, el cual, es se\u00f1alado del homicidio con arma blanca ocurrido el pasado 20 de abril [&hellip;]<\/p>\n","protected":false},"author":2,"featured_media":0,"comment_status":"open","ping_status":"open","sticky":false,"template":"","format":"standard","meta":{"footnotes":""},"categories":[36,29],"tags":[],"class_list":["post-52730","post","type-post","status-publish","format-standard","hentry","category-destacado","category-judicial"],"yoast_head":"<!-- This site is optimized with the Yoast SEO plugin v26.6 - https:\/\/yoast.com\/wordpress\/plugins\/seo\/ -->\n<title>Alias &#039;Palomo&#039; fue capturado por homicidio en Campoalegre -<\/title>\n<meta name=\"robots\" content=\"index, follow, max-snippet:-1, max-image-preview:large, max-video-preview:-1\" \/>\n<link rel=\"canonical\" href=\"https:\/\/luchonoticias.com\/editor\/alias-palomo-fue-capturado-por-homicidio-en-campoalegre\/\" \/>\n<meta property=\"og:locale\" content=\"es_ES\" \/>\n<meta property=\"og:type\" content=\"article\" \/>\n<meta property=\"og:title\" content=\"Alias &#039;Palomo&#039; fue capturado por homicidio en Campoalegre -\" \/>\n<meta property=\"og:url\" content=\"https:\/\/luchonoticias.com\/editor\/alias-palomo-fue-capturado-por-homicidio-en-campoalegre\/\" \/>\n<meta property=\"article:publisher\" content=\"https:\/\/www.facebook.com\/luchonoticiasneiva\" \/>\n<meta property=\"article:published_time\" content=\"2023-05-18T22:19:01+00:00\" \/>\n<meta property=\"article:modified_time\" content=\"2023-05-18T22:19:02+00:00\" \/>\n<meta name=\"author\" content=\"Editor General\" \/>\n<meta name=\"twitter:card\" content=\"summary_large_image\" \/>\n<meta name=\"twitter:label1\" content=\"Escrito por\" \/>\n\t<meta name=\"twitter:data1\" content=\"Editor General\" \/>\n\t<meta name=\"twitter:label2\" content=\"Tiempo de lectura\" \/>\n\t<meta name=\"twitter:data2\" content=\"1 minuto\" \/>\n<script type=\"application\/ld+json\" class=\"yoast-schema-graph\">{\"@context\":\"https:\/\/schema.org\",\"@graph\":[{\"@type\":\"Article\",\"@id\":\"https:\/\/luchonoticias.com\/editor\/alias-palomo-fue-capturado-por-homicidio-en-campoalegre\/#article\",\"isPartOf\":{\"@id\":\"https:\/\/luchonoticias.com\/editor\/alias-palomo-fue-capturado-por-homicidio-en-campoalegre\/\"},\"author\":{\"name\":\"Editor General\",\"@id\":\"https:\/\/luchonoticias.com\/editor\/#\/schema\/person\/29217990ddf6f14e35912b2866d591fb\"},\"headline\":\"Alias &#8216;Palomo&#8217; fue capturado por homicidio en Campoalegre\",\"datePublished\":\"2023-05-18T22:19:01+00:00\",\"dateModified\":\"2023-05-18T22:19:02+00:00\",\"mainEntityOfPage\":{\"@id\":\"https:\/\/luchonoticias.com\/editor\/alias-palomo-fue-capturado-por-homicidio-en-campoalegre\/\"},\"wordCount\":198,\"commentCount\":0,\"publisher\":{\"@id\":\"https:\/\/luchonoticias.com\/editor\/#\/schema\/person\/7a7fd911f58561fd056dbac7b55af9cd\"},\"articleSection\":[\"Destacado\",\"Judicial\"],\"inLanguage\":\"es\",\"potentialAction\":[{\"@type\":\"CommentAction\",\"name\":\"Comment\",\"target\":[\"https:\/\/luchonoticias.com\/editor\/alias-palomo-fue-capturado-por-homicidio-en-campoalegre\/#respond\"]}]},{\"@type\":\"WebPage\",\"@id\":\"https:\/\/luchonoticias.com\/editor\/alias-palomo-fue-capturado-por-homicidio-en-campoalegre\/\",\"url\":\"https:\/\/luchonoticias.com\/editor\/alias-palomo-fue-capturado-por-homicidio-en-campoalegre\/\",\"name\":\"Alias 'Palomo' fue capturado por homicidio en Campoalegre -\",\"isPartOf\":{\"@id\":\"https:\/\/luchonoticias.com\/editor\/#website\"},\"datePublished\":\"2023-05-18T22:19:01+00:00\",\"dateModified\":\"2023-05-18T22:19:02+00:00\",\"breadcrumb\":{\"@id\":\"https:\/\/luchonoticias.com\/editor\/alias-palomo-fue-capturado-por-homicidio-en-campoalegre\/#breadcrumb\"},\"inLanguage\":\"es\",\"potentialAction\":[{\"@type\":\"ReadAction\",\"target\":[\"https:\/\/luchonoticias.com\/editor\/alias-palomo-fue-capturado-por-homicidio-en-campoalegre\/\"]}]},{\"@type\":\"BreadcrumbList\",\"@id\":\"https:\/\/luchonoticias.com\/editor\/alias-palomo-fue-capturado-por-homicidio-en-campoalegre\/#breadcrumb\",\"itemListElement\":[{\"@type\":\"ListItem\",\"position\":1,\"name\":\"Portada\",\"item\":\"https:\/\/luchonoticias.com\/editor\/\"},{\"@type\":\"ListItem\",\"position\":2,\"name\":\"Alias &#8216;Palomo&#8217; fue capturado por homicidio en Campoalegre\"}]},{\"@type\":\"WebSite\",\"@id\":\"https:\/\/luchonoticias.com\/editor\/#website\",\"url\":\"https:\/\/luchonoticias.com\/editor\/\",\"name\":\"\",\"description\":\"\",\"publisher\":{\"@id\":\"https:\/\/luchonoticias.com\/editor\/#\/schema\/person\/7a7fd911f58561fd056dbac7b55af9cd\"},\"potentialAction\":[{\"@type\":\"SearchAction\",\"target\":{\"@type\":\"EntryPoint\",\"urlTemplate\":\"https:\/\/luchonoticias.com\/editor\/?s={search_term_string}\"},\"query-input\":{\"@type\":\"PropertyValueSpecification\",\"valueRequired\":true,\"valueName\":\"search_term_string\"}}],\"inLanguage\":\"es\"},{\"@type\":[\"Person\",\"Organization\"],\"@id\":\"https:\/\/luchonoticias.com\/editor\/#\/schema\/person\/7a7fd911f58561fd056dbac7b55af9cd\",\"name\":\"admin\",\"image\":{\"@type\":\"ImageObject\",\"inLanguage\":\"es\",\"@id\":\"https:\/\/luchonoticias.com\/editor\/#\/schema\/person\/image\/\",\"url\":\"https:\/\/luchonoticias.com\/editor\/wp-content\/uploads\/2024\/02\/cropped-cropped-logolu.webp\",\"contentUrl\":\"https:\/\/luchonoticias.com\/editor\/wp-content\/uploads\/2024\/02\/cropped-cropped-logolu.webp\",\"width\":382,\"height\":170,\"caption\":\"admin\"},\"logo\":{\"@id\":\"https:\/\/luchonoticias.com\/editor\/#\/schema\/person\/image\/\"},\"sameAs\":[\"https:\/\/www.facebook.com\/luchonoticiasneiva\"]},{\"@type\":\"Person\",\"@id\":\"https:\/\/luchonoticias.com\/editor\/#\/schema\/person\/29217990ddf6f14e35912b2866d591fb\",\"name\":\"Editor General\",\"image\":{\"@type\":\"ImageObject\",\"inLanguage\":\"es\",\"@id\":\"https:\/\/luchonoticias.com\/editor\/#\/schema\/person\/image\/\",\"url\":\"https:\/\/luchonoticias.com\/editor\/wp-content\/uploads\/2024\/02\/cropped-cropped-logolu-150x150.webp\",\"contentUrl\":\"https:\/\/luchonoticias.com\/editor\/wp-content\/uploads\/2024\/02\/cropped-cropped-logolu-150x150.webp\",\"caption\":\"Editor General\"},\"sameAs\":[\"https:\/\/luchonoticias.com\/\"],\"url\":\"https:\/\/luchonoticias.com\/editor\/author\/editor-general\/\"}]}<\/script>\n<!-- \/ Yoast SEO plugin. -->","yoast_head_json":{"title":"Alias 'Palomo' fue capturado por homicidio en Campoalegre -","robots":{"index":"index","follow":"follow","max-snippet":"max-snippet:-1","max-image-preview":"max-image-preview:large","max-video-preview":"max-video-preview:-1"},"canonical":"https:\/\/luchonoticias.com\/editor\/alias-palomo-fue-capturado-por-homicidio-en-campoalegre\/","og_locale":"es_ES","og_type":"article","og_title":"Alias 'Palomo' fue capturado por homicidio en Campoalegre -","og_url":"https:\/\/luchonoticias.com\/editor\/alias-palomo-fue-capturado-por-homicidio-en-campoalegre\/","article_publisher":"https:\/\/www.facebook.com\/luchonoticiasneiva","article_published_time":"2023-05-18T22:19:01+00:00","article_modified_time":"2023-05-18T22:19:02+00:00","author":"Editor General","twitter_card":"summary_large_image","twitter_misc":{"Escrito por":"Editor General","Tiempo de lectura":"1 minuto"},"schema":{"@context":"https:\/\/schema.org","@graph":[{"@type":"Article","@id":"https:\/\/luchonoticias.com\/editor\/alias-palomo-fue-capturado-por-homicidio-en-campoalegre\/#article","isPartOf":{"@id":"https:\/\/luchonoticias.com\/editor\/alias-palomo-fue-capturado-por-homicidio-en-campoalegre\/"},"author":{"name":"Editor General","@id":"https:\/\/luchonoticias.com\/editor\/#\/schema\/person\/29217990ddf6f14e35912b2866d591fb"},"headline":"Alias &#8216;Palomo&#8217; fue capturado por homicidio en Campoalegre","datePublished":"2023-05-18T22:19:01+00:00","dateModified":"2023-05-18T22:19:02+00:00","mainEntityOfPage":{"@id":"https:\/\/luchonoticias.com\/editor\/alias-palomo-fue-capturado-por-homicidio-en-campoalegre\/"},"wordCount":198,"commentCount":0,"publisher":{"@id":"https:\/\/luchonoticias.com\/editor\/#\/schema\/person\/7a7fd911f58561fd056dbac7b55af9cd"},"articleSection":["Destacado","Judicial"],"inLanguage":"es","potentialAction":[{"@type":"CommentAction","name":"Comment","target":["https:\/\/luchonoticias.com\/editor\/alias-palomo-fue-capturado-por-homicidio-en-campoalegre\/#respond"]}]},{"@type":"WebPage","@id":"https:\/\/luchonoticias.com\/editor\/alias-palomo-fue-capturado-por-homicidio-en-campoalegre\/","url":"https:\/\/luchonoticias.com\/editor\/alias-palomo-fue-capturado-por-homicidio-en-campoalegre\/","name":"Alias 'Palomo' fue capturado por homicidio en Campoalegre -","isPartOf":{"@id":"https:\/\/luchonoticias.com\/editor\/#website"},"datePublished":"2023-05-18T22:19:01+00:00","dateModified":"2023-05-18T22:19:02+00:00","breadcrumb":{"@id":"https:\/\/luchonoticias.com\/editor\/alias-palomo-fue-capturado-por-homicidio-en-campoalegre\/#breadcrumb"},"inLanguage":"es","potentialAction":[{"@type":"ReadAction","target":["https:\/\/luchonoticias.com\/editor\/alias-palomo-fue-capturado-por-homicidio-en-campoalegre\/"]}]},{"@type":"BreadcrumbList","@id":"https:\/\/luchonoticias.com\/editor\/alias-palomo-fue-capturado-por-homicidio-en-campoalegre\/#breadcrumb","itemListElement":[{"@type":"ListItem","position":1,"name":"Portada","item":"https:\/\/luchonoticias.com\/editor\/"},{"@type":"ListItem","position":2,"name":"Alias &#8216;Palomo&#8217; fue capturado por homicidio en Campoalegre"}]},{"@type":"WebSite","@id":"https:\/\/luchonoticias.com\/editor\/#website","url":"https:\/\/luchonoticias.com\/editor\/","name":"","description":"","publisher":{"@id":"https:\/\/luchonoticias.com\/editor\/#\/schema\/person\/7a7fd911f58561fd056dbac7b55af9cd"},"potentialAction":[{"@type":"SearchAction","target":{"@type":"EntryPoint","urlTemplate":"https:\/\/luchonoticias.com\/editor\/?s={search_term_string}"},"query-input":{"@type":"PropertyValueSpecification","valueRequired":true,"valueName":"search_term_string"}}],"inLanguage":"es"},{"@type":["Person","Organization"],"@id":"https:\/\/luchonoticias.com\/editor\/#\/schema\/person\/7a7fd911f58561fd056dbac7b55af9cd","name":"admin","image":{"@type":"ImageObject","inLanguage":"es","@id":"https:\/\/luchonoticias.com\/editor\/#\/schema\/person\/image\/","url":"https:\/\/luchonoticias.com\/editor\/wp-content\/uploads\/2024\/02\/cropped-cropped-logolu.webp","contentUrl":"https:\/\/luchonoticias.com\/editor\/wp-content\/uploads\/2024\/02\/cropped-cropped-logolu.webp","width":382,"height":170,"caption":"admin"},"logo":{"@id":"https:\/\/luchonoticias.com\/editor\/#\/schema\/person\/image\/"},"sameAs":["https:\/\/www.facebook.com\/luchonoticiasneiva"]},{"@type":"Person","@id":"https:\/\/luchonoticias.com\/editor\/#\/schema\/person\/29217990ddf6f14e35912b2866d591fb","name":"Editor General","image":{"@type":"ImageObject","inLanguage":"es","@id":"https:\/\/luchonoticias.com\/editor\/#\/schema\/person\/image\/","url":"https:\/\/luchonoticias.com\/editor\/wp-content\/uploads\/2024\/02\/cropped-cropped-logolu-150x150.webp","contentUrl":"https:\/\/luchonoticias.com\/editor\/wp-content\/uploads\/2024\/02\/cropped-cropped-logolu-150x150.webp","caption":"Editor General"},"sameAs":["https:\/\/luchonoticias.com\/"],"url":"https:\/\/luchonoticias.com\/editor\/author\/editor-general\/"}]}},"_links":{"self":[{"href":"https:\/\/luchonoticias.com\/editor\/wp-json\/wp\/v2\/posts\/52730","targetHints":{"allow":["GET"]}}],"collection":[{"href":"https:\/\/luchonoticias.com\/editor\/wp-json\/wp\/v2\/posts"}],"about":[{"href":"https:\/\/luchonoticias.com\/editor\/wp-json\/wp\/v2\/types\/post"}],"author":[{"embeddable":true,"href":"https:\/\/luchonoticias.com\/editor\/wp-json\/wp\/v2\/users\/2"}],"replies":[{"embeddable":true,"href":"https:\/\/luchonoticias.com\/editor\/wp-json\/wp\/v2\/comments?post=52730"}],"version-history":[{"count":0,"href":"https:\/\/luchonoticias.com\/editor\/wp-json\/wp\/v2\/posts\/52730\/revisions"}],"wp:attachment":[{"href":"https:\/\/luchonoticias.com\/editor\/wp-json\/wp\/v2\/media?parent=52730"}],"wp:term":[{"taxonomy":"category","embeddable":true,"href":"https:\/\/luchonoticias.com\/editor\/wp-json\/wp\/v2\/categories?post=52730"},{"taxonomy":"post_tag","embeddable":true,"href":"https:\/\/luchonoticias.com\/editor\/wp-json\/wp\/v2\/tags?post=52730"}],"curies":[{"name":"wp","href":"https:\/\/api.w.org\/{rel}","templated":true}]}}