{"id":52791,"date":"2023-05-19T17:01:57","date_gmt":"2023-05-19T22:01:57","guid":{"rendered":"https:\/\/luchonoticias.com\/?p=52791"},"modified":"2023-05-19T17:01:58","modified_gmt":"2023-05-19T22:01:58","slug":"capturado-el-ultimo-integrante-del-grupo-criminal-los-intocables","status":"publish","type":"post","link":"https:\/\/luchonoticias.com\/editor\/capturado-el-ultimo-integrante-del-grupo-criminal-los-intocables\/","title":{"rendered":"Capturado el \u00faltimo integrante del grupo criminal \u2018Los Intocables\u2019"},"content":{"rendered":"\n<p>En el desarrollo de las operaciones que viene adelantando el Grupo GAULA del Departamento de Polic\u00eda Huila para contrarrestar la extorsi\u00f3n en la regi\u00f3n, fue capturado en las \u00faltimas horas el \u00faltimo integrante del grupo delincuencial &#8216;Los Intocables&#8217;, el cual, se encontraba huyendo de las autoridades desde hace 10 meses aproximadamente, cuando lograron acertar un duro golpe contra esa estructura delincuencial, capturando a 5 de sus integrantes por los delitos de extorsi\u00f3n, porte ilegal de armas de fuego y concierto para delinquir.<\/p>\n\n\n\n<p>Alias &#8216;Chilito&#8217; junto a sus secuaces, habr\u00edan logrado recaudar cerca de 60 millones de pesos, llegando a diferentes fincas de los municipios del sur del Huila, especialmente en Isnos, Pitalito y Acevedo, haci\u00e9ndose pasar como miembros del ELN o EPL. Seg\u00fan las declaraciones entregadas por las v\u00edctimas, en ocasiones los reten\u00edan en sus viviendas mientras consegu\u00edan el dinero.<\/p>\n\n\n\n<p>La captura de este delincuente se logr\u00f3 en el corregimiento de la Laguna, zona rural de Pitalito, gracias a informaci\u00f3n entregada por la ciudadan\u00eda, y luego que inteligencia policial lograra su ubicaci\u00f3n, toda vez que se escond\u00eda entre la zona rural de Isnos y Pitalito.<\/p>\n\n\n\n<p>Seg\u00fan el coronel Gustavo Camargo, Comandante del Departamento de Polic\u00eda Huila, \u201cpara tranquilidad de los ciudadanos, luego de la presentaci\u00f3n de este delincuente ante un juez control de garant\u00edas, alias \u2018Chilito\u2019 fue cobijado con medida de aseguramiento en centro carcelario.<\/p>\n","protected":false},"excerpt":{"rendered":"<p>En el desarrollo de las operaciones que viene adelantando el Grupo GAULA del Departamento de Polic\u00eda Huila para contrarrestar la extorsi\u00f3n en la regi\u00f3n, fue capturado en las \u00faltimas horas el \u00faltimo integrante del grupo delincuencial &#8216;Los Intocables&#8217;, el cual, se encontraba huyendo de las autoridades desde hace 10 meses aproximadamente, cuando lograron acertar un [&hellip;]<\/p>\n","protected":false},"author":2,"featured_media":0,"comment_status":"open","ping_status":"open","sticky":false,"template":"","format":"standard","meta":{"footnotes":""},"categories":[36,29],"tags":[],"class_list":["post-52791","post","type-post","status-publish","format-standard","hentry","category-destacado","category-judicial"],"yoast_head":"<!-- This site is optimized with the Yoast SEO plugin v26.6 - https:\/\/yoast.com\/wordpress\/plugins\/seo\/ -->\n<title>Capturado el \u00faltimo integrante del grupo criminal \u2018Los Intocables\u2019 -<\/title>\n<meta name=\"robots\" content=\"index, follow, max-snippet:-1, max-image-preview:large, max-video-preview:-1\" \/>\n<link rel=\"canonical\" href=\"https:\/\/luchonoticias.com\/editor\/capturado-el-ultimo-integrante-del-grupo-criminal-los-intocables\/\" \/>\n<meta property=\"og:locale\" content=\"es_ES\" \/>\n<meta property=\"og:type\" content=\"article\" \/>\n<meta property=\"og:title\" content=\"Capturado el \u00faltimo integrante del grupo criminal \u2018Los Intocables\u2019 -\" \/>\n<meta property=\"og:url\" content=\"https:\/\/luchonoticias.com\/editor\/capturado-el-ultimo-integrante-del-grupo-criminal-los-intocables\/\" \/>\n<meta property=\"article:publisher\" content=\"https:\/\/www.facebook.com\/luchonoticiasneiva\" \/>\n<meta property=\"article:published_time\" content=\"2023-05-19T22:01:57+00:00\" \/>\n<meta property=\"article:modified_time\" content=\"2023-05-19T22:01:58+00:00\" \/>\n<meta name=\"author\" content=\"Editor General\" \/>\n<meta name=\"twitter:card\" content=\"summary_large_image\" \/>\n<meta name=\"twitter:label1\" content=\"Escrito por\" \/>\n\t<meta name=\"twitter:data1\" content=\"Editor General\" \/>\n\t<meta name=\"twitter:label2\" content=\"Tiempo de lectura\" \/>\n\t<meta name=\"twitter:data2\" content=\"1 minuto\" \/>\n<script type=\"application\/ld+json\" class=\"yoast-schema-graph\">{\"@context\":\"https:\/\/schema.org\",\"@graph\":[{\"@type\":\"Article\",\"@id\":\"https:\/\/luchonoticias.com\/editor\/capturado-el-ultimo-integrante-del-grupo-criminal-los-intocables\/#article\",\"isPartOf\":{\"@id\":\"https:\/\/luchonoticias.com\/editor\/capturado-el-ultimo-integrante-del-grupo-criminal-los-intocables\/\"},\"author\":{\"name\":\"Editor General\",\"@id\":\"https:\/\/luchonoticias.com\/editor\/#\/schema\/person\/29217990ddf6f14e35912b2866d591fb\"},\"headline\":\"Capturado el \u00faltimo integrante del grupo criminal \u2018Los Intocables\u2019\",\"datePublished\":\"2023-05-19T22:01:57+00:00\",\"dateModified\":\"2023-05-19T22:01:58+00:00\",\"mainEntityOfPage\":{\"@id\":\"https:\/\/luchonoticias.com\/editor\/capturado-el-ultimo-integrante-del-grupo-criminal-los-intocables\/\"},\"wordCount\":249,\"commentCount\":0,\"publisher\":{\"@id\":\"https:\/\/luchonoticias.com\/editor\/#\/schema\/person\/7a7fd911f58561fd056dbac7b55af9cd\"},\"articleSection\":[\"Destacado\",\"Judicial\"],\"inLanguage\":\"es\",\"potentialAction\":[{\"@type\":\"CommentAction\",\"name\":\"Comment\",\"target\":[\"https:\/\/luchonoticias.com\/editor\/capturado-el-ultimo-integrante-del-grupo-criminal-los-intocables\/#respond\"]}]},{\"@type\":\"WebPage\",\"@id\":\"https:\/\/luchonoticias.com\/editor\/capturado-el-ultimo-integrante-del-grupo-criminal-los-intocables\/\",\"url\":\"https:\/\/luchonoticias.com\/editor\/capturado-el-ultimo-integrante-del-grupo-criminal-los-intocables\/\",\"name\":\"Capturado el \u00faltimo integrante del grupo criminal \u2018Los Intocables\u2019 -\",\"isPartOf\":{\"@id\":\"https:\/\/luchonoticias.com\/editor\/#website\"},\"datePublished\":\"2023-05-19T22:01:57+00:00\",\"dateModified\":\"2023-05-19T22:01:58+00:00\",\"breadcrumb\":{\"@id\":\"https:\/\/luchonoticias.com\/editor\/capturado-el-ultimo-integrante-del-grupo-criminal-los-intocables\/#breadcrumb\"},\"inLanguage\":\"es\",\"potentialAction\":[{\"@type\":\"ReadAction\",\"target\":[\"https:\/\/luchonoticias.com\/editor\/capturado-el-ultimo-integrante-del-grupo-criminal-los-intocables\/\"]}]},{\"@type\":\"BreadcrumbList\",\"@id\":\"https:\/\/luchonoticias.com\/editor\/capturado-el-ultimo-integrante-del-grupo-criminal-los-intocables\/#breadcrumb\",\"itemListElement\":[{\"@type\":\"ListItem\",\"position\":1,\"name\":\"Portada\",\"item\":\"https:\/\/luchonoticias.com\/editor\/\"},{\"@type\":\"ListItem\",\"position\":2,\"name\":\"Capturado el \u00faltimo integrante del grupo criminal \u2018Los Intocables\u2019\"}]},{\"@type\":\"WebSite\",\"@id\":\"https:\/\/luchonoticias.com\/editor\/#website\",\"url\":\"https:\/\/luchonoticias.com\/editor\/\",\"name\":\"\",\"description\":\"\",\"publisher\":{\"@id\":\"https:\/\/luchonoticias.com\/editor\/#\/schema\/person\/7a7fd911f58561fd056dbac7b55af9cd\"},\"potentialAction\":[{\"@type\":\"SearchAction\",\"target\":{\"@type\":\"EntryPoint\",\"urlTemplate\":\"https:\/\/luchonoticias.com\/editor\/?s={search_term_string}\"},\"query-input\":{\"@type\":\"PropertyValueSpecification\",\"valueRequired\":true,\"valueName\":\"search_term_string\"}}],\"inLanguage\":\"es\"},{\"@type\":[\"Person\",\"Organization\"],\"@id\":\"https:\/\/luchonoticias.com\/editor\/#\/schema\/person\/7a7fd911f58561fd056dbac7b55af9cd\",\"name\":\"admin\",\"image\":{\"@type\":\"ImageObject\",\"inLanguage\":\"es\",\"@id\":\"https:\/\/luchonoticias.com\/editor\/#\/schema\/person\/image\/\",\"url\":\"https:\/\/luchonoticias.com\/editor\/wp-content\/uploads\/2024\/02\/cropped-cropped-logolu.webp\",\"contentUrl\":\"https:\/\/luchonoticias.com\/editor\/wp-content\/uploads\/2024\/02\/cropped-cropped-logolu.webp\",\"width\":382,\"height\":170,\"caption\":\"admin\"},\"logo\":{\"@id\":\"https:\/\/luchonoticias.com\/editor\/#\/schema\/person\/image\/\"},\"sameAs\":[\"https:\/\/www.facebook.com\/luchonoticiasneiva\"]},{\"@type\":\"Person\",\"@id\":\"https:\/\/luchonoticias.com\/editor\/#\/schema\/person\/29217990ddf6f14e35912b2866d591fb\",\"name\":\"Editor General\",\"image\":{\"@type\":\"ImageObject\",\"inLanguage\":\"es\",\"@id\":\"https:\/\/luchonoticias.com\/editor\/#\/schema\/person\/image\/\",\"url\":\"https:\/\/luchonoticias.com\/editor\/wp-content\/uploads\/2024\/02\/cropped-cropped-logolu-150x150.webp\",\"contentUrl\":\"https:\/\/luchonoticias.com\/editor\/wp-content\/uploads\/2024\/02\/cropped-cropped-logolu-150x150.webp\",\"caption\":\"Editor General\"},\"sameAs\":[\"https:\/\/luchonoticias.com\/\"],\"url\":\"https:\/\/luchonoticias.com\/editor\/author\/editor-general\/\"}]}<\/script>\n<!-- \/ Yoast SEO plugin. -->","yoast_head_json":{"title":"Capturado el \u00faltimo integrante del grupo criminal \u2018Los Intocables\u2019 -","robots":{"index":"index","follow":"follow","max-snippet":"max-snippet:-1","max-image-preview":"max-image-preview:large","max-video-preview":"max-video-preview:-1"},"canonical":"https:\/\/luchonoticias.com\/editor\/capturado-el-ultimo-integrante-del-grupo-criminal-los-intocables\/","og_locale":"es_ES","og_type":"article","og_title":"Capturado el \u00faltimo integrante del grupo criminal \u2018Los Intocables\u2019 -","og_url":"https:\/\/luchonoticias.com\/editor\/capturado-el-ultimo-integrante-del-grupo-criminal-los-intocables\/","article_publisher":"https:\/\/www.facebook.com\/luchonoticiasneiva","article_published_time":"2023-05-19T22:01:57+00:00","article_modified_time":"2023-05-19T22:01:58+00:00","author":"Editor General","twitter_card":"summary_large_image","twitter_misc":{"Escrito por":"Editor General","Tiempo de lectura":"1 minuto"},"schema":{"@context":"https:\/\/schema.org","@graph":[{"@type":"Article","@id":"https:\/\/luchonoticias.com\/editor\/capturado-el-ultimo-integrante-del-grupo-criminal-los-intocables\/#article","isPartOf":{"@id":"https:\/\/luchonoticias.com\/editor\/capturado-el-ultimo-integrante-del-grupo-criminal-los-intocables\/"},"author":{"name":"Editor General","@id":"https:\/\/luchonoticias.com\/editor\/#\/schema\/person\/29217990ddf6f14e35912b2866d591fb"},"headline":"Capturado el \u00faltimo integrante del grupo criminal \u2018Los Intocables\u2019","datePublished":"2023-05-19T22:01:57+00:00","dateModified":"2023-05-19T22:01:58+00:00","mainEntityOfPage":{"@id":"https:\/\/luchonoticias.com\/editor\/capturado-el-ultimo-integrante-del-grupo-criminal-los-intocables\/"},"wordCount":249,"commentCount":0,"publisher":{"@id":"https:\/\/luchonoticias.com\/editor\/#\/schema\/person\/7a7fd911f58561fd056dbac7b55af9cd"},"articleSection":["Destacado","Judicial"],"inLanguage":"es","potentialAction":[{"@type":"CommentAction","name":"Comment","target":["https:\/\/luchonoticias.com\/editor\/capturado-el-ultimo-integrante-del-grupo-criminal-los-intocables\/#respond"]}]},{"@type":"WebPage","@id":"https:\/\/luchonoticias.com\/editor\/capturado-el-ultimo-integrante-del-grupo-criminal-los-intocables\/","url":"https:\/\/luchonoticias.com\/editor\/capturado-el-ultimo-integrante-del-grupo-criminal-los-intocables\/","name":"Capturado el \u00faltimo integrante del grupo criminal \u2018Los Intocables\u2019 -","isPartOf":{"@id":"https:\/\/luchonoticias.com\/editor\/#website"},"datePublished":"2023-05-19T22:01:57+00:00","dateModified":"2023-05-19T22:01:58+00:00","breadcrumb":{"@id":"https:\/\/luchonoticias.com\/editor\/capturado-el-ultimo-integrante-del-grupo-criminal-los-intocables\/#breadcrumb"},"inLanguage":"es","potentialAction":[{"@type":"ReadAction","target":["https:\/\/luchonoticias.com\/editor\/capturado-el-ultimo-integrante-del-grupo-criminal-los-intocables\/"]}]},{"@type":"BreadcrumbList","@id":"https:\/\/luchonoticias.com\/editor\/capturado-el-ultimo-integrante-del-grupo-criminal-los-intocables\/#breadcrumb","itemListElement":[{"@type":"ListItem","position":1,"name":"Portada","item":"https:\/\/luchonoticias.com\/editor\/"},{"@type":"ListItem","position":2,"name":"Capturado el \u00faltimo integrante del grupo criminal \u2018Los Intocables\u2019"}]},{"@type":"WebSite","@id":"https:\/\/luchonoticias.com\/editor\/#website","url":"https:\/\/luchonoticias.com\/editor\/","name":"","description":"","publisher":{"@id":"https:\/\/luchonoticias.com\/editor\/#\/schema\/person\/7a7fd911f58561fd056dbac7b55af9cd"},"potentialAction":[{"@type":"SearchAction","target":{"@type":"EntryPoint","urlTemplate":"https:\/\/luchonoticias.com\/editor\/?s={search_term_string}"},"query-input":{"@type":"PropertyValueSpecification","valueRequired":true,"valueName":"search_term_string"}}],"inLanguage":"es"},{"@type":["Person","Organization"],"@id":"https:\/\/luchonoticias.com\/editor\/#\/schema\/person\/7a7fd911f58561fd056dbac7b55af9cd","name":"admin","image":{"@type":"ImageObject","inLanguage":"es","@id":"https:\/\/luchonoticias.com\/editor\/#\/schema\/person\/image\/","url":"https:\/\/luchonoticias.com\/editor\/wp-content\/uploads\/2024\/02\/cropped-cropped-logolu.webp","contentUrl":"https:\/\/luchonoticias.com\/editor\/wp-content\/uploads\/2024\/02\/cropped-cropped-logolu.webp","width":382,"height":170,"caption":"admin"},"logo":{"@id":"https:\/\/luchonoticias.com\/editor\/#\/schema\/person\/image\/"},"sameAs":["https:\/\/www.facebook.com\/luchonoticiasneiva"]},{"@type":"Person","@id":"https:\/\/luchonoticias.com\/editor\/#\/schema\/person\/29217990ddf6f14e35912b2866d591fb","name":"Editor General","image":{"@type":"ImageObject","inLanguage":"es","@id":"https:\/\/luchonoticias.com\/editor\/#\/schema\/person\/image\/","url":"https:\/\/luchonoticias.com\/editor\/wp-content\/uploads\/2024\/02\/cropped-cropped-logolu-150x150.webp","contentUrl":"https:\/\/luchonoticias.com\/editor\/wp-content\/uploads\/2024\/02\/cropped-cropped-logolu-150x150.webp","caption":"Editor General"},"sameAs":["https:\/\/luchonoticias.com\/"],"url":"https:\/\/luchonoticias.com\/editor\/author\/editor-general\/"}]}},"_links":{"self":[{"href":"https:\/\/luchonoticias.com\/editor\/wp-json\/wp\/v2\/posts\/52791","targetHints":{"allow":["GET"]}}],"collection":[{"href":"https:\/\/luchonoticias.com\/editor\/wp-json\/wp\/v2\/posts"}],"about":[{"href":"https:\/\/luchonoticias.com\/editor\/wp-json\/wp\/v2\/types\/post"}],"author":[{"embeddable":true,"href":"https:\/\/luchonoticias.com\/editor\/wp-json\/wp\/v2\/users\/2"}],"replies":[{"embeddable":true,"href":"https:\/\/luchonoticias.com\/editor\/wp-json\/wp\/v2\/comments?post=52791"}],"version-history":[{"count":0,"href":"https:\/\/luchonoticias.com\/editor\/wp-json\/wp\/v2\/posts\/52791\/revisions"}],"wp:attachment":[{"href":"https:\/\/luchonoticias.com\/editor\/wp-json\/wp\/v2\/media?parent=52791"}],"wp:term":[{"taxonomy":"category","embeddable":true,"href":"https:\/\/luchonoticias.com\/editor\/wp-json\/wp\/v2\/categories?post=52791"},{"taxonomy":"post_tag","embeddable":true,"href":"https:\/\/luchonoticias.com\/editor\/wp-json\/wp\/v2\/tags?post=52791"}],"curies":[{"name":"wp","href":"https:\/\/api.w.org\/{rel}","templated":true}]}}