{"id":52794,"date":"2023-05-19T17:08:03","date_gmt":"2023-05-19T22:08:03","guid":{"rendered":"https:\/\/luchonoticias.com\/?p=52794"},"modified":"2023-05-19T17:08:04","modified_gmt":"2023-05-19T22:08:04","slug":"asegurados-cuatro-sujetos-por-atentar-contra-la-integridad-fisica-y-sexual-de-menores-y-mujeres-en-huila","status":"publish","type":"post","link":"https:\/\/luchonoticias.com\/editor\/asegurados-cuatro-sujetos-por-atentar-contra-la-integridad-fisica-y-sexual-de-menores-y-mujeres-en-huila\/","title":{"rendered":"Asegurados cuatro sujetos por atentar contra la integridad f\u00edsica y sexual de menores y mujeres en Huila"},"content":{"rendered":"\n<p>La Seccional Huila de la Fiscal\u00eda General de la Naci\u00f3n, comprometida con la investigaci\u00f3n de casos relacionados con violencia de g\u00e9nero, logr\u00f3 que cuatro hombres, presuntamente vinculados con delictivos que atentan contra mujeres, ni\u00f1as, ni\u00f1os fueran cobijados con medida de aseguramiento en centro carcelario.<\/p>\n\n\n\n<p>La priorizaci\u00f3n de estos casos ha permitido que en lo corrido del a\u00f1o la Seccional Huila haya resuelto el 60 % de los hechosregistrados en Neiva. Resultados similaresse han dado en hechos relacionados con violencia intrafamiliar en este departamento, sobre los cuales se lleg\u00f3 a cifras del 98.58%.<\/p>\n\n\n\n<p>El trabajo articulado entre funcionarios del Cuerpo T\u00e9cnico de Investigaci\u00f3n (CTI), Polic\u00eda y Ej\u00e9rcito Nacional permitieron la captura de los procesados.<\/p>\n\n\n\n<p><strong>Judicializado padrastro que embaraz\u00f3 a su hijastra<\/strong><\/p>\n\n\n\n<p>Seg\u00fan la investigaci\u00f3n, desde el 2017 el procesado habr\u00eda sometido a los dos hijos de su compa\u00f1era sentimental a ciclos de violencia intrafamiliar. En desarrollo de la indagaci\u00f3n, la Fiscal\u00eda estableci\u00f3 que la menor era agredida de manera verbal, f\u00edsica, psicol\u00f3gica y sexual. El ente acusador pudo determinar que deb\u00eda soportar burlas por su apariencia. Comportamientos similares que se replicaban en contra de la madre de los ni\u00f1os.<\/p>\n\n\n\n<p>La menor de 12 a\u00f1os, habr\u00eda sido agredida sexualmente desde noviembre de 2022. Este tipo de hechos cometidos en frente de su hermano, de 7 a\u00f1os. Estos delitos sucedieron en el barrio Villa Marcela de Neiva.<\/p>\n\n\n\n<p>El material de prueba recaudado puso al descubierto c\u00f3mo el hombre, de 32 a\u00f1os, al parecer, le enviaba mensajes en redes sociales a la menor pidi\u00e9ndole que lo esperara desnuda en la habitaci\u00f3n. Producto de los vej\u00e1menes sexuales la v\u00edctima qued\u00f3 en embarazo.<\/p>\n\n\n\n<p>La Fiscal\u00eda imput\u00f3 al presunto abusador los delitos de acceso carnal abusivo con menor de 14 a\u00f1os agravado, actos sexuales con menor de 14 a\u00f1os agravado y violencia intrafamiliar agravada.<\/p>\n\n\n\n<p><strong>Un padre habr\u00eda abusado sexualmente de su hija de 2 a\u00f1os<\/strong><\/p>\n\n\n\n<p>Los hechos investigados se registraron en mayo de 2016 en Palermo (Huila) donde una infante de 2 a\u00f1os fue agredida sexualmente por su padre, un hombre de 54 a\u00f1os.<\/p>\n\n\n\n<p>Este caso fue conocido y denunciado por la t\u00eda materna de la v\u00edctima, quien instaur\u00f3 la denuncia luego de que la ni\u00f1a se quejara de dolencias en sus partes\u00edntimas y se\u00f1alara a su pap\u00e1 como el responsable de las agresiones.<\/p>\n\n\n\n<p>El posible abusador fue imputado por el delito de acceso carnal abusivo con menor de 14 a\u00f1os agravado.<\/p>\n\n\n\n<p><strong>Una mujer era golpeada por su compa\u00f1ero sentimental<\/strong><\/p>\n\n\n\n<p>La Fiscal\u00eda traslad\u00f3 escrito de acusaci\u00f3n contra Jos\u00e9 Armando Rojas Pab\u00f3n de 41 a\u00f1os, presuntamente responsable del delito de violencia intrafamiliar agravada. Seg\u00fan la investigaci\u00f3n, el acusado convivi\u00f3 con su compa\u00f1era sentimental por 10 a\u00f1os, tiempo durante el cual la mujer fue sometida a maltratos verbales, psicol\u00f3gicos y f\u00edsicos.<\/p>\n\n\n\n<p>Seg\u00fan se logr\u00f3 establecer, las m\u00e1s recientes agresiones ocurrieron el 19 de febrero de 2023 en el barrio Fronteras del Milenio de Neiva donde el hombre habr\u00eda golpeado a su compa\u00f1era sentimental, presuntamente por celos. Por estos hechos la v\u00edctima recibi\u00f3 una incapacidad de 12 d\u00edas de Medicina Legal.<\/p>\n\n\n\n<p><strong>Un hombre agred\u00eda a su mam\u00e1 y a su hija<\/strong><\/p>\n\n\n\n<p>En otro caso, un hombre de 37 a\u00f1os fue judicializado por el delito de violencia intrafamiliar agravada debido a las presuntas agresiones a las que somet\u00eda a su madre e hija de 15 a\u00f1os. Seg\u00fan se logr\u00f3 determinar, las dos mujeres deb\u00edan soportar insultos y violencia psicol\u00f3gica de manera constante.<\/p>\n\n\n\n<p>Seg\u00fan consta en la denuncia, el acusado es consumidor de estupefacientes actividad que realizar\u00eda en presencia de sus hijos. Los m\u00e1s recientes hechos de violencia ocurrieron el d\u00eda 27 de abril de 2023 en el barrio Santa Isabel de Neiva donde la v\u00edctima fue golpeada en varias partes de su cuerpo. Medicina Legal determin\u00f3 una incapacidad definitiva de 10 d\u00edas para la menor.<\/p>\n","protected":false},"excerpt":{"rendered":"<p>La Seccional Huila de la Fiscal\u00eda General de la Naci\u00f3n, comprometida con la investigaci\u00f3n de casos relacionados con violencia de g\u00e9nero, logr\u00f3 que cuatro hombres, presuntamente vinculados con delictivos que atentan contra mujeres, ni\u00f1as, ni\u00f1os fueran cobijados con medida de aseguramiento en centro carcelario. La priorizaci\u00f3n de estos casos ha permitido que en lo corrido [&hellip;]<\/p>\n","protected":false},"author":2,"featured_media":0,"comment_status":"open","ping_status":"open","sticky":false,"template":"","format":"standard","meta":{"footnotes":""},"categories":[36,29],"tags":[],"class_list":["post-52794","post","type-post","status-publish","format-standard","hentry","category-destacado","category-judicial"],"yoast_head":"<!-- This site is optimized with the Yoast SEO plugin v26.6 - https:\/\/yoast.com\/wordpress\/plugins\/seo\/ -->\n<title>Asegurados cuatro sujetos por atentar contra la integridad f\u00edsica y sexual de menores y mujeres en Huila -<\/title>\n<meta name=\"robots\" content=\"index, follow, max-snippet:-1, max-image-preview:large, max-video-preview:-1\" \/>\n<link rel=\"canonical\" href=\"https:\/\/luchonoticias.com\/editor\/asegurados-cuatro-sujetos-por-atentar-contra-la-integridad-fisica-y-sexual-de-menores-y-mujeres-en-huila\/\" \/>\n<meta property=\"og:locale\" content=\"es_ES\" \/>\n<meta property=\"og:type\" content=\"article\" \/>\n<meta property=\"og:title\" content=\"Asegurados cuatro sujetos por atentar contra la integridad f\u00edsica y sexual de menores y mujeres en Huila -\" \/>\n<meta property=\"og:url\" content=\"https:\/\/luchonoticias.com\/editor\/asegurados-cuatro-sujetos-por-atentar-contra-la-integridad-fisica-y-sexual-de-menores-y-mujeres-en-huila\/\" \/>\n<meta property=\"article:publisher\" content=\"https:\/\/www.facebook.com\/luchonoticiasneiva\" \/>\n<meta property=\"article:published_time\" content=\"2023-05-19T22:08:03+00:00\" \/>\n<meta property=\"article:modified_time\" content=\"2023-05-19T22:08:04+00:00\" \/>\n<meta name=\"author\" content=\"Editor General\" \/>\n<meta name=\"twitter:card\" content=\"summary_large_image\" \/>\n<meta name=\"twitter:label1\" content=\"Escrito por\" \/>\n\t<meta name=\"twitter:data1\" content=\"Editor General\" \/>\n\t<meta name=\"twitter:label2\" content=\"Tiempo de lectura\" \/>\n\t<meta name=\"twitter:data2\" content=\"3 minutos\" \/>\n<script type=\"application\/ld+json\" class=\"yoast-schema-graph\">{\"@context\":\"https:\/\/schema.org\",\"@graph\":[{\"@type\":\"Article\",\"@id\":\"https:\/\/luchonoticias.com\/editor\/asegurados-cuatro-sujetos-por-atentar-contra-la-integridad-fisica-y-sexual-de-menores-y-mujeres-en-huila\/#article\",\"isPartOf\":{\"@id\":\"https:\/\/luchonoticias.com\/editor\/asegurados-cuatro-sujetos-por-atentar-contra-la-integridad-fisica-y-sexual-de-menores-y-mujeres-en-huila\/\"},\"author\":{\"name\":\"Editor General\",\"@id\":\"https:\/\/luchonoticias.com\/editor\/#\/schema\/person\/29217990ddf6f14e35912b2866d591fb\"},\"headline\":\"Asegurados cuatro sujetos por atentar contra la integridad f\u00edsica y sexual de menores y mujeres en Huila\",\"datePublished\":\"2023-05-19T22:08:03+00:00\",\"dateModified\":\"2023-05-19T22:08:04+00:00\",\"mainEntityOfPage\":{\"@id\":\"https:\/\/luchonoticias.com\/editor\/asegurados-cuatro-sujetos-por-atentar-contra-la-integridad-fisica-y-sexual-de-menores-y-mujeres-en-huila\/\"},\"wordCount\":691,\"commentCount\":0,\"publisher\":{\"@id\":\"https:\/\/luchonoticias.com\/editor\/#\/schema\/person\/7a7fd911f58561fd056dbac7b55af9cd\"},\"articleSection\":[\"Destacado\",\"Judicial\"],\"inLanguage\":\"es\",\"potentialAction\":[{\"@type\":\"CommentAction\",\"name\":\"Comment\",\"target\":[\"https:\/\/luchonoticias.com\/editor\/asegurados-cuatro-sujetos-por-atentar-contra-la-integridad-fisica-y-sexual-de-menores-y-mujeres-en-huila\/#respond\"]}]},{\"@type\":\"WebPage\",\"@id\":\"https:\/\/luchonoticias.com\/editor\/asegurados-cuatro-sujetos-por-atentar-contra-la-integridad-fisica-y-sexual-de-menores-y-mujeres-en-huila\/\",\"url\":\"https:\/\/luchonoticias.com\/editor\/asegurados-cuatro-sujetos-por-atentar-contra-la-integridad-fisica-y-sexual-de-menores-y-mujeres-en-huila\/\",\"name\":\"Asegurados cuatro sujetos por atentar contra la integridad f\u00edsica y sexual de menores y mujeres en Huila -\",\"isPartOf\":{\"@id\":\"https:\/\/luchonoticias.com\/editor\/#website\"},\"datePublished\":\"2023-05-19T22:08:03+00:00\",\"dateModified\":\"2023-05-19T22:08:04+00:00\",\"breadcrumb\":{\"@id\":\"https:\/\/luchonoticias.com\/editor\/asegurados-cuatro-sujetos-por-atentar-contra-la-integridad-fisica-y-sexual-de-menores-y-mujeres-en-huila\/#breadcrumb\"},\"inLanguage\":\"es\",\"potentialAction\":[{\"@type\":\"ReadAction\",\"target\":[\"https:\/\/luchonoticias.com\/editor\/asegurados-cuatro-sujetos-por-atentar-contra-la-integridad-fisica-y-sexual-de-menores-y-mujeres-en-huila\/\"]}]},{\"@type\":\"BreadcrumbList\",\"@id\":\"https:\/\/luchonoticias.com\/editor\/asegurados-cuatro-sujetos-por-atentar-contra-la-integridad-fisica-y-sexual-de-menores-y-mujeres-en-huila\/#breadcrumb\",\"itemListElement\":[{\"@type\":\"ListItem\",\"position\":1,\"name\":\"Portada\",\"item\":\"https:\/\/luchonoticias.com\/editor\/\"},{\"@type\":\"ListItem\",\"position\":2,\"name\":\"Asegurados cuatro sujetos por atentar contra la integridad f\u00edsica y sexual de menores y mujeres en Huila\"}]},{\"@type\":\"WebSite\",\"@id\":\"https:\/\/luchonoticias.com\/editor\/#website\",\"url\":\"https:\/\/luchonoticias.com\/editor\/\",\"name\":\"\",\"description\":\"\",\"publisher\":{\"@id\":\"https:\/\/luchonoticias.com\/editor\/#\/schema\/person\/7a7fd911f58561fd056dbac7b55af9cd\"},\"potentialAction\":[{\"@type\":\"SearchAction\",\"target\":{\"@type\":\"EntryPoint\",\"urlTemplate\":\"https:\/\/luchonoticias.com\/editor\/?s={search_term_string}\"},\"query-input\":{\"@type\":\"PropertyValueSpecification\",\"valueRequired\":true,\"valueName\":\"search_term_string\"}}],\"inLanguage\":\"es\"},{\"@type\":[\"Person\",\"Organization\"],\"@id\":\"https:\/\/luchonoticias.com\/editor\/#\/schema\/person\/7a7fd911f58561fd056dbac7b55af9cd\",\"name\":\"admin\",\"image\":{\"@type\":\"ImageObject\",\"inLanguage\":\"es\",\"@id\":\"https:\/\/luchonoticias.com\/editor\/#\/schema\/person\/image\/\",\"url\":\"https:\/\/luchonoticias.com\/editor\/wp-content\/uploads\/2024\/02\/cropped-cropped-logolu.webp\",\"contentUrl\":\"https:\/\/luchonoticias.com\/editor\/wp-content\/uploads\/2024\/02\/cropped-cropped-logolu.webp\",\"width\":382,\"height\":170,\"caption\":\"admin\"},\"logo\":{\"@id\":\"https:\/\/luchonoticias.com\/editor\/#\/schema\/person\/image\/\"},\"sameAs\":[\"https:\/\/www.facebook.com\/luchonoticiasneiva\"]},{\"@type\":\"Person\",\"@id\":\"https:\/\/luchonoticias.com\/editor\/#\/schema\/person\/29217990ddf6f14e35912b2866d591fb\",\"name\":\"Editor General\",\"image\":{\"@type\":\"ImageObject\",\"inLanguage\":\"es\",\"@id\":\"https:\/\/luchonoticias.com\/editor\/#\/schema\/person\/image\/\",\"url\":\"https:\/\/luchonoticias.com\/editor\/wp-content\/uploads\/2024\/02\/cropped-cropped-logolu-150x150.webp\",\"contentUrl\":\"https:\/\/luchonoticias.com\/editor\/wp-content\/uploads\/2024\/02\/cropped-cropped-logolu-150x150.webp\",\"caption\":\"Editor General\"},\"sameAs\":[\"https:\/\/luchonoticias.com\/\"],\"url\":\"https:\/\/luchonoticias.com\/editor\/author\/editor-general\/\"}]}<\/script>\n<!-- \/ Yoast SEO plugin. -->","yoast_head_json":{"title":"Asegurados cuatro sujetos por atentar contra la integridad f\u00edsica y sexual de menores y mujeres en Huila -","robots":{"index":"index","follow":"follow","max-snippet":"max-snippet:-1","max-image-preview":"max-image-preview:large","max-video-preview":"max-video-preview:-1"},"canonical":"https:\/\/luchonoticias.com\/editor\/asegurados-cuatro-sujetos-por-atentar-contra-la-integridad-fisica-y-sexual-de-menores-y-mujeres-en-huila\/","og_locale":"es_ES","og_type":"article","og_title":"Asegurados cuatro sujetos por atentar contra la integridad f\u00edsica y sexual de menores y mujeres en Huila -","og_url":"https:\/\/luchonoticias.com\/editor\/asegurados-cuatro-sujetos-por-atentar-contra-la-integridad-fisica-y-sexual-de-menores-y-mujeres-en-huila\/","article_publisher":"https:\/\/www.facebook.com\/luchonoticiasneiva","article_published_time":"2023-05-19T22:08:03+00:00","article_modified_time":"2023-05-19T22:08:04+00:00","author":"Editor General","twitter_card":"summary_large_image","twitter_misc":{"Escrito por":"Editor General","Tiempo de lectura":"3 minutos"},"schema":{"@context":"https:\/\/schema.org","@graph":[{"@type":"Article","@id":"https:\/\/luchonoticias.com\/editor\/asegurados-cuatro-sujetos-por-atentar-contra-la-integridad-fisica-y-sexual-de-menores-y-mujeres-en-huila\/#article","isPartOf":{"@id":"https:\/\/luchonoticias.com\/editor\/asegurados-cuatro-sujetos-por-atentar-contra-la-integridad-fisica-y-sexual-de-menores-y-mujeres-en-huila\/"},"author":{"name":"Editor General","@id":"https:\/\/luchonoticias.com\/editor\/#\/schema\/person\/29217990ddf6f14e35912b2866d591fb"},"headline":"Asegurados cuatro sujetos por atentar contra la integridad f\u00edsica y sexual de menores y mujeres en Huila","datePublished":"2023-05-19T22:08:03+00:00","dateModified":"2023-05-19T22:08:04+00:00","mainEntityOfPage":{"@id":"https:\/\/luchonoticias.com\/editor\/asegurados-cuatro-sujetos-por-atentar-contra-la-integridad-fisica-y-sexual-de-menores-y-mujeres-en-huila\/"},"wordCount":691,"commentCount":0,"publisher":{"@id":"https:\/\/luchonoticias.com\/editor\/#\/schema\/person\/7a7fd911f58561fd056dbac7b55af9cd"},"articleSection":["Destacado","Judicial"],"inLanguage":"es","potentialAction":[{"@type":"CommentAction","name":"Comment","target":["https:\/\/luchonoticias.com\/editor\/asegurados-cuatro-sujetos-por-atentar-contra-la-integridad-fisica-y-sexual-de-menores-y-mujeres-en-huila\/#respond"]}]},{"@type":"WebPage","@id":"https:\/\/luchonoticias.com\/editor\/asegurados-cuatro-sujetos-por-atentar-contra-la-integridad-fisica-y-sexual-de-menores-y-mujeres-en-huila\/","url":"https:\/\/luchonoticias.com\/editor\/asegurados-cuatro-sujetos-por-atentar-contra-la-integridad-fisica-y-sexual-de-menores-y-mujeres-en-huila\/","name":"Asegurados cuatro sujetos por atentar contra la integridad f\u00edsica y sexual de menores y mujeres en Huila -","isPartOf":{"@id":"https:\/\/luchonoticias.com\/editor\/#website"},"datePublished":"2023-05-19T22:08:03+00:00","dateModified":"2023-05-19T22:08:04+00:00","breadcrumb":{"@id":"https:\/\/luchonoticias.com\/editor\/asegurados-cuatro-sujetos-por-atentar-contra-la-integridad-fisica-y-sexual-de-menores-y-mujeres-en-huila\/#breadcrumb"},"inLanguage":"es","potentialAction":[{"@type":"ReadAction","target":["https:\/\/luchonoticias.com\/editor\/asegurados-cuatro-sujetos-por-atentar-contra-la-integridad-fisica-y-sexual-de-menores-y-mujeres-en-huila\/"]}]},{"@type":"BreadcrumbList","@id":"https:\/\/luchonoticias.com\/editor\/asegurados-cuatro-sujetos-por-atentar-contra-la-integridad-fisica-y-sexual-de-menores-y-mujeres-en-huila\/#breadcrumb","itemListElement":[{"@type":"ListItem","position":1,"name":"Portada","item":"https:\/\/luchonoticias.com\/editor\/"},{"@type":"ListItem","position":2,"name":"Asegurados cuatro sujetos por atentar contra la integridad f\u00edsica y sexual de menores y mujeres en Huila"}]},{"@type":"WebSite","@id":"https:\/\/luchonoticias.com\/editor\/#website","url":"https:\/\/luchonoticias.com\/editor\/","name":"","description":"","publisher":{"@id":"https:\/\/luchonoticias.com\/editor\/#\/schema\/person\/7a7fd911f58561fd056dbac7b55af9cd"},"potentialAction":[{"@type":"SearchAction","target":{"@type":"EntryPoint","urlTemplate":"https:\/\/luchonoticias.com\/editor\/?s={search_term_string}"},"query-input":{"@type":"PropertyValueSpecification","valueRequired":true,"valueName":"search_term_string"}}],"inLanguage":"es"},{"@type":["Person","Organization"],"@id":"https:\/\/luchonoticias.com\/editor\/#\/schema\/person\/7a7fd911f58561fd056dbac7b55af9cd","name":"admin","image":{"@type":"ImageObject","inLanguage":"es","@id":"https:\/\/luchonoticias.com\/editor\/#\/schema\/person\/image\/","url":"https:\/\/luchonoticias.com\/editor\/wp-content\/uploads\/2024\/02\/cropped-cropped-logolu.webp","contentUrl":"https:\/\/luchonoticias.com\/editor\/wp-content\/uploads\/2024\/02\/cropped-cropped-logolu.webp","width":382,"height":170,"caption":"admin"},"logo":{"@id":"https:\/\/luchonoticias.com\/editor\/#\/schema\/person\/image\/"},"sameAs":["https:\/\/www.facebook.com\/luchonoticiasneiva"]},{"@type":"Person","@id":"https:\/\/luchonoticias.com\/editor\/#\/schema\/person\/29217990ddf6f14e35912b2866d591fb","name":"Editor General","image":{"@type":"ImageObject","inLanguage":"es","@id":"https:\/\/luchonoticias.com\/editor\/#\/schema\/person\/image\/","url":"https:\/\/luchonoticias.com\/editor\/wp-content\/uploads\/2024\/02\/cropped-cropped-logolu-150x150.webp","contentUrl":"https:\/\/luchonoticias.com\/editor\/wp-content\/uploads\/2024\/02\/cropped-cropped-logolu-150x150.webp","caption":"Editor General"},"sameAs":["https:\/\/luchonoticias.com\/"],"url":"https:\/\/luchonoticias.com\/editor\/author\/editor-general\/"}]}},"_links":{"self":[{"href":"https:\/\/luchonoticias.com\/editor\/wp-json\/wp\/v2\/posts\/52794","targetHints":{"allow":["GET"]}}],"collection":[{"href":"https:\/\/luchonoticias.com\/editor\/wp-json\/wp\/v2\/posts"}],"about":[{"href":"https:\/\/luchonoticias.com\/editor\/wp-json\/wp\/v2\/types\/post"}],"author":[{"embeddable":true,"href":"https:\/\/luchonoticias.com\/editor\/wp-json\/wp\/v2\/users\/2"}],"replies":[{"embeddable":true,"href":"https:\/\/luchonoticias.com\/editor\/wp-json\/wp\/v2\/comments?post=52794"}],"version-history":[{"count":0,"href":"https:\/\/luchonoticias.com\/editor\/wp-json\/wp\/v2\/posts\/52794\/revisions"}],"wp:attachment":[{"href":"https:\/\/luchonoticias.com\/editor\/wp-json\/wp\/v2\/media?parent=52794"}],"wp:term":[{"taxonomy":"category","embeddable":true,"href":"https:\/\/luchonoticias.com\/editor\/wp-json\/wp\/v2\/categories?post=52794"},{"taxonomy":"post_tag","embeddable":true,"href":"https:\/\/luchonoticias.com\/editor\/wp-json\/wp\/v2\/tags?post=52794"}],"curies":[{"name":"wp","href":"https:\/\/api.w.org\/{rel}","templated":true}]}}