{"id":52856,"date":"2023-05-20T16:09:00","date_gmt":"2023-05-20T21:09:00","guid":{"rendered":"https:\/\/luchonoticias.com\/?p=52856"},"modified":"2023-05-20T16:09:01","modified_gmt":"2023-05-20T21:09:01","slug":"alias-yuli-integrante-de-los-galleros-fue-capturada-nuevamente-en-garzon","status":"publish","type":"post","link":"https:\/\/luchonoticias.com\/editor\/alias-yuli-integrante-de-los-galleros-fue-capturada-nuevamente-en-garzon\/","title":{"rendered":"Alias \u2018Yuli\u2019 integrante de los \u2018Galleros\u2019, fue capturada nuevamente en Garz\u00f3n"},"content":{"rendered":"\n<p>Gracias a los planes de control, registro y verificaci\u00f3n de antecedentes que realizan los polic\u00edas del Modelo Nacional de Vigilancia Comunitaria por Cuadrantes, en la capital diocesana del Huila, fue capturada una mujer conocida como alias \u2018Yuli\u2019, la cual hacia parte del grupo delincuencial \u201cLos Galleros\u201d dedicados a la comercializaci\u00f3n de estupefacientes, el hurto en todas sus modalidades y la instrumentalizaci\u00f3n de menores de edad, banda que fue desarticulada en enero del a\u00f1o 2022.<\/p>\n\n\n\n<p>Esta mujer la cual gozaba con el beneficio de prisi\u00f3n domiciliaria, fue nuevamente capturada por orden judicial por los delitos de concierto para delinquir con fines de tr\u00e1fico de estupefacientes, tr\u00e1fico, fabricaci\u00f3n o porte de estupefacientes. La captura se logra en horas de la noche en v\u00eda p\u00fablica del barrio Las Mercedes, donde al verificar la base de datos, arroja reporte positivo para su captura.<\/p>\n\n\n\n<p>Alias \u2018Yuli\u2019 fue capturada y dejada a disposici\u00f3n del el Juzgado Primero Penal del Circuito Especializado de Neiva-Huila, donde le definir\u00e1n su situaci\u00f3n judicial.<\/p>\n","protected":false},"excerpt":{"rendered":"<p>Gracias a los planes de control, registro y verificaci\u00f3n de antecedentes que realizan los polic\u00edas del Modelo Nacional de Vigilancia Comunitaria por Cuadrantes, en la capital diocesana del Huila, fue capturada una mujer conocida como alias \u2018Yuli\u2019, la cual hacia parte del grupo delincuencial \u201cLos Galleros\u201d dedicados a la comercializaci\u00f3n de estupefacientes, el hurto en [&hellip;]<\/p>\n","protected":false},"author":2,"featured_media":0,"comment_status":"open","ping_status":"open","sticky":false,"template":"","format":"standard","meta":{"footnotes":""},"categories":[36,29],"tags":[],"class_list":["post-52856","post","type-post","status-publish","format-standard","hentry","category-destacado","category-judicial"],"yoast_head":"<!-- This site is optimized with the Yoast SEO plugin v26.6 - https:\/\/yoast.com\/wordpress\/plugins\/seo\/ -->\n<title>Alias \u2018Yuli\u2019 integrante de los \u2018Galleros\u2019, fue capturada nuevamente en Garz\u00f3n -<\/title>\n<meta name=\"robots\" content=\"index, follow, max-snippet:-1, max-image-preview:large, max-video-preview:-1\" \/>\n<link rel=\"canonical\" href=\"https:\/\/luchonoticias.com\/editor\/alias-yuli-integrante-de-los-galleros-fue-capturada-nuevamente-en-garzon\/\" \/>\n<meta property=\"og:locale\" content=\"es_ES\" \/>\n<meta property=\"og:type\" content=\"article\" \/>\n<meta property=\"og:title\" content=\"Alias \u2018Yuli\u2019 integrante de los \u2018Galleros\u2019, fue capturada nuevamente en Garz\u00f3n -\" \/>\n<meta property=\"og:url\" content=\"https:\/\/luchonoticias.com\/editor\/alias-yuli-integrante-de-los-galleros-fue-capturada-nuevamente-en-garzon\/\" \/>\n<meta property=\"article:publisher\" content=\"https:\/\/www.facebook.com\/luchonoticiasneiva\" \/>\n<meta property=\"article:published_time\" content=\"2023-05-20T21:09:00+00:00\" \/>\n<meta property=\"article:modified_time\" content=\"2023-05-20T21:09:01+00:00\" \/>\n<meta name=\"author\" content=\"Editor General\" \/>\n<meta name=\"twitter:card\" content=\"summary_large_image\" \/>\n<meta name=\"twitter:label1\" content=\"Escrito por\" \/>\n\t<meta name=\"twitter:data1\" content=\"Editor General\" \/>\n\t<meta name=\"twitter:label2\" content=\"Tiempo de lectura\" \/>\n\t<meta name=\"twitter:data2\" content=\"1 minuto\" \/>\n<script type=\"application\/ld+json\" class=\"yoast-schema-graph\">{\"@context\":\"https:\/\/schema.org\",\"@graph\":[{\"@type\":\"Article\",\"@id\":\"https:\/\/luchonoticias.com\/editor\/alias-yuli-integrante-de-los-galleros-fue-capturada-nuevamente-en-garzon\/#article\",\"isPartOf\":{\"@id\":\"https:\/\/luchonoticias.com\/editor\/alias-yuli-integrante-de-los-galleros-fue-capturada-nuevamente-en-garzon\/\"},\"author\":{\"name\":\"Editor General\",\"@id\":\"https:\/\/luchonoticias.com\/editor\/#\/schema\/person\/29217990ddf6f14e35912b2866d591fb\"},\"headline\":\"Alias \u2018Yuli\u2019 integrante de los \u2018Galleros\u2019, fue capturada nuevamente en Garz\u00f3n\",\"datePublished\":\"2023-05-20T21:09:00+00:00\",\"dateModified\":\"2023-05-20T21:09:01+00:00\",\"mainEntityOfPage\":{\"@id\":\"https:\/\/luchonoticias.com\/editor\/alias-yuli-integrante-de-los-galleros-fue-capturada-nuevamente-en-garzon\/\"},\"wordCount\":188,\"commentCount\":0,\"publisher\":{\"@id\":\"https:\/\/luchonoticias.com\/editor\/#\/schema\/person\/7a7fd911f58561fd056dbac7b55af9cd\"},\"articleSection\":[\"Destacado\",\"Judicial\"],\"inLanguage\":\"es\",\"potentialAction\":[{\"@type\":\"CommentAction\",\"name\":\"Comment\",\"target\":[\"https:\/\/luchonoticias.com\/editor\/alias-yuli-integrante-de-los-galleros-fue-capturada-nuevamente-en-garzon\/#respond\"]}]},{\"@type\":\"WebPage\",\"@id\":\"https:\/\/luchonoticias.com\/editor\/alias-yuli-integrante-de-los-galleros-fue-capturada-nuevamente-en-garzon\/\",\"url\":\"https:\/\/luchonoticias.com\/editor\/alias-yuli-integrante-de-los-galleros-fue-capturada-nuevamente-en-garzon\/\",\"name\":\"Alias \u2018Yuli\u2019 integrante de los \u2018Galleros\u2019, fue capturada nuevamente en Garz\u00f3n -\",\"isPartOf\":{\"@id\":\"https:\/\/luchonoticias.com\/editor\/#website\"},\"datePublished\":\"2023-05-20T21:09:00+00:00\",\"dateModified\":\"2023-05-20T21:09:01+00:00\",\"breadcrumb\":{\"@id\":\"https:\/\/luchonoticias.com\/editor\/alias-yuli-integrante-de-los-galleros-fue-capturada-nuevamente-en-garzon\/#breadcrumb\"},\"inLanguage\":\"es\",\"potentialAction\":[{\"@type\":\"ReadAction\",\"target\":[\"https:\/\/luchonoticias.com\/editor\/alias-yuli-integrante-de-los-galleros-fue-capturada-nuevamente-en-garzon\/\"]}]},{\"@type\":\"BreadcrumbList\",\"@id\":\"https:\/\/luchonoticias.com\/editor\/alias-yuli-integrante-de-los-galleros-fue-capturada-nuevamente-en-garzon\/#breadcrumb\",\"itemListElement\":[{\"@type\":\"ListItem\",\"position\":1,\"name\":\"Portada\",\"item\":\"https:\/\/luchonoticias.com\/editor\/\"},{\"@type\":\"ListItem\",\"position\":2,\"name\":\"Alias \u2018Yuli\u2019 integrante de los \u2018Galleros\u2019, fue capturada nuevamente en Garz\u00f3n\"}]},{\"@type\":\"WebSite\",\"@id\":\"https:\/\/luchonoticias.com\/editor\/#website\",\"url\":\"https:\/\/luchonoticias.com\/editor\/\",\"name\":\"\",\"description\":\"\",\"publisher\":{\"@id\":\"https:\/\/luchonoticias.com\/editor\/#\/schema\/person\/7a7fd911f58561fd056dbac7b55af9cd\"},\"potentialAction\":[{\"@type\":\"SearchAction\",\"target\":{\"@type\":\"EntryPoint\",\"urlTemplate\":\"https:\/\/luchonoticias.com\/editor\/?s={search_term_string}\"},\"query-input\":{\"@type\":\"PropertyValueSpecification\",\"valueRequired\":true,\"valueName\":\"search_term_string\"}}],\"inLanguage\":\"es\"},{\"@type\":[\"Person\",\"Organization\"],\"@id\":\"https:\/\/luchonoticias.com\/editor\/#\/schema\/person\/7a7fd911f58561fd056dbac7b55af9cd\",\"name\":\"admin\",\"image\":{\"@type\":\"ImageObject\",\"inLanguage\":\"es\",\"@id\":\"https:\/\/luchonoticias.com\/editor\/#\/schema\/person\/image\/\",\"url\":\"https:\/\/luchonoticias.com\/editor\/wp-content\/uploads\/2024\/02\/cropped-cropped-logolu.webp\",\"contentUrl\":\"https:\/\/luchonoticias.com\/editor\/wp-content\/uploads\/2024\/02\/cropped-cropped-logolu.webp\",\"width\":382,\"height\":170,\"caption\":\"admin\"},\"logo\":{\"@id\":\"https:\/\/luchonoticias.com\/editor\/#\/schema\/person\/image\/\"},\"sameAs\":[\"https:\/\/www.facebook.com\/luchonoticiasneiva\"]},{\"@type\":\"Person\",\"@id\":\"https:\/\/luchonoticias.com\/editor\/#\/schema\/person\/29217990ddf6f14e35912b2866d591fb\",\"name\":\"Editor General\",\"image\":{\"@type\":\"ImageObject\",\"inLanguage\":\"es\",\"@id\":\"https:\/\/luchonoticias.com\/editor\/#\/schema\/person\/image\/\",\"url\":\"https:\/\/luchonoticias.com\/editor\/wp-content\/uploads\/2024\/02\/cropped-cropped-logolu-150x150.webp\",\"contentUrl\":\"https:\/\/luchonoticias.com\/editor\/wp-content\/uploads\/2024\/02\/cropped-cropped-logolu-150x150.webp\",\"caption\":\"Editor General\"},\"sameAs\":[\"https:\/\/luchonoticias.com\/\"],\"url\":\"https:\/\/luchonoticias.com\/editor\/author\/editor-general\/\"}]}<\/script>\n<!-- \/ Yoast SEO plugin. -->","yoast_head_json":{"title":"Alias \u2018Yuli\u2019 integrante de los \u2018Galleros\u2019, fue capturada nuevamente en Garz\u00f3n -","robots":{"index":"index","follow":"follow","max-snippet":"max-snippet:-1","max-image-preview":"max-image-preview:large","max-video-preview":"max-video-preview:-1"},"canonical":"https:\/\/luchonoticias.com\/editor\/alias-yuli-integrante-de-los-galleros-fue-capturada-nuevamente-en-garzon\/","og_locale":"es_ES","og_type":"article","og_title":"Alias \u2018Yuli\u2019 integrante de los \u2018Galleros\u2019, fue capturada nuevamente en Garz\u00f3n -","og_url":"https:\/\/luchonoticias.com\/editor\/alias-yuli-integrante-de-los-galleros-fue-capturada-nuevamente-en-garzon\/","article_publisher":"https:\/\/www.facebook.com\/luchonoticiasneiva","article_published_time":"2023-05-20T21:09:00+00:00","article_modified_time":"2023-05-20T21:09:01+00:00","author":"Editor General","twitter_card":"summary_large_image","twitter_misc":{"Escrito por":"Editor General","Tiempo de lectura":"1 minuto"},"schema":{"@context":"https:\/\/schema.org","@graph":[{"@type":"Article","@id":"https:\/\/luchonoticias.com\/editor\/alias-yuli-integrante-de-los-galleros-fue-capturada-nuevamente-en-garzon\/#article","isPartOf":{"@id":"https:\/\/luchonoticias.com\/editor\/alias-yuli-integrante-de-los-galleros-fue-capturada-nuevamente-en-garzon\/"},"author":{"name":"Editor General","@id":"https:\/\/luchonoticias.com\/editor\/#\/schema\/person\/29217990ddf6f14e35912b2866d591fb"},"headline":"Alias \u2018Yuli\u2019 integrante de los \u2018Galleros\u2019, fue capturada nuevamente en Garz\u00f3n","datePublished":"2023-05-20T21:09:00+00:00","dateModified":"2023-05-20T21:09:01+00:00","mainEntityOfPage":{"@id":"https:\/\/luchonoticias.com\/editor\/alias-yuli-integrante-de-los-galleros-fue-capturada-nuevamente-en-garzon\/"},"wordCount":188,"commentCount":0,"publisher":{"@id":"https:\/\/luchonoticias.com\/editor\/#\/schema\/person\/7a7fd911f58561fd056dbac7b55af9cd"},"articleSection":["Destacado","Judicial"],"inLanguage":"es","potentialAction":[{"@type":"CommentAction","name":"Comment","target":["https:\/\/luchonoticias.com\/editor\/alias-yuli-integrante-de-los-galleros-fue-capturada-nuevamente-en-garzon\/#respond"]}]},{"@type":"WebPage","@id":"https:\/\/luchonoticias.com\/editor\/alias-yuli-integrante-de-los-galleros-fue-capturada-nuevamente-en-garzon\/","url":"https:\/\/luchonoticias.com\/editor\/alias-yuli-integrante-de-los-galleros-fue-capturada-nuevamente-en-garzon\/","name":"Alias \u2018Yuli\u2019 integrante de los \u2018Galleros\u2019, fue capturada nuevamente en Garz\u00f3n -","isPartOf":{"@id":"https:\/\/luchonoticias.com\/editor\/#website"},"datePublished":"2023-05-20T21:09:00+00:00","dateModified":"2023-05-20T21:09:01+00:00","breadcrumb":{"@id":"https:\/\/luchonoticias.com\/editor\/alias-yuli-integrante-de-los-galleros-fue-capturada-nuevamente-en-garzon\/#breadcrumb"},"inLanguage":"es","potentialAction":[{"@type":"ReadAction","target":["https:\/\/luchonoticias.com\/editor\/alias-yuli-integrante-de-los-galleros-fue-capturada-nuevamente-en-garzon\/"]}]},{"@type":"BreadcrumbList","@id":"https:\/\/luchonoticias.com\/editor\/alias-yuli-integrante-de-los-galleros-fue-capturada-nuevamente-en-garzon\/#breadcrumb","itemListElement":[{"@type":"ListItem","position":1,"name":"Portada","item":"https:\/\/luchonoticias.com\/editor\/"},{"@type":"ListItem","position":2,"name":"Alias \u2018Yuli\u2019 integrante de los \u2018Galleros\u2019, fue capturada nuevamente en Garz\u00f3n"}]},{"@type":"WebSite","@id":"https:\/\/luchonoticias.com\/editor\/#website","url":"https:\/\/luchonoticias.com\/editor\/","name":"","description":"","publisher":{"@id":"https:\/\/luchonoticias.com\/editor\/#\/schema\/person\/7a7fd911f58561fd056dbac7b55af9cd"},"potentialAction":[{"@type":"SearchAction","target":{"@type":"EntryPoint","urlTemplate":"https:\/\/luchonoticias.com\/editor\/?s={search_term_string}"},"query-input":{"@type":"PropertyValueSpecification","valueRequired":true,"valueName":"search_term_string"}}],"inLanguage":"es"},{"@type":["Person","Organization"],"@id":"https:\/\/luchonoticias.com\/editor\/#\/schema\/person\/7a7fd911f58561fd056dbac7b55af9cd","name":"admin","image":{"@type":"ImageObject","inLanguage":"es","@id":"https:\/\/luchonoticias.com\/editor\/#\/schema\/person\/image\/","url":"https:\/\/luchonoticias.com\/editor\/wp-content\/uploads\/2024\/02\/cropped-cropped-logolu.webp","contentUrl":"https:\/\/luchonoticias.com\/editor\/wp-content\/uploads\/2024\/02\/cropped-cropped-logolu.webp","width":382,"height":170,"caption":"admin"},"logo":{"@id":"https:\/\/luchonoticias.com\/editor\/#\/schema\/person\/image\/"},"sameAs":["https:\/\/www.facebook.com\/luchonoticiasneiva"]},{"@type":"Person","@id":"https:\/\/luchonoticias.com\/editor\/#\/schema\/person\/29217990ddf6f14e35912b2866d591fb","name":"Editor General","image":{"@type":"ImageObject","inLanguage":"es","@id":"https:\/\/luchonoticias.com\/editor\/#\/schema\/person\/image\/","url":"https:\/\/luchonoticias.com\/editor\/wp-content\/uploads\/2024\/02\/cropped-cropped-logolu-150x150.webp","contentUrl":"https:\/\/luchonoticias.com\/editor\/wp-content\/uploads\/2024\/02\/cropped-cropped-logolu-150x150.webp","caption":"Editor General"},"sameAs":["https:\/\/luchonoticias.com\/"],"url":"https:\/\/luchonoticias.com\/editor\/author\/editor-general\/"}]}},"_links":{"self":[{"href":"https:\/\/luchonoticias.com\/editor\/wp-json\/wp\/v2\/posts\/52856","targetHints":{"allow":["GET"]}}],"collection":[{"href":"https:\/\/luchonoticias.com\/editor\/wp-json\/wp\/v2\/posts"}],"about":[{"href":"https:\/\/luchonoticias.com\/editor\/wp-json\/wp\/v2\/types\/post"}],"author":[{"embeddable":true,"href":"https:\/\/luchonoticias.com\/editor\/wp-json\/wp\/v2\/users\/2"}],"replies":[{"embeddable":true,"href":"https:\/\/luchonoticias.com\/editor\/wp-json\/wp\/v2\/comments?post=52856"}],"version-history":[{"count":0,"href":"https:\/\/luchonoticias.com\/editor\/wp-json\/wp\/v2\/posts\/52856\/revisions"}],"wp:attachment":[{"href":"https:\/\/luchonoticias.com\/editor\/wp-json\/wp\/v2\/media?parent=52856"}],"wp:term":[{"taxonomy":"category","embeddable":true,"href":"https:\/\/luchonoticias.com\/editor\/wp-json\/wp\/v2\/categories?post=52856"},{"taxonomy":"post_tag","embeddable":true,"href":"https:\/\/luchonoticias.com\/editor\/wp-json\/wp\/v2\/tags?post=52856"}],"curies":[{"name":"wp","href":"https:\/\/api.w.org\/{rel}","templated":true}]}}