{"id":52891,"date":"2023-05-21T15:09:26","date_gmt":"2023-05-21T20:09:26","guid":{"rendered":"https:\/\/luchonoticias.com\/?p=52891"},"modified":"2023-05-21T15:09:28","modified_gmt":"2023-05-21T20:09:28","slug":"grand-prix-de-patinaje-culmino-con-una-maraton","status":"publish","type":"post","link":"https:\/\/luchonoticias.com\/editor\/grand-prix-de-patinaje-culmino-con-una-maraton\/","title":{"rendered":"Grand Prix de Patinaje culmin\u00f3 con una marat\u00f3n"},"content":{"rendered":"\n<p>El Grand Prix de Patinaje cerr\u00f3 en la ciudad de Neiva con una marat\u00f3n, donde m\u00e1s de 180 deportistas recorrieron 42 kil\u00f3metros sobre la Carrera 20 entre la glorieta de Unicentro y la glorieta del cementerio Jardines &#8216;El Para\u00edso&#8217;.<\/p>\n\n\n\n<p>Estas competencias duraron 11 d\u00edas en Neiva, las cuales permitieron dinamizar la econom\u00eda, posicionar al municipio como una ciudad de eventos y estrenar el Patin\u00f3dromo, que durante m\u00e1s de 12 a\u00f1os fue catalogado como un \u00abelefante blanco\u00bb, y que gracias al alcalde, Gorky Mu\u00f1oz Calder\u00f3n, es posible que hoy los neivanos cuenten con un escenario deportivo que cumple con todas las normas t\u00e9cnicas.<\/p>\n\n\n\n<p>\u201cMuy contentos, un balance m\u00e1s que positivo, recibimos en total 1.680 competidores, de 24 departamentos y 6 pa\u00edses, una cantidad incre\u00edble de clubes que vinieron a la ciudad. Hoy estamos cerrando con la competencia de marat\u00f3n, aproximadamente 200 atletas entre hombres y mujeres compitiendo en esta categor\u00eda, en total tuvimos 25 competencias en tres categor\u00edas diferentes durante los 11 d\u00edas, el balance es muy positivo sobre todo por la recepci\u00f3n que tuvo la gente y el nivel t\u00e9cnico de la pista\u201d, expres\u00f3 Rafael S\u00e1nchez D\u00edaz, jefe de la Oficina de Internacionalizaci\u00f3n y Proyectos.<\/p>\n\n\n\n<figure class=\"wp-block-gallery has-nested-images columns-default is-cropped wp-block-gallery-1 is-layout-flex wp-block-gallery-is-layout-flex\">\n<figure class=\"wp-block-image size-large\"><img decoding=\"async\" data-id=\"52893\" src=\"https:\/\/luchonoticias.com\/wp-content\/uploads\/2023\/05\/WhatsApp-Image-2023-05-21-at-2.22.26-PM-1024x576.jpeg\" alt=\"\" class=\"wp-image-52893\"\/><\/figure>\n\n\n\n<figure class=\"wp-block-image size-large\"><img decoding=\"async\" data-id=\"52895\" src=\"https:\/\/luchonoticias.com\/wp-content\/uploads\/2023\/05\/WhatsApp-Image-2023-05-21-at-2.22.25-PM-1-1024x768.jpeg\" alt=\"\" class=\"wp-image-52895\"\/><\/figure>\n\n\n\n<figure class=\"wp-block-image size-large\"><img decoding=\"async\" data-id=\"52894\" src=\"https:\/\/luchonoticias.com\/wp-content\/uploads\/2023\/05\/WhatsApp-Image-2023-05-21-at-2.22.24-PM-1024x768.jpeg\" alt=\"\" class=\"wp-image-52894\"\/><\/figure>\n<\/figure>\n\n\n\n<p>A su vez, el Jefe de la Oficina de Internacionalizaci\u00f3n tambi\u00e9n dio a conocer la reactivaci\u00f3n que tuvo el sector hotelero, gracias a las m\u00e1s de 4.600 personas que llegaron de otros departamentos y pa\u00edses a hospedarse en la ciudad para disfrutar del Grand Prix.<\/p>\n\n\n\n<p>\u201cTuvimos una ocupaci\u00f3n hotelera muy alta por encima del 95%, pero adem\u00e1s de eso, el alquiler de apartamentos fue incre\u00edble, m\u00e1s de 135 apartamentos alquilados en esta semana, el numero estimado de visitantes est\u00e1 por encima de los 4.600, estamos hablando de que por cada atleta vienen dos personas en su delegaci\u00f3n, eso nos da un estimado muy positivo\u201d, sostuvo S\u00e1nchez D\u00edaz.<\/p>\n\n\n\n<p>Finalmente, Freddy Ortegate P\u00e9rez, secretario de la Comisi\u00f3n Nacional de Carreras de la Federaci\u00f3n Nacional de Patinaje, habl\u00f3 sobre la estad\u00eda durante estos 11 d\u00edas en la ciudad, sobre las diferentes competencias, y la atenci\u00f3n y amabilidad de los neivanos.<\/p>\n\n\n\n<figure class=\"wp-block-gallery has-nested-images columns-default is-cropped wp-block-gallery-2 is-layout-flex wp-block-gallery-is-layout-flex\">\n<figure class=\"wp-block-image size-large\"><img decoding=\"async\" data-id=\"52896\" src=\"https:\/\/luchonoticias.com\/wp-content\/uploads\/2023\/05\/WhatsApp-Image-2023-05-21-at-2.22.25-PM-1024x768.jpeg\" alt=\"\" class=\"wp-image-52896\"\/><\/figure>\n\n\n\n<figure class=\"wp-block-image size-large\"><img decoding=\"async\" data-id=\"52897\" src=\"https:\/\/luchonoticias.com\/wp-content\/uploads\/2023\/05\/WhatsApp-Image-2023-05-21-at-2.22.24-PM-2-1024x768.jpeg\" alt=\"\" class=\"wp-image-52897\"\/><\/figure>\n\n\n\n<figure class=\"wp-block-image size-large\"><img decoding=\"async\" data-id=\"52898\" src=\"https:\/\/luchonoticias.com\/wp-content\/uploads\/2023\/05\/WhatsApp-Image-2023-05-21-at-2.22.24-PM-1-1024x768.jpeg\" alt=\"\" class=\"wp-image-52898\"\/><\/figure>\n<\/figure>\n\n\n\n<p>\u201cUn balance netamente positivo, un escenario t\u00e9cnicamente y dicho por la categor\u00eda mayores muy bien estructurado, requiere demasiada t\u00e9cnica tanto la ruta como la pista y eso permiti\u00f3 que los patinadores a nivel nacional e internacional que vinieron tuvieran esa base t\u00e9cnica, pudieran desarrollar excelentes competencias. Neiva muy bien, la atenci\u00f3n de las personas, el escenario, la puesta en marcha, el personal de apoyo de la alcald\u00eda, Polic\u00eda Nacional, log\u00edstica, no tenemos queja absolutamente para nada\u201d, concluy\u00f3.<\/p>\n","protected":false},"excerpt":{"rendered":"<p>El Grand Prix de Patinaje cerr\u00f3 en la ciudad de Neiva con una marat\u00f3n, donde m\u00e1s de 180 deportistas recorrieron 42 kil\u00f3metros sobre la Carrera 20 entre la glorieta de Unicentro y la glorieta del cementerio Jardines &#8216;El Para\u00edso&#8217;. Estas competencias duraron 11 d\u00edas en Neiva, las cuales permitieron dinamizar la econom\u00eda, posicionar al municipio [&hellip;]<\/p>\n","protected":false},"author":2,"featured_media":0,"comment_status":"open","ping_status":"open","sticky":false,"template":"","format":"standard","meta":{"footnotes":""},"categories":[36,31],"tags":[],"class_list":["post-52891","post","type-post","status-publish","format-standard","hentry","category-destacado","category-local"],"yoast_head":"<!-- This site is optimized with the Yoast SEO plugin v26.6 - https:\/\/yoast.com\/wordpress\/plugins\/seo\/ -->\n<title>Grand Prix de Patinaje culmin\u00f3 con una marat\u00f3n -<\/title>\n<meta name=\"robots\" content=\"index, follow, max-snippet:-1, max-image-preview:large, max-video-preview:-1\" \/>\n<link rel=\"canonical\" href=\"https:\/\/luchonoticias.com\/editor\/grand-prix-de-patinaje-culmino-con-una-maraton\/\" \/>\n<meta property=\"og:locale\" content=\"es_ES\" \/>\n<meta property=\"og:type\" content=\"article\" \/>\n<meta property=\"og:title\" content=\"Grand Prix de Patinaje culmin\u00f3 con una marat\u00f3n -\" \/>\n<meta property=\"og:url\" content=\"https:\/\/luchonoticias.com\/editor\/grand-prix-de-patinaje-culmino-con-una-maraton\/\" \/>\n<meta property=\"article:publisher\" content=\"https:\/\/www.facebook.com\/luchonoticiasneiva\" \/>\n<meta property=\"article:published_time\" content=\"2023-05-21T20:09:26+00:00\" \/>\n<meta property=\"article:modified_time\" content=\"2023-05-21T20:09:28+00:00\" \/>\n<meta property=\"og:image\" content=\"https:\/\/luchonoticias.com\/wp-content\/uploads\/2023\/05\/WhatsApp-Image-2023-05-21-at-2.22.26-PM-1024x576.jpeg\" \/>\n<meta name=\"author\" content=\"Editor General\" \/>\n<meta name=\"twitter:card\" content=\"summary_large_image\" \/>\n<meta name=\"twitter:label1\" content=\"Escrito por\" \/>\n\t<meta name=\"twitter:data1\" content=\"Editor General\" \/>\n\t<meta name=\"twitter:label2\" content=\"Tiempo de lectura\" \/>\n\t<meta name=\"twitter:data2\" content=\"2 minutos\" \/>\n<script type=\"application\/ld+json\" class=\"yoast-schema-graph\">{\"@context\":\"https:\/\/schema.org\",\"@graph\":[{\"@type\":\"Article\",\"@id\":\"https:\/\/luchonoticias.com\/editor\/grand-prix-de-patinaje-culmino-con-una-maraton\/#article\",\"isPartOf\":{\"@id\":\"https:\/\/luchonoticias.com\/editor\/grand-prix-de-patinaje-culmino-con-una-maraton\/\"},\"author\":{\"name\":\"Editor General\",\"@id\":\"https:\/\/luchonoticias.com\/editor\/#\/schema\/person\/29217990ddf6f14e35912b2866d591fb\"},\"headline\":\"Grand Prix de Patinaje culmin\u00f3 con una marat\u00f3n\",\"datePublished\":\"2023-05-21T20:09:26+00:00\",\"dateModified\":\"2023-05-21T20:09:28+00:00\",\"mainEntityOfPage\":{\"@id\":\"https:\/\/luchonoticias.com\/editor\/grand-prix-de-patinaje-culmino-con-una-maraton\/\"},\"wordCount\":462,\"commentCount\":0,\"publisher\":{\"@id\":\"https:\/\/luchonoticias.com\/editor\/#\/schema\/person\/7a7fd911f58561fd056dbac7b55af9cd\"},\"image\":{\"@id\":\"https:\/\/luchonoticias.com\/editor\/grand-prix-de-patinaje-culmino-con-una-maraton\/#primaryimage\"},\"thumbnailUrl\":\"https:\/\/luchonoticias.com\/wp-content\/uploads\/2023\/05\/WhatsApp-Image-2023-05-21-at-2.22.26-PM-1024x576.jpeg\",\"articleSection\":[\"Destacado\",\"Local\"],\"inLanguage\":\"es\",\"potentialAction\":[{\"@type\":\"CommentAction\",\"name\":\"Comment\",\"target\":[\"https:\/\/luchonoticias.com\/editor\/grand-prix-de-patinaje-culmino-con-una-maraton\/#respond\"]}]},{\"@type\":\"WebPage\",\"@id\":\"https:\/\/luchonoticias.com\/editor\/grand-prix-de-patinaje-culmino-con-una-maraton\/\",\"url\":\"https:\/\/luchonoticias.com\/editor\/grand-prix-de-patinaje-culmino-con-una-maraton\/\",\"name\":\"Grand Prix de Patinaje culmin\u00f3 con una marat\u00f3n -\",\"isPartOf\":{\"@id\":\"https:\/\/luchonoticias.com\/editor\/#website\"},\"primaryImageOfPage\":{\"@id\":\"https:\/\/luchonoticias.com\/editor\/grand-prix-de-patinaje-culmino-con-una-maraton\/#primaryimage\"},\"image\":{\"@id\":\"https:\/\/luchonoticias.com\/editor\/grand-prix-de-patinaje-culmino-con-una-maraton\/#primaryimage\"},\"thumbnailUrl\":\"https:\/\/luchonoticias.com\/wp-content\/uploads\/2023\/05\/WhatsApp-Image-2023-05-21-at-2.22.26-PM-1024x576.jpeg\",\"datePublished\":\"2023-05-21T20:09:26+00:00\",\"dateModified\":\"2023-05-21T20:09:28+00:00\",\"breadcrumb\":{\"@id\":\"https:\/\/luchonoticias.com\/editor\/grand-prix-de-patinaje-culmino-con-una-maraton\/#breadcrumb\"},\"inLanguage\":\"es\",\"potentialAction\":[{\"@type\":\"ReadAction\",\"target\":[\"https:\/\/luchonoticias.com\/editor\/grand-prix-de-patinaje-culmino-con-una-maraton\/\"]}]},{\"@type\":\"ImageObject\",\"inLanguage\":\"es\",\"@id\":\"https:\/\/luchonoticias.com\/editor\/grand-prix-de-patinaje-culmino-con-una-maraton\/#primaryimage\",\"url\":\"https:\/\/luchonoticias.com\/wp-content\/uploads\/2023\/05\/WhatsApp-Image-2023-05-21-at-2.22.26-PM-1024x576.jpeg\",\"contentUrl\":\"https:\/\/luchonoticias.com\/wp-content\/uploads\/2023\/05\/WhatsApp-Image-2023-05-21-at-2.22.26-PM-1024x576.jpeg\"},{\"@type\":\"BreadcrumbList\",\"@id\":\"https:\/\/luchonoticias.com\/editor\/grand-prix-de-patinaje-culmino-con-una-maraton\/#breadcrumb\",\"itemListElement\":[{\"@type\":\"ListItem\",\"position\":1,\"name\":\"Portada\",\"item\":\"https:\/\/luchonoticias.com\/editor\/\"},{\"@type\":\"ListItem\",\"position\":2,\"name\":\"Grand Prix de Patinaje culmin\u00f3 con una marat\u00f3n\"}]},{\"@type\":\"WebSite\",\"@id\":\"https:\/\/luchonoticias.com\/editor\/#website\",\"url\":\"https:\/\/luchonoticias.com\/editor\/\",\"name\":\"\",\"description\":\"\",\"publisher\":{\"@id\":\"https:\/\/luchonoticias.com\/editor\/#\/schema\/person\/7a7fd911f58561fd056dbac7b55af9cd\"},\"potentialAction\":[{\"@type\":\"SearchAction\",\"target\":{\"@type\":\"EntryPoint\",\"urlTemplate\":\"https:\/\/luchonoticias.com\/editor\/?s={search_term_string}\"},\"query-input\":{\"@type\":\"PropertyValueSpecification\",\"valueRequired\":true,\"valueName\":\"search_term_string\"}}],\"inLanguage\":\"es\"},{\"@type\":[\"Person\",\"Organization\"],\"@id\":\"https:\/\/luchonoticias.com\/editor\/#\/schema\/person\/7a7fd911f58561fd056dbac7b55af9cd\",\"name\":\"admin\",\"image\":{\"@type\":\"ImageObject\",\"inLanguage\":\"es\",\"@id\":\"https:\/\/luchonoticias.com\/editor\/#\/schema\/person\/image\/\",\"url\":\"https:\/\/luchonoticias.com\/editor\/wp-content\/uploads\/2024\/02\/cropped-cropped-logolu.webp\",\"contentUrl\":\"https:\/\/luchonoticias.com\/editor\/wp-content\/uploads\/2024\/02\/cropped-cropped-logolu.webp\",\"width\":382,\"height\":170,\"caption\":\"admin\"},\"logo\":{\"@id\":\"https:\/\/luchonoticias.com\/editor\/#\/schema\/person\/image\/\"},\"sameAs\":[\"https:\/\/www.facebook.com\/luchonoticiasneiva\"]},{\"@type\":\"Person\",\"@id\":\"https:\/\/luchonoticias.com\/editor\/#\/schema\/person\/29217990ddf6f14e35912b2866d591fb\",\"name\":\"Editor General\",\"image\":{\"@type\":\"ImageObject\",\"inLanguage\":\"es\",\"@id\":\"https:\/\/luchonoticias.com\/editor\/#\/schema\/person\/image\/\",\"url\":\"https:\/\/luchonoticias.com\/editor\/wp-content\/uploads\/2024\/02\/cropped-cropped-logolu-150x150.webp\",\"contentUrl\":\"https:\/\/luchonoticias.com\/editor\/wp-content\/uploads\/2024\/02\/cropped-cropped-logolu-150x150.webp\",\"caption\":\"Editor General\"},\"sameAs\":[\"https:\/\/luchonoticias.com\/\"],\"url\":\"https:\/\/luchonoticias.com\/editor\/author\/editor-general\/\"}]}<\/script>\n<!-- \/ Yoast SEO plugin. -->","yoast_head_json":{"title":"Grand Prix de Patinaje culmin\u00f3 con una marat\u00f3n -","robots":{"index":"index","follow":"follow","max-snippet":"max-snippet:-1","max-image-preview":"max-image-preview:large","max-video-preview":"max-video-preview:-1"},"canonical":"https:\/\/luchonoticias.com\/editor\/grand-prix-de-patinaje-culmino-con-una-maraton\/","og_locale":"es_ES","og_type":"article","og_title":"Grand Prix de Patinaje culmin\u00f3 con una marat\u00f3n -","og_url":"https:\/\/luchonoticias.com\/editor\/grand-prix-de-patinaje-culmino-con-una-maraton\/","article_publisher":"https:\/\/www.facebook.com\/luchonoticiasneiva","article_published_time":"2023-05-21T20:09:26+00:00","article_modified_time":"2023-05-21T20:09:28+00:00","og_image":[{"url":"https:\/\/luchonoticias.com\/wp-content\/uploads\/2023\/05\/WhatsApp-Image-2023-05-21-at-2.22.26-PM-1024x576.jpeg","type":"","width":"","height":""}],"author":"Editor General","twitter_card":"summary_large_image","twitter_misc":{"Escrito por":"Editor General","Tiempo de lectura":"2 minutos"},"schema":{"@context":"https:\/\/schema.org","@graph":[{"@type":"Article","@id":"https:\/\/luchonoticias.com\/editor\/grand-prix-de-patinaje-culmino-con-una-maraton\/#article","isPartOf":{"@id":"https:\/\/luchonoticias.com\/editor\/grand-prix-de-patinaje-culmino-con-una-maraton\/"},"author":{"name":"Editor General","@id":"https:\/\/luchonoticias.com\/editor\/#\/schema\/person\/29217990ddf6f14e35912b2866d591fb"},"headline":"Grand Prix de Patinaje culmin\u00f3 con una marat\u00f3n","datePublished":"2023-05-21T20:09:26+00:00","dateModified":"2023-05-21T20:09:28+00:00","mainEntityOfPage":{"@id":"https:\/\/luchonoticias.com\/editor\/grand-prix-de-patinaje-culmino-con-una-maraton\/"},"wordCount":462,"commentCount":0,"publisher":{"@id":"https:\/\/luchonoticias.com\/editor\/#\/schema\/person\/7a7fd911f58561fd056dbac7b55af9cd"},"image":{"@id":"https:\/\/luchonoticias.com\/editor\/grand-prix-de-patinaje-culmino-con-una-maraton\/#primaryimage"},"thumbnailUrl":"https:\/\/luchonoticias.com\/wp-content\/uploads\/2023\/05\/WhatsApp-Image-2023-05-21-at-2.22.26-PM-1024x576.jpeg","articleSection":["Destacado","Local"],"inLanguage":"es","potentialAction":[{"@type":"CommentAction","name":"Comment","target":["https:\/\/luchonoticias.com\/editor\/grand-prix-de-patinaje-culmino-con-una-maraton\/#respond"]}]},{"@type":"WebPage","@id":"https:\/\/luchonoticias.com\/editor\/grand-prix-de-patinaje-culmino-con-una-maraton\/","url":"https:\/\/luchonoticias.com\/editor\/grand-prix-de-patinaje-culmino-con-una-maraton\/","name":"Grand Prix de Patinaje culmin\u00f3 con una marat\u00f3n -","isPartOf":{"@id":"https:\/\/luchonoticias.com\/editor\/#website"},"primaryImageOfPage":{"@id":"https:\/\/luchonoticias.com\/editor\/grand-prix-de-patinaje-culmino-con-una-maraton\/#primaryimage"},"image":{"@id":"https:\/\/luchonoticias.com\/editor\/grand-prix-de-patinaje-culmino-con-una-maraton\/#primaryimage"},"thumbnailUrl":"https:\/\/luchonoticias.com\/wp-content\/uploads\/2023\/05\/WhatsApp-Image-2023-05-21-at-2.22.26-PM-1024x576.jpeg","datePublished":"2023-05-21T20:09:26+00:00","dateModified":"2023-05-21T20:09:28+00:00","breadcrumb":{"@id":"https:\/\/luchonoticias.com\/editor\/grand-prix-de-patinaje-culmino-con-una-maraton\/#breadcrumb"},"inLanguage":"es","potentialAction":[{"@type":"ReadAction","target":["https:\/\/luchonoticias.com\/editor\/grand-prix-de-patinaje-culmino-con-una-maraton\/"]}]},{"@type":"ImageObject","inLanguage":"es","@id":"https:\/\/luchonoticias.com\/editor\/grand-prix-de-patinaje-culmino-con-una-maraton\/#primaryimage","url":"https:\/\/luchonoticias.com\/wp-content\/uploads\/2023\/05\/WhatsApp-Image-2023-05-21-at-2.22.26-PM-1024x576.jpeg","contentUrl":"https:\/\/luchonoticias.com\/wp-content\/uploads\/2023\/05\/WhatsApp-Image-2023-05-21-at-2.22.26-PM-1024x576.jpeg"},{"@type":"BreadcrumbList","@id":"https:\/\/luchonoticias.com\/editor\/grand-prix-de-patinaje-culmino-con-una-maraton\/#breadcrumb","itemListElement":[{"@type":"ListItem","position":1,"name":"Portada","item":"https:\/\/luchonoticias.com\/editor\/"},{"@type":"ListItem","position":2,"name":"Grand Prix de Patinaje culmin\u00f3 con una marat\u00f3n"}]},{"@type":"WebSite","@id":"https:\/\/luchonoticias.com\/editor\/#website","url":"https:\/\/luchonoticias.com\/editor\/","name":"","description":"","publisher":{"@id":"https:\/\/luchonoticias.com\/editor\/#\/schema\/person\/7a7fd911f58561fd056dbac7b55af9cd"},"potentialAction":[{"@type":"SearchAction","target":{"@type":"EntryPoint","urlTemplate":"https:\/\/luchonoticias.com\/editor\/?s={search_term_string}"},"query-input":{"@type":"PropertyValueSpecification","valueRequired":true,"valueName":"search_term_string"}}],"inLanguage":"es"},{"@type":["Person","Organization"],"@id":"https:\/\/luchonoticias.com\/editor\/#\/schema\/person\/7a7fd911f58561fd056dbac7b55af9cd","name":"admin","image":{"@type":"ImageObject","inLanguage":"es","@id":"https:\/\/luchonoticias.com\/editor\/#\/schema\/person\/image\/","url":"https:\/\/luchonoticias.com\/editor\/wp-content\/uploads\/2024\/02\/cropped-cropped-logolu.webp","contentUrl":"https:\/\/luchonoticias.com\/editor\/wp-content\/uploads\/2024\/02\/cropped-cropped-logolu.webp","width":382,"height":170,"caption":"admin"},"logo":{"@id":"https:\/\/luchonoticias.com\/editor\/#\/schema\/person\/image\/"},"sameAs":["https:\/\/www.facebook.com\/luchonoticiasneiva"]},{"@type":"Person","@id":"https:\/\/luchonoticias.com\/editor\/#\/schema\/person\/29217990ddf6f14e35912b2866d591fb","name":"Editor General","image":{"@type":"ImageObject","inLanguage":"es","@id":"https:\/\/luchonoticias.com\/editor\/#\/schema\/person\/image\/","url":"https:\/\/luchonoticias.com\/editor\/wp-content\/uploads\/2024\/02\/cropped-cropped-logolu-150x150.webp","contentUrl":"https:\/\/luchonoticias.com\/editor\/wp-content\/uploads\/2024\/02\/cropped-cropped-logolu-150x150.webp","caption":"Editor General"},"sameAs":["https:\/\/luchonoticias.com\/"],"url":"https:\/\/luchonoticias.com\/editor\/author\/editor-general\/"}]}},"_links":{"self":[{"href":"https:\/\/luchonoticias.com\/editor\/wp-json\/wp\/v2\/posts\/52891","targetHints":{"allow":["GET"]}}],"collection":[{"href":"https:\/\/luchonoticias.com\/editor\/wp-json\/wp\/v2\/posts"}],"about":[{"href":"https:\/\/luchonoticias.com\/editor\/wp-json\/wp\/v2\/types\/post"}],"author":[{"embeddable":true,"href":"https:\/\/luchonoticias.com\/editor\/wp-json\/wp\/v2\/users\/2"}],"replies":[{"embeddable":true,"href":"https:\/\/luchonoticias.com\/editor\/wp-json\/wp\/v2\/comments?post=52891"}],"version-history":[{"count":0,"href":"https:\/\/luchonoticias.com\/editor\/wp-json\/wp\/v2\/posts\/52891\/revisions"}],"wp:attachment":[{"href":"https:\/\/luchonoticias.com\/editor\/wp-json\/wp\/v2\/media?parent=52891"}],"wp:term":[{"taxonomy":"category","embeddable":true,"href":"https:\/\/luchonoticias.com\/editor\/wp-json\/wp\/v2\/categories?post=52891"},{"taxonomy":"post_tag","embeddable":true,"href":"https:\/\/luchonoticias.com\/editor\/wp-json\/wp\/v2\/tags?post=52891"}],"curies":[{"name":"wp","href":"https:\/\/api.w.org\/{rel}","templated":true}]}}