{"id":53193,"date":"2023-05-25T16:05:28","date_gmt":"2023-05-25T21:05:28","guid":{"rendered":"https:\/\/luchonoticias.com\/?p=53193"},"modified":"2023-05-25T16:05:29","modified_gmt":"2023-05-25T21:05:29","slug":"bogota-fue-escenario-de-la-presentacion-de-las-fiestas-del-san-pedro","status":"publish","type":"post","link":"https:\/\/luchonoticias.com\/editor\/bogota-fue-escenario-de-la-presentacion-de-las-fiestas-del-san-pedro\/","title":{"rendered":"Bogot\u00e1 fue escenario de la presentaci\u00f3n de las fiestas del San Pedro"},"content":{"rendered":"\n<p>Un verdadero derroche de m\u00fasica, baile y folclor, se vivi\u00f3 en las instalaciones del Teatro Col\u00f3n de Bogot\u00e1, donde decenas de artistas deleitaron al p\u00fablico presente, con la&nbsp;<strong>gala de lanzamiento del Festival del Bambuco en San Juan y San Pedro en su versi\u00f3n 62<\/strong>; all\u00ed, el Gobernador del Huila, Luis Enrique Duss\u00e1n L\u00f3pez, se mostr\u00f3 emocionado por la gran riqueza cultural que tiene el departamento.<\/p>\n\n\n\n<p>\u201cEstamos muy complacidos&nbsp;<strong>invitando a todo Colombia y el mundo a que no se pierdan el Festival del Bambuco en San Juan y San Pedro<\/strong>, que se peguen la rodadita. Aqu\u00ed lo que hay es demostraci\u00f3n de arte, cultura y alegr\u00eda, todas esas expresiones que nos caracterizan a los colombianos y particularmente a los huilenses\u201d, manifest\u00f3 el mandatario.<\/p>\n\n\n\n<p>Al evento, asistieron personalidades del pa\u00eds como Gobernadores, Alcaldes, representantes del Gobierno Nacional, Congresistas, entre otros, quienes coincidieron en apuntar que visitar\u00e1n el departamento en el mes de junio. \u201cPero adem\u00e1s es&nbsp;<strong>la oportunidad para invitar a todos los visitantes a que conozcan el Huila, a que lo recuerden,<\/strong>&nbsp;y vean toda esa maravilla que tenemos en nuestro territorio\u201d, agreg\u00f3 el Gobernador.<\/p>\n\n\n\n<p>La promoci\u00f3n constante de las fiestas de mitad de a\u00f1o en el Huila, sin duda alguna, se convierte en&nbsp;<strong>una gran oportunidad de desarrollo econ\u00f3mico para los huilenses<\/strong>, creando as\u00ed, un dinamismo que beneficia a las familias en todo el territorio. El Gobernador destac\u00f3: \u201cLa gente emprendedora se reactiva para estas fechas, sobre todo en destinos tur\u00edsticos de todo el departamento. Ese es el verdadero departamento del Huila\u201d.<\/p>\n\n\n\n<p>Este fue el mensaje con que el Gobernador del Huila concluy\u00f3 su discurso: \u201cAbrimos nuestro coraz\u00f3n a las opitas, a todo el pueblo colombiano y al mundo entero; por eso es que aqu\u00ed en el Huila no existen los forasteros, porque nadie extra\u00f1a el agua, ni la raza de mi pueblo, bienvenidos\u201d.<\/p>\n","protected":false},"excerpt":{"rendered":"<p>Un verdadero derroche de m\u00fasica, baile y folclor, se vivi\u00f3 en las instalaciones del Teatro Col\u00f3n de Bogot\u00e1, donde decenas de artistas deleitaron al p\u00fablico presente, con la&nbsp;gala de lanzamiento del Festival del Bambuco en San Juan y San Pedro en su versi\u00f3n 62; all\u00ed, el Gobernador del Huila, Luis Enrique Duss\u00e1n L\u00f3pez, se mostr\u00f3 [&hellip;]<\/p>\n","protected":false},"author":2,"featured_media":0,"comment_status":"open","ping_status":"open","sticky":false,"template":"","format":"standard","meta":{"footnotes":""},"categories":[33],"tags":[],"class_list":["post-53193","post","type-post","status-publish","format-standard","hentry","category-huila"],"yoast_head":"<!-- This site is optimized with the Yoast SEO plugin v26.6 - https:\/\/yoast.com\/wordpress\/plugins\/seo\/ -->\n<title>Bogot\u00e1 fue escenario de la presentaci\u00f3n de las fiestas del San Pedro -<\/title>\n<meta name=\"robots\" content=\"index, follow, max-snippet:-1, max-image-preview:large, max-video-preview:-1\" \/>\n<link rel=\"canonical\" href=\"https:\/\/luchonoticias.com\/editor\/bogota-fue-escenario-de-la-presentacion-de-las-fiestas-del-san-pedro\/\" \/>\n<meta property=\"og:locale\" content=\"es_ES\" \/>\n<meta property=\"og:type\" content=\"article\" \/>\n<meta property=\"og:title\" content=\"Bogot\u00e1 fue escenario de la presentaci\u00f3n de las fiestas del San Pedro -\" \/>\n<meta property=\"og:url\" content=\"https:\/\/luchonoticias.com\/editor\/bogota-fue-escenario-de-la-presentacion-de-las-fiestas-del-san-pedro\/\" \/>\n<meta property=\"article:publisher\" content=\"https:\/\/www.facebook.com\/luchonoticiasneiva\" \/>\n<meta property=\"article:published_time\" content=\"2023-05-25T21:05:28+00:00\" \/>\n<meta property=\"article:modified_time\" content=\"2023-05-25T21:05:29+00:00\" \/>\n<meta name=\"author\" content=\"Editor General\" \/>\n<meta name=\"twitter:card\" content=\"summary_large_image\" \/>\n<meta name=\"twitter:label1\" content=\"Escrito por\" \/>\n\t<meta name=\"twitter:data1\" content=\"Editor General\" \/>\n\t<meta name=\"twitter:label2\" content=\"Tiempo de lectura\" \/>\n\t<meta name=\"twitter:data2\" content=\"2 minutos\" \/>\n<script type=\"application\/ld+json\" class=\"yoast-schema-graph\">{\"@context\":\"https:\/\/schema.org\",\"@graph\":[{\"@type\":\"Article\",\"@id\":\"https:\/\/luchonoticias.com\/editor\/bogota-fue-escenario-de-la-presentacion-de-las-fiestas-del-san-pedro\/#article\",\"isPartOf\":{\"@id\":\"https:\/\/luchonoticias.com\/editor\/bogota-fue-escenario-de-la-presentacion-de-las-fiestas-del-san-pedro\/\"},\"author\":{\"name\":\"Editor General\",\"@id\":\"https:\/\/luchonoticias.com\/editor\/#\/schema\/person\/29217990ddf6f14e35912b2866d591fb\"},\"headline\":\"Bogot\u00e1 fue escenario de la presentaci\u00f3n de las fiestas del San Pedro\",\"datePublished\":\"2023-05-25T21:05:28+00:00\",\"dateModified\":\"2023-05-25T21:05:29+00:00\",\"mainEntityOfPage\":{\"@id\":\"https:\/\/luchonoticias.com\/editor\/bogota-fue-escenario-de-la-presentacion-de-las-fiestas-del-san-pedro\/\"},\"wordCount\":340,\"commentCount\":0,\"publisher\":{\"@id\":\"https:\/\/luchonoticias.com\/editor\/#\/schema\/person\/7a7fd911f58561fd056dbac7b55af9cd\"},\"articleSection\":[\"Huila\"],\"inLanguage\":\"es\",\"potentialAction\":[{\"@type\":\"CommentAction\",\"name\":\"Comment\",\"target\":[\"https:\/\/luchonoticias.com\/editor\/bogota-fue-escenario-de-la-presentacion-de-las-fiestas-del-san-pedro\/#respond\"]}]},{\"@type\":\"WebPage\",\"@id\":\"https:\/\/luchonoticias.com\/editor\/bogota-fue-escenario-de-la-presentacion-de-las-fiestas-del-san-pedro\/\",\"url\":\"https:\/\/luchonoticias.com\/editor\/bogota-fue-escenario-de-la-presentacion-de-las-fiestas-del-san-pedro\/\",\"name\":\"Bogot\u00e1 fue escenario de la presentaci\u00f3n de las fiestas del San Pedro -\",\"isPartOf\":{\"@id\":\"https:\/\/luchonoticias.com\/editor\/#website\"},\"datePublished\":\"2023-05-25T21:05:28+00:00\",\"dateModified\":\"2023-05-25T21:05:29+00:00\",\"breadcrumb\":{\"@id\":\"https:\/\/luchonoticias.com\/editor\/bogota-fue-escenario-de-la-presentacion-de-las-fiestas-del-san-pedro\/#breadcrumb\"},\"inLanguage\":\"es\",\"potentialAction\":[{\"@type\":\"ReadAction\",\"target\":[\"https:\/\/luchonoticias.com\/editor\/bogota-fue-escenario-de-la-presentacion-de-las-fiestas-del-san-pedro\/\"]}]},{\"@type\":\"BreadcrumbList\",\"@id\":\"https:\/\/luchonoticias.com\/editor\/bogota-fue-escenario-de-la-presentacion-de-las-fiestas-del-san-pedro\/#breadcrumb\",\"itemListElement\":[{\"@type\":\"ListItem\",\"position\":1,\"name\":\"Portada\",\"item\":\"https:\/\/luchonoticias.com\/editor\/\"},{\"@type\":\"ListItem\",\"position\":2,\"name\":\"Bogot\u00e1 fue escenario de la presentaci\u00f3n de las fiestas del San Pedro\"}]},{\"@type\":\"WebSite\",\"@id\":\"https:\/\/luchonoticias.com\/editor\/#website\",\"url\":\"https:\/\/luchonoticias.com\/editor\/\",\"name\":\"\",\"description\":\"\",\"publisher\":{\"@id\":\"https:\/\/luchonoticias.com\/editor\/#\/schema\/person\/7a7fd911f58561fd056dbac7b55af9cd\"},\"potentialAction\":[{\"@type\":\"SearchAction\",\"target\":{\"@type\":\"EntryPoint\",\"urlTemplate\":\"https:\/\/luchonoticias.com\/editor\/?s={search_term_string}\"},\"query-input\":{\"@type\":\"PropertyValueSpecification\",\"valueRequired\":true,\"valueName\":\"search_term_string\"}}],\"inLanguage\":\"es\"},{\"@type\":[\"Person\",\"Organization\"],\"@id\":\"https:\/\/luchonoticias.com\/editor\/#\/schema\/person\/7a7fd911f58561fd056dbac7b55af9cd\",\"name\":\"admin\",\"image\":{\"@type\":\"ImageObject\",\"inLanguage\":\"es\",\"@id\":\"https:\/\/luchonoticias.com\/editor\/#\/schema\/person\/image\/\",\"url\":\"https:\/\/luchonoticias.com\/editor\/wp-content\/uploads\/2024\/02\/cropped-cropped-logolu.webp\",\"contentUrl\":\"https:\/\/luchonoticias.com\/editor\/wp-content\/uploads\/2024\/02\/cropped-cropped-logolu.webp\",\"width\":382,\"height\":170,\"caption\":\"admin\"},\"logo\":{\"@id\":\"https:\/\/luchonoticias.com\/editor\/#\/schema\/person\/image\/\"},\"sameAs\":[\"https:\/\/www.facebook.com\/luchonoticiasneiva\"]},{\"@type\":\"Person\",\"@id\":\"https:\/\/luchonoticias.com\/editor\/#\/schema\/person\/29217990ddf6f14e35912b2866d591fb\",\"name\":\"Editor General\",\"image\":{\"@type\":\"ImageObject\",\"inLanguage\":\"es\",\"@id\":\"https:\/\/luchonoticias.com\/editor\/#\/schema\/person\/image\/\",\"url\":\"https:\/\/luchonoticias.com\/editor\/wp-content\/uploads\/2024\/02\/cropped-cropped-logolu-150x150.webp\",\"contentUrl\":\"https:\/\/luchonoticias.com\/editor\/wp-content\/uploads\/2024\/02\/cropped-cropped-logolu-150x150.webp\",\"caption\":\"Editor General\"},\"sameAs\":[\"https:\/\/luchonoticias.com\/\"],\"url\":\"https:\/\/luchonoticias.com\/editor\/author\/editor-general\/\"}]}<\/script>\n<!-- \/ Yoast SEO plugin. -->","yoast_head_json":{"title":"Bogot\u00e1 fue escenario de la presentaci\u00f3n de las fiestas del San Pedro -","robots":{"index":"index","follow":"follow","max-snippet":"max-snippet:-1","max-image-preview":"max-image-preview:large","max-video-preview":"max-video-preview:-1"},"canonical":"https:\/\/luchonoticias.com\/editor\/bogota-fue-escenario-de-la-presentacion-de-las-fiestas-del-san-pedro\/","og_locale":"es_ES","og_type":"article","og_title":"Bogot\u00e1 fue escenario de la presentaci\u00f3n de las fiestas del San Pedro -","og_url":"https:\/\/luchonoticias.com\/editor\/bogota-fue-escenario-de-la-presentacion-de-las-fiestas-del-san-pedro\/","article_publisher":"https:\/\/www.facebook.com\/luchonoticiasneiva","article_published_time":"2023-05-25T21:05:28+00:00","article_modified_time":"2023-05-25T21:05:29+00:00","author":"Editor General","twitter_card":"summary_large_image","twitter_misc":{"Escrito por":"Editor General","Tiempo de lectura":"2 minutos"},"schema":{"@context":"https:\/\/schema.org","@graph":[{"@type":"Article","@id":"https:\/\/luchonoticias.com\/editor\/bogota-fue-escenario-de-la-presentacion-de-las-fiestas-del-san-pedro\/#article","isPartOf":{"@id":"https:\/\/luchonoticias.com\/editor\/bogota-fue-escenario-de-la-presentacion-de-las-fiestas-del-san-pedro\/"},"author":{"name":"Editor General","@id":"https:\/\/luchonoticias.com\/editor\/#\/schema\/person\/29217990ddf6f14e35912b2866d591fb"},"headline":"Bogot\u00e1 fue escenario de la presentaci\u00f3n de las fiestas del San Pedro","datePublished":"2023-05-25T21:05:28+00:00","dateModified":"2023-05-25T21:05:29+00:00","mainEntityOfPage":{"@id":"https:\/\/luchonoticias.com\/editor\/bogota-fue-escenario-de-la-presentacion-de-las-fiestas-del-san-pedro\/"},"wordCount":340,"commentCount":0,"publisher":{"@id":"https:\/\/luchonoticias.com\/editor\/#\/schema\/person\/7a7fd911f58561fd056dbac7b55af9cd"},"articleSection":["Huila"],"inLanguage":"es","potentialAction":[{"@type":"CommentAction","name":"Comment","target":["https:\/\/luchonoticias.com\/editor\/bogota-fue-escenario-de-la-presentacion-de-las-fiestas-del-san-pedro\/#respond"]}]},{"@type":"WebPage","@id":"https:\/\/luchonoticias.com\/editor\/bogota-fue-escenario-de-la-presentacion-de-las-fiestas-del-san-pedro\/","url":"https:\/\/luchonoticias.com\/editor\/bogota-fue-escenario-de-la-presentacion-de-las-fiestas-del-san-pedro\/","name":"Bogot\u00e1 fue escenario de la presentaci\u00f3n de las fiestas del San Pedro -","isPartOf":{"@id":"https:\/\/luchonoticias.com\/editor\/#website"},"datePublished":"2023-05-25T21:05:28+00:00","dateModified":"2023-05-25T21:05:29+00:00","breadcrumb":{"@id":"https:\/\/luchonoticias.com\/editor\/bogota-fue-escenario-de-la-presentacion-de-las-fiestas-del-san-pedro\/#breadcrumb"},"inLanguage":"es","potentialAction":[{"@type":"ReadAction","target":["https:\/\/luchonoticias.com\/editor\/bogota-fue-escenario-de-la-presentacion-de-las-fiestas-del-san-pedro\/"]}]},{"@type":"BreadcrumbList","@id":"https:\/\/luchonoticias.com\/editor\/bogota-fue-escenario-de-la-presentacion-de-las-fiestas-del-san-pedro\/#breadcrumb","itemListElement":[{"@type":"ListItem","position":1,"name":"Portada","item":"https:\/\/luchonoticias.com\/editor\/"},{"@type":"ListItem","position":2,"name":"Bogot\u00e1 fue escenario de la presentaci\u00f3n de las fiestas del San Pedro"}]},{"@type":"WebSite","@id":"https:\/\/luchonoticias.com\/editor\/#website","url":"https:\/\/luchonoticias.com\/editor\/","name":"","description":"","publisher":{"@id":"https:\/\/luchonoticias.com\/editor\/#\/schema\/person\/7a7fd911f58561fd056dbac7b55af9cd"},"potentialAction":[{"@type":"SearchAction","target":{"@type":"EntryPoint","urlTemplate":"https:\/\/luchonoticias.com\/editor\/?s={search_term_string}"},"query-input":{"@type":"PropertyValueSpecification","valueRequired":true,"valueName":"search_term_string"}}],"inLanguage":"es"},{"@type":["Person","Organization"],"@id":"https:\/\/luchonoticias.com\/editor\/#\/schema\/person\/7a7fd911f58561fd056dbac7b55af9cd","name":"admin","image":{"@type":"ImageObject","inLanguage":"es","@id":"https:\/\/luchonoticias.com\/editor\/#\/schema\/person\/image\/","url":"https:\/\/luchonoticias.com\/editor\/wp-content\/uploads\/2024\/02\/cropped-cropped-logolu.webp","contentUrl":"https:\/\/luchonoticias.com\/editor\/wp-content\/uploads\/2024\/02\/cropped-cropped-logolu.webp","width":382,"height":170,"caption":"admin"},"logo":{"@id":"https:\/\/luchonoticias.com\/editor\/#\/schema\/person\/image\/"},"sameAs":["https:\/\/www.facebook.com\/luchonoticiasneiva"]},{"@type":"Person","@id":"https:\/\/luchonoticias.com\/editor\/#\/schema\/person\/29217990ddf6f14e35912b2866d591fb","name":"Editor General","image":{"@type":"ImageObject","inLanguage":"es","@id":"https:\/\/luchonoticias.com\/editor\/#\/schema\/person\/image\/","url":"https:\/\/luchonoticias.com\/editor\/wp-content\/uploads\/2024\/02\/cropped-cropped-logolu-150x150.webp","contentUrl":"https:\/\/luchonoticias.com\/editor\/wp-content\/uploads\/2024\/02\/cropped-cropped-logolu-150x150.webp","caption":"Editor General"},"sameAs":["https:\/\/luchonoticias.com\/"],"url":"https:\/\/luchonoticias.com\/editor\/author\/editor-general\/"}]}},"_links":{"self":[{"href":"https:\/\/luchonoticias.com\/editor\/wp-json\/wp\/v2\/posts\/53193","targetHints":{"allow":["GET"]}}],"collection":[{"href":"https:\/\/luchonoticias.com\/editor\/wp-json\/wp\/v2\/posts"}],"about":[{"href":"https:\/\/luchonoticias.com\/editor\/wp-json\/wp\/v2\/types\/post"}],"author":[{"embeddable":true,"href":"https:\/\/luchonoticias.com\/editor\/wp-json\/wp\/v2\/users\/2"}],"replies":[{"embeddable":true,"href":"https:\/\/luchonoticias.com\/editor\/wp-json\/wp\/v2\/comments?post=53193"}],"version-history":[{"count":0,"href":"https:\/\/luchonoticias.com\/editor\/wp-json\/wp\/v2\/posts\/53193\/revisions"}],"wp:attachment":[{"href":"https:\/\/luchonoticias.com\/editor\/wp-json\/wp\/v2\/media?parent=53193"}],"wp:term":[{"taxonomy":"category","embeddable":true,"href":"https:\/\/luchonoticias.com\/editor\/wp-json\/wp\/v2\/categories?post=53193"},{"taxonomy":"post_tag","embeddable":true,"href":"https:\/\/luchonoticias.com\/editor\/wp-json\/wp\/v2\/tags?post=53193"}],"curies":[{"name":"wp","href":"https:\/\/api.w.org\/{rel}","templated":true}]}}