{"id":53199,"date":"2023-05-25T16:07:49","date_gmt":"2023-05-25T21:07:49","guid":{"rendered":"https:\/\/luchonoticias.com\/?p=53199"},"modified":"2023-05-25T16:07:49","modified_gmt":"2023-05-25T21:07:49","slug":"a-la-carcel-hombre-que-habria-intentado-asfixiar-a-su-ex-companera-sentimental","status":"publish","type":"post","link":"https:\/\/luchonoticias.com\/editor\/a-la-carcel-hombre-que-habria-intentado-asfixiar-a-su-ex-companera-sentimental\/","title":{"rendered":"A la c\u00e1rcel hombre que habr\u00eda intentado asfixiar a su ex compa\u00f1era sentimental"},"content":{"rendered":"\n<p>Un fiscal itinerante de violencia intrafamiliar en Huila present\u00f3 ante un juez de control de garant\u00edas a Milton Leonardo Tovar Bola\u00f1os, quien fue cobijado con medida de aseguramiento en centro de reclusi\u00f3n por; presuntamente atentar contra la integridad f\u00edsica de su ex compa\u00f1era sentimental.<\/p>\n\n\n\n<p>Seg\u00fan la denuncia, durante los cuatro a\u00f1os de convivencia, la mujer fue v\u00edctima de maltrato f\u00edsico, verbal y psicol\u00f3gico, al parecer, por parte del procesado.<\/p>\n\n\n\n<p>Labores de polic\u00eda judicial evidencian que el 30 de noviembre de 2022 Tovar Bola\u00f1os lleg\u00f3 a una vivienda del barrio Panorama de Neiva donde habr\u00eda golpeado en repetidas oportunidades a la mujer.<\/p>\n\n\n\n<p>Un hecho similar se present\u00f3 el pasado 23 de febrero cuando, en medio de una discusi\u00f3n, el hombre habr\u00eda intentado asfixiar a su expareja, adem\u00e1s de haberla golpeado y mordido en uno de sus brazos.<\/p>\n\n\n\n<p>El procesado ser\u00eda responsable de enviarle, a trav\u00e9s de redes sociales, mensajes amenazantes e insultantes a su ex compa\u00f1era sentimental.<\/p>\n\n\n\n<p>Producto de este \u00faltimo hecho de violencia, el Instituto Nacional de Medicina Legal y Ciencias Forenses determin\u00f3 para la mujer una incapacidad m\u00e9dico legal de 12 d\u00edas.<\/p>\n\n\n\n<p>El procesado fue capturado por la Polic\u00eda Nacional en el centro de Neiva. La Fiscal\u00eda traslad\u00f3 el escrito de acusaci\u00f3n contra Tovar Bola\u00f1os, a quien se\u00f1al\u00f3 como posible responsable del delito de violencia intrafamiliar agravada. El acusado no acept\u00f3 su responsabilidad en los hechos.<\/p>\n","protected":false},"excerpt":{"rendered":"<p>Un fiscal itinerante de violencia intrafamiliar en Huila present\u00f3 ante un juez de control de garant\u00edas a Milton Leonardo Tovar Bola\u00f1os, quien fue cobijado con medida de aseguramiento en centro de reclusi\u00f3n por; presuntamente atentar contra la integridad f\u00edsica de su ex compa\u00f1era sentimental. Seg\u00fan la denuncia, durante los cuatro a\u00f1os de convivencia, la mujer [&hellip;]<\/p>\n","protected":false},"author":2,"featured_media":0,"comment_status":"open","ping_status":"open","sticky":false,"template":"","format":"standard","meta":{"footnotes":""},"categories":[36,29],"tags":[],"class_list":["post-53199","post","type-post","status-publish","format-standard","hentry","category-destacado","category-judicial"],"yoast_head":"<!-- This site is optimized with the Yoast SEO plugin v26.6 - https:\/\/yoast.com\/wordpress\/plugins\/seo\/ -->\n<title>A la c\u00e1rcel hombre que habr\u00eda intentado asfixiar a su ex compa\u00f1era sentimental -<\/title>\n<meta name=\"robots\" content=\"index, follow, max-snippet:-1, max-image-preview:large, max-video-preview:-1\" \/>\n<link rel=\"canonical\" href=\"https:\/\/luchonoticias.com\/editor\/a-la-carcel-hombre-que-habria-intentado-asfixiar-a-su-ex-companera-sentimental\/\" \/>\n<meta property=\"og:locale\" content=\"es_ES\" \/>\n<meta property=\"og:type\" content=\"article\" \/>\n<meta property=\"og:title\" content=\"A la c\u00e1rcel hombre que habr\u00eda intentado asfixiar a su ex compa\u00f1era sentimental -\" \/>\n<meta property=\"og:url\" content=\"https:\/\/luchonoticias.com\/editor\/a-la-carcel-hombre-que-habria-intentado-asfixiar-a-su-ex-companera-sentimental\/\" \/>\n<meta property=\"article:publisher\" content=\"https:\/\/www.facebook.com\/luchonoticiasneiva\" \/>\n<meta property=\"article:published_time\" content=\"2023-05-25T21:07:49+00:00\" \/>\n<meta name=\"author\" content=\"Editor General\" \/>\n<meta name=\"twitter:card\" content=\"summary_large_image\" \/>\n<meta name=\"twitter:label1\" content=\"Escrito por\" \/>\n\t<meta name=\"twitter:data1\" content=\"Editor General\" \/>\n\t<meta name=\"twitter:label2\" content=\"Tiempo de lectura\" \/>\n\t<meta name=\"twitter:data2\" content=\"1 minuto\" \/>\n<script type=\"application\/ld+json\" class=\"yoast-schema-graph\">{\"@context\":\"https:\/\/schema.org\",\"@graph\":[{\"@type\":\"Article\",\"@id\":\"https:\/\/luchonoticias.com\/editor\/a-la-carcel-hombre-que-habria-intentado-asfixiar-a-su-ex-companera-sentimental\/#article\",\"isPartOf\":{\"@id\":\"https:\/\/luchonoticias.com\/editor\/a-la-carcel-hombre-que-habria-intentado-asfixiar-a-su-ex-companera-sentimental\/\"},\"author\":{\"name\":\"Editor General\",\"@id\":\"https:\/\/luchonoticias.com\/editor\/#\/schema\/person\/29217990ddf6f14e35912b2866d591fb\"},\"headline\":\"A la c\u00e1rcel hombre que habr\u00eda intentado asfixiar a su ex compa\u00f1era sentimental\",\"datePublished\":\"2023-05-25T21:07:49+00:00\",\"mainEntityOfPage\":{\"@id\":\"https:\/\/luchonoticias.com\/editor\/a-la-carcel-hombre-que-habria-intentado-asfixiar-a-su-ex-companera-sentimental\/\"},\"wordCount\":265,\"commentCount\":0,\"publisher\":{\"@id\":\"https:\/\/luchonoticias.com\/editor\/#\/schema\/person\/7a7fd911f58561fd056dbac7b55af9cd\"},\"articleSection\":[\"Destacado\",\"Judicial\"],\"inLanguage\":\"es\",\"potentialAction\":[{\"@type\":\"CommentAction\",\"name\":\"Comment\",\"target\":[\"https:\/\/luchonoticias.com\/editor\/a-la-carcel-hombre-que-habria-intentado-asfixiar-a-su-ex-companera-sentimental\/#respond\"]}]},{\"@type\":\"WebPage\",\"@id\":\"https:\/\/luchonoticias.com\/editor\/a-la-carcel-hombre-que-habria-intentado-asfixiar-a-su-ex-companera-sentimental\/\",\"url\":\"https:\/\/luchonoticias.com\/editor\/a-la-carcel-hombre-que-habria-intentado-asfixiar-a-su-ex-companera-sentimental\/\",\"name\":\"A la c\u00e1rcel hombre que habr\u00eda intentado asfixiar a su ex compa\u00f1era sentimental -\",\"isPartOf\":{\"@id\":\"https:\/\/luchonoticias.com\/editor\/#website\"},\"datePublished\":\"2023-05-25T21:07:49+00:00\",\"breadcrumb\":{\"@id\":\"https:\/\/luchonoticias.com\/editor\/a-la-carcel-hombre-que-habria-intentado-asfixiar-a-su-ex-companera-sentimental\/#breadcrumb\"},\"inLanguage\":\"es\",\"potentialAction\":[{\"@type\":\"ReadAction\",\"target\":[\"https:\/\/luchonoticias.com\/editor\/a-la-carcel-hombre-que-habria-intentado-asfixiar-a-su-ex-companera-sentimental\/\"]}]},{\"@type\":\"BreadcrumbList\",\"@id\":\"https:\/\/luchonoticias.com\/editor\/a-la-carcel-hombre-que-habria-intentado-asfixiar-a-su-ex-companera-sentimental\/#breadcrumb\",\"itemListElement\":[{\"@type\":\"ListItem\",\"position\":1,\"name\":\"Portada\",\"item\":\"https:\/\/luchonoticias.com\/editor\/\"},{\"@type\":\"ListItem\",\"position\":2,\"name\":\"A la c\u00e1rcel hombre que habr\u00eda intentado asfixiar a su ex compa\u00f1era sentimental\"}]},{\"@type\":\"WebSite\",\"@id\":\"https:\/\/luchonoticias.com\/editor\/#website\",\"url\":\"https:\/\/luchonoticias.com\/editor\/\",\"name\":\"\",\"description\":\"\",\"publisher\":{\"@id\":\"https:\/\/luchonoticias.com\/editor\/#\/schema\/person\/7a7fd911f58561fd056dbac7b55af9cd\"},\"potentialAction\":[{\"@type\":\"SearchAction\",\"target\":{\"@type\":\"EntryPoint\",\"urlTemplate\":\"https:\/\/luchonoticias.com\/editor\/?s={search_term_string}\"},\"query-input\":{\"@type\":\"PropertyValueSpecification\",\"valueRequired\":true,\"valueName\":\"search_term_string\"}}],\"inLanguage\":\"es\"},{\"@type\":[\"Person\",\"Organization\"],\"@id\":\"https:\/\/luchonoticias.com\/editor\/#\/schema\/person\/7a7fd911f58561fd056dbac7b55af9cd\",\"name\":\"admin\",\"image\":{\"@type\":\"ImageObject\",\"inLanguage\":\"es\",\"@id\":\"https:\/\/luchonoticias.com\/editor\/#\/schema\/person\/image\/\",\"url\":\"https:\/\/luchonoticias.com\/editor\/wp-content\/uploads\/2024\/02\/cropped-cropped-logolu.webp\",\"contentUrl\":\"https:\/\/luchonoticias.com\/editor\/wp-content\/uploads\/2024\/02\/cropped-cropped-logolu.webp\",\"width\":382,\"height\":170,\"caption\":\"admin\"},\"logo\":{\"@id\":\"https:\/\/luchonoticias.com\/editor\/#\/schema\/person\/image\/\"},\"sameAs\":[\"https:\/\/www.facebook.com\/luchonoticiasneiva\"]},{\"@type\":\"Person\",\"@id\":\"https:\/\/luchonoticias.com\/editor\/#\/schema\/person\/29217990ddf6f14e35912b2866d591fb\",\"name\":\"Editor General\",\"image\":{\"@type\":\"ImageObject\",\"inLanguage\":\"es\",\"@id\":\"https:\/\/luchonoticias.com\/editor\/#\/schema\/person\/image\/\",\"url\":\"https:\/\/luchonoticias.com\/editor\/wp-content\/uploads\/2024\/02\/cropped-cropped-logolu-150x150.webp\",\"contentUrl\":\"https:\/\/luchonoticias.com\/editor\/wp-content\/uploads\/2024\/02\/cropped-cropped-logolu-150x150.webp\",\"caption\":\"Editor General\"},\"sameAs\":[\"https:\/\/luchonoticias.com\/\"],\"url\":\"https:\/\/luchonoticias.com\/editor\/author\/editor-general\/\"}]}<\/script>\n<!-- \/ Yoast SEO plugin. -->","yoast_head_json":{"title":"A la c\u00e1rcel hombre que habr\u00eda intentado asfixiar a su ex compa\u00f1era sentimental -","robots":{"index":"index","follow":"follow","max-snippet":"max-snippet:-1","max-image-preview":"max-image-preview:large","max-video-preview":"max-video-preview:-1"},"canonical":"https:\/\/luchonoticias.com\/editor\/a-la-carcel-hombre-que-habria-intentado-asfixiar-a-su-ex-companera-sentimental\/","og_locale":"es_ES","og_type":"article","og_title":"A la c\u00e1rcel hombre que habr\u00eda intentado asfixiar a su ex compa\u00f1era sentimental -","og_url":"https:\/\/luchonoticias.com\/editor\/a-la-carcel-hombre-que-habria-intentado-asfixiar-a-su-ex-companera-sentimental\/","article_publisher":"https:\/\/www.facebook.com\/luchonoticiasneiva","article_published_time":"2023-05-25T21:07:49+00:00","author":"Editor General","twitter_card":"summary_large_image","twitter_misc":{"Escrito por":"Editor General","Tiempo de lectura":"1 minuto"},"schema":{"@context":"https:\/\/schema.org","@graph":[{"@type":"Article","@id":"https:\/\/luchonoticias.com\/editor\/a-la-carcel-hombre-que-habria-intentado-asfixiar-a-su-ex-companera-sentimental\/#article","isPartOf":{"@id":"https:\/\/luchonoticias.com\/editor\/a-la-carcel-hombre-que-habria-intentado-asfixiar-a-su-ex-companera-sentimental\/"},"author":{"name":"Editor General","@id":"https:\/\/luchonoticias.com\/editor\/#\/schema\/person\/29217990ddf6f14e35912b2866d591fb"},"headline":"A la c\u00e1rcel hombre que habr\u00eda intentado asfixiar a su ex compa\u00f1era sentimental","datePublished":"2023-05-25T21:07:49+00:00","mainEntityOfPage":{"@id":"https:\/\/luchonoticias.com\/editor\/a-la-carcel-hombre-que-habria-intentado-asfixiar-a-su-ex-companera-sentimental\/"},"wordCount":265,"commentCount":0,"publisher":{"@id":"https:\/\/luchonoticias.com\/editor\/#\/schema\/person\/7a7fd911f58561fd056dbac7b55af9cd"},"articleSection":["Destacado","Judicial"],"inLanguage":"es","potentialAction":[{"@type":"CommentAction","name":"Comment","target":["https:\/\/luchonoticias.com\/editor\/a-la-carcel-hombre-que-habria-intentado-asfixiar-a-su-ex-companera-sentimental\/#respond"]}]},{"@type":"WebPage","@id":"https:\/\/luchonoticias.com\/editor\/a-la-carcel-hombre-que-habria-intentado-asfixiar-a-su-ex-companera-sentimental\/","url":"https:\/\/luchonoticias.com\/editor\/a-la-carcel-hombre-que-habria-intentado-asfixiar-a-su-ex-companera-sentimental\/","name":"A la c\u00e1rcel hombre que habr\u00eda intentado asfixiar a su ex compa\u00f1era sentimental -","isPartOf":{"@id":"https:\/\/luchonoticias.com\/editor\/#website"},"datePublished":"2023-05-25T21:07:49+00:00","breadcrumb":{"@id":"https:\/\/luchonoticias.com\/editor\/a-la-carcel-hombre-que-habria-intentado-asfixiar-a-su-ex-companera-sentimental\/#breadcrumb"},"inLanguage":"es","potentialAction":[{"@type":"ReadAction","target":["https:\/\/luchonoticias.com\/editor\/a-la-carcel-hombre-que-habria-intentado-asfixiar-a-su-ex-companera-sentimental\/"]}]},{"@type":"BreadcrumbList","@id":"https:\/\/luchonoticias.com\/editor\/a-la-carcel-hombre-que-habria-intentado-asfixiar-a-su-ex-companera-sentimental\/#breadcrumb","itemListElement":[{"@type":"ListItem","position":1,"name":"Portada","item":"https:\/\/luchonoticias.com\/editor\/"},{"@type":"ListItem","position":2,"name":"A la c\u00e1rcel hombre que habr\u00eda intentado asfixiar a su ex compa\u00f1era sentimental"}]},{"@type":"WebSite","@id":"https:\/\/luchonoticias.com\/editor\/#website","url":"https:\/\/luchonoticias.com\/editor\/","name":"","description":"","publisher":{"@id":"https:\/\/luchonoticias.com\/editor\/#\/schema\/person\/7a7fd911f58561fd056dbac7b55af9cd"},"potentialAction":[{"@type":"SearchAction","target":{"@type":"EntryPoint","urlTemplate":"https:\/\/luchonoticias.com\/editor\/?s={search_term_string}"},"query-input":{"@type":"PropertyValueSpecification","valueRequired":true,"valueName":"search_term_string"}}],"inLanguage":"es"},{"@type":["Person","Organization"],"@id":"https:\/\/luchonoticias.com\/editor\/#\/schema\/person\/7a7fd911f58561fd056dbac7b55af9cd","name":"admin","image":{"@type":"ImageObject","inLanguage":"es","@id":"https:\/\/luchonoticias.com\/editor\/#\/schema\/person\/image\/","url":"https:\/\/luchonoticias.com\/editor\/wp-content\/uploads\/2024\/02\/cropped-cropped-logolu.webp","contentUrl":"https:\/\/luchonoticias.com\/editor\/wp-content\/uploads\/2024\/02\/cropped-cropped-logolu.webp","width":382,"height":170,"caption":"admin"},"logo":{"@id":"https:\/\/luchonoticias.com\/editor\/#\/schema\/person\/image\/"},"sameAs":["https:\/\/www.facebook.com\/luchonoticiasneiva"]},{"@type":"Person","@id":"https:\/\/luchonoticias.com\/editor\/#\/schema\/person\/29217990ddf6f14e35912b2866d591fb","name":"Editor General","image":{"@type":"ImageObject","inLanguage":"es","@id":"https:\/\/luchonoticias.com\/editor\/#\/schema\/person\/image\/","url":"https:\/\/luchonoticias.com\/editor\/wp-content\/uploads\/2024\/02\/cropped-cropped-logolu-150x150.webp","contentUrl":"https:\/\/luchonoticias.com\/editor\/wp-content\/uploads\/2024\/02\/cropped-cropped-logolu-150x150.webp","caption":"Editor General"},"sameAs":["https:\/\/luchonoticias.com\/"],"url":"https:\/\/luchonoticias.com\/editor\/author\/editor-general\/"}]}},"_links":{"self":[{"href":"https:\/\/luchonoticias.com\/editor\/wp-json\/wp\/v2\/posts\/53199","targetHints":{"allow":["GET"]}}],"collection":[{"href":"https:\/\/luchonoticias.com\/editor\/wp-json\/wp\/v2\/posts"}],"about":[{"href":"https:\/\/luchonoticias.com\/editor\/wp-json\/wp\/v2\/types\/post"}],"author":[{"embeddable":true,"href":"https:\/\/luchonoticias.com\/editor\/wp-json\/wp\/v2\/users\/2"}],"replies":[{"embeddable":true,"href":"https:\/\/luchonoticias.com\/editor\/wp-json\/wp\/v2\/comments?post=53199"}],"version-history":[{"count":0,"href":"https:\/\/luchonoticias.com\/editor\/wp-json\/wp\/v2\/posts\/53199\/revisions"}],"wp:attachment":[{"href":"https:\/\/luchonoticias.com\/editor\/wp-json\/wp\/v2\/media?parent=53199"}],"wp:term":[{"taxonomy":"category","embeddable":true,"href":"https:\/\/luchonoticias.com\/editor\/wp-json\/wp\/v2\/categories?post=53199"},{"taxonomy":"post_tag","embeddable":true,"href":"https:\/\/luchonoticias.com\/editor\/wp-json\/wp\/v2\/tags?post=53199"}],"curies":[{"name":"wp","href":"https:\/\/api.w.org\/{rel}","templated":true}]}}