{"id":53202,"date":"2023-05-25T16:10:19","date_gmt":"2023-05-25T21:10:19","guid":{"rendered":"https:\/\/luchonoticias.com\/?p=53202"},"modified":"2023-05-25T16:10:20","modified_gmt":"2023-05-25T21:10:20","slug":"por-el-delito-de-hurto-se-logra-la-captura-del-indio","status":"publish","type":"post","link":"https:\/\/luchonoticias.com\/editor\/por-el-delito-de-hurto-se-logra-la-captura-del-indio\/","title":{"rendered":"Por el delito de Hurto se logra la captura del \u2018Indio\u2019"},"content":{"rendered":"\n<p>&nbsp;La Polic\u00eda Metropolitana de Neiva, en desarrollo a los diferentes planes de control, logra la captura de una persona dedicada al hurto en todas sus modalidades.<\/p>\n\n\n\n<p>Es as\u00ed como en una r\u00e1pida reacci\u00f3n, los uniformados del Cuadrante 33 adscritos al CAI Palmas, logr\u00f3 la captura de Carlos Alberto Losada Villegas de 28 a\u00f1os de edad conocido como el \u00abIndio\u00bb, quien presuntamente habr\u00eda Hurtado un reproductor de m\u00fasica a un ciudadano en la comuna 10 mediante la modalidad de atraco.<\/p>\n\n\n\n<p>Carlos Losada el \u00abIndio\u00bb, a quien le figuran antecedentes por los delitos de, 05 por el delito de hurto, 05 por Tr\u00e1fico, Fabricaci\u00f3n y Porte de Estupefacientes, 01 por Porte Ilegal de Armas y 01 por Receptaci\u00f3n, fue dejado a disposici\u00f3n por el delito de hurto, donde un juez de control y garant\u00eda, decidi\u00f3 cobijarlo con medida privativa de la libertad en establecimiento carcelario.<\/p>\n\n\n\n<p>Se invita a la ciudadan\u00eda a denunciar cualquier situaci\u00f3n extra\u00f1a y contin\u00faen realizando sus denuncias de manera oportuna, haciendo uso de la l\u00ednea de emergencia 123.<\/p>\n","protected":false},"excerpt":{"rendered":"<p>&nbsp;La Polic\u00eda Metropolitana de Neiva, en desarrollo a los diferentes planes de control, logra la captura de una persona dedicada al hurto en todas sus modalidades. Es as\u00ed como en una r\u00e1pida reacci\u00f3n, los uniformados del Cuadrante 33 adscritos al CAI Palmas, logr\u00f3 la captura de Carlos Alberto Losada Villegas de 28 a\u00f1os de edad [&hellip;]<\/p>\n","protected":false},"author":2,"featured_media":0,"comment_status":"open","ping_status":"open","sticky":false,"template":"","format":"standard","meta":{"footnotes":""},"categories":[36,29],"tags":[],"class_list":["post-53202","post","type-post","status-publish","format-standard","hentry","category-destacado","category-judicial"],"yoast_head":"<!-- This site is optimized with the Yoast SEO plugin v26.6 - https:\/\/yoast.com\/wordpress\/plugins\/seo\/ -->\n<title>Por el delito de Hurto se logra la captura del \u2018Indio\u2019 -<\/title>\n<meta name=\"robots\" content=\"index, follow, max-snippet:-1, max-image-preview:large, max-video-preview:-1\" \/>\n<link rel=\"canonical\" href=\"https:\/\/luchonoticias.com\/editor\/por-el-delito-de-hurto-se-logra-la-captura-del-indio\/\" \/>\n<meta property=\"og:locale\" content=\"es_ES\" \/>\n<meta property=\"og:type\" content=\"article\" \/>\n<meta property=\"og:title\" content=\"Por el delito de Hurto se logra la captura del \u2018Indio\u2019 -\" \/>\n<meta property=\"og:url\" content=\"https:\/\/luchonoticias.com\/editor\/por-el-delito-de-hurto-se-logra-la-captura-del-indio\/\" \/>\n<meta property=\"article:publisher\" content=\"https:\/\/www.facebook.com\/luchonoticiasneiva\" \/>\n<meta property=\"article:published_time\" content=\"2023-05-25T21:10:19+00:00\" \/>\n<meta property=\"article:modified_time\" content=\"2023-05-25T21:10:20+00:00\" \/>\n<meta name=\"author\" content=\"Editor General\" \/>\n<meta name=\"twitter:card\" content=\"summary_large_image\" \/>\n<meta name=\"twitter:label1\" content=\"Escrito por\" \/>\n\t<meta name=\"twitter:data1\" content=\"Editor General\" \/>\n\t<meta name=\"twitter:label2\" content=\"Tiempo de lectura\" \/>\n\t<meta name=\"twitter:data2\" content=\"1 minuto\" \/>\n<script type=\"application\/ld+json\" class=\"yoast-schema-graph\">{\"@context\":\"https:\/\/schema.org\",\"@graph\":[{\"@type\":\"Article\",\"@id\":\"https:\/\/luchonoticias.com\/editor\/por-el-delito-de-hurto-se-logra-la-captura-del-indio\/#article\",\"isPartOf\":{\"@id\":\"https:\/\/luchonoticias.com\/editor\/por-el-delito-de-hurto-se-logra-la-captura-del-indio\/\"},\"author\":{\"name\":\"Editor General\",\"@id\":\"https:\/\/luchonoticias.com\/editor\/#\/schema\/person\/29217990ddf6f14e35912b2866d591fb\"},\"headline\":\"Por el delito de Hurto se logra la captura del \u2018Indio\u2019\",\"datePublished\":\"2023-05-25T21:10:19+00:00\",\"dateModified\":\"2023-05-25T21:10:20+00:00\",\"mainEntityOfPage\":{\"@id\":\"https:\/\/luchonoticias.com\/editor\/por-el-delito-de-hurto-se-logra-la-captura-del-indio\/\"},\"wordCount\":189,\"commentCount\":0,\"publisher\":{\"@id\":\"https:\/\/luchonoticias.com\/editor\/#\/schema\/person\/7a7fd911f58561fd056dbac7b55af9cd\"},\"articleSection\":[\"Destacado\",\"Judicial\"],\"inLanguage\":\"es\",\"potentialAction\":[{\"@type\":\"CommentAction\",\"name\":\"Comment\",\"target\":[\"https:\/\/luchonoticias.com\/editor\/por-el-delito-de-hurto-se-logra-la-captura-del-indio\/#respond\"]}]},{\"@type\":\"WebPage\",\"@id\":\"https:\/\/luchonoticias.com\/editor\/por-el-delito-de-hurto-se-logra-la-captura-del-indio\/\",\"url\":\"https:\/\/luchonoticias.com\/editor\/por-el-delito-de-hurto-se-logra-la-captura-del-indio\/\",\"name\":\"Por el delito de Hurto se logra la captura del \u2018Indio\u2019 -\",\"isPartOf\":{\"@id\":\"https:\/\/luchonoticias.com\/editor\/#website\"},\"datePublished\":\"2023-05-25T21:10:19+00:00\",\"dateModified\":\"2023-05-25T21:10:20+00:00\",\"breadcrumb\":{\"@id\":\"https:\/\/luchonoticias.com\/editor\/por-el-delito-de-hurto-se-logra-la-captura-del-indio\/#breadcrumb\"},\"inLanguage\":\"es\",\"potentialAction\":[{\"@type\":\"ReadAction\",\"target\":[\"https:\/\/luchonoticias.com\/editor\/por-el-delito-de-hurto-se-logra-la-captura-del-indio\/\"]}]},{\"@type\":\"BreadcrumbList\",\"@id\":\"https:\/\/luchonoticias.com\/editor\/por-el-delito-de-hurto-se-logra-la-captura-del-indio\/#breadcrumb\",\"itemListElement\":[{\"@type\":\"ListItem\",\"position\":1,\"name\":\"Portada\",\"item\":\"https:\/\/luchonoticias.com\/editor\/\"},{\"@type\":\"ListItem\",\"position\":2,\"name\":\"Por el delito de Hurto se logra la captura del \u2018Indio\u2019\"}]},{\"@type\":\"WebSite\",\"@id\":\"https:\/\/luchonoticias.com\/editor\/#website\",\"url\":\"https:\/\/luchonoticias.com\/editor\/\",\"name\":\"\",\"description\":\"\",\"publisher\":{\"@id\":\"https:\/\/luchonoticias.com\/editor\/#\/schema\/person\/7a7fd911f58561fd056dbac7b55af9cd\"},\"potentialAction\":[{\"@type\":\"SearchAction\",\"target\":{\"@type\":\"EntryPoint\",\"urlTemplate\":\"https:\/\/luchonoticias.com\/editor\/?s={search_term_string}\"},\"query-input\":{\"@type\":\"PropertyValueSpecification\",\"valueRequired\":true,\"valueName\":\"search_term_string\"}}],\"inLanguage\":\"es\"},{\"@type\":[\"Person\",\"Organization\"],\"@id\":\"https:\/\/luchonoticias.com\/editor\/#\/schema\/person\/7a7fd911f58561fd056dbac7b55af9cd\",\"name\":\"admin\",\"image\":{\"@type\":\"ImageObject\",\"inLanguage\":\"es\",\"@id\":\"https:\/\/luchonoticias.com\/editor\/#\/schema\/person\/image\/\",\"url\":\"https:\/\/luchonoticias.com\/editor\/wp-content\/uploads\/2024\/02\/cropped-cropped-logolu.webp\",\"contentUrl\":\"https:\/\/luchonoticias.com\/editor\/wp-content\/uploads\/2024\/02\/cropped-cropped-logolu.webp\",\"width\":382,\"height\":170,\"caption\":\"admin\"},\"logo\":{\"@id\":\"https:\/\/luchonoticias.com\/editor\/#\/schema\/person\/image\/\"},\"sameAs\":[\"https:\/\/www.facebook.com\/luchonoticiasneiva\"]},{\"@type\":\"Person\",\"@id\":\"https:\/\/luchonoticias.com\/editor\/#\/schema\/person\/29217990ddf6f14e35912b2866d591fb\",\"name\":\"Editor General\",\"image\":{\"@type\":\"ImageObject\",\"inLanguage\":\"es\",\"@id\":\"https:\/\/luchonoticias.com\/editor\/#\/schema\/person\/image\/\",\"url\":\"https:\/\/luchonoticias.com\/editor\/wp-content\/uploads\/2024\/02\/cropped-cropped-logolu-150x150.webp\",\"contentUrl\":\"https:\/\/luchonoticias.com\/editor\/wp-content\/uploads\/2024\/02\/cropped-cropped-logolu-150x150.webp\",\"caption\":\"Editor General\"},\"sameAs\":[\"https:\/\/luchonoticias.com\/\"],\"url\":\"https:\/\/luchonoticias.com\/editor\/author\/editor-general\/\"}]}<\/script>\n<!-- \/ Yoast SEO plugin. -->","yoast_head_json":{"title":"Por el delito de Hurto se logra la captura del \u2018Indio\u2019 -","robots":{"index":"index","follow":"follow","max-snippet":"max-snippet:-1","max-image-preview":"max-image-preview:large","max-video-preview":"max-video-preview:-1"},"canonical":"https:\/\/luchonoticias.com\/editor\/por-el-delito-de-hurto-se-logra-la-captura-del-indio\/","og_locale":"es_ES","og_type":"article","og_title":"Por el delito de Hurto se logra la captura del \u2018Indio\u2019 -","og_url":"https:\/\/luchonoticias.com\/editor\/por-el-delito-de-hurto-se-logra-la-captura-del-indio\/","article_publisher":"https:\/\/www.facebook.com\/luchonoticiasneiva","article_published_time":"2023-05-25T21:10:19+00:00","article_modified_time":"2023-05-25T21:10:20+00:00","author":"Editor General","twitter_card":"summary_large_image","twitter_misc":{"Escrito por":"Editor General","Tiempo de lectura":"1 minuto"},"schema":{"@context":"https:\/\/schema.org","@graph":[{"@type":"Article","@id":"https:\/\/luchonoticias.com\/editor\/por-el-delito-de-hurto-se-logra-la-captura-del-indio\/#article","isPartOf":{"@id":"https:\/\/luchonoticias.com\/editor\/por-el-delito-de-hurto-se-logra-la-captura-del-indio\/"},"author":{"name":"Editor General","@id":"https:\/\/luchonoticias.com\/editor\/#\/schema\/person\/29217990ddf6f14e35912b2866d591fb"},"headline":"Por el delito de Hurto se logra la captura del \u2018Indio\u2019","datePublished":"2023-05-25T21:10:19+00:00","dateModified":"2023-05-25T21:10:20+00:00","mainEntityOfPage":{"@id":"https:\/\/luchonoticias.com\/editor\/por-el-delito-de-hurto-se-logra-la-captura-del-indio\/"},"wordCount":189,"commentCount":0,"publisher":{"@id":"https:\/\/luchonoticias.com\/editor\/#\/schema\/person\/7a7fd911f58561fd056dbac7b55af9cd"},"articleSection":["Destacado","Judicial"],"inLanguage":"es","potentialAction":[{"@type":"CommentAction","name":"Comment","target":["https:\/\/luchonoticias.com\/editor\/por-el-delito-de-hurto-se-logra-la-captura-del-indio\/#respond"]}]},{"@type":"WebPage","@id":"https:\/\/luchonoticias.com\/editor\/por-el-delito-de-hurto-se-logra-la-captura-del-indio\/","url":"https:\/\/luchonoticias.com\/editor\/por-el-delito-de-hurto-se-logra-la-captura-del-indio\/","name":"Por el delito de Hurto se logra la captura del \u2018Indio\u2019 -","isPartOf":{"@id":"https:\/\/luchonoticias.com\/editor\/#website"},"datePublished":"2023-05-25T21:10:19+00:00","dateModified":"2023-05-25T21:10:20+00:00","breadcrumb":{"@id":"https:\/\/luchonoticias.com\/editor\/por-el-delito-de-hurto-se-logra-la-captura-del-indio\/#breadcrumb"},"inLanguage":"es","potentialAction":[{"@type":"ReadAction","target":["https:\/\/luchonoticias.com\/editor\/por-el-delito-de-hurto-se-logra-la-captura-del-indio\/"]}]},{"@type":"BreadcrumbList","@id":"https:\/\/luchonoticias.com\/editor\/por-el-delito-de-hurto-se-logra-la-captura-del-indio\/#breadcrumb","itemListElement":[{"@type":"ListItem","position":1,"name":"Portada","item":"https:\/\/luchonoticias.com\/editor\/"},{"@type":"ListItem","position":2,"name":"Por el delito de Hurto se logra la captura del \u2018Indio\u2019"}]},{"@type":"WebSite","@id":"https:\/\/luchonoticias.com\/editor\/#website","url":"https:\/\/luchonoticias.com\/editor\/","name":"","description":"","publisher":{"@id":"https:\/\/luchonoticias.com\/editor\/#\/schema\/person\/7a7fd911f58561fd056dbac7b55af9cd"},"potentialAction":[{"@type":"SearchAction","target":{"@type":"EntryPoint","urlTemplate":"https:\/\/luchonoticias.com\/editor\/?s={search_term_string}"},"query-input":{"@type":"PropertyValueSpecification","valueRequired":true,"valueName":"search_term_string"}}],"inLanguage":"es"},{"@type":["Person","Organization"],"@id":"https:\/\/luchonoticias.com\/editor\/#\/schema\/person\/7a7fd911f58561fd056dbac7b55af9cd","name":"admin","image":{"@type":"ImageObject","inLanguage":"es","@id":"https:\/\/luchonoticias.com\/editor\/#\/schema\/person\/image\/","url":"https:\/\/luchonoticias.com\/editor\/wp-content\/uploads\/2024\/02\/cropped-cropped-logolu.webp","contentUrl":"https:\/\/luchonoticias.com\/editor\/wp-content\/uploads\/2024\/02\/cropped-cropped-logolu.webp","width":382,"height":170,"caption":"admin"},"logo":{"@id":"https:\/\/luchonoticias.com\/editor\/#\/schema\/person\/image\/"},"sameAs":["https:\/\/www.facebook.com\/luchonoticiasneiva"]},{"@type":"Person","@id":"https:\/\/luchonoticias.com\/editor\/#\/schema\/person\/29217990ddf6f14e35912b2866d591fb","name":"Editor General","image":{"@type":"ImageObject","inLanguage":"es","@id":"https:\/\/luchonoticias.com\/editor\/#\/schema\/person\/image\/","url":"https:\/\/luchonoticias.com\/editor\/wp-content\/uploads\/2024\/02\/cropped-cropped-logolu-150x150.webp","contentUrl":"https:\/\/luchonoticias.com\/editor\/wp-content\/uploads\/2024\/02\/cropped-cropped-logolu-150x150.webp","caption":"Editor General"},"sameAs":["https:\/\/luchonoticias.com\/"],"url":"https:\/\/luchonoticias.com\/editor\/author\/editor-general\/"}]}},"_links":{"self":[{"href":"https:\/\/luchonoticias.com\/editor\/wp-json\/wp\/v2\/posts\/53202","targetHints":{"allow":["GET"]}}],"collection":[{"href":"https:\/\/luchonoticias.com\/editor\/wp-json\/wp\/v2\/posts"}],"about":[{"href":"https:\/\/luchonoticias.com\/editor\/wp-json\/wp\/v2\/types\/post"}],"author":[{"embeddable":true,"href":"https:\/\/luchonoticias.com\/editor\/wp-json\/wp\/v2\/users\/2"}],"replies":[{"embeddable":true,"href":"https:\/\/luchonoticias.com\/editor\/wp-json\/wp\/v2\/comments?post=53202"}],"version-history":[{"count":0,"href":"https:\/\/luchonoticias.com\/editor\/wp-json\/wp\/v2\/posts\/53202\/revisions"}],"wp:attachment":[{"href":"https:\/\/luchonoticias.com\/editor\/wp-json\/wp\/v2\/media?parent=53202"}],"wp:term":[{"taxonomy":"category","embeddable":true,"href":"https:\/\/luchonoticias.com\/editor\/wp-json\/wp\/v2\/categories?post=53202"},{"taxonomy":"post_tag","embeddable":true,"href":"https:\/\/luchonoticias.com\/editor\/wp-json\/wp\/v2\/tags?post=53202"}],"curies":[{"name":"wp","href":"https:\/\/api.w.org\/{rel}","templated":true}]}}