{"id":53507,"date":"2023-05-30T07:01:20","date_gmt":"2023-05-30T12:01:20","guid":{"rendered":"https:\/\/luchonoticias.com\/?p=53507"},"modified":"2023-05-30T07:01:22","modified_gmt":"2023-05-30T12:01:22","slug":"arranco-debate-sobre-regulacion-de-cannabis-de-uso-adulto","status":"publish","type":"post","link":"https:\/\/luchonoticias.com\/editor\/arranco-debate-sobre-regulacion-de-cannabis-de-uso-adulto\/","title":{"rendered":"Arranc\u00f3 debate sobre regulaci\u00f3n de cannabis de uso adulto"},"content":{"rendered":"\n<p>&nbsp;En comisi\u00f3n primera de senado se dio inicio a la discusi\u00f3n sobre regulaci\u00f3n de cannabis de uso adulto, o uso del cannabis recreativo en Colombia. Las cartas est\u00e1n sobre la mesa; el Gobierno Nacional apoya la regulaci\u00f3n del cannabis de uso adulto, mientras los partidos, como el Centro Democr\u00e1tico y el Conservador, argumentan principios y valores para oponerse a la reforma impulsada por el representante a la C\u00e1mara Juan Carlos Lozada.<\/p>\n\n\n\n<p>La senadora&nbsp;<strong>Mar\u00eda Jos\u00e9 Pizarro Rodr\u00edguez<\/strong>,&nbsp;<strong>Coalici\u00f3n Pacto Hist\u00f3rico<\/strong>, ponente de la iniciativa, asegur\u00f3 que las bondades del mercado legal del cannabis le permitir\u00edan al pa\u00eds ingresos superiores a los 400 millones de d\u00f3lares anuales, y se generar\u00edan alrededor de 17 puestos de trabajo por hect\u00e1rea de marihuana sembrada, adem\u00e1s de otras prerrogativas, a saber: Quitarles el negocio a traficantes y disminuir la criminalidad; proteger a consumidores por control de los productos; generar programas de educaci\u00f3n y prevenci\u00f3n; generar entonos seguros y de especial protecci\u00f3n de la infancia; generar programas de salud p\u00fablica integrales; regular y potenciar la econom\u00eda medicinal y de usos alternativos, y, corresponder a fallos de las cortes.<\/p>\n\n\n\n<p>Por su parte, el ministro del interior, Luis Fernando Velasco, asegur\u00f3 que la legalizaci\u00f3n del comercio del Cannabis de uso recreativo es otra forma de combatir la delincuencia y las multimillonarias ganancias que generan las organizaciones criminales dedicadas a este negocio.<\/p>\n\n\n\n<p>De otro lado, la senadora&nbsp;<strong>Paloma Valencia<\/strong>,&nbsp;<strong>Centro Democr\u00e1tico<\/strong>, y el senador&nbsp;<strong>Germ\u00e1n Blanco<\/strong>,&nbsp;<strong>Partido Conservador<\/strong>, coincidieron en sus argumentos, al se\u00f1alar que no estaban de acuerdo con la iniciativa por considerarla puerta de entrada para mayores adicciones y problemas de salud p\u00fablica, y el quebrantamiento de sus valores morales.<\/p>\n\n\n\n<p>La congresista&nbsp;<strong>Pizarro Rodr\u00edguez<\/strong>, replic\u00f3 enf\u00e1tica, que es justamente el prohibicionismo el que le ha entregado el poder corruptor a quienes desde la ilegalidad explotan el negocio de la marihuana en nuestro pa\u00eds.<\/p>\n","protected":false},"excerpt":{"rendered":"<p>&nbsp;En comisi\u00f3n primera de senado se dio inicio a la discusi\u00f3n sobre regulaci\u00f3n de cannabis de uso adulto, o uso del cannabis recreativo en Colombia. Las cartas est\u00e1n sobre la mesa; el Gobierno Nacional apoya la regulaci\u00f3n del cannabis de uso adulto, mientras los partidos, como el Centro Democr\u00e1tico y el Conservador, argumentan principios y [&hellip;]<\/p>\n","protected":false},"author":2,"featured_media":0,"comment_status":"open","ping_status":"open","sticky":false,"template":"","format":"standard","meta":{"footnotes":""},"categories":[36,617],"tags":[],"class_list":["post-53507","post","type-post","status-publish","format-standard","hentry","category-destacado","category-politica"],"yoast_head":"<!-- This site is optimized with the Yoast SEO plugin v26.6 - https:\/\/yoast.com\/wordpress\/plugins\/seo\/ -->\n<title>Arranc\u00f3 debate sobre regulaci\u00f3n de cannabis de uso adulto -<\/title>\n<meta name=\"robots\" content=\"index, follow, max-snippet:-1, max-image-preview:large, max-video-preview:-1\" \/>\n<link rel=\"canonical\" href=\"https:\/\/luchonoticias.com\/editor\/arranco-debate-sobre-regulacion-de-cannabis-de-uso-adulto\/\" \/>\n<meta property=\"og:locale\" content=\"es_ES\" \/>\n<meta property=\"og:type\" content=\"article\" \/>\n<meta property=\"og:title\" content=\"Arranc\u00f3 debate sobre regulaci\u00f3n de cannabis de uso adulto -\" \/>\n<meta property=\"og:url\" content=\"https:\/\/luchonoticias.com\/editor\/arranco-debate-sobre-regulacion-de-cannabis-de-uso-adulto\/\" \/>\n<meta property=\"article:publisher\" content=\"https:\/\/www.facebook.com\/luchonoticiasneiva\" \/>\n<meta property=\"article:published_time\" content=\"2023-05-30T12:01:20+00:00\" \/>\n<meta property=\"article:modified_time\" content=\"2023-05-30T12:01:22+00:00\" \/>\n<meta name=\"author\" content=\"Editor General\" \/>\n<meta name=\"twitter:card\" content=\"summary_large_image\" \/>\n<meta name=\"twitter:label1\" content=\"Escrito por\" \/>\n\t<meta name=\"twitter:data1\" content=\"Editor General\" \/>\n\t<meta name=\"twitter:label2\" content=\"Tiempo de lectura\" \/>\n\t<meta name=\"twitter:data2\" content=\"2 minutos\" \/>\n<script type=\"application\/ld+json\" class=\"yoast-schema-graph\">{\"@context\":\"https:\/\/schema.org\",\"@graph\":[{\"@type\":\"Article\",\"@id\":\"https:\/\/luchonoticias.com\/editor\/arranco-debate-sobre-regulacion-de-cannabis-de-uso-adulto\/#article\",\"isPartOf\":{\"@id\":\"https:\/\/luchonoticias.com\/editor\/arranco-debate-sobre-regulacion-de-cannabis-de-uso-adulto\/\"},\"author\":{\"name\":\"Editor General\",\"@id\":\"https:\/\/luchonoticias.com\/editor\/#\/schema\/person\/29217990ddf6f14e35912b2866d591fb\"},\"headline\":\"Arranc\u00f3 debate sobre regulaci\u00f3n de cannabis de uso adulto\",\"datePublished\":\"2023-05-30T12:01:20+00:00\",\"dateModified\":\"2023-05-30T12:01:22+00:00\",\"mainEntityOfPage\":{\"@id\":\"https:\/\/luchonoticias.com\/editor\/arranco-debate-sobre-regulacion-de-cannabis-de-uso-adulto\/\"},\"wordCount\":352,\"commentCount\":0,\"publisher\":{\"@id\":\"https:\/\/luchonoticias.com\/editor\/#\/schema\/person\/7a7fd911f58561fd056dbac7b55af9cd\"},\"articleSection\":[\"Destacado\",\"Pol\u00edtica\"],\"inLanguage\":\"es\",\"potentialAction\":[{\"@type\":\"CommentAction\",\"name\":\"Comment\",\"target\":[\"https:\/\/luchonoticias.com\/editor\/arranco-debate-sobre-regulacion-de-cannabis-de-uso-adulto\/#respond\"]}]},{\"@type\":\"WebPage\",\"@id\":\"https:\/\/luchonoticias.com\/editor\/arranco-debate-sobre-regulacion-de-cannabis-de-uso-adulto\/\",\"url\":\"https:\/\/luchonoticias.com\/editor\/arranco-debate-sobre-regulacion-de-cannabis-de-uso-adulto\/\",\"name\":\"Arranc\u00f3 debate sobre regulaci\u00f3n de cannabis de uso adulto -\",\"isPartOf\":{\"@id\":\"https:\/\/luchonoticias.com\/editor\/#website\"},\"datePublished\":\"2023-05-30T12:01:20+00:00\",\"dateModified\":\"2023-05-30T12:01:22+00:00\",\"breadcrumb\":{\"@id\":\"https:\/\/luchonoticias.com\/editor\/arranco-debate-sobre-regulacion-de-cannabis-de-uso-adulto\/#breadcrumb\"},\"inLanguage\":\"es\",\"potentialAction\":[{\"@type\":\"ReadAction\",\"target\":[\"https:\/\/luchonoticias.com\/editor\/arranco-debate-sobre-regulacion-de-cannabis-de-uso-adulto\/\"]}]},{\"@type\":\"BreadcrumbList\",\"@id\":\"https:\/\/luchonoticias.com\/editor\/arranco-debate-sobre-regulacion-de-cannabis-de-uso-adulto\/#breadcrumb\",\"itemListElement\":[{\"@type\":\"ListItem\",\"position\":1,\"name\":\"Portada\",\"item\":\"https:\/\/luchonoticias.com\/editor\/\"},{\"@type\":\"ListItem\",\"position\":2,\"name\":\"Arranc\u00f3 debate sobre regulaci\u00f3n de cannabis de uso adulto\"}]},{\"@type\":\"WebSite\",\"@id\":\"https:\/\/luchonoticias.com\/editor\/#website\",\"url\":\"https:\/\/luchonoticias.com\/editor\/\",\"name\":\"\",\"description\":\"\",\"publisher\":{\"@id\":\"https:\/\/luchonoticias.com\/editor\/#\/schema\/person\/7a7fd911f58561fd056dbac7b55af9cd\"},\"potentialAction\":[{\"@type\":\"SearchAction\",\"target\":{\"@type\":\"EntryPoint\",\"urlTemplate\":\"https:\/\/luchonoticias.com\/editor\/?s={search_term_string}\"},\"query-input\":{\"@type\":\"PropertyValueSpecification\",\"valueRequired\":true,\"valueName\":\"search_term_string\"}}],\"inLanguage\":\"es\"},{\"@type\":[\"Person\",\"Organization\"],\"@id\":\"https:\/\/luchonoticias.com\/editor\/#\/schema\/person\/7a7fd911f58561fd056dbac7b55af9cd\",\"name\":\"admin\",\"image\":{\"@type\":\"ImageObject\",\"inLanguage\":\"es\",\"@id\":\"https:\/\/luchonoticias.com\/editor\/#\/schema\/person\/image\/\",\"url\":\"https:\/\/luchonoticias.com\/editor\/wp-content\/uploads\/2024\/02\/cropped-cropped-logolu.webp\",\"contentUrl\":\"https:\/\/luchonoticias.com\/editor\/wp-content\/uploads\/2024\/02\/cropped-cropped-logolu.webp\",\"width\":382,\"height\":170,\"caption\":\"admin\"},\"logo\":{\"@id\":\"https:\/\/luchonoticias.com\/editor\/#\/schema\/person\/image\/\"},\"sameAs\":[\"https:\/\/www.facebook.com\/luchonoticiasneiva\"]},{\"@type\":\"Person\",\"@id\":\"https:\/\/luchonoticias.com\/editor\/#\/schema\/person\/29217990ddf6f14e35912b2866d591fb\",\"name\":\"Editor General\",\"image\":{\"@type\":\"ImageObject\",\"inLanguage\":\"es\",\"@id\":\"https:\/\/luchonoticias.com\/editor\/#\/schema\/person\/image\/\",\"url\":\"https:\/\/luchonoticias.com\/editor\/wp-content\/uploads\/2024\/02\/cropped-cropped-logolu-150x150.webp\",\"contentUrl\":\"https:\/\/luchonoticias.com\/editor\/wp-content\/uploads\/2024\/02\/cropped-cropped-logolu-150x150.webp\",\"caption\":\"Editor General\"},\"sameAs\":[\"https:\/\/luchonoticias.com\/\"],\"url\":\"https:\/\/luchonoticias.com\/editor\/author\/editor-general\/\"}]}<\/script>\n<!-- \/ Yoast SEO plugin. -->","yoast_head_json":{"title":"Arranc\u00f3 debate sobre regulaci\u00f3n de cannabis de uso adulto -","robots":{"index":"index","follow":"follow","max-snippet":"max-snippet:-1","max-image-preview":"max-image-preview:large","max-video-preview":"max-video-preview:-1"},"canonical":"https:\/\/luchonoticias.com\/editor\/arranco-debate-sobre-regulacion-de-cannabis-de-uso-adulto\/","og_locale":"es_ES","og_type":"article","og_title":"Arranc\u00f3 debate sobre regulaci\u00f3n de cannabis de uso adulto -","og_url":"https:\/\/luchonoticias.com\/editor\/arranco-debate-sobre-regulacion-de-cannabis-de-uso-adulto\/","article_publisher":"https:\/\/www.facebook.com\/luchonoticiasneiva","article_published_time":"2023-05-30T12:01:20+00:00","article_modified_time":"2023-05-30T12:01:22+00:00","author":"Editor General","twitter_card":"summary_large_image","twitter_misc":{"Escrito por":"Editor General","Tiempo de lectura":"2 minutos"},"schema":{"@context":"https:\/\/schema.org","@graph":[{"@type":"Article","@id":"https:\/\/luchonoticias.com\/editor\/arranco-debate-sobre-regulacion-de-cannabis-de-uso-adulto\/#article","isPartOf":{"@id":"https:\/\/luchonoticias.com\/editor\/arranco-debate-sobre-regulacion-de-cannabis-de-uso-adulto\/"},"author":{"name":"Editor General","@id":"https:\/\/luchonoticias.com\/editor\/#\/schema\/person\/29217990ddf6f14e35912b2866d591fb"},"headline":"Arranc\u00f3 debate sobre regulaci\u00f3n de cannabis de uso adulto","datePublished":"2023-05-30T12:01:20+00:00","dateModified":"2023-05-30T12:01:22+00:00","mainEntityOfPage":{"@id":"https:\/\/luchonoticias.com\/editor\/arranco-debate-sobre-regulacion-de-cannabis-de-uso-adulto\/"},"wordCount":352,"commentCount":0,"publisher":{"@id":"https:\/\/luchonoticias.com\/editor\/#\/schema\/person\/7a7fd911f58561fd056dbac7b55af9cd"},"articleSection":["Destacado","Pol\u00edtica"],"inLanguage":"es","potentialAction":[{"@type":"CommentAction","name":"Comment","target":["https:\/\/luchonoticias.com\/editor\/arranco-debate-sobre-regulacion-de-cannabis-de-uso-adulto\/#respond"]}]},{"@type":"WebPage","@id":"https:\/\/luchonoticias.com\/editor\/arranco-debate-sobre-regulacion-de-cannabis-de-uso-adulto\/","url":"https:\/\/luchonoticias.com\/editor\/arranco-debate-sobre-regulacion-de-cannabis-de-uso-adulto\/","name":"Arranc\u00f3 debate sobre regulaci\u00f3n de cannabis de uso adulto -","isPartOf":{"@id":"https:\/\/luchonoticias.com\/editor\/#website"},"datePublished":"2023-05-30T12:01:20+00:00","dateModified":"2023-05-30T12:01:22+00:00","breadcrumb":{"@id":"https:\/\/luchonoticias.com\/editor\/arranco-debate-sobre-regulacion-de-cannabis-de-uso-adulto\/#breadcrumb"},"inLanguage":"es","potentialAction":[{"@type":"ReadAction","target":["https:\/\/luchonoticias.com\/editor\/arranco-debate-sobre-regulacion-de-cannabis-de-uso-adulto\/"]}]},{"@type":"BreadcrumbList","@id":"https:\/\/luchonoticias.com\/editor\/arranco-debate-sobre-regulacion-de-cannabis-de-uso-adulto\/#breadcrumb","itemListElement":[{"@type":"ListItem","position":1,"name":"Portada","item":"https:\/\/luchonoticias.com\/editor\/"},{"@type":"ListItem","position":2,"name":"Arranc\u00f3 debate sobre regulaci\u00f3n de cannabis de uso adulto"}]},{"@type":"WebSite","@id":"https:\/\/luchonoticias.com\/editor\/#website","url":"https:\/\/luchonoticias.com\/editor\/","name":"","description":"","publisher":{"@id":"https:\/\/luchonoticias.com\/editor\/#\/schema\/person\/7a7fd911f58561fd056dbac7b55af9cd"},"potentialAction":[{"@type":"SearchAction","target":{"@type":"EntryPoint","urlTemplate":"https:\/\/luchonoticias.com\/editor\/?s={search_term_string}"},"query-input":{"@type":"PropertyValueSpecification","valueRequired":true,"valueName":"search_term_string"}}],"inLanguage":"es"},{"@type":["Person","Organization"],"@id":"https:\/\/luchonoticias.com\/editor\/#\/schema\/person\/7a7fd911f58561fd056dbac7b55af9cd","name":"admin","image":{"@type":"ImageObject","inLanguage":"es","@id":"https:\/\/luchonoticias.com\/editor\/#\/schema\/person\/image\/","url":"https:\/\/luchonoticias.com\/editor\/wp-content\/uploads\/2024\/02\/cropped-cropped-logolu.webp","contentUrl":"https:\/\/luchonoticias.com\/editor\/wp-content\/uploads\/2024\/02\/cropped-cropped-logolu.webp","width":382,"height":170,"caption":"admin"},"logo":{"@id":"https:\/\/luchonoticias.com\/editor\/#\/schema\/person\/image\/"},"sameAs":["https:\/\/www.facebook.com\/luchonoticiasneiva"]},{"@type":"Person","@id":"https:\/\/luchonoticias.com\/editor\/#\/schema\/person\/29217990ddf6f14e35912b2866d591fb","name":"Editor General","image":{"@type":"ImageObject","inLanguage":"es","@id":"https:\/\/luchonoticias.com\/editor\/#\/schema\/person\/image\/","url":"https:\/\/luchonoticias.com\/editor\/wp-content\/uploads\/2024\/02\/cropped-cropped-logolu-150x150.webp","contentUrl":"https:\/\/luchonoticias.com\/editor\/wp-content\/uploads\/2024\/02\/cropped-cropped-logolu-150x150.webp","caption":"Editor General"},"sameAs":["https:\/\/luchonoticias.com\/"],"url":"https:\/\/luchonoticias.com\/editor\/author\/editor-general\/"}]}},"_links":{"self":[{"href":"https:\/\/luchonoticias.com\/editor\/wp-json\/wp\/v2\/posts\/53507","targetHints":{"allow":["GET"]}}],"collection":[{"href":"https:\/\/luchonoticias.com\/editor\/wp-json\/wp\/v2\/posts"}],"about":[{"href":"https:\/\/luchonoticias.com\/editor\/wp-json\/wp\/v2\/types\/post"}],"author":[{"embeddable":true,"href":"https:\/\/luchonoticias.com\/editor\/wp-json\/wp\/v2\/users\/2"}],"replies":[{"embeddable":true,"href":"https:\/\/luchonoticias.com\/editor\/wp-json\/wp\/v2\/comments?post=53507"}],"version-history":[{"count":0,"href":"https:\/\/luchonoticias.com\/editor\/wp-json\/wp\/v2\/posts\/53507\/revisions"}],"wp:attachment":[{"href":"https:\/\/luchonoticias.com\/editor\/wp-json\/wp\/v2\/media?parent=53507"}],"wp:term":[{"taxonomy":"category","embeddable":true,"href":"https:\/\/luchonoticias.com\/editor\/wp-json\/wp\/v2\/categories?post=53507"},{"taxonomy":"post_tag","embeddable":true,"href":"https:\/\/luchonoticias.com\/editor\/wp-json\/wp\/v2\/tags?post=53507"}],"curies":[{"name":"wp","href":"https:\/\/api.w.org\/{rel}","templated":true}]}}