{"id":53513,"date":"2023-05-30T08:47:19","date_gmt":"2023-05-30T13:47:19","guid":{"rendered":"https:\/\/luchonoticias.com\/?p=53513"},"modified":"2023-05-30T09:15:23","modified_gmt":"2023-05-30T14:15:23","slug":"identificados-victimas-del-percance-vial-ocurrido-anoche-en-la-via-neiva-el-caguan","status":"publish","type":"post","link":"https:\/\/luchonoticias.com\/editor\/identificados-victimas-del-percance-vial-ocurrido-anoche-en-la-via-neiva-el-caguan\/","title":{"rendered":"Identificados victimas del percance vial ocurrido anoche en la v\u00eda Neiva- El Cagu\u00e1n"},"content":{"rendered":"\n<p>Como Mois\u00e9s Perdomo Hern\u00e1ndez de 23 a\u00f1os de edad y Jos\u00e9 Daniel Vargas Pe\u00f1a de 22 a\u00f1os son identificados los j\u00f3venes que perdieron la vida, el d\u00eda de ayer en horas de la noche, en medio de un accidente de tr\u00e1nsito donde se vieron involucradas tres motos en la v\u00eda que conduce de la Capital Huilense al corregimiento de El Cagu\u00e1n.<\/p>\n\n\n\n<p>Asimismo, las autoridades revelaron que en el percance un tercer joven result\u00f3 herido, identificado como Justin Salda\u00f1a de 23 a\u00f1os de edad y quien se encuentra bajo valoraci\u00f3n medica en el Hospital Hernando Moncaleano, por las gravedades de sus heridas.<\/p>\n\n\n\n<p><strong>Hip\u00f3tesis del hecho<\/strong><\/p>\n\n\n\n<p>Finalmente, fuentes oficiales indicaron que el siniestro ocurri\u00f3 sobre las 7:30 de la noche, cuando los tres j\u00f3venes, se movilizaban en diferentes motocicletas, dos de ellas con placa PBJ16F Y GRT95F, mientras que la tercer no ten\u00eda y una posible invasi\u00f3n del carril de unos de los conductores.<\/p>\n","protected":false},"excerpt":{"rendered":"<p>Como Mois\u00e9s Perdomo Hern\u00e1ndez de 23 a\u00f1os de edad y Jos\u00e9 Daniel Vargas Pe\u00f1a de 22 a\u00f1os son identificados los j\u00f3venes que perdieron la vida, el d\u00eda de ayer en horas de la noche, en medio de un accidente de tr\u00e1nsito donde se vieron involucradas tres motos en la v\u00eda que conduce de la Capital [&hellip;]<\/p>\n","protected":false},"author":2,"featured_media":0,"comment_status":"open","ping_status":"open","sticky":false,"template":"","format":"standard","meta":{"footnotes":""},"categories":[36,29],"tags":[],"class_list":["post-53513","post","type-post","status-publish","format-standard","hentry","category-destacado","category-judicial"],"yoast_head":"<!-- This site is optimized with the Yoast SEO plugin v26.6 - https:\/\/yoast.com\/wordpress\/plugins\/seo\/ -->\n<title>Identificados victimas del percance vial ocurrido anoche en la v\u00eda Neiva- El Cagu\u00e1n -<\/title>\n<meta name=\"robots\" content=\"index, follow, max-snippet:-1, max-image-preview:large, max-video-preview:-1\" \/>\n<link rel=\"canonical\" href=\"https:\/\/luchonoticias.com\/editor\/identificados-victimas-del-percance-vial-ocurrido-anoche-en-la-via-neiva-el-caguan\/\" \/>\n<meta property=\"og:locale\" content=\"es_ES\" \/>\n<meta property=\"og:type\" content=\"article\" \/>\n<meta property=\"og:title\" content=\"Identificados victimas del percance vial ocurrido anoche en la v\u00eda Neiva- El Cagu\u00e1n -\" \/>\n<meta property=\"og:url\" content=\"https:\/\/luchonoticias.com\/editor\/identificados-victimas-del-percance-vial-ocurrido-anoche-en-la-via-neiva-el-caguan\/\" \/>\n<meta property=\"article:publisher\" content=\"https:\/\/www.facebook.com\/luchonoticiasneiva\" \/>\n<meta property=\"article:published_time\" content=\"2023-05-30T13:47:19+00:00\" \/>\n<meta property=\"article:modified_time\" content=\"2023-05-30T14:15:23+00:00\" \/>\n<meta name=\"author\" content=\"Editor General\" \/>\n<meta name=\"twitter:card\" content=\"summary_large_image\" \/>\n<meta name=\"twitter:label1\" content=\"Escrito por\" \/>\n\t<meta name=\"twitter:data1\" content=\"Editor General\" \/>\n\t<meta name=\"twitter:label2\" content=\"Tiempo de lectura\" \/>\n\t<meta name=\"twitter:data2\" content=\"1 minuto\" \/>\n<script type=\"application\/ld+json\" class=\"yoast-schema-graph\">{\"@context\":\"https:\/\/schema.org\",\"@graph\":[{\"@type\":\"Article\",\"@id\":\"https:\/\/luchonoticias.com\/editor\/identificados-victimas-del-percance-vial-ocurrido-anoche-en-la-via-neiva-el-caguan\/#article\",\"isPartOf\":{\"@id\":\"https:\/\/luchonoticias.com\/editor\/identificados-victimas-del-percance-vial-ocurrido-anoche-en-la-via-neiva-el-caguan\/\"},\"author\":{\"name\":\"Editor General\",\"@id\":\"https:\/\/luchonoticias.com\/editor\/#\/schema\/person\/29217990ddf6f14e35912b2866d591fb\"},\"headline\":\"Identificados victimas del percance vial ocurrido anoche en la v\u00eda Neiva- El Cagu\u00e1n\",\"datePublished\":\"2023-05-30T13:47:19+00:00\",\"dateModified\":\"2023-05-30T14:15:23+00:00\",\"mainEntityOfPage\":{\"@id\":\"https:\/\/luchonoticias.com\/editor\/identificados-victimas-del-percance-vial-ocurrido-anoche-en-la-via-neiva-el-caguan\/\"},\"wordCount\":182,\"commentCount\":0,\"publisher\":{\"@id\":\"https:\/\/luchonoticias.com\/editor\/#\/schema\/person\/7a7fd911f58561fd056dbac7b55af9cd\"},\"articleSection\":[\"Destacado\",\"Judicial\"],\"inLanguage\":\"es\",\"potentialAction\":[{\"@type\":\"CommentAction\",\"name\":\"Comment\",\"target\":[\"https:\/\/luchonoticias.com\/editor\/identificados-victimas-del-percance-vial-ocurrido-anoche-en-la-via-neiva-el-caguan\/#respond\"]}]},{\"@type\":\"WebPage\",\"@id\":\"https:\/\/luchonoticias.com\/editor\/identificados-victimas-del-percance-vial-ocurrido-anoche-en-la-via-neiva-el-caguan\/\",\"url\":\"https:\/\/luchonoticias.com\/editor\/identificados-victimas-del-percance-vial-ocurrido-anoche-en-la-via-neiva-el-caguan\/\",\"name\":\"Identificados victimas del percance vial ocurrido anoche en la v\u00eda Neiva- El Cagu\u00e1n -\",\"isPartOf\":{\"@id\":\"https:\/\/luchonoticias.com\/editor\/#website\"},\"datePublished\":\"2023-05-30T13:47:19+00:00\",\"dateModified\":\"2023-05-30T14:15:23+00:00\",\"breadcrumb\":{\"@id\":\"https:\/\/luchonoticias.com\/editor\/identificados-victimas-del-percance-vial-ocurrido-anoche-en-la-via-neiva-el-caguan\/#breadcrumb\"},\"inLanguage\":\"es\",\"potentialAction\":[{\"@type\":\"ReadAction\",\"target\":[\"https:\/\/luchonoticias.com\/editor\/identificados-victimas-del-percance-vial-ocurrido-anoche-en-la-via-neiva-el-caguan\/\"]}]},{\"@type\":\"BreadcrumbList\",\"@id\":\"https:\/\/luchonoticias.com\/editor\/identificados-victimas-del-percance-vial-ocurrido-anoche-en-la-via-neiva-el-caguan\/#breadcrumb\",\"itemListElement\":[{\"@type\":\"ListItem\",\"position\":1,\"name\":\"Portada\",\"item\":\"https:\/\/luchonoticias.com\/editor\/\"},{\"@type\":\"ListItem\",\"position\":2,\"name\":\"Identificados victimas del percance vial ocurrido anoche en la v\u00eda Neiva- El Cagu\u00e1n\"}]},{\"@type\":\"WebSite\",\"@id\":\"https:\/\/luchonoticias.com\/editor\/#website\",\"url\":\"https:\/\/luchonoticias.com\/editor\/\",\"name\":\"\",\"description\":\"\",\"publisher\":{\"@id\":\"https:\/\/luchonoticias.com\/editor\/#\/schema\/person\/7a7fd911f58561fd056dbac7b55af9cd\"},\"potentialAction\":[{\"@type\":\"SearchAction\",\"target\":{\"@type\":\"EntryPoint\",\"urlTemplate\":\"https:\/\/luchonoticias.com\/editor\/?s={search_term_string}\"},\"query-input\":{\"@type\":\"PropertyValueSpecification\",\"valueRequired\":true,\"valueName\":\"search_term_string\"}}],\"inLanguage\":\"es\"},{\"@type\":[\"Person\",\"Organization\"],\"@id\":\"https:\/\/luchonoticias.com\/editor\/#\/schema\/person\/7a7fd911f58561fd056dbac7b55af9cd\",\"name\":\"admin\",\"image\":{\"@type\":\"ImageObject\",\"inLanguage\":\"es\",\"@id\":\"https:\/\/luchonoticias.com\/editor\/#\/schema\/person\/image\/\",\"url\":\"https:\/\/luchonoticias.com\/editor\/wp-content\/uploads\/2024\/02\/cropped-cropped-logolu.webp\",\"contentUrl\":\"https:\/\/luchonoticias.com\/editor\/wp-content\/uploads\/2024\/02\/cropped-cropped-logolu.webp\",\"width\":382,\"height\":170,\"caption\":\"admin\"},\"logo\":{\"@id\":\"https:\/\/luchonoticias.com\/editor\/#\/schema\/person\/image\/\"},\"sameAs\":[\"https:\/\/www.facebook.com\/luchonoticiasneiva\"]},{\"@type\":\"Person\",\"@id\":\"https:\/\/luchonoticias.com\/editor\/#\/schema\/person\/29217990ddf6f14e35912b2866d591fb\",\"name\":\"Editor General\",\"image\":{\"@type\":\"ImageObject\",\"inLanguage\":\"es\",\"@id\":\"https:\/\/luchonoticias.com\/editor\/#\/schema\/person\/image\/\",\"url\":\"https:\/\/luchonoticias.com\/editor\/wp-content\/uploads\/2024\/02\/cropped-cropped-logolu-150x150.webp\",\"contentUrl\":\"https:\/\/luchonoticias.com\/editor\/wp-content\/uploads\/2024\/02\/cropped-cropped-logolu-150x150.webp\",\"caption\":\"Editor General\"},\"sameAs\":[\"https:\/\/luchonoticias.com\/\"],\"url\":\"https:\/\/luchonoticias.com\/editor\/author\/editor-general\/\"}]}<\/script>\n<!-- \/ Yoast SEO plugin. -->","yoast_head_json":{"title":"Identificados victimas del percance vial ocurrido anoche en la v\u00eda Neiva- El Cagu\u00e1n -","robots":{"index":"index","follow":"follow","max-snippet":"max-snippet:-1","max-image-preview":"max-image-preview:large","max-video-preview":"max-video-preview:-1"},"canonical":"https:\/\/luchonoticias.com\/editor\/identificados-victimas-del-percance-vial-ocurrido-anoche-en-la-via-neiva-el-caguan\/","og_locale":"es_ES","og_type":"article","og_title":"Identificados victimas del percance vial ocurrido anoche en la v\u00eda Neiva- El Cagu\u00e1n -","og_url":"https:\/\/luchonoticias.com\/editor\/identificados-victimas-del-percance-vial-ocurrido-anoche-en-la-via-neiva-el-caguan\/","article_publisher":"https:\/\/www.facebook.com\/luchonoticiasneiva","article_published_time":"2023-05-30T13:47:19+00:00","article_modified_time":"2023-05-30T14:15:23+00:00","author":"Editor General","twitter_card":"summary_large_image","twitter_misc":{"Escrito por":"Editor General","Tiempo de lectura":"1 minuto"},"schema":{"@context":"https:\/\/schema.org","@graph":[{"@type":"Article","@id":"https:\/\/luchonoticias.com\/editor\/identificados-victimas-del-percance-vial-ocurrido-anoche-en-la-via-neiva-el-caguan\/#article","isPartOf":{"@id":"https:\/\/luchonoticias.com\/editor\/identificados-victimas-del-percance-vial-ocurrido-anoche-en-la-via-neiva-el-caguan\/"},"author":{"name":"Editor General","@id":"https:\/\/luchonoticias.com\/editor\/#\/schema\/person\/29217990ddf6f14e35912b2866d591fb"},"headline":"Identificados victimas del percance vial ocurrido anoche en la v\u00eda Neiva- El Cagu\u00e1n","datePublished":"2023-05-30T13:47:19+00:00","dateModified":"2023-05-30T14:15:23+00:00","mainEntityOfPage":{"@id":"https:\/\/luchonoticias.com\/editor\/identificados-victimas-del-percance-vial-ocurrido-anoche-en-la-via-neiva-el-caguan\/"},"wordCount":182,"commentCount":0,"publisher":{"@id":"https:\/\/luchonoticias.com\/editor\/#\/schema\/person\/7a7fd911f58561fd056dbac7b55af9cd"},"articleSection":["Destacado","Judicial"],"inLanguage":"es","potentialAction":[{"@type":"CommentAction","name":"Comment","target":["https:\/\/luchonoticias.com\/editor\/identificados-victimas-del-percance-vial-ocurrido-anoche-en-la-via-neiva-el-caguan\/#respond"]}]},{"@type":"WebPage","@id":"https:\/\/luchonoticias.com\/editor\/identificados-victimas-del-percance-vial-ocurrido-anoche-en-la-via-neiva-el-caguan\/","url":"https:\/\/luchonoticias.com\/editor\/identificados-victimas-del-percance-vial-ocurrido-anoche-en-la-via-neiva-el-caguan\/","name":"Identificados victimas del percance vial ocurrido anoche en la v\u00eda Neiva- El Cagu\u00e1n -","isPartOf":{"@id":"https:\/\/luchonoticias.com\/editor\/#website"},"datePublished":"2023-05-30T13:47:19+00:00","dateModified":"2023-05-30T14:15:23+00:00","breadcrumb":{"@id":"https:\/\/luchonoticias.com\/editor\/identificados-victimas-del-percance-vial-ocurrido-anoche-en-la-via-neiva-el-caguan\/#breadcrumb"},"inLanguage":"es","potentialAction":[{"@type":"ReadAction","target":["https:\/\/luchonoticias.com\/editor\/identificados-victimas-del-percance-vial-ocurrido-anoche-en-la-via-neiva-el-caguan\/"]}]},{"@type":"BreadcrumbList","@id":"https:\/\/luchonoticias.com\/editor\/identificados-victimas-del-percance-vial-ocurrido-anoche-en-la-via-neiva-el-caguan\/#breadcrumb","itemListElement":[{"@type":"ListItem","position":1,"name":"Portada","item":"https:\/\/luchonoticias.com\/editor\/"},{"@type":"ListItem","position":2,"name":"Identificados victimas del percance vial ocurrido anoche en la v\u00eda Neiva- El Cagu\u00e1n"}]},{"@type":"WebSite","@id":"https:\/\/luchonoticias.com\/editor\/#website","url":"https:\/\/luchonoticias.com\/editor\/","name":"","description":"","publisher":{"@id":"https:\/\/luchonoticias.com\/editor\/#\/schema\/person\/7a7fd911f58561fd056dbac7b55af9cd"},"potentialAction":[{"@type":"SearchAction","target":{"@type":"EntryPoint","urlTemplate":"https:\/\/luchonoticias.com\/editor\/?s={search_term_string}"},"query-input":{"@type":"PropertyValueSpecification","valueRequired":true,"valueName":"search_term_string"}}],"inLanguage":"es"},{"@type":["Person","Organization"],"@id":"https:\/\/luchonoticias.com\/editor\/#\/schema\/person\/7a7fd911f58561fd056dbac7b55af9cd","name":"admin","image":{"@type":"ImageObject","inLanguage":"es","@id":"https:\/\/luchonoticias.com\/editor\/#\/schema\/person\/image\/","url":"https:\/\/luchonoticias.com\/editor\/wp-content\/uploads\/2024\/02\/cropped-cropped-logolu.webp","contentUrl":"https:\/\/luchonoticias.com\/editor\/wp-content\/uploads\/2024\/02\/cropped-cropped-logolu.webp","width":382,"height":170,"caption":"admin"},"logo":{"@id":"https:\/\/luchonoticias.com\/editor\/#\/schema\/person\/image\/"},"sameAs":["https:\/\/www.facebook.com\/luchonoticiasneiva"]},{"@type":"Person","@id":"https:\/\/luchonoticias.com\/editor\/#\/schema\/person\/29217990ddf6f14e35912b2866d591fb","name":"Editor General","image":{"@type":"ImageObject","inLanguage":"es","@id":"https:\/\/luchonoticias.com\/editor\/#\/schema\/person\/image\/","url":"https:\/\/luchonoticias.com\/editor\/wp-content\/uploads\/2024\/02\/cropped-cropped-logolu-150x150.webp","contentUrl":"https:\/\/luchonoticias.com\/editor\/wp-content\/uploads\/2024\/02\/cropped-cropped-logolu-150x150.webp","caption":"Editor General"},"sameAs":["https:\/\/luchonoticias.com\/"],"url":"https:\/\/luchonoticias.com\/editor\/author\/editor-general\/"}]}},"_links":{"self":[{"href":"https:\/\/luchonoticias.com\/editor\/wp-json\/wp\/v2\/posts\/53513","targetHints":{"allow":["GET"]}}],"collection":[{"href":"https:\/\/luchonoticias.com\/editor\/wp-json\/wp\/v2\/posts"}],"about":[{"href":"https:\/\/luchonoticias.com\/editor\/wp-json\/wp\/v2\/types\/post"}],"author":[{"embeddable":true,"href":"https:\/\/luchonoticias.com\/editor\/wp-json\/wp\/v2\/users\/2"}],"replies":[{"embeddable":true,"href":"https:\/\/luchonoticias.com\/editor\/wp-json\/wp\/v2\/comments?post=53513"}],"version-history":[{"count":0,"href":"https:\/\/luchonoticias.com\/editor\/wp-json\/wp\/v2\/posts\/53513\/revisions"}],"wp:attachment":[{"href":"https:\/\/luchonoticias.com\/editor\/wp-json\/wp\/v2\/media?parent=53513"}],"wp:term":[{"taxonomy":"category","embeddable":true,"href":"https:\/\/luchonoticias.com\/editor\/wp-json\/wp\/v2\/categories?post=53513"},{"taxonomy":"post_tag","embeddable":true,"href":"https:\/\/luchonoticias.com\/editor\/wp-json\/wp\/v2\/tags?post=53513"}],"curies":[{"name":"wp","href":"https:\/\/api.w.org\/{rel}","templated":true}]}}