{"id":53517,"date":"2023-05-30T13:47:29","date_gmt":"2023-05-30T18:47:29","guid":{"rendered":"https:\/\/luchonoticias.com\/?p=53517"},"modified":"2023-05-30T13:47:31","modified_gmt":"2023-05-30T18:47:31","slug":"trabajos-de-mantenimiento-vial-en-el-departamento","status":"publish","type":"post","link":"https:\/\/luchonoticias.com\/editor\/trabajos-de-mantenimiento-vial-en-el-departamento\/","title":{"rendered":"Trabajos de mantenimiento vial en el departamento"},"content":{"rendered":"\n<p>Los&nbsp;<strong>kits de maquinaria amarilla del Gobierno Departamental&nbsp;<\/strong>se encuentran distribuidos a lo largo y ancho del departamento, apoyando la&nbsp;<strong>remoci\u00f3n de derrumbes y el mantenimiento vial<\/strong>.<\/p>\n\n\n\n<p>Casos especiales se presentan en los&nbsp;<strong>municipios como Oporapa, Palermo y Santa Mar\u00eda<\/strong>, de acuerdo a lo expresado por Hernando Quezada, coordinador de los kits de maquinaria. \u201cEstamos trabajando en el&nbsp;<strong>retiro de derrumbes en la v\u00eda Palermo \u2013 Santa Mar\u00eda.<\/strong>&nbsp;Estamos haciendo mantenimiento de v\u00edas en Pitalito en el lado de Chillurco, donde tenemos un kit comprometido por un mes para habilitar v\u00edas en ese sector. Estamos&nbsp;<strong>trabajando en el sector de Oporapa, sobre una v\u00eda que conduce hacia Paraguay \u2013 Mayto<\/strong>, y en esta v\u00eda le estamos haciendo el mantenimiento respectivo para volverla a entregar, aunque ya la hab\u00edamos habilitado pero el invierno volvi\u00f3 a desmejorar la rasante en esta v\u00eda\u201d.<\/p>\n\n\n\n<p>El profesional de la ingenier\u00eda dijo que tambi\u00e9n se trabaja con la maquinaria en el centro del departamento. \u201cEstamos trabajando tambi\u00e9n en el sector de Garz\u00f3n, con el municipio de Guadalupe en la v\u00eda San Antonio a salir a Puerto Alegr\u00eda que va a dar a Garz\u00f3n, all\u00ed trabajamos exactamente con un kit para habilitarla, se han presentado derrumbes y estamos haciendo el mantenimiento de la v\u00eda\u201d.<\/p>\n\n\n\n<p>En el sur del Huila, en&nbsp;<strong>municipios como San Agust\u00edn,<\/strong>&nbsp;se realiza un trabajo mancomunado entre la alcald\u00eda municipal y la gobernaci\u00f3n. \u201cEsta semana tambi\u00e9n entramos en mantenimientos preventivos en el sector del municipio de San Agust\u00edn, donde estamos trabajando mancomunadamente con los kits del municipio, estamos trabajando all\u00ed en varias v\u00edas del sector rural, v\u00edas de tercer orden\u201d.<\/p>\n\n\n\n<p>El coordinador Hernando Quezada, dijo que adem\u00e1s<strong>&nbsp;se trabaja con un kit de maquinaria en el perfeccionamiento de la v\u00eda de acceso al puente Las Delicias<\/strong>, y ya se tiene programado el apoyo de la maquinaria a otros municipios del Huila.<\/p>\n","protected":false},"excerpt":{"rendered":"<p>Los&nbsp;kits de maquinaria amarilla del Gobierno Departamental&nbsp;se encuentran distribuidos a lo largo y ancho del departamento, apoyando la&nbsp;remoci\u00f3n de derrumbes y el mantenimiento vial. Casos especiales se presentan en los&nbsp;municipios como Oporapa, Palermo y Santa Mar\u00eda, de acuerdo a lo expresado por Hernando Quezada, coordinador de los kits de maquinaria. \u201cEstamos trabajando en el&nbsp;retiro de [&hellip;]<\/p>\n","protected":false},"author":2,"featured_media":0,"comment_status":"open","ping_status":"open","sticky":false,"template":"","format":"standard","meta":{"footnotes":""},"categories":[33],"tags":[],"class_list":["post-53517","post","type-post","status-publish","format-standard","hentry","category-huila"],"yoast_head":"<!-- This site is optimized with the Yoast SEO plugin v26.6 - https:\/\/yoast.com\/wordpress\/plugins\/seo\/ -->\n<title>Trabajos de mantenimiento vial en el departamento -<\/title>\n<meta name=\"robots\" content=\"index, follow, max-snippet:-1, max-image-preview:large, max-video-preview:-1\" \/>\n<link rel=\"canonical\" href=\"https:\/\/luchonoticias.com\/editor\/trabajos-de-mantenimiento-vial-en-el-departamento\/\" \/>\n<meta property=\"og:locale\" content=\"es_ES\" \/>\n<meta property=\"og:type\" content=\"article\" \/>\n<meta property=\"og:title\" content=\"Trabajos de mantenimiento vial en el departamento -\" \/>\n<meta property=\"og:url\" content=\"https:\/\/luchonoticias.com\/editor\/trabajos-de-mantenimiento-vial-en-el-departamento\/\" \/>\n<meta property=\"article:publisher\" content=\"https:\/\/www.facebook.com\/luchonoticiasneiva\" \/>\n<meta property=\"article:published_time\" content=\"2023-05-30T18:47:29+00:00\" \/>\n<meta property=\"article:modified_time\" content=\"2023-05-30T18:47:31+00:00\" \/>\n<meta name=\"author\" content=\"Editor General\" \/>\n<meta name=\"twitter:card\" content=\"summary_large_image\" \/>\n<meta name=\"twitter:label1\" content=\"Escrito por\" \/>\n\t<meta name=\"twitter:data1\" content=\"Editor General\" \/>\n\t<meta name=\"twitter:label2\" content=\"Tiempo de lectura\" \/>\n\t<meta name=\"twitter:data2\" content=\"2 minutos\" \/>\n<script type=\"application\/ld+json\" class=\"yoast-schema-graph\">{\"@context\":\"https:\/\/schema.org\",\"@graph\":[{\"@type\":\"Article\",\"@id\":\"https:\/\/luchonoticias.com\/editor\/trabajos-de-mantenimiento-vial-en-el-departamento\/#article\",\"isPartOf\":{\"@id\":\"https:\/\/luchonoticias.com\/editor\/trabajos-de-mantenimiento-vial-en-el-departamento\/\"},\"author\":{\"name\":\"Editor General\",\"@id\":\"https:\/\/luchonoticias.com\/editor\/#\/schema\/person\/29217990ddf6f14e35912b2866d591fb\"},\"headline\":\"Trabajos de mantenimiento vial en el departamento\",\"datePublished\":\"2023-05-30T18:47:29+00:00\",\"dateModified\":\"2023-05-30T18:47:31+00:00\",\"mainEntityOfPage\":{\"@id\":\"https:\/\/luchonoticias.com\/editor\/trabajos-de-mantenimiento-vial-en-el-departamento\/\"},\"wordCount\":349,\"commentCount\":0,\"publisher\":{\"@id\":\"https:\/\/luchonoticias.com\/editor\/#\/schema\/person\/7a7fd911f58561fd056dbac7b55af9cd\"},\"articleSection\":[\"Huila\"],\"inLanguage\":\"es\",\"potentialAction\":[{\"@type\":\"CommentAction\",\"name\":\"Comment\",\"target\":[\"https:\/\/luchonoticias.com\/editor\/trabajos-de-mantenimiento-vial-en-el-departamento\/#respond\"]}]},{\"@type\":\"WebPage\",\"@id\":\"https:\/\/luchonoticias.com\/editor\/trabajos-de-mantenimiento-vial-en-el-departamento\/\",\"url\":\"https:\/\/luchonoticias.com\/editor\/trabajos-de-mantenimiento-vial-en-el-departamento\/\",\"name\":\"Trabajos de mantenimiento vial en el departamento -\",\"isPartOf\":{\"@id\":\"https:\/\/luchonoticias.com\/editor\/#website\"},\"datePublished\":\"2023-05-30T18:47:29+00:00\",\"dateModified\":\"2023-05-30T18:47:31+00:00\",\"breadcrumb\":{\"@id\":\"https:\/\/luchonoticias.com\/editor\/trabajos-de-mantenimiento-vial-en-el-departamento\/#breadcrumb\"},\"inLanguage\":\"es\",\"potentialAction\":[{\"@type\":\"ReadAction\",\"target\":[\"https:\/\/luchonoticias.com\/editor\/trabajos-de-mantenimiento-vial-en-el-departamento\/\"]}]},{\"@type\":\"BreadcrumbList\",\"@id\":\"https:\/\/luchonoticias.com\/editor\/trabajos-de-mantenimiento-vial-en-el-departamento\/#breadcrumb\",\"itemListElement\":[{\"@type\":\"ListItem\",\"position\":1,\"name\":\"Portada\",\"item\":\"https:\/\/luchonoticias.com\/editor\/\"},{\"@type\":\"ListItem\",\"position\":2,\"name\":\"Trabajos de mantenimiento vial en el departamento\"}]},{\"@type\":\"WebSite\",\"@id\":\"https:\/\/luchonoticias.com\/editor\/#website\",\"url\":\"https:\/\/luchonoticias.com\/editor\/\",\"name\":\"\",\"description\":\"\",\"publisher\":{\"@id\":\"https:\/\/luchonoticias.com\/editor\/#\/schema\/person\/7a7fd911f58561fd056dbac7b55af9cd\"},\"potentialAction\":[{\"@type\":\"SearchAction\",\"target\":{\"@type\":\"EntryPoint\",\"urlTemplate\":\"https:\/\/luchonoticias.com\/editor\/?s={search_term_string}\"},\"query-input\":{\"@type\":\"PropertyValueSpecification\",\"valueRequired\":true,\"valueName\":\"search_term_string\"}}],\"inLanguage\":\"es\"},{\"@type\":[\"Person\",\"Organization\"],\"@id\":\"https:\/\/luchonoticias.com\/editor\/#\/schema\/person\/7a7fd911f58561fd056dbac7b55af9cd\",\"name\":\"admin\",\"image\":{\"@type\":\"ImageObject\",\"inLanguage\":\"es\",\"@id\":\"https:\/\/luchonoticias.com\/editor\/#\/schema\/person\/image\/\",\"url\":\"https:\/\/luchonoticias.com\/editor\/wp-content\/uploads\/2024\/02\/cropped-cropped-logolu.webp\",\"contentUrl\":\"https:\/\/luchonoticias.com\/editor\/wp-content\/uploads\/2024\/02\/cropped-cropped-logolu.webp\",\"width\":382,\"height\":170,\"caption\":\"admin\"},\"logo\":{\"@id\":\"https:\/\/luchonoticias.com\/editor\/#\/schema\/person\/image\/\"},\"sameAs\":[\"https:\/\/www.facebook.com\/luchonoticiasneiva\"]},{\"@type\":\"Person\",\"@id\":\"https:\/\/luchonoticias.com\/editor\/#\/schema\/person\/29217990ddf6f14e35912b2866d591fb\",\"name\":\"Editor General\",\"image\":{\"@type\":\"ImageObject\",\"inLanguage\":\"es\",\"@id\":\"https:\/\/luchonoticias.com\/editor\/#\/schema\/person\/image\/\",\"url\":\"https:\/\/luchonoticias.com\/editor\/wp-content\/uploads\/2024\/02\/cropped-cropped-logolu-150x150.webp\",\"contentUrl\":\"https:\/\/luchonoticias.com\/editor\/wp-content\/uploads\/2024\/02\/cropped-cropped-logolu-150x150.webp\",\"caption\":\"Editor General\"},\"sameAs\":[\"https:\/\/luchonoticias.com\/\"],\"url\":\"https:\/\/luchonoticias.com\/editor\/author\/editor-general\/\"}]}<\/script>\n<!-- \/ Yoast SEO plugin. -->","yoast_head_json":{"title":"Trabajos de mantenimiento vial en el departamento -","robots":{"index":"index","follow":"follow","max-snippet":"max-snippet:-1","max-image-preview":"max-image-preview:large","max-video-preview":"max-video-preview:-1"},"canonical":"https:\/\/luchonoticias.com\/editor\/trabajos-de-mantenimiento-vial-en-el-departamento\/","og_locale":"es_ES","og_type":"article","og_title":"Trabajos de mantenimiento vial en el departamento -","og_url":"https:\/\/luchonoticias.com\/editor\/trabajos-de-mantenimiento-vial-en-el-departamento\/","article_publisher":"https:\/\/www.facebook.com\/luchonoticiasneiva","article_published_time":"2023-05-30T18:47:29+00:00","article_modified_time":"2023-05-30T18:47:31+00:00","author":"Editor General","twitter_card":"summary_large_image","twitter_misc":{"Escrito por":"Editor General","Tiempo de lectura":"2 minutos"},"schema":{"@context":"https:\/\/schema.org","@graph":[{"@type":"Article","@id":"https:\/\/luchonoticias.com\/editor\/trabajos-de-mantenimiento-vial-en-el-departamento\/#article","isPartOf":{"@id":"https:\/\/luchonoticias.com\/editor\/trabajos-de-mantenimiento-vial-en-el-departamento\/"},"author":{"name":"Editor General","@id":"https:\/\/luchonoticias.com\/editor\/#\/schema\/person\/29217990ddf6f14e35912b2866d591fb"},"headline":"Trabajos de mantenimiento vial en el departamento","datePublished":"2023-05-30T18:47:29+00:00","dateModified":"2023-05-30T18:47:31+00:00","mainEntityOfPage":{"@id":"https:\/\/luchonoticias.com\/editor\/trabajos-de-mantenimiento-vial-en-el-departamento\/"},"wordCount":349,"commentCount":0,"publisher":{"@id":"https:\/\/luchonoticias.com\/editor\/#\/schema\/person\/7a7fd911f58561fd056dbac7b55af9cd"},"articleSection":["Huila"],"inLanguage":"es","potentialAction":[{"@type":"CommentAction","name":"Comment","target":["https:\/\/luchonoticias.com\/editor\/trabajos-de-mantenimiento-vial-en-el-departamento\/#respond"]}]},{"@type":"WebPage","@id":"https:\/\/luchonoticias.com\/editor\/trabajos-de-mantenimiento-vial-en-el-departamento\/","url":"https:\/\/luchonoticias.com\/editor\/trabajos-de-mantenimiento-vial-en-el-departamento\/","name":"Trabajos de mantenimiento vial en el departamento -","isPartOf":{"@id":"https:\/\/luchonoticias.com\/editor\/#website"},"datePublished":"2023-05-30T18:47:29+00:00","dateModified":"2023-05-30T18:47:31+00:00","breadcrumb":{"@id":"https:\/\/luchonoticias.com\/editor\/trabajos-de-mantenimiento-vial-en-el-departamento\/#breadcrumb"},"inLanguage":"es","potentialAction":[{"@type":"ReadAction","target":["https:\/\/luchonoticias.com\/editor\/trabajos-de-mantenimiento-vial-en-el-departamento\/"]}]},{"@type":"BreadcrumbList","@id":"https:\/\/luchonoticias.com\/editor\/trabajos-de-mantenimiento-vial-en-el-departamento\/#breadcrumb","itemListElement":[{"@type":"ListItem","position":1,"name":"Portada","item":"https:\/\/luchonoticias.com\/editor\/"},{"@type":"ListItem","position":2,"name":"Trabajos de mantenimiento vial en el departamento"}]},{"@type":"WebSite","@id":"https:\/\/luchonoticias.com\/editor\/#website","url":"https:\/\/luchonoticias.com\/editor\/","name":"","description":"","publisher":{"@id":"https:\/\/luchonoticias.com\/editor\/#\/schema\/person\/7a7fd911f58561fd056dbac7b55af9cd"},"potentialAction":[{"@type":"SearchAction","target":{"@type":"EntryPoint","urlTemplate":"https:\/\/luchonoticias.com\/editor\/?s={search_term_string}"},"query-input":{"@type":"PropertyValueSpecification","valueRequired":true,"valueName":"search_term_string"}}],"inLanguage":"es"},{"@type":["Person","Organization"],"@id":"https:\/\/luchonoticias.com\/editor\/#\/schema\/person\/7a7fd911f58561fd056dbac7b55af9cd","name":"admin","image":{"@type":"ImageObject","inLanguage":"es","@id":"https:\/\/luchonoticias.com\/editor\/#\/schema\/person\/image\/","url":"https:\/\/luchonoticias.com\/editor\/wp-content\/uploads\/2024\/02\/cropped-cropped-logolu.webp","contentUrl":"https:\/\/luchonoticias.com\/editor\/wp-content\/uploads\/2024\/02\/cropped-cropped-logolu.webp","width":382,"height":170,"caption":"admin"},"logo":{"@id":"https:\/\/luchonoticias.com\/editor\/#\/schema\/person\/image\/"},"sameAs":["https:\/\/www.facebook.com\/luchonoticiasneiva"]},{"@type":"Person","@id":"https:\/\/luchonoticias.com\/editor\/#\/schema\/person\/29217990ddf6f14e35912b2866d591fb","name":"Editor General","image":{"@type":"ImageObject","inLanguage":"es","@id":"https:\/\/luchonoticias.com\/editor\/#\/schema\/person\/image\/","url":"https:\/\/luchonoticias.com\/editor\/wp-content\/uploads\/2024\/02\/cropped-cropped-logolu-150x150.webp","contentUrl":"https:\/\/luchonoticias.com\/editor\/wp-content\/uploads\/2024\/02\/cropped-cropped-logolu-150x150.webp","caption":"Editor General"},"sameAs":["https:\/\/luchonoticias.com\/"],"url":"https:\/\/luchonoticias.com\/editor\/author\/editor-general\/"}]}},"_links":{"self":[{"href":"https:\/\/luchonoticias.com\/editor\/wp-json\/wp\/v2\/posts\/53517","targetHints":{"allow":["GET"]}}],"collection":[{"href":"https:\/\/luchonoticias.com\/editor\/wp-json\/wp\/v2\/posts"}],"about":[{"href":"https:\/\/luchonoticias.com\/editor\/wp-json\/wp\/v2\/types\/post"}],"author":[{"embeddable":true,"href":"https:\/\/luchonoticias.com\/editor\/wp-json\/wp\/v2\/users\/2"}],"replies":[{"embeddable":true,"href":"https:\/\/luchonoticias.com\/editor\/wp-json\/wp\/v2\/comments?post=53517"}],"version-history":[{"count":0,"href":"https:\/\/luchonoticias.com\/editor\/wp-json\/wp\/v2\/posts\/53517\/revisions"}],"wp:attachment":[{"href":"https:\/\/luchonoticias.com\/editor\/wp-json\/wp\/v2\/media?parent=53517"}],"wp:term":[{"taxonomy":"category","embeddable":true,"href":"https:\/\/luchonoticias.com\/editor\/wp-json\/wp\/v2\/categories?post=53517"},{"taxonomy":"post_tag","embeddable":true,"href":"https:\/\/luchonoticias.com\/editor\/wp-json\/wp\/v2\/tags?post=53517"}],"curies":[{"name":"wp","href":"https:\/\/api.w.org\/{rel}","templated":true}]}}