{"id":53532,"date":"2023-05-30T14:17:39","date_gmt":"2023-05-30T19:17:39","guid":{"rendered":"https:\/\/luchonoticias.com\/?p=53532"},"modified":"2023-05-30T14:17:41","modified_gmt":"2023-05-30T19:17:41","slug":"cambio-de-deuda-por-accion-climatica-primer-salto-frente-a-crisis-ambiental-dijo-petro-al-empezar-reunion-de-mandatarios-en-brasilia","status":"publish","type":"post","link":"https:\/\/luchonoticias.com\/editor\/cambio-de-deuda-por-accion-climatica-primer-salto-frente-a-crisis-ambiental-dijo-petro-al-empezar-reunion-de-mandatarios-en-brasilia\/","title":{"rendered":"Cambio de deuda por acci\u00f3n clim\u00e1tica, primer salto frente a crisis ambiental, dijo Petro al empezar reuni\u00f3n de mandatarios en Brasilia"},"content":{"rendered":"\n<p>El Presidente de la Rep\u00fablica, Gustavo Petro, afirm\u00f3 este martes, al comenzar la cumbre de presidentes de Am\u00e9rica del Sur en Brasilia, que el cambio de deuda p\u00fablica de los pa\u00edses en compensaci\u00f3n por la protecci\u00f3n del medio ambiente, es el primer salto para enfrentar la crisis clim\u00e1tica mundial.<\/p>\n\n\n\n<p>El Jefe de Estado lleg\u00f3 poco despu\u00e9s de las 10:30 (8:30 hora colombiana) al Palacio de Itamaraty, sede del Ministerio brasile\u00f1o de Relaciones Exteriores, para asistir al encuentro convocado por el Presidente de Brasil, Luiz In\u00e1cio Lula da Silva, en el que participan once mandataros de la regi\u00f3n.<\/p>\n\n\n\n<p>\u201cEsta es una propuesta a escala mundial hecha desde Colombia, el cambio de deuda p\u00fablica por acci\u00f3n clim\u00e1tica, que ser\u00eda el primer gran salto hacia adelante en una verdadera lucha contra la crisis clim\u00e1tica, que es el principal problema de la humanidad\u201d, manifest\u00f3 el Presidente Petro a los medios de comunicaci\u00f3n.<\/p>\n\n\n\n<figure class=\"wp-block-gallery has-nested-images columns-default is-cropped wp-block-gallery-1 is-layout-flex wp-block-gallery-is-layout-flex\">\n<figure class=\"wp-block-image size-large is-style-rounded\"><img decoding=\"async\" data-id=\"53534\" src=\"https:\/\/luchonoticias.com\/wp-content\/uploads\/2023\/05\/WhatsApp-Image-2023-05-30-at-9.38.16-AM-1024x682.jpeg\" alt=\"\" class=\"wp-image-53534\"\/><\/figure>\n<\/figure>\n\n\n\n<p>Reiter\u00f3 que \u201cel panorama mundial es cr\u00edtico\u201d y subray\u00f3 que \u201cAm\u00e9rica tiene que jugar un papel unido y una voz unificada\u201d.<\/p>\n\n\n\n<p>En materia de integraci\u00f3n, el Presidente Petro se\u00f1al\u00f3 que Am\u00e9rica Latina \u201cen discursos est\u00e1 unida, pero no proyectos concretos\u201d.<\/p>\n\n\n\n<p>\u201cY no se trata de pelear con el mundo, se trata de superar problemas del mundo, ayudar\u201d, dijo.<\/p>\n\n\n\n<p>Indic\u00f3 que la regi\u00f3n y en particular Colombia, tienen gran potencial de trabajar en la interconexi\u00f3n el\u00e9ctrica.<\/p>\n\n\n\n<p>En el encuentro participan tambi\u00e9n los presidentes de Argentina, Alberto Fern\u00e1ndez; Bolivia, Luis Arce; Chile, Gabriel Boric; Ecuador, Guillermo Lasso; Guyana, Irfaan Ali; Paraguay, Mario Abdo Ben\u00edtez; Surinam, Chan Santokhi, y Uruguay, Luis Lacalle Pou, as\u00ed como el Presidente del Consejo de Ministros de Per\u00fa, Alberto Ot\u00e1rola.<\/p>\n","protected":false},"excerpt":{"rendered":"<p>El Presidente de la Rep\u00fablica, Gustavo Petro, afirm\u00f3 este martes, al comenzar la cumbre de presidentes de Am\u00e9rica del Sur en Brasilia, que el cambio de deuda p\u00fablica de los pa\u00edses en compensaci\u00f3n por la protecci\u00f3n del medio ambiente, es el primer salto para enfrentar la crisis clim\u00e1tica mundial. El Jefe de Estado lleg\u00f3 poco [&hellip;]<\/p>\n","protected":false},"author":2,"featured_media":0,"comment_status":"open","ping_status":"open","sticky":false,"template":"","format":"standard","meta":{"footnotes":""},"categories":[28,36],"tags":[],"class_list":["post-53532","post","type-post","status-publish","format-standard","hentry","category-actualidad","category-destacado"],"yoast_head":"<!-- This site is optimized with the Yoast SEO plugin v26.6 - https:\/\/yoast.com\/wordpress\/plugins\/seo\/ -->\n<title>Cambio de deuda por acci\u00f3n clim\u00e1tica, primer salto frente a crisis ambiental, dijo Petro al empezar reuni\u00f3n de mandatarios en Brasilia -<\/title>\n<meta name=\"robots\" content=\"index, follow, max-snippet:-1, max-image-preview:large, max-video-preview:-1\" \/>\n<link rel=\"canonical\" href=\"https:\/\/luchonoticias.com\/editor\/cambio-de-deuda-por-accion-climatica-primer-salto-frente-a-crisis-ambiental-dijo-petro-al-empezar-reunion-de-mandatarios-en-brasilia\/\" \/>\n<meta property=\"og:locale\" content=\"es_ES\" \/>\n<meta property=\"og:type\" content=\"article\" \/>\n<meta property=\"og:title\" content=\"Cambio de deuda por acci\u00f3n clim\u00e1tica, primer salto frente a crisis ambiental, dijo Petro al empezar reuni\u00f3n de mandatarios en Brasilia -\" \/>\n<meta property=\"og:url\" content=\"https:\/\/luchonoticias.com\/editor\/cambio-de-deuda-por-accion-climatica-primer-salto-frente-a-crisis-ambiental-dijo-petro-al-empezar-reunion-de-mandatarios-en-brasilia\/\" \/>\n<meta property=\"article:publisher\" content=\"https:\/\/www.facebook.com\/luchonoticiasneiva\" \/>\n<meta property=\"article:published_time\" content=\"2023-05-30T19:17:39+00:00\" \/>\n<meta property=\"article:modified_time\" content=\"2023-05-30T19:17:41+00:00\" \/>\n<meta property=\"og:image\" content=\"https:\/\/luchonoticias.com\/wp-content\/uploads\/2023\/05\/WhatsApp-Image-2023-05-30-at-9.38.16-AM-1024x682.jpeg\" \/>\n<meta name=\"author\" content=\"Editor General\" \/>\n<meta name=\"twitter:card\" content=\"summary_large_image\" \/>\n<meta name=\"twitter:label1\" content=\"Escrito por\" \/>\n\t<meta name=\"twitter:data1\" content=\"Editor General\" \/>\n\t<meta name=\"twitter:label2\" content=\"Tiempo de lectura\" \/>\n\t<meta name=\"twitter:data2\" content=\"1 minuto\" \/>\n<script type=\"application\/ld+json\" class=\"yoast-schema-graph\">{\"@context\":\"https:\/\/schema.org\",\"@graph\":[{\"@type\":\"Article\",\"@id\":\"https:\/\/luchonoticias.com\/editor\/cambio-de-deuda-por-accion-climatica-primer-salto-frente-a-crisis-ambiental-dijo-petro-al-empezar-reunion-de-mandatarios-en-brasilia\/#article\",\"isPartOf\":{\"@id\":\"https:\/\/luchonoticias.com\/editor\/cambio-de-deuda-por-accion-climatica-primer-salto-frente-a-crisis-ambiental-dijo-petro-al-empezar-reunion-de-mandatarios-en-brasilia\/\"},\"author\":{\"name\":\"Editor General\",\"@id\":\"https:\/\/luchonoticias.com\/editor\/#\/schema\/person\/29217990ddf6f14e35912b2866d591fb\"},\"headline\":\"Cambio de deuda por acci\u00f3n clim\u00e1tica, primer salto frente a crisis ambiental, dijo Petro al empezar reuni\u00f3n de mandatarios en Brasilia\",\"datePublished\":\"2023-05-30T19:17:39+00:00\",\"dateModified\":\"2023-05-30T19:17:41+00:00\",\"mainEntityOfPage\":{\"@id\":\"https:\/\/luchonoticias.com\/editor\/cambio-de-deuda-por-accion-climatica-primer-salto-frente-a-crisis-ambiental-dijo-petro-al-empezar-reunion-de-mandatarios-en-brasilia\/\"},\"wordCount\":321,\"commentCount\":0,\"publisher\":{\"@id\":\"https:\/\/luchonoticias.com\/editor\/#\/schema\/person\/7a7fd911f58561fd056dbac7b55af9cd\"},\"image\":{\"@id\":\"https:\/\/luchonoticias.com\/editor\/cambio-de-deuda-por-accion-climatica-primer-salto-frente-a-crisis-ambiental-dijo-petro-al-empezar-reunion-de-mandatarios-en-brasilia\/#primaryimage\"},\"thumbnailUrl\":\"https:\/\/luchonoticias.com\/wp-content\/uploads\/2023\/05\/WhatsApp-Image-2023-05-30-at-9.38.16-AM-1024x682.jpeg\",\"articleSection\":[\"Actualidad\",\"Destacado\"],\"inLanguage\":\"es\",\"potentialAction\":[{\"@type\":\"CommentAction\",\"name\":\"Comment\",\"target\":[\"https:\/\/luchonoticias.com\/editor\/cambio-de-deuda-por-accion-climatica-primer-salto-frente-a-crisis-ambiental-dijo-petro-al-empezar-reunion-de-mandatarios-en-brasilia\/#respond\"]}]},{\"@type\":\"WebPage\",\"@id\":\"https:\/\/luchonoticias.com\/editor\/cambio-de-deuda-por-accion-climatica-primer-salto-frente-a-crisis-ambiental-dijo-petro-al-empezar-reunion-de-mandatarios-en-brasilia\/\",\"url\":\"https:\/\/luchonoticias.com\/editor\/cambio-de-deuda-por-accion-climatica-primer-salto-frente-a-crisis-ambiental-dijo-petro-al-empezar-reunion-de-mandatarios-en-brasilia\/\",\"name\":\"Cambio de deuda por acci\u00f3n clim\u00e1tica, primer salto frente a crisis ambiental, dijo Petro al empezar reuni\u00f3n de mandatarios en Brasilia -\",\"isPartOf\":{\"@id\":\"https:\/\/luchonoticias.com\/editor\/#website\"},\"primaryImageOfPage\":{\"@id\":\"https:\/\/luchonoticias.com\/editor\/cambio-de-deuda-por-accion-climatica-primer-salto-frente-a-crisis-ambiental-dijo-petro-al-empezar-reunion-de-mandatarios-en-brasilia\/#primaryimage\"},\"image\":{\"@id\":\"https:\/\/luchonoticias.com\/editor\/cambio-de-deuda-por-accion-climatica-primer-salto-frente-a-crisis-ambiental-dijo-petro-al-empezar-reunion-de-mandatarios-en-brasilia\/#primaryimage\"},\"thumbnailUrl\":\"https:\/\/luchonoticias.com\/wp-content\/uploads\/2023\/05\/WhatsApp-Image-2023-05-30-at-9.38.16-AM-1024x682.jpeg\",\"datePublished\":\"2023-05-30T19:17:39+00:00\",\"dateModified\":\"2023-05-30T19:17:41+00:00\",\"breadcrumb\":{\"@id\":\"https:\/\/luchonoticias.com\/editor\/cambio-de-deuda-por-accion-climatica-primer-salto-frente-a-crisis-ambiental-dijo-petro-al-empezar-reunion-de-mandatarios-en-brasilia\/#breadcrumb\"},\"inLanguage\":\"es\",\"potentialAction\":[{\"@type\":\"ReadAction\",\"target\":[\"https:\/\/luchonoticias.com\/editor\/cambio-de-deuda-por-accion-climatica-primer-salto-frente-a-crisis-ambiental-dijo-petro-al-empezar-reunion-de-mandatarios-en-brasilia\/\"]}]},{\"@type\":\"ImageObject\",\"inLanguage\":\"es\",\"@id\":\"https:\/\/luchonoticias.com\/editor\/cambio-de-deuda-por-accion-climatica-primer-salto-frente-a-crisis-ambiental-dijo-petro-al-empezar-reunion-de-mandatarios-en-brasilia\/#primaryimage\",\"url\":\"https:\/\/luchonoticias.com\/wp-content\/uploads\/2023\/05\/WhatsApp-Image-2023-05-30-at-9.38.16-AM-1024x682.jpeg\",\"contentUrl\":\"https:\/\/luchonoticias.com\/wp-content\/uploads\/2023\/05\/WhatsApp-Image-2023-05-30-at-9.38.16-AM-1024x682.jpeg\"},{\"@type\":\"BreadcrumbList\",\"@id\":\"https:\/\/luchonoticias.com\/editor\/cambio-de-deuda-por-accion-climatica-primer-salto-frente-a-crisis-ambiental-dijo-petro-al-empezar-reunion-de-mandatarios-en-brasilia\/#breadcrumb\",\"itemListElement\":[{\"@type\":\"ListItem\",\"position\":1,\"name\":\"Portada\",\"item\":\"https:\/\/luchonoticias.com\/editor\/\"},{\"@type\":\"ListItem\",\"position\":2,\"name\":\"Cambio de deuda por acci\u00f3n clim\u00e1tica, primer salto frente a crisis ambiental, dijo Petro al empezar reuni\u00f3n de mandatarios en Brasilia\"}]},{\"@type\":\"WebSite\",\"@id\":\"https:\/\/luchonoticias.com\/editor\/#website\",\"url\":\"https:\/\/luchonoticias.com\/editor\/\",\"name\":\"\",\"description\":\"\",\"publisher\":{\"@id\":\"https:\/\/luchonoticias.com\/editor\/#\/schema\/person\/7a7fd911f58561fd056dbac7b55af9cd\"},\"potentialAction\":[{\"@type\":\"SearchAction\",\"target\":{\"@type\":\"EntryPoint\",\"urlTemplate\":\"https:\/\/luchonoticias.com\/editor\/?s={search_term_string}\"},\"query-input\":{\"@type\":\"PropertyValueSpecification\",\"valueRequired\":true,\"valueName\":\"search_term_string\"}}],\"inLanguage\":\"es\"},{\"@type\":[\"Person\",\"Organization\"],\"@id\":\"https:\/\/luchonoticias.com\/editor\/#\/schema\/person\/7a7fd911f58561fd056dbac7b55af9cd\",\"name\":\"admin\",\"image\":{\"@type\":\"ImageObject\",\"inLanguage\":\"es\",\"@id\":\"https:\/\/luchonoticias.com\/editor\/#\/schema\/person\/image\/\",\"url\":\"https:\/\/luchonoticias.com\/editor\/wp-content\/uploads\/2024\/02\/cropped-cropped-logolu.webp\",\"contentUrl\":\"https:\/\/luchonoticias.com\/editor\/wp-content\/uploads\/2024\/02\/cropped-cropped-logolu.webp\",\"width\":382,\"height\":170,\"caption\":\"admin\"},\"logo\":{\"@id\":\"https:\/\/luchonoticias.com\/editor\/#\/schema\/person\/image\/\"},\"sameAs\":[\"https:\/\/www.facebook.com\/luchonoticiasneiva\"]},{\"@type\":\"Person\",\"@id\":\"https:\/\/luchonoticias.com\/editor\/#\/schema\/person\/29217990ddf6f14e35912b2866d591fb\",\"name\":\"Editor General\",\"image\":{\"@type\":\"ImageObject\",\"inLanguage\":\"es\",\"@id\":\"https:\/\/luchonoticias.com\/editor\/#\/schema\/person\/image\/\",\"url\":\"https:\/\/luchonoticias.com\/editor\/wp-content\/uploads\/2024\/02\/cropped-cropped-logolu-150x150.webp\",\"contentUrl\":\"https:\/\/luchonoticias.com\/editor\/wp-content\/uploads\/2024\/02\/cropped-cropped-logolu-150x150.webp\",\"caption\":\"Editor General\"},\"sameAs\":[\"https:\/\/luchonoticias.com\/\"],\"url\":\"https:\/\/luchonoticias.com\/editor\/author\/editor-general\/\"}]}<\/script>\n<!-- \/ Yoast SEO plugin. -->","yoast_head_json":{"title":"Cambio de deuda por acci\u00f3n clim\u00e1tica, primer salto frente a crisis ambiental, dijo Petro al empezar reuni\u00f3n de mandatarios en Brasilia -","robots":{"index":"index","follow":"follow","max-snippet":"max-snippet:-1","max-image-preview":"max-image-preview:large","max-video-preview":"max-video-preview:-1"},"canonical":"https:\/\/luchonoticias.com\/editor\/cambio-de-deuda-por-accion-climatica-primer-salto-frente-a-crisis-ambiental-dijo-petro-al-empezar-reunion-de-mandatarios-en-brasilia\/","og_locale":"es_ES","og_type":"article","og_title":"Cambio de deuda por acci\u00f3n clim\u00e1tica, primer salto frente a crisis ambiental, dijo Petro al empezar reuni\u00f3n de mandatarios en Brasilia -","og_url":"https:\/\/luchonoticias.com\/editor\/cambio-de-deuda-por-accion-climatica-primer-salto-frente-a-crisis-ambiental-dijo-petro-al-empezar-reunion-de-mandatarios-en-brasilia\/","article_publisher":"https:\/\/www.facebook.com\/luchonoticiasneiva","article_published_time":"2023-05-30T19:17:39+00:00","article_modified_time":"2023-05-30T19:17:41+00:00","og_image":[{"url":"https:\/\/luchonoticias.com\/wp-content\/uploads\/2023\/05\/WhatsApp-Image-2023-05-30-at-9.38.16-AM-1024x682.jpeg","type":"","width":"","height":""}],"author":"Editor General","twitter_card":"summary_large_image","twitter_misc":{"Escrito por":"Editor General","Tiempo de lectura":"1 minuto"},"schema":{"@context":"https:\/\/schema.org","@graph":[{"@type":"Article","@id":"https:\/\/luchonoticias.com\/editor\/cambio-de-deuda-por-accion-climatica-primer-salto-frente-a-crisis-ambiental-dijo-petro-al-empezar-reunion-de-mandatarios-en-brasilia\/#article","isPartOf":{"@id":"https:\/\/luchonoticias.com\/editor\/cambio-de-deuda-por-accion-climatica-primer-salto-frente-a-crisis-ambiental-dijo-petro-al-empezar-reunion-de-mandatarios-en-brasilia\/"},"author":{"name":"Editor General","@id":"https:\/\/luchonoticias.com\/editor\/#\/schema\/person\/29217990ddf6f14e35912b2866d591fb"},"headline":"Cambio de deuda por acci\u00f3n clim\u00e1tica, primer salto frente a crisis ambiental, dijo Petro al empezar reuni\u00f3n de mandatarios en Brasilia","datePublished":"2023-05-30T19:17:39+00:00","dateModified":"2023-05-30T19:17:41+00:00","mainEntityOfPage":{"@id":"https:\/\/luchonoticias.com\/editor\/cambio-de-deuda-por-accion-climatica-primer-salto-frente-a-crisis-ambiental-dijo-petro-al-empezar-reunion-de-mandatarios-en-brasilia\/"},"wordCount":321,"commentCount":0,"publisher":{"@id":"https:\/\/luchonoticias.com\/editor\/#\/schema\/person\/7a7fd911f58561fd056dbac7b55af9cd"},"image":{"@id":"https:\/\/luchonoticias.com\/editor\/cambio-de-deuda-por-accion-climatica-primer-salto-frente-a-crisis-ambiental-dijo-petro-al-empezar-reunion-de-mandatarios-en-brasilia\/#primaryimage"},"thumbnailUrl":"https:\/\/luchonoticias.com\/wp-content\/uploads\/2023\/05\/WhatsApp-Image-2023-05-30-at-9.38.16-AM-1024x682.jpeg","articleSection":["Actualidad","Destacado"],"inLanguage":"es","potentialAction":[{"@type":"CommentAction","name":"Comment","target":["https:\/\/luchonoticias.com\/editor\/cambio-de-deuda-por-accion-climatica-primer-salto-frente-a-crisis-ambiental-dijo-petro-al-empezar-reunion-de-mandatarios-en-brasilia\/#respond"]}]},{"@type":"WebPage","@id":"https:\/\/luchonoticias.com\/editor\/cambio-de-deuda-por-accion-climatica-primer-salto-frente-a-crisis-ambiental-dijo-petro-al-empezar-reunion-de-mandatarios-en-brasilia\/","url":"https:\/\/luchonoticias.com\/editor\/cambio-de-deuda-por-accion-climatica-primer-salto-frente-a-crisis-ambiental-dijo-petro-al-empezar-reunion-de-mandatarios-en-brasilia\/","name":"Cambio de deuda por acci\u00f3n clim\u00e1tica, primer salto frente a crisis ambiental, dijo Petro al empezar reuni\u00f3n de mandatarios en Brasilia -","isPartOf":{"@id":"https:\/\/luchonoticias.com\/editor\/#website"},"primaryImageOfPage":{"@id":"https:\/\/luchonoticias.com\/editor\/cambio-de-deuda-por-accion-climatica-primer-salto-frente-a-crisis-ambiental-dijo-petro-al-empezar-reunion-de-mandatarios-en-brasilia\/#primaryimage"},"image":{"@id":"https:\/\/luchonoticias.com\/editor\/cambio-de-deuda-por-accion-climatica-primer-salto-frente-a-crisis-ambiental-dijo-petro-al-empezar-reunion-de-mandatarios-en-brasilia\/#primaryimage"},"thumbnailUrl":"https:\/\/luchonoticias.com\/wp-content\/uploads\/2023\/05\/WhatsApp-Image-2023-05-30-at-9.38.16-AM-1024x682.jpeg","datePublished":"2023-05-30T19:17:39+00:00","dateModified":"2023-05-30T19:17:41+00:00","breadcrumb":{"@id":"https:\/\/luchonoticias.com\/editor\/cambio-de-deuda-por-accion-climatica-primer-salto-frente-a-crisis-ambiental-dijo-petro-al-empezar-reunion-de-mandatarios-en-brasilia\/#breadcrumb"},"inLanguage":"es","potentialAction":[{"@type":"ReadAction","target":["https:\/\/luchonoticias.com\/editor\/cambio-de-deuda-por-accion-climatica-primer-salto-frente-a-crisis-ambiental-dijo-petro-al-empezar-reunion-de-mandatarios-en-brasilia\/"]}]},{"@type":"ImageObject","inLanguage":"es","@id":"https:\/\/luchonoticias.com\/editor\/cambio-de-deuda-por-accion-climatica-primer-salto-frente-a-crisis-ambiental-dijo-petro-al-empezar-reunion-de-mandatarios-en-brasilia\/#primaryimage","url":"https:\/\/luchonoticias.com\/wp-content\/uploads\/2023\/05\/WhatsApp-Image-2023-05-30-at-9.38.16-AM-1024x682.jpeg","contentUrl":"https:\/\/luchonoticias.com\/wp-content\/uploads\/2023\/05\/WhatsApp-Image-2023-05-30-at-9.38.16-AM-1024x682.jpeg"},{"@type":"BreadcrumbList","@id":"https:\/\/luchonoticias.com\/editor\/cambio-de-deuda-por-accion-climatica-primer-salto-frente-a-crisis-ambiental-dijo-petro-al-empezar-reunion-de-mandatarios-en-brasilia\/#breadcrumb","itemListElement":[{"@type":"ListItem","position":1,"name":"Portada","item":"https:\/\/luchonoticias.com\/editor\/"},{"@type":"ListItem","position":2,"name":"Cambio de deuda por acci\u00f3n clim\u00e1tica, primer salto frente a crisis ambiental, dijo Petro al empezar reuni\u00f3n de mandatarios en Brasilia"}]},{"@type":"WebSite","@id":"https:\/\/luchonoticias.com\/editor\/#website","url":"https:\/\/luchonoticias.com\/editor\/","name":"","description":"","publisher":{"@id":"https:\/\/luchonoticias.com\/editor\/#\/schema\/person\/7a7fd911f58561fd056dbac7b55af9cd"},"potentialAction":[{"@type":"SearchAction","target":{"@type":"EntryPoint","urlTemplate":"https:\/\/luchonoticias.com\/editor\/?s={search_term_string}"},"query-input":{"@type":"PropertyValueSpecification","valueRequired":true,"valueName":"search_term_string"}}],"inLanguage":"es"},{"@type":["Person","Organization"],"@id":"https:\/\/luchonoticias.com\/editor\/#\/schema\/person\/7a7fd911f58561fd056dbac7b55af9cd","name":"admin","image":{"@type":"ImageObject","inLanguage":"es","@id":"https:\/\/luchonoticias.com\/editor\/#\/schema\/person\/image\/","url":"https:\/\/luchonoticias.com\/editor\/wp-content\/uploads\/2024\/02\/cropped-cropped-logolu.webp","contentUrl":"https:\/\/luchonoticias.com\/editor\/wp-content\/uploads\/2024\/02\/cropped-cropped-logolu.webp","width":382,"height":170,"caption":"admin"},"logo":{"@id":"https:\/\/luchonoticias.com\/editor\/#\/schema\/person\/image\/"},"sameAs":["https:\/\/www.facebook.com\/luchonoticiasneiva"]},{"@type":"Person","@id":"https:\/\/luchonoticias.com\/editor\/#\/schema\/person\/29217990ddf6f14e35912b2866d591fb","name":"Editor General","image":{"@type":"ImageObject","inLanguage":"es","@id":"https:\/\/luchonoticias.com\/editor\/#\/schema\/person\/image\/","url":"https:\/\/luchonoticias.com\/editor\/wp-content\/uploads\/2024\/02\/cropped-cropped-logolu-150x150.webp","contentUrl":"https:\/\/luchonoticias.com\/editor\/wp-content\/uploads\/2024\/02\/cropped-cropped-logolu-150x150.webp","caption":"Editor General"},"sameAs":["https:\/\/luchonoticias.com\/"],"url":"https:\/\/luchonoticias.com\/editor\/author\/editor-general\/"}]}},"_links":{"self":[{"href":"https:\/\/luchonoticias.com\/editor\/wp-json\/wp\/v2\/posts\/53532","targetHints":{"allow":["GET"]}}],"collection":[{"href":"https:\/\/luchonoticias.com\/editor\/wp-json\/wp\/v2\/posts"}],"about":[{"href":"https:\/\/luchonoticias.com\/editor\/wp-json\/wp\/v2\/types\/post"}],"author":[{"embeddable":true,"href":"https:\/\/luchonoticias.com\/editor\/wp-json\/wp\/v2\/users\/2"}],"replies":[{"embeddable":true,"href":"https:\/\/luchonoticias.com\/editor\/wp-json\/wp\/v2\/comments?post=53532"}],"version-history":[{"count":0,"href":"https:\/\/luchonoticias.com\/editor\/wp-json\/wp\/v2\/posts\/53532\/revisions"}],"wp:attachment":[{"href":"https:\/\/luchonoticias.com\/editor\/wp-json\/wp\/v2\/media?parent=53532"}],"wp:term":[{"taxonomy":"category","embeddable":true,"href":"https:\/\/luchonoticias.com\/editor\/wp-json\/wp\/v2\/categories?post=53532"},{"taxonomy":"post_tag","embeddable":true,"href":"https:\/\/luchonoticias.com\/editor\/wp-json\/wp\/v2\/tags?post=53532"}],"curies":[{"name":"wp","href":"https:\/\/api.w.org\/{rel}","templated":true}]}}