{"id":53592,"date":"2023-05-31T12:42:06","date_gmt":"2023-05-31T17:42:06","guid":{"rendered":"https:\/\/luchonoticias.com\/?p=53592"},"modified":"2023-05-31T12:42:08","modified_gmt":"2023-05-31T17:42:08","slug":"madera-plastica-una-iniciativa-de-las-ceibas-para-ponerle-fin-al-hurto-de-rejillas-de-hierro-en-neiva","status":"publish","type":"post","link":"https:\/\/luchonoticias.com\/editor\/madera-plastica-una-iniciativa-de-las-ceibas-para-ponerle-fin-al-hurto-de-rejillas-de-hierro-en-neiva\/","title":{"rendered":"Madera pl\u00e1stica, una iniciativa de las ceibas para ponerle fin al hurto de rejillas de hierro en Neiva"},"content":{"rendered":"\n<p>En un dolor de cabeza para los neivanos, se ha convertido el constante hurto de rejillas en hierro, que dejan al descubierto los colectores de aguas lluvias, generando un gran riesgo de accidentalidad, caos en la movilidad y m\u00e1s probabilidades de inundaciones.<\/p>\n\n\n\n<p>Ante esta problem\u00e1tica, desde Las Ceibas \u2013 Empresas P\u00fablicas de Neiva, en cabeza de la gerente Gloria Constanza Vanegas, se dio inicio a la ejecuci\u00f3n de un contrato por $280 millones, para la instalaci\u00f3n de rejillas en madera pl\u00e1stica no reciclable, lo cual pone fin, a los constantes hurtos, que en su mayor\u00eda son llevados a cabo por personas en condici\u00f3n de calle, para la venta del material en hierro en chatarrer\u00edas.<\/p>\n\n\n\n<p>\u201cEste material en madera pl\u00e1stica no lo van a comprar, es un material de larga duraci\u00f3n y esperamos que por maldad no lo vayan a quitar. Nosotros tenemos bastantes reclamaciones por accidentes, que no son producto de nuestro actuar, sino de quienes irresponsablemente retiran estas rejillas para venderlas a muy bajo precio y a nosotros si nos cuesta, porque el dinero que invierte Las Ceibas es de todos los neivanos. Esperamos que, con esto podamos reparar todos estos da\u00f1os que se han hecho cuando se roban las rejillas y que \u00e9stas perduren en el tiempo\u201d manifest\u00f3 la gerente Gloria Constanza Vanegas.<\/p>\n\n\n\n<figure class=\"wp-block-gallery has-nested-images columns-default is-cropped wp-block-gallery-1 is-layout-flex wp-block-gallery-is-layout-flex\">\n<figure class=\"wp-block-image size-large\"><img decoding=\"async\" data-id=\"53594\" src=\"https:\/\/luchonoticias.com\/wp-content\/uploads\/2023\/05\/WhatsApp-Image-2023-05-31-at-11.40.47-AM-1024x682.jpeg\" alt=\"\" class=\"wp-image-53594\"\/><\/figure>\n\n\n\n<figure class=\"wp-block-image size-large\"><img decoding=\"async\" data-id=\"53595\" src=\"https:\/\/luchonoticias.com\/wp-content\/uploads\/2023\/05\/WhatsApp-Image-2023-05-31-at-11.40.46-AM-1024x682.jpeg\" alt=\"\" class=\"wp-image-53595\"\/><\/figure>\n\n\n\n<figure class=\"wp-block-image size-large\"><img decoding=\"async\" data-id=\"53596\" src=\"https:\/\/luchonoticias.com\/wp-content\/uploads\/2023\/05\/WhatsApp-Image-2023-05-31-at-11.40.45-AM-1024x682.jpeg\" alt=\"\" class=\"wp-image-53596\"\/><\/figure>\n<\/figure>\n\n\n\n<p>La instalaci\u00f3n de las nuevas rejillas en madera pl\u00e1stica se realizar\u00e1 en toda la ciudad, en lugares donde se haya registrado el hurto de las met\u00e1licas, y tiene como fin poder tapar los colectores de aguas lluvias que hoy permanecen a la intemperie.<\/p>\n\n\n\n<p>Con este contrato de manera inicial se instalar\u00e1 el material en madera pl\u00e1stica donde se hayan registrado hurtos o que por deterioro de las rejillas met\u00e1licas sea necesario el cambio, no obstante, a largo plazo, la proyecci\u00f3n de las empresas p\u00fablicas de Neiva es renovar todas las rejillas met\u00e1licas.<\/p>\n\n\n\n<p>\u201cYa tenemos un listado para la instalaci\u00f3n de estas rejillas que lo realiza directamente nuestro personal de Las Ceibas. A solicitud de la comunidad tenemos estas peticiones&nbsp; y son las que daremos prioridad\u201d puntualiz\u00f3 el subgerente t\u00e9cnico Jos\u00e9 Manuel Gonz\u00e1lez.<\/p>\n","protected":false},"excerpt":{"rendered":"<p>En un dolor de cabeza para los neivanos, se ha convertido el constante hurto de rejillas en hierro, que dejan al descubierto los colectores de aguas lluvias, generando un gran riesgo de accidentalidad, caos en la movilidad y m\u00e1s probabilidades de inundaciones. Ante esta problem\u00e1tica, desde Las Ceibas \u2013 Empresas P\u00fablicas de Neiva, en cabeza [&hellip;]<\/p>\n","protected":false},"author":2,"featured_media":0,"comment_status":"open","ping_status":"open","sticky":false,"template":"","format":"standard","meta":{"footnotes":""},"categories":[36,53],"tags":[],"class_list":["post-53592","post","type-post","status-publish","format-standard","hentry","category-destacado","category-neiva"],"yoast_head":"<!-- This site is optimized with the Yoast SEO plugin v26.6 - https:\/\/yoast.com\/wordpress\/plugins\/seo\/ -->\n<title>Madera pl\u00e1stica, una iniciativa de las ceibas para ponerle fin al hurto de rejillas de hierro en Neiva -<\/title>\n<meta name=\"robots\" content=\"index, follow, max-snippet:-1, max-image-preview:large, max-video-preview:-1\" \/>\n<link rel=\"canonical\" href=\"https:\/\/luchonoticias.com\/editor\/madera-plastica-una-iniciativa-de-las-ceibas-para-ponerle-fin-al-hurto-de-rejillas-de-hierro-en-neiva\/\" \/>\n<meta property=\"og:locale\" content=\"es_ES\" \/>\n<meta property=\"og:type\" content=\"article\" \/>\n<meta property=\"og:title\" content=\"Madera pl\u00e1stica, una iniciativa de las ceibas para ponerle fin al hurto de rejillas de hierro en Neiva -\" \/>\n<meta property=\"og:url\" content=\"https:\/\/luchonoticias.com\/editor\/madera-plastica-una-iniciativa-de-las-ceibas-para-ponerle-fin-al-hurto-de-rejillas-de-hierro-en-neiva\/\" \/>\n<meta property=\"article:publisher\" content=\"https:\/\/www.facebook.com\/luchonoticiasneiva\" \/>\n<meta property=\"article:published_time\" content=\"2023-05-31T17:42:06+00:00\" \/>\n<meta property=\"article:modified_time\" content=\"2023-05-31T17:42:08+00:00\" \/>\n<meta property=\"og:image\" content=\"https:\/\/luchonoticias.com\/wp-content\/uploads\/2023\/05\/WhatsApp-Image-2023-05-31-at-11.40.47-AM-1024x682.jpeg\" \/>\n<meta name=\"author\" content=\"Editor General\" \/>\n<meta name=\"twitter:card\" content=\"summary_large_image\" \/>\n<meta name=\"twitter:label1\" content=\"Escrito por\" \/>\n\t<meta name=\"twitter:data1\" content=\"Editor General\" \/>\n\t<meta name=\"twitter:label2\" content=\"Tiempo de lectura\" \/>\n\t<meta name=\"twitter:data2\" content=\"2 minutos\" \/>\n<script type=\"application\/ld+json\" class=\"yoast-schema-graph\">{\"@context\":\"https:\/\/schema.org\",\"@graph\":[{\"@type\":\"Article\",\"@id\":\"https:\/\/luchonoticias.com\/editor\/madera-plastica-una-iniciativa-de-las-ceibas-para-ponerle-fin-al-hurto-de-rejillas-de-hierro-en-neiva\/#article\",\"isPartOf\":{\"@id\":\"https:\/\/luchonoticias.com\/editor\/madera-plastica-una-iniciativa-de-las-ceibas-para-ponerle-fin-al-hurto-de-rejillas-de-hierro-en-neiva\/\"},\"author\":{\"name\":\"Editor General\",\"@id\":\"https:\/\/luchonoticias.com\/editor\/#\/schema\/person\/29217990ddf6f14e35912b2866d591fb\"},\"headline\":\"Madera pl\u00e1stica, una iniciativa de las ceibas para ponerle fin al hurto de rejillas de hierro en Neiva\",\"datePublished\":\"2023-05-31T17:42:06+00:00\",\"dateModified\":\"2023-05-31T17:42:08+00:00\",\"mainEntityOfPage\":{\"@id\":\"https:\/\/luchonoticias.com\/editor\/madera-plastica-una-iniciativa-de-las-ceibas-para-ponerle-fin-al-hurto-de-rejillas-de-hierro-en-neiva\/\"},\"wordCount\":388,\"commentCount\":0,\"publisher\":{\"@id\":\"https:\/\/luchonoticias.com\/editor\/#\/schema\/person\/7a7fd911f58561fd056dbac7b55af9cd\"},\"image\":{\"@id\":\"https:\/\/luchonoticias.com\/editor\/madera-plastica-una-iniciativa-de-las-ceibas-para-ponerle-fin-al-hurto-de-rejillas-de-hierro-en-neiva\/#primaryimage\"},\"thumbnailUrl\":\"https:\/\/luchonoticias.com\/wp-content\/uploads\/2023\/05\/WhatsApp-Image-2023-05-31-at-11.40.47-AM-1024x682.jpeg\",\"articleSection\":[\"Destacado\",\"Neiva\"],\"inLanguage\":\"es\",\"potentialAction\":[{\"@type\":\"CommentAction\",\"name\":\"Comment\",\"target\":[\"https:\/\/luchonoticias.com\/editor\/madera-plastica-una-iniciativa-de-las-ceibas-para-ponerle-fin-al-hurto-de-rejillas-de-hierro-en-neiva\/#respond\"]}]},{\"@type\":\"WebPage\",\"@id\":\"https:\/\/luchonoticias.com\/editor\/madera-plastica-una-iniciativa-de-las-ceibas-para-ponerle-fin-al-hurto-de-rejillas-de-hierro-en-neiva\/\",\"url\":\"https:\/\/luchonoticias.com\/editor\/madera-plastica-una-iniciativa-de-las-ceibas-para-ponerle-fin-al-hurto-de-rejillas-de-hierro-en-neiva\/\",\"name\":\"Madera pl\u00e1stica, una iniciativa de las ceibas para ponerle fin al hurto de rejillas de hierro en Neiva -\",\"isPartOf\":{\"@id\":\"https:\/\/luchonoticias.com\/editor\/#website\"},\"primaryImageOfPage\":{\"@id\":\"https:\/\/luchonoticias.com\/editor\/madera-plastica-una-iniciativa-de-las-ceibas-para-ponerle-fin-al-hurto-de-rejillas-de-hierro-en-neiva\/#primaryimage\"},\"image\":{\"@id\":\"https:\/\/luchonoticias.com\/editor\/madera-plastica-una-iniciativa-de-las-ceibas-para-ponerle-fin-al-hurto-de-rejillas-de-hierro-en-neiva\/#primaryimage\"},\"thumbnailUrl\":\"https:\/\/luchonoticias.com\/wp-content\/uploads\/2023\/05\/WhatsApp-Image-2023-05-31-at-11.40.47-AM-1024x682.jpeg\",\"datePublished\":\"2023-05-31T17:42:06+00:00\",\"dateModified\":\"2023-05-31T17:42:08+00:00\",\"breadcrumb\":{\"@id\":\"https:\/\/luchonoticias.com\/editor\/madera-plastica-una-iniciativa-de-las-ceibas-para-ponerle-fin-al-hurto-de-rejillas-de-hierro-en-neiva\/#breadcrumb\"},\"inLanguage\":\"es\",\"potentialAction\":[{\"@type\":\"ReadAction\",\"target\":[\"https:\/\/luchonoticias.com\/editor\/madera-plastica-una-iniciativa-de-las-ceibas-para-ponerle-fin-al-hurto-de-rejillas-de-hierro-en-neiva\/\"]}]},{\"@type\":\"ImageObject\",\"inLanguage\":\"es\",\"@id\":\"https:\/\/luchonoticias.com\/editor\/madera-plastica-una-iniciativa-de-las-ceibas-para-ponerle-fin-al-hurto-de-rejillas-de-hierro-en-neiva\/#primaryimage\",\"url\":\"https:\/\/luchonoticias.com\/wp-content\/uploads\/2023\/05\/WhatsApp-Image-2023-05-31-at-11.40.47-AM-1024x682.jpeg\",\"contentUrl\":\"https:\/\/luchonoticias.com\/wp-content\/uploads\/2023\/05\/WhatsApp-Image-2023-05-31-at-11.40.47-AM-1024x682.jpeg\"},{\"@type\":\"BreadcrumbList\",\"@id\":\"https:\/\/luchonoticias.com\/editor\/madera-plastica-una-iniciativa-de-las-ceibas-para-ponerle-fin-al-hurto-de-rejillas-de-hierro-en-neiva\/#breadcrumb\",\"itemListElement\":[{\"@type\":\"ListItem\",\"position\":1,\"name\":\"Portada\",\"item\":\"https:\/\/luchonoticias.com\/editor\/\"},{\"@type\":\"ListItem\",\"position\":2,\"name\":\"Madera pl\u00e1stica, una iniciativa de las ceibas para ponerle fin al hurto de rejillas de hierro en Neiva\"}]},{\"@type\":\"WebSite\",\"@id\":\"https:\/\/luchonoticias.com\/editor\/#website\",\"url\":\"https:\/\/luchonoticias.com\/editor\/\",\"name\":\"\",\"description\":\"\",\"publisher\":{\"@id\":\"https:\/\/luchonoticias.com\/editor\/#\/schema\/person\/7a7fd911f58561fd056dbac7b55af9cd\"},\"potentialAction\":[{\"@type\":\"SearchAction\",\"target\":{\"@type\":\"EntryPoint\",\"urlTemplate\":\"https:\/\/luchonoticias.com\/editor\/?s={search_term_string}\"},\"query-input\":{\"@type\":\"PropertyValueSpecification\",\"valueRequired\":true,\"valueName\":\"search_term_string\"}}],\"inLanguage\":\"es\"},{\"@type\":[\"Person\",\"Organization\"],\"@id\":\"https:\/\/luchonoticias.com\/editor\/#\/schema\/person\/7a7fd911f58561fd056dbac7b55af9cd\",\"name\":\"admin\",\"image\":{\"@type\":\"ImageObject\",\"inLanguage\":\"es\",\"@id\":\"https:\/\/luchonoticias.com\/editor\/#\/schema\/person\/image\/\",\"url\":\"https:\/\/luchonoticias.com\/editor\/wp-content\/uploads\/2024\/02\/cropped-cropped-logolu.webp\",\"contentUrl\":\"https:\/\/luchonoticias.com\/editor\/wp-content\/uploads\/2024\/02\/cropped-cropped-logolu.webp\",\"width\":382,\"height\":170,\"caption\":\"admin\"},\"logo\":{\"@id\":\"https:\/\/luchonoticias.com\/editor\/#\/schema\/person\/image\/\"},\"sameAs\":[\"https:\/\/www.facebook.com\/luchonoticiasneiva\"]},{\"@type\":\"Person\",\"@id\":\"https:\/\/luchonoticias.com\/editor\/#\/schema\/person\/29217990ddf6f14e35912b2866d591fb\",\"name\":\"Editor General\",\"image\":{\"@type\":\"ImageObject\",\"inLanguage\":\"es\",\"@id\":\"https:\/\/luchonoticias.com\/editor\/#\/schema\/person\/image\/\",\"url\":\"https:\/\/luchonoticias.com\/editor\/wp-content\/uploads\/2024\/02\/cropped-cropped-logolu-150x150.webp\",\"contentUrl\":\"https:\/\/luchonoticias.com\/editor\/wp-content\/uploads\/2024\/02\/cropped-cropped-logolu-150x150.webp\",\"caption\":\"Editor General\"},\"sameAs\":[\"https:\/\/luchonoticias.com\/\"],\"url\":\"https:\/\/luchonoticias.com\/editor\/author\/editor-general\/\"}]}<\/script>\n<!-- \/ Yoast SEO plugin. -->","yoast_head_json":{"title":"Madera pl\u00e1stica, una iniciativa de las ceibas para ponerle fin al hurto de rejillas de hierro en Neiva -","robots":{"index":"index","follow":"follow","max-snippet":"max-snippet:-1","max-image-preview":"max-image-preview:large","max-video-preview":"max-video-preview:-1"},"canonical":"https:\/\/luchonoticias.com\/editor\/madera-plastica-una-iniciativa-de-las-ceibas-para-ponerle-fin-al-hurto-de-rejillas-de-hierro-en-neiva\/","og_locale":"es_ES","og_type":"article","og_title":"Madera pl\u00e1stica, una iniciativa de las ceibas para ponerle fin al hurto de rejillas de hierro en Neiva -","og_url":"https:\/\/luchonoticias.com\/editor\/madera-plastica-una-iniciativa-de-las-ceibas-para-ponerle-fin-al-hurto-de-rejillas-de-hierro-en-neiva\/","article_publisher":"https:\/\/www.facebook.com\/luchonoticiasneiva","article_published_time":"2023-05-31T17:42:06+00:00","article_modified_time":"2023-05-31T17:42:08+00:00","og_image":[{"url":"https:\/\/luchonoticias.com\/wp-content\/uploads\/2023\/05\/WhatsApp-Image-2023-05-31-at-11.40.47-AM-1024x682.jpeg","type":"","width":"","height":""}],"author":"Editor General","twitter_card":"summary_large_image","twitter_misc":{"Escrito por":"Editor General","Tiempo de lectura":"2 minutos"},"schema":{"@context":"https:\/\/schema.org","@graph":[{"@type":"Article","@id":"https:\/\/luchonoticias.com\/editor\/madera-plastica-una-iniciativa-de-las-ceibas-para-ponerle-fin-al-hurto-de-rejillas-de-hierro-en-neiva\/#article","isPartOf":{"@id":"https:\/\/luchonoticias.com\/editor\/madera-plastica-una-iniciativa-de-las-ceibas-para-ponerle-fin-al-hurto-de-rejillas-de-hierro-en-neiva\/"},"author":{"name":"Editor General","@id":"https:\/\/luchonoticias.com\/editor\/#\/schema\/person\/29217990ddf6f14e35912b2866d591fb"},"headline":"Madera pl\u00e1stica, una iniciativa de las ceibas para ponerle fin al hurto de rejillas de hierro en Neiva","datePublished":"2023-05-31T17:42:06+00:00","dateModified":"2023-05-31T17:42:08+00:00","mainEntityOfPage":{"@id":"https:\/\/luchonoticias.com\/editor\/madera-plastica-una-iniciativa-de-las-ceibas-para-ponerle-fin-al-hurto-de-rejillas-de-hierro-en-neiva\/"},"wordCount":388,"commentCount":0,"publisher":{"@id":"https:\/\/luchonoticias.com\/editor\/#\/schema\/person\/7a7fd911f58561fd056dbac7b55af9cd"},"image":{"@id":"https:\/\/luchonoticias.com\/editor\/madera-plastica-una-iniciativa-de-las-ceibas-para-ponerle-fin-al-hurto-de-rejillas-de-hierro-en-neiva\/#primaryimage"},"thumbnailUrl":"https:\/\/luchonoticias.com\/wp-content\/uploads\/2023\/05\/WhatsApp-Image-2023-05-31-at-11.40.47-AM-1024x682.jpeg","articleSection":["Destacado","Neiva"],"inLanguage":"es","potentialAction":[{"@type":"CommentAction","name":"Comment","target":["https:\/\/luchonoticias.com\/editor\/madera-plastica-una-iniciativa-de-las-ceibas-para-ponerle-fin-al-hurto-de-rejillas-de-hierro-en-neiva\/#respond"]}]},{"@type":"WebPage","@id":"https:\/\/luchonoticias.com\/editor\/madera-plastica-una-iniciativa-de-las-ceibas-para-ponerle-fin-al-hurto-de-rejillas-de-hierro-en-neiva\/","url":"https:\/\/luchonoticias.com\/editor\/madera-plastica-una-iniciativa-de-las-ceibas-para-ponerle-fin-al-hurto-de-rejillas-de-hierro-en-neiva\/","name":"Madera pl\u00e1stica, una iniciativa de las ceibas para ponerle fin al hurto de rejillas de hierro en Neiva -","isPartOf":{"@id":"https:\/\/luchonoticias.com\/editor\/#website"},"primaryImageOfPage":{"@id":"https:\/\/luchonoticias.com\/editor\/madera-plastica-una-iniciativa-de-las-ceibas-para-ponerle-fin-al-hurto-de-rejillas-de-hierro-en-neiva\/#primaryimage"},"image":{"@id":"https:\/\/luchonoticias.com\/editor\/madera-plastica-una-iniciativa-de-las-ceibas-para-ponerle-fin-al-hurto-de-rejillas-de-hierro-en-neiva\/#primaryimage"},"thumbnailUrl":"https:\/\/luchonoticias.com\/wp-content\/uploads\/2023\/05\/WhatsApp-Image-2023-05-31-at-11.40.47-AM-1024x682.jpeg","datePublished":"2023-05-31T17:42:06+00:00","dateModified":"2023-05-31T17:42:08+00:00","breadcrumb":{"@id":"https:\/\/luchonoticias.com\/editor\/madera-plastica-una-iniciativa-de-las-ceibas-para-ponerle-fin-al-hurto-de-rejillas-de-hierro-en-neiva\/#breadcrumb"},"inLanguage":"es","potentialAction":[{"@type":"ReadAction","target":["https:\/\/luchonoticias.com\/editor\/madera-plastica-una-iniciativa-de-las-ceibas-para-ponerle-fin-al-hurto-de-rejillas-de-hierro-en-neiva\/"]}]},{"@type":"ImageObject","inLanguage":"es","@id":"https:\/\/luchonoticias.com\/editor\/madera-plastica-una-iniciativa-de-las-ceibas-para-ponerle-fin-al-hurto-de-rejillas-de-hierro-en-neiva\/#primaryimage","url":"https:\/\/luchonoticias.com\/wp-content\/uploads\/2023\/05\/WhatsApp-Image-2023-05-31-at-11.40.47-AM-1024x682.jpeg","contentUrl":"https:\/\/luchonoticias.com\/wp-content\/uploads\/2023\/05\/WhatsApp-Image-2023-05-31-at-11.40.47-AM-1024x682.jpeg"},{"@type":"BreadcrumbList","@id":"https:\/\/luchonoticias.com\/editor\/madera-plastica-una-iniciativa-de-las-ceibas-para-ponerle-fin-al-hurto-de-rejillas-de-hierro-en-neiva\/#breadcrumb","itemListElement":[{"@type":"ListItem","position":1,"name":"Portada","item":"https:\/\/luchonoticias.com\/editor\/"},{"@type":"ListItem","position":2,"name":"Madera pl\u00e1stica, una iniciativa de las ceibas para ponerle fin al hurto de rejillas de hierro en Neiva"}]},{"@type":"WebSite","@id":"https:\/\/luchonoticias.com\/editor\/#website","url":"https:\/\/luchonoticias.com\/editor\/","name":"","description":"","publisher":{"@id":"https:\/\/luchonoticias.com\/editor\/#\/schema\/person\/7a7fd911f58561fd056dbac7b55af9cd"},"potentialAction":[{"@type":"SearchAction","target":{"@type":"EntryPoint","urlTemplate":"https:\/\/luchonoticias.com\/editor\/?s={search_term_string}"},"query-input":{"@type":"PropertyValueSpecification","valueRequired":true,"valueName":"search_term_string"}}],"inLanguage":"es"},{"@type":["Person","Organization"],"@id":"https:\/\/luchonoticias.com\/editor\/#\/schema\/person\/7a7fd911f58561fd056dbac7b55af9cd","name":"admin","image":{"@type":"ImageObject","inLanguage":"es","@id":"https:\/\/luchonoticias.com\/editor\/#\/schema\/person\/image\/","url":"https:\/\/luchonoticias.com\/editor\/wp-content\/uploads\/2024\/02\/cropped-cropped-logolu.webp","contentUrl":"https:\/\/luchonoticias.com\/editor\/wp-content\/uploads\/2024\/02\/cropped-cropped-logolu.webp","width":382,"height":170,"caption":"admin"},"logo":{"@id":"https:\/\/luchonoticias.com\/editor\/#\/schema\/person\/image\/"},"sameAs":["https:\/\/www.facebook.com\/luchonoticiasneiva"]},{"@type":"Person","@id":"https:\/\/luchonoticias.com\/editor\/#\/schema\/person\/29217990ddf6f14e35912b2866d591fb","name":"Editor General","image":{"@type":"ImageObject","inLanguage":"es","@id":"https:\/\/luchonoticias.com\/editor\/#\/schema\/person\/image\/","url":"https:\/\/luchonoticias.com\/editor\/wp-content\/uploads\/2024\/02\/cropped-cropped-logolu-150x150.webp","contentUrl":"https:\/\/luchonoticias.com\/editor\/wp-content\/uploads\/2024\/02\/cropped-cropped-logolu-150x150.webp","caption":"Editor General"},"sameAs":["https:\/\/luchonoticias.com\/"],"url":"https:\/\/luchonoticias.com\/editor\/author\/editor-general\/"}]}},"_links":{"self":[{"href":"https:\/\/luchonoticias.com\/editor\/wp-json\/wp\/v2\/posts\/53592","targetHints":{"allow":["GET"]}}],"collection":[{"href":"https:\/\/luchonoticias.com\/editor\/wp-json\/wp\/v2\/posts"}],"about":[{"href":"https:\/\/luchonoticias.com\/editor\/wp-json\/wp\/v2\/types\/post"}],"author":[{"embeddable":true,"href":"https:\/\/luchonoticias.com\/editor\/wp-json\/wp\/v2\/users\/2"}],"replies":[{"embeddable":true,"href":"https:\/\/luchonoticias.com\/editor\/wp-json\/wp\/v2\/comments?post=53592"}],"version-history":[{"count":0,"href":"https:\/\/luchonoticias.com\/editor\/wp-json\/wp\/v2\/posts\/53592\/revisions"}],"wp:attachment":[{"href":"https:\/\/luchonoticias.com\/editor\/wp-json\/wp\/v2\/media?parent=53592"}],"wp:term":[{"taxonomy":"category","embeddable":true,"href":"https:\/\/luchonoticias.com\/editor\/wp-json\/wp\/v2\/categories?post=53592"},{"taxonomy":"post_tag","embeddable":true,"href":"https:\/\/luchonoticias.com\/editor\/wp-json\/wp\/v2\/tags?post=53592"}],"curies":[{"name":"wp","href":"https:\/\/api.w.org\/{rel}","templated":true}]}}