{"id":53601,"date":"2023-05-31T12:55:56","date_gmt":"2023-05-31T17:55:56","guid":{"rendered":"https:\/\/luchonoticias.com\/?p=53601"},"modified":"2023-05-31T12:55:57","modified_gmt":"2023-05-31T17:55:57","slug":"dos-personas-fueron-rescatadas-tras-accidentarse-en-zona-rural-de-santa-maria-huila","status":"publish","type":"post","link":"https:\/\/luchonoticias.com\/editor\/dos-personas-fueron-rescatadas-tras-accidentarse-en-zona-rural-de-santa-maria-huila\/","title":{"rendered":"Dos personas fueron rescatadas tras accidentarse en zona rural de Santa Mar\u00eda, Huila"},"content":{"rendered":"\n<p>Las autoridades huilenses, dieron a conocer que gracias a una llamada a la sala de radio del Departamento de Polic\u00eda Huila, lograron rescatar a dos personas que resultaron heridas a causa de un percance vial ocurrido hoy sobre el sector Severiano del municipio de Santa Mar\u00eda.<\/p>\n\n\n\n<p>\u201cAlertaron sobre un accidente de tr\u00e1nsito de un veh\u00edculo en la vereda la Arenosa, sector Severiano del municipio de Santa Mar\u00eda, donde un campero habr\u00eda rodado por una pendiente, dejando dos personas heridas\u201d, indicaron las autoridades.<\/p>\n\n\n\n<p>Inmediatamente uniformados de la estaci\u00f3n de polic\u00eda llegaron al sitio, donde a pesar de las dificultades del terreno lograron evacuar a los heridos con ayuda de la comunidad del sector y el personal m\u00e9dico del Hospital Nuestra se\u00f1ora del Carmen de este municipio.<\/p>\n\n\n\n<p>\u201cLas personas afectas se encuentra bajo observaci\u00f3n medica y se espera que en las pr\u00f3ximas horas le sea dado de alta\u201d, concluyeron las fuentes oficiales.<\/p>\n\n\n\n<figure class=\"wp-block-video\"><video controls src=\"https:\/\/luchonoticias.com\/wp-content\/uploads\/2023\/05\/WhatsApp-Video-2023-05-31-at-12.01.12-PM-1.mp4\"><\/video><\/figure>\n","protected":false},"excerpt":{"rendered":"<p>Las autoridades huilenses, dieron a conocer que gracias a una llamada a la sala de radio del Departamento de Polic\u00eda Huila, lograron rescatar a dos personas que resultaron heridas a causa de un percance vial ocurrido hoy sobre el sector Severiano del municipio de Santa Mar\u00eda. \u201cAlertaron sobre un accidente de tr\u00e1nsito de un veh\u00edculo [&hellip;]<\/p>\n","protected":false},"author":2,"featured_media":0,"comment_status":"open","ping_status":"open","sticky":false,"template":"","format":"standard","meta":{"footnotes":""},"categories":[36,29,3962],"tags":[],"class_list":["post-53601","post","type-post","status-publish","format-standard","hentry","category-destacado","category-judicial","category-videos"],"yoast_head":"<!-- This site is optimized with the Yoast SEO plugin v26.6 - https:\/\/yoast.com\/wordpress\/plugins\/seo\/ -->\n<title>Dos personas fueron rescatadas tras accidentarse en zona rural de Santa Mar\u00eda, Huila -<\/title>\n<meta name=\"robots\" content=\"index, follow, max-snippet:-1, max-image-preview:large, max-video-preview:-1\" \/>\n<link rel=\"canonical\" href=\"https:\/\/luchonoticias.com\/editor\/dos-personas-fueron-rescatadas-tras-accidentarse-en-zona-rural-de-santa-maria-huila\/\" \/>\n<meta property=\"og:locale\" content=\"es_ES\" \/>\n<meta property=\"og:type\" content=\"article\" \/>\n<meta property=\"og:title\" content=\"Dos personas fueron rescatadas tras accidentarse en zona rural de Santa Mar\u00eda, Huila -\" \/>\n<meta property=\"og:url\" content=\"https:\/\/luchonoticias.com\/editor\/dos-personas-fueron-rescatadas-tras-accidentarse-en-zona-rural-de-santa-maria-huila\/\" \/>\n<meta property=\"article:publisher\" content=\"https:\/\/www.facebook.com\/luchonoticiasneiva\" \/>\n<meta property=\"article:published_time\" content=\"2023-05-31T17:55:56+00:00\" \/>\n<meta property=\"article:modified_time\" content=\"2023-05-31T17:55:57+00:00\" \/>\n<meta name=\"author\" content=\"Editor General\" \/>\n<meta name=\"twitter:card\" content=\"summary_large_image\" \/>\n<meta name=\"twitter:label1\" content=\"Escrito por\" \/>\n\t<meta name=\"twitter:data1\" content=\"Editor General\" \/>\n\t<meta name=\"twitter:label2\" content=\"Tiempo de lectura\" \/>\n\t<meta name=\"twitter:data2\" content=\"1 minuto\" \/>\n<script type=\"application\/ld+json\" class=\"yoast-schema-graph\">{\"@context\":\"https:\/\/schema.org\",\"@graph\":[{\"@type\":\"Article\",\"@id\":\"https:\/\/luchonoticias.com\/editor\/dos-personas-fueron-rescatadas-tras-accidentarse-en-zona-rural-de-santa-maria-huila\/#article\",\"isPartOf\":{\"@id\":\"https:\/\/luchonoticias.com\/editor\/dos-personas-fueron-rescatadas-tras-accidentarse-en-zona-rural-de-santa-maria-huila\/\"},\"author\":{\"name\":\"Editor General\",\"@id\":\"https:\/\/luchonoticias.com\/editor\/#\/schema\/person\/29217990ddf6f14e35912b2866d591fb\"},\"headline\":\"Dos personas fueron rescatadas tras accidentarse en zona rural de Santa Mar\u00eda, Huila\",\"datePublished\":\"2023-05-31T17:55:56+00:00\",\"dateModified\":\"2023-05-31T17:55:57+00:00\",\"mainEntityOfPage\":{\"@id\":\"https:\/\/luchonoticias.com\/editor\/dos-personas-fueron-rescatadas-tras-accidentarse-en-zona-rural-de-santa-maria-huila\/\"},\"wordCount\":176,\"commentCount\":0,\"publisher\":{\"@id\":\"https:\/\/luchonoticias.com\/editor\/#\/schema\/person\/7a7fd911f58561fd056dbac7b55af9cd\"},\"articleSection\":[\"Destacado\",\"Judicial\",\"Videos\"],\"inLanguage\":\"es\",\"potentialAction\":[{\"@type\":\"CommentAction\",\"name\":\"Comment\",\"target\":[\"https:\/\/luchonoticias.com\/editor\/dos-personas-fueron-rescatadas-tras-accidentarse-en-zona-rural-de-santa-maria-huila\/#respond\"]}]},{\"@type\":\"WebPage\",\"@id\":\"https:\/\/luchonoticias.com\/editor\/dos-personas-fueron-rescatadas-tras-accidentarse-en-zona-rural-de-santa-maria-huila\/\",\"url\":\"https:\/\/luchonoticias.com\/editor\/dos-personas-fueron-rescatadas-tras-accidentarse-en-zona-rural-de-santa-maria-huila\/\",\"name\":\"Dos personas fueron rescatadas tras accidentarse en zona rural de Santa Mar\u00eda, Huila -\",\"isPartOf\":{\"@id\":\"https:\/\/luchonoticias.com\/editor\/#website\"},\"datePublished\":\"2023-05-31T17:55:56+00:00\",\"dateModified\":\"2023-05-31T17:55:57+00:00\",\"breadcrumb\":{\"@id\":\"https:\/\/luchonoticias.com\/editor\/dos-personas-fueron-rescatadas-tras-accidentarse-en-zona-rural-de-santa-maria-huila\/#breadcrumb\"},\"inLanguage\":\"es\",\"potentialAction\":[{\"@type\":\"ReadAction\",\"target\":[\"https:\/\/luchonoticias.com\/editor\/dos-personas-fueron-rescatadas-tras-accidentarse-en-zona-rural-de-santa-maria-huila\/\"]}]},{\"@type\":\"BreadcrumbList\",\"@id\":\"https:\/\/luchonoticias.com\/editor\/dos-personas-fueron-rescatadas-tras-accidentarse-en-zona-rural-de-santa-maria-huila\/#breadcrumb\",\"itemListElement\":[{\"@type\":\"ListItem\",\"position\":1,\"name\":\"Portada\",\"item\":\"https:\/\/luchonoticias.com\/editor\/\"},{\"@type\":\"ListItem\",\"position\":2,\"name\":\"Dos personas fueron rescatadas tras accidentarse en zona rural de Santa Mar\u00eda, Huila\"}]},{\"@type\":\"WebSite\",\"@id\":\"https:\/\/luchonoticias.com\/editor\/#website\",\"url\":\"https:\/\/luchonoticias.com\/editor\/\",\"name\":\"\",\"description\":\"\",\"publisher\":{\"@id\":\"https:\/\/luchonoticias.com\/editor\/#\/schema\/person\/7a7fd911f58561fd056dbac7b55af9cd\"},\"potentialAction\":[{\"@type\":\"SearchAction\",\"target\":{\"@type\":\"EntryPoint\",\"urlTemplate\":\"https:\/\/luchonoticias.com\/editor\/?s={search_term_string}\"},\"query-input\":{\"@type\":\"PropertyValueSpecification\",\"valueRequired\":true,\"valueName\":\"search_term_string\"}}],\"inLanguage\":\"es\"},{\"@type\":[\"Person\",\"Organization\"],\"@id\":\"https:\/\/luchonoticias.com\/editor\/#\/schema\/person\/7a7fd911f58561fd056dbac7b55af9cd\",\"name\":\"admin\",\"image\":{\"@type\":\"ImageObject\",\"inLanguage\":\"es\",\"@id\":\"https:\/\/luchonoticias.com\/editor\/#\/schema\/person\/image\/\",\"url\":\"https:\/\/luchonoticias.com\/editor\/wp-content\/uploads\/2024\/02\/cropped-cropped-logolu.webp\",\"contentUrl\":\"https:\/\/luchonoticias.com\/editor\/wp-content\/uploads\/2024\/02\/cropped-cropped-logolu.webp\",\"width\":382,\"height\":170,\"caption\":\"admin\"},\"logo\":{\"@id\":\"https:\/\/luchonoticias.com\/editor\/#\/schema\/person\/image\/\"},\"sameAs\":[\"https:\/\/www.facebook.com\/luchonoticiasneiva\"]},{\"@type\":\"Person\",\"@id\":\"https:\/\/luchonoticias.com\/editor\/#\/schema\/person\/29217990ddf6f14e35912b2866d591fb\",\"name\":\"Editor General\",\"image\":{\"@type\":\"ImageObject\",\"inLanguage\":\"es\",\"@id\":\"https:\/\/luchonoticias.com\/editor\/#\/schema\/person\/image\/\",\"url\":\"https:\/\/luchonoticias.com\/editor\/wp-content\/uploads\/2024\/02\/cropped-cropped-logolu-150x150.webp\",\"contentUrl\":\"https:\/\/luchonoticias.com\/editor\/wp-content\/uploads\/2024\/02\/cropped-cropped-logolu-150x150.webp\",\"caption\":\"Editor General\"},\"sameAs\":[\"https:\/\/luchonoticias.com\/\"],\"url\":\"https:\/\/luchonoticias.com\/editor\/author\/editor-general\/\"}]}<\/script>\n<!-- \/ Yoast SEO plugin. -->","yoast_head_json":{"title":"Dos personas fueron rescatadas tras accidentarse en zona rural de Santa Mar\u00eda, Huila -","robots":{"index":"index","follow":"follow","max-snippet":"max-snippet:-1","max-image-preview":"max-image-preview:large","max-video-preview":"max-video-preview:-1"},"canonical":"https:\/\/luchonoticias.com\/editor\/dos-personas-fueron-rescatadas-tras-accidentarse-en-zona-rural-de-santa-maria-huila\/","og_locale":"es_ES","og_type":"article","og_title":"Dos personas fueron rescatadas tras accidentarse en zona rural de Santa Mar\u00eda, Huila -","og_url":"https:\/\/luchonoticias.com\/editor\/dos-personas-fueron-rescatadas-tras-accidentarse-en-zona-rural-de-santa-maria-huila\/","article_publisher":"https:\/\/www.facebook.com\/luchonoticiasneiva","article_published_time":"2023-05-31T17:55:56+00:00","article_modified_time":"2023-05-31T17:55:57+00:00","author":"Editor General","twitter_card":"summary_large_image","twitter_misc":{"Escrito por":"Editor General","Tiempo de lectura":"1 minuto"},"schema":{"@context":"https:\/\/schema.org","@graph":[{"@type":"Article","@id":"https:\/\/luchonoticias.com\/editor\/dos-personas-fueron-rescatadas-tras-accidentarse-en-zona-rural-de-santa-maria-huila\/#article","isPartOf":{"@id":"https:\/\/luchonoticias.com\/editor\/dos-personas-fueron-rescatadas-tras-accidentarse-en-zona-rural-de-santa-maria-huila\/"},"author":{"name":"Editor General","@id":"https:\/\/luchonoticias.com\/editor\/#\/schema\/person\/29217990ddf6f14e35912b2866d591fb"},"headline":"Dos personas fueron rescatadas tras accidentarse en zona rural de Santa Mar\u00eda, Huila","datePublished":"2023-05-31T17:55:56+00:00","dateModified":"2023-05-31T17:55:57+00:00","mainEntityOfPage":{"@id":"https:\/\/luchonoticias.com\/editor\/dos-personas-fueron-rescatadas-tras-accidentarse-en-zona-rural-de-santa-maria-huila\/"},"wordCount":176,"commentCount":0,"publisher":{"@id":"https:\/\/luchonoticias.com\/editor\/#\/schema\/person\/7a7fd911f58561fd056dbac7b55af9cd"},"articleSection":["Destacado","Judicial","Videos"],"inLanguage":"es","potentialAction":[{"@type":"CommentAction","name":"Comment","target":["https:\/\/luchonoticias.com\/editor\/dos-personas-fueron-rescatadas-tras-accidentarse-en-zona-rural-de-santa-maria-huila\/#respond"]}]},{"@type":"WebPage","@id":"https:\/\/luchonoticias.com\/editor\/dos-personas-fueron-rescatadas-tras-accidentarse-en-zona-rural-de-santa-maria-huila\/","url":"https:\/\/luchonoticias.com\/editor\/dos-personas-fueron-rescatadas-tras-accidentarse-en-zona-rural-de-santa-maria-huila\/","name":"Dos personas fueron rescatadas tras accidentarse en zona rural de Santa Mar\u00eda, Huila -","isPartOf":{"@id":"https:\/\/luchonoticias.com\/editor\/#website"},"datePublished":"2023-05-31T17:55:56+00:00","dateModified":"2023-05-31T17:55:57+00:00","breadcrumb":{"@id":"https:\/\/luchonoticias.com\/editor\/dos-personas-fueron-rescatadas-tras-accidentarse-en-zona-rural-de-santa-maria-huila\/#breadcrumb"},"inLanguage":"es","potentialAction":[{"@type":"ReadAction","target":["https:\/\/luchonoticias.com\/editor\/dos-personas-fueron-rescatadas-tras-accidentarse-en-zona-rural-de-santa-maria-huila\/"]}]},{"@type":"BreadcrumbList","@id":"https:\/\/luchonoticias.com\/editor\/dos-personas-fueron-rescatadas-tras-accidentarse-en-zona-rural-de-santa-maria-huila\/#breadcrumb","itemListElement":[{"@type":"ListItem","position":1,"name":"Portada","item":"https:\/\/luchonoticias.com\/editor\/"},{"@type":"ListItem","position":2,"name":"Dos personas fueron rescatadas tras accidentarse en zona rural de Santa Mar\u00eda, Huila"}]},{"@type":"WebSite","@id":"https:\/\/luchonoticias.com\/editor\/#website","url":"https:\/\/luchonoticias.com\/editor\/","name":"","description":"","publisher":{"@id":"https:\/\/luchonoticias.com\/editor\/#\/schema\/person\/7a7fd911f58561fd056dbac7b55af9cd"},"potentialAction":[{"@type":"SearchAction","target":{"@type":"EntryPoint","urlTemplate":"https:\/\/luchonoticias.com\/editor\/?s={search_term_string}"},"query-input":{"@type":"PropertyValueSpecification","valueRequired":true,"valueName":"search_term_string"}}],"inLanguage":"es"},{"@type":["Person","Organization"],"@id":"https:\/\/luchonoticias.com\/editor\/#\/schema\/person\/7a7fd911f58561fd056dbac7b55af9cd","name":"admin","image":{"@type":"ImageObject","inLanguage":"es","@id":"https:\/\/luchonoticias.com\/editor\/#\/schema\/person\/image\/","url":"https:\/\/luchonoticias.com\/editor\/wp-content\/uploads\/2024\/02\/cropped-cropped-logolu.webp","contentUrl":"https:\/\/luchonoticias.com\/editor\/wp-content\/uploads\/2024\/02\/cropped-cropped-logolu.webp","width":382,"height":170,"caption":"admin"},"logo":{"@id":"https:\/\/luchonoticias.com\/editor\/#\/schema\/person\/image\/"},"sameAs":["https:\/\/www.facebook.com\/luchonoticiasneiva"]},{"@type":"Person","@id":"https:\/\/luchonoticias.com\/editor\/#\/schema\/person\/29217990ddf6f14e35912b2866d591fb","name":"Editor General","image":{"@type":"ImageObject","inLanguage":"es","@id":"https:\/\/luchonoticias.com\/editor\/#\/schema\/person\/image\/","url":"https:\/\/luchonoticias.com\/editor\/wp-content\/uploads\/2024\/02\/cropped-cropped-logolu-150x150.webp","contentUrl":"https:\/\/luchonoticias.com\/editor\/wp-content\/uploads\/2024\/02\/cropped-cropped-logolu-150x150.webp","caption":"Editor General"},"sameAs":["https:\/\/luchonoticias.com\/"],"url":"https:\/\/luchonoticias.com\/editor\/author\/editor-general\/"}]}},"_links":{"self":[{"href":"https:\/\/luchonoticias.com\/editor\/wp-json\/wp\/v2\/posts\/53601","targetHints":{"allow":["GET"]}}],"collection":[{"href":"https:\/\/luchonoticias.com\/editor\/wp-json\/wp\/v2\/posts"}],"about":[{"href":"https:\/\/luchonoticias.com\/editor\/wp-json\/wp\/v2\/types\/post"}],"author":[{"embeddable":true,"href":"https:\/\/luchonoticias.com\/editor\/wp-json\/wp\/v2\/users\/2"}],"replies":[{"embeddable":true,"href":"https:\/\/luchonoticias.com\/editor\/wp-json\/wp\/v2\/comments?post=53601"}],"version-history":[{"count":0,"href":"https:\/\/luchonoticias.com\/editor\/wp-json\/wp\/v2\/posts\/53601\/revisions"}],"wp:attachment":[{"href":"https:\/\/luchonoticias.com\/editor\/wp-json\/wp\/v2\/media?parent=53601"}],"wp:term":[{"taxonomy":"category","embeddable":true,"href":"https:\/\/luchonoticias.com\/editor\/wp-json\/wp\/v2\/categories?post=53601"},{"taxonomy":"post_tag","embeddable":true,"href":"https:\/\/luchonoticias.com\/editor\/wp-json\/wp\/v2\/tags?post=53601"}],"curies":[{"name":"wp","href":"https:\/\/api.w.org\/{rel}","templated":true}]}}