{"id":53606,"date":"2023-05-31T13:00:13","date_gmt":"2023-05-31T18:00:13","guid":{"rendered":"https:\/\/luchonoticias.com\/?p=53606"},"modified":"2023-05-31T13:00:14","modified_gmt":"2023-05-31T18:00:14","slug":"policia-incauta-pollo-y-pescado-en-condiciones-no-aptas-para-el-consumo-humano","status":"publish","type":"post","link":"https:\/\/luchonoticias.com\/editor\/policia-incauta-pollo-y-pescado-en-condiciones-no-aptas-para-el-consumo-humano\/","title":{"rendered":"Polic\u00eda incauta pollo y pescado en condiciones no aptas para el consumo humano"},"content":{"rendered":"\n<p>A trav\u00e9s de un efectivo trabajo que realizan los uniformados del grupo de Carabineros y Gu\u00edas Caninos en la zona industrial Neiva, se logra la incautaci\u00f3n de m\u00e1s de 800 kilogramos de pollo y pescado, los cuales eran transportados en un veh\u00edculo sin las condiciones fitosanitarias y cadena de fr\u00edo necesarias para su conservaci\u00f3n y almacenamiento.<\/p>\n\n\n\n<p>\u201cEl procedimiento fue realizado en cumplimiento al art\u00edculo 110 del C\u00f3digo Nacional de Seguridad y Convivencia Ciudadana,&nbsp; \u201cComportamientos que atentan contra la salud p\u00fablica\u00bb y las resolucione 2674 del 2013, y 5109 del 2005, incumplimiento a la cadena de fr\u00edo e incumplimiento de rotulado y trasporte.&nbsp; La carne incautada fue dejada a disposici\u00f3n de CEAGRODEX para su desnaturalizaci\u00f3n\u201d, indicaron las autoridades en un comunicado.<\/p>\n\n\n\n<p>Asimismo, en lo revelado por las fuentes oficiales, con estos controles se pretenden combatir el abigeato, as\u00ed como tambi\u00e9n evitar el ingreso de productos comestibles en mal estado y as\u00ed reducir el riesgo que puede causar en la salud de los ciudadanos, \u201cpor lo cual se continuar\u00e1n adelantando estas intervenciones para as\u00ed minimizar el comercio de esta mercanc\u00eda en la regi\u00f3n y brindar un parte de tranquilidad a los residentes del \u00e1rea metropolitana\u201d, agregaron.<\/p>\n\n\n\n<p>Finalmente, el grupo de Carabineros y Gu\u00edas Caninos hace el llamado a la ciudadan\u00eda para que denuncie cualquier situaci\u00f3n irregular en el transporte o almacenamiento de este tipo de productos, a trav\u00e9s de la l\u00ednea de emergencia 123 o con la patrulla del cuadrante m\u00e1s cercano.<\/p>\n","protected":false},"excerpt":{"rendered":"<p>A trav\u00e9s de un efectivo trabajo que realizan los uniformados del grupo de Carabineros y Gu\u00edas Caninos en la zona industrial Neiva, se logra la incautaci\u00f3n de m\u00e1s de 800 kilogramos de pollo y pescado, los cuales eran transportados en un veh\u00edculo sin las condiciones fitosanitarias y cadena de fr\u00edo necesarias para su conservaci\u00f3n y [&hellip;]<\/p>\n","protected":false},"author":2,"featured_media":0,"comment_status":"open","ping_status":"open","sticky":false,"template":"","format":"standard","meta":{"footnotes":""},"categories":[36,29],"tags":[],"class_list":["post-53606","post","type-post","status-publish","format-standard","hentry","category-destacado","category-judicial"],"yoast_head":"<!-- This site is optimized with the Yoast SEO plugin v26.6 - https:\/\/yoast.com\/wordpress\/plugins\/seo\/ -->\n<title>Polic\u00eda incauta pollo y pescado en condiciones no aptas para el consumo humano -<\/title>\n<meta name=\"robots\" content=\"index, follow, max-snippet:-1, max-image-preview:large, max-video-preview:-1\" \/>\n<link rel=\"canonical\" href=\"https:\/\/luchonoticias.com\/editor\/policia-incauta-pollo-y-pescado-en-condiciones-no-aptas-para-el-consumo-humano\/\" \/>\n<meta property=\"og:locale\" content=\"es_ES\" \/>\n<meta property=\"og:type\" content=\"article\" \/>\n<meta property=\"og:title\" content=\"Polic\u00eda incauta pollo y pescado en condiciones no aptas para el consumo humano -\" \/>\n<meta property=\"og:url\" content=\"https:\/\/luchonoticias.com\/editor\/policia-incauta-pollo-y-pescado-en-condiciones-no-aptas-para-el-consumo-humano\/\" \/>\n<meta property=\"article:publisher\" content=\"https:\/\/www.facebook.com\/luchonoticiasneiva\" \/>\n<meta property=\"article:published_time\" content=\"2023-05-31T18:00:13+00:00\" \/>\n<meta property=\"article:modified_time\" content=\"2023-05-31T18:00:14+00:00\" \/>\n<meta name=\"author\" content=\"Editor General\" \/>\n<meta name=\"twitter:card\" content=\"summary_large_image\" \/>\n<meta name=\"twitter:label1\" content=\"Escrito por\" \/>\n\t<meta name=\"twitter:data1\" content=\"Editor General\" \/>\n\t<meta name=\"twitter:label2\" content=\"Tiempo de lectura\" \/>\n\t<meta name=\"twitter:data2\" content=\"1 minuto\" \/>\n<script type=\"application\/ld+json\" class=\"yoast-schema-graph\">{\"@context\":\"https:\/\/schema.org\",\"@graph\":[{\"@type\":\"Article\",\"@id\":\"https:\/\/luchonoticias.com\/editor\/policia-incauta-pollo-y-pescado-en-condiciones-no-aptas-para-el-consumo-humano\/#article\",\"isPartOf\":{\"@id\":\"https:\/\/luchonoticias.com\/editor\/policia-incauta-pollo-y-pescado-en-condiciones-no-aptas-para-el-consumo-humano\/\"},\"author\":{\"name\":\"Editor General\",\"@id\":\"https:\/\/luchonoticias.com\/editor\/#\/schema\/person\/29217990ddf6f14e35912b2866d591fb\"},\"headline\":\"Polic\u00eda incauta pollo y pescado en condiciones no aptas para el consumo humano\",\"datePublished\":\"2023-05-31T18:00:13+00:00\",\"dateModified\":\"2023-05-31T18:00:14+00:00\",\"mainEntityOfPage\":{\"@id\":\"https:\/\/luchonoticias.com\/editor\/policia-incauta-pollo-y-pescado-en-condiciones-no-aptas-para-el-consumo-humano\/\"},\"wordCount\":272,\"commentCount\":0,\"publisher\":{\"@id\":\"https:\/\/luchonoticias.com\/editor\/#\/schema\/person\/7a7fd911f58561fd056dbac7b55af9cd\"},\"articleSection\":[\"Destacado\",\"Judicial\"],\"inLanguage\":\"es\",\"potentialAction\":[{\"@type\":\"CommentAction\",\"name\":\"Comment\",\"target\":[\"https:\/\/luchonoticias.com\/editor\/policia-incauta-pollo-y-pescado-en-condiciones-no-aptas-para-el-consumo-humano\/#respond\"]}]},{\"@type\":\"WebPage\",\"@id\":\"https:\/\/luchonoticias.com\/editor\/policia-incauta-pollo-y-pescado-en-condiciones-no-aptas-para-el-consumo-humano\/\",\"url\":\"https:\/\/luchonoticias.com\/editor\/policia-incauta-pollo-y-pescado-en-condiciones-no-aptas-para-el-consumo-humano\/\",\"name\":\"Polic\u00eda incauta pollo y pescado en condiciones no aptas para el consumo humano -\",\"isPartOf\":{\"@id\":\"https:\/\/luchonoticias.com\/editor\/#website\"},\"datePublished\":\"2023-05-31T18:00:13+00:00\",\"dateModified\":\"2023-05-31T18:00:14+00:00\",\"breadcrumb\":{\"@id\":\"https:\/\/luchonoticias.com\/editor\/policia-incauta-pollo-y-pescado-en-condiciones-no-aptas-para-el-consumo-humano\/#breadcrumb\"},\"inLanguage\":\"es\",\"potentialAction\":[{\"@type\":\"ReadAction\",\"target\":[\"https:\/\/luchonoticias.com\/editor\/policia-incauta-pollo-y-pescado-en-condiciones-no-aptas-para-el-consumo-humano\/\"]}]},{\"@type\":\"BreadcrumbList\",\"@id\":\"https:\/\/luchonoticias.com\/editor\/policia-incauta-pollo-y-pescado-en-condiciones-no-aptas-para-el-consumo-humano\/#breadcrumb\",\"itemListElement\":[{\"@type\":\"ListItem\",\"position\":1,\"name\":\"Portada\",\"item\":\"https:\/\/luchonoticias.com\/editor\/\"},{\"@type\":\"ListItem\",\"position\":2,\"name\":\"Polic\u00eda incauta pollo y pescado en condiciones no aptas para el consumo humano\"}]},{\"@type\":\"WebSite\",\"@id\":\"https:\/\/luchonoticias.com\/editor\/#website\",\"url\":\"https:\/\/luchonoticias.com\/editor\/\",\"name\":\"\",\"description\":\"\",\"publisher\":{\"@id\":\"https:\/\/luchonoticias.com\/editor\/#\/schema\/person\/7a7fd911f58561fd056dbac7b55af9cd\"},\"potentialAction\":[{\"@type\":\"SearchAction\",\"target\":{\"@type\":\"EntryPoint\",\"urlTemplate\":\"https:\/\/luchonoticias.com\/editor\/?s={search_term_string}\"},\"query-input\":{\"@type\":\"PropertyValueSpecification\",\"valueRequired\":true,\"valueName\":\"search_term_string\"}}],\"inLanguage\":\"es\"},{\"@type\":[\"Person\",\"Organization\"],\"@id\":\"https:\/\/luchonoticias.com\/editor\/#\/schema\/person\/7a7fd911f58561fd056dbac7b55af9cd\",\"name\":\"admin\",\"image\":{\"@type\":\"ImageObject\",\"inLanguage\":\"es\",\"@id\":\"https:\/\/luchonoticias.com\/editor\/#\/schema\/person\/image\/\",\"url\":\"https:\/\/luchonoticias.com\/editor\/wp-content\/uploads\/2024\/02\/cropped-cropped-logolu.webp\",\"contentUrl\":\"https:\/\/luchonoticias.com\/editor\/wp-content\/uploads\/2024\/02\/cropped-cropped-logolu.webp\",\"width\":382,\"height\":170,\"caption\":\"admin\"},\"logo\":{\"@id\":\"https:\/\/luchonoticias.com\/editor\/#\/schema\/person\/image\/\"},\"sameAs\":[\"https:\/\/www.facebook.com\/luchonoticiasneiva\"]},{\"@type\":\"Person\",\"@id\":\"https:\/\/luchonoticias.com\/editor\/#\/schema\/person\/29217990ddf6f14e35912b2866d591fb\",\"name\":\"Editor General\",\"image\":{\"@type\":\"ImageObject\",\"inLanguage\":\"es\",\"@id\":\"https:\/\/luchonoticias.com\/editor\/#\/schema\/person\/image\/\",\"url\":\"https:\/\/luchonoticias.com\/editor\/wp-content\/uploads\/2024\/02\/cropped-cropped-logolu-150x150.webp\",\"contentUrl\":\"https:\/\/luchonoticias.com\/editor\/wp-content\/uploads\/2024\/02\/cropped-cropped-logolu-150x150.webp\",\"caption\":\"Editor General\"},\"sameAs\":[\"https:\/\/luchonoticias.com\/\"],\"url\":\"https:\/\/luchonoticias.com\/editor\/author\/editor-general\/\"}]}<\/script>\n<!-- \/ Yoast SEO plugin. -->","yoast_head_json":{"title":"Polic\u00eda incauta pollo y pescado en condiciones no aptas para el consumo humano -","robots":{"index":"index","follow":"follow","max-snippet":"max-snippet:-1","max-image-preview":"max-image-preview:large","max-video-preview":"max-video-preview:-1"},"canonical":"https:\/\/luchonoticias.com\/editor\/policia-incauta-pollo-y-pescado-en-condiciones-no-aptas-para-el-consumo-humano\/","og_locale":"es_ES","og_type":"article","og_title":"Polic\u00eda incauta pollo y pescado en condiciones no aptas para el consumo humano -","og_url":"https:\/\/luchonoticias.com\/editor\/policia-incauta-pollo-y-pescado-en-condiciones-no-aptas-para-el-consumo-humano\/","article_publisher":"https:\/\/www.facebook.com\/luchonoticiasneiva","article_published_time":"2023-05-31T18:00:13+00:00","article_modified_time":"2023-05-31T18:00:14+00:00","author":"Editor General","twitter_card":"summary_large_image","twitter_misc":{"Escrito por":"Editor General","Tiempo de lectura":"1 minuto"},"schema":{"@context":"https:\/\/schema.org","@graph":[{"@type":"Article","@id":"https:\/\/luchonoticias.com\/editor\/policia-incauta-pollo-y-pescado-en-condiciones-no-aptas-para-el-consumo-humano\/#article","isPartOf":{"@id":"https:\/\/luchonoticias.com\/editor\/policia-incauta-pollo-y-pescado-en-condiciones-no-aptas-para-el-consumo-humano\/"},"author":{"name":"Editor General","@id":"https:\/\/luchonoticias.com\/editor\/#\/schema\/person\/29217990ddf6f14e35912b2866d591fb"},"headline":"Polic\u00eda incauta pollo y pescado en condiciones no aptas para el consumo humano","datePublished":"2023-05-31T18:00:13+00:00","dateModified":"2023-05-31T18:00:14+00:00","mainEntityOfPage":{"@id":"https:\/\/luchonoticias.com\/editor\/policia-incauta-pollo-y-pescado-en-condiciones-no-aptas-para-el-consumo-humano\/"},"wordCount":272,"commentCount":0,"publisher":{"@id":"https:\/\/luchonoticias.com\/editor\/#\/schema\/person\/7a7fd911f58561fd056dbac7b55af9cd"},"articleSection":["Destacado","Judicial"],"inLanguage":"es","potentialAction":[{"@type":"CommentAction","name":"Comment","target":["https:\/\/luchonoticias.com\/editor\/policia-incauta-pollo-y-pescado-en-condiciones-no-aptas-para-el-consumo-humano\/#respond"]}]},{"@type":"WebPage","@id":"https:\/\/luchonoticias.com\/editor\/policia-incauta-pollo-y-pescado-en-condiciones-no-aptas-para-el-consumo-humano\/","url":"https:\/\/luchonoticias.com\/editor\/policia-incauta-pollo-y-pescado-en-condiciones-no-aptas-para-el-consumo-humano\/","name":"Polic\u00eda incauta pollo y pescado en condiciones no aptas para el consumo humano -","isPartOf":{"@id":"https:\/\/luchonoticias.com\/editor\/#website"},"datePublished":"2023-05-31T18:00:13+00:00","dateModified":"2023-05-31T18:00:14+00:00","breadcrumb":{"@id":"https:\/\/luchonoticias.com\/editor\/policia-incauta-pollo-y-pescado-en-condiciones-no-aptas-para-el-consumo-humano\/#breadcrumb"},"inLanguage":"es","potentialAction":[{"@type":"ReadAction","target":["https:\/\/luchonoticias.com\/editor\/policia-incauta-pollo-y-pescado-en-condiciones-no-aptas-para-el-consumo-humano\/"]}]},{"@type":"BreadcrumbList","@id":"https:\/\/luchonoticias.com\/editor\/policia-incauta-pollo-y-pescado-en-condiciones-no-aptas-para-el-consumo-humano\/#breadcrumb","itemListElement":[{"@type":"ListItem","position":1,"name":"Portada","item":"https:\/\/luchonoticias.com\/editor\/"},{"@type":"ListItem","position":2,"name":"Polic\u00eda incauta pollo y pescado en condiciones no aptas para el consumo humano"}]},{"@type":"WebSite","@id":"https:\/\/luchonoticias.com\/editor\/#website","url":"https:\/\/luchonoticias.com\/editor\/","name":"","description":"","publisher":{"@id":"https:\/\/luchonoticias.com\/editor\/#\/schema\/person\/7a7fd911f58561fd056dbac7b55af9cd"},"potentialAction":[{"@type":"SearchAction","target":{"@type":"EntryPoint","urlTemplate":"https:\/\/luchonoticias.com\/editor\/?s={search_term_string}"},"query-input":{"@type":"PropertyValueSpecification","valueRequired":true,"valueName":"search_term_string"}}],"inLanguage":"es"},{"@type":["Person","Organization"],"@id":"https:\/\/luchonoticias.com\/editor\/#\/schema\/person\/7a7fd911f58561fd056dbac7b55af9cd","name":"admin","image":{"@type":"ImageObject","inLanguage":"es","@id":"https:\/\/luchonoticias.com\/editor\/#\/schema\/person\/image\/","url":"https:\/\/luchonoticias.com\/editor\/wp-content\/uploads\/2024\/02\/cropped-cropped-logolu.webp","contentUrl":"https:\/\/luchonoticias.com\/editor\/wp-content\/uploads\/2024\/02\/cropped-cropped-logolu.webp","width":382,"height":170,"caption":"admin"},"logo":{"@id":"https:\/\/luchonoticias.com\/editor\/#\/schema\/person\/image\/"},"sameAs":["https:\/\/www.facebook.com\/luchonoticiasneiva"]},{"@type":"Person","@id":"https:\/\/luchonoticias.com\/editor\/#\/schema\/person\/29217990ddf6f14e35912b2866d591fb","name":"Editor General","image":{"@type":"ImageObject","inLanguage":"es","@id":"https:\/\/luchonoticias.com\/editor\/#\/schema\/person\/image\/","url":"https:\/\/luchonoticias.com\/editor\/wp-content\/uploads\/2024\/02\/cropped-cropped-logolu-150x150.webp","contentUrl":"https:\/\/luchonoticias.com\/editor\/wp-content\/uploads\/2024\/02\/cropped-cropped-logolu-150x150.webp","caption":"Editor General"},"sameAs":["https:\/\/luchonoticias.com\/"],"url":"https:\/\/luchonoticias.com\/editor\/author\/editor-general\/"}]}},"_links":{"self":[{"href":"https:\/\/luchonoticias.com\/editor\/wp-json\/wp\/v2\/posts\/53606","targetHints":{"allow":["GET"]}}],"collection":[{"href":"https:\/\/luchonoticias.com\/editor\/wp-json\/wp\/v2\/posts"}],"about":[{"href":"https:\/\/luchonoticias.com\/editor\/wp-json\/wp\/v2\/types\/post"}],"author":[{"embeddable":true,"href":"https:\/\/luchonoticias.com\/editor\/wp-json\/wp\/v2\/users\/2"}],"replies":[{"embeddable":true,"href":"https:\/\/luchonoticias.com\/editor\/wp-json\/wp\/v2\/comments?post=53606"}],"version-history":[{"count":0,"href":"https:\/\/luchonoticias.com\/editor\/wp-json\/wp\/v2\/posts\/53606\/revisions"}],"wp:attachment":[{"href":"https:\/\/luchonoticias.com\/editor\/wp-json\/wp\/v2\/media?parent=53606"}],"wp:term":[{"taxonomy":"category","embeddable":true,"href":"https:\/\/luchonoticias.com\/editor\/wp-json\/wp\/v2\/categories?post=53606"},{"taxonomy":"post_tag","embeddable":true,"href":"https:\/\/luchonoticias.com\/editor\/wp-json\/wp\/v2\/tags?post=53606"}],"curies":[{"name":"wp","href":"https:\/\/api.w.org\/{rel}","templated":true}]}}