{"id":53613,"date":"2023-06-01T05:34:24","date_gmt":"2023-06-01T10:34:24","guid":{"rendered":"https:\/\/luchonoticias.com\/?p=53613"},"modified":"2023-06-01T05:34:29","modified_gmt":"2023-06-01T10:34:29","slug":"manana-mercado-campesino-en-el-centro-de-neiva","status":"publish","type":"post","link":"https:\/\/luchonoticias.com\/editor\/manana-mercado-campesino-en-el-centro-de-neiva\/","title":{"rendered":"Ma\u00f1ana mercado campesino en el centro de Neiva"},"content":{"rendered":"\n<p>Como parte de las pol\u00edticas trazadas por el gobierno \u201cHuila Crece\u201d en favor de los productores agropecuarios, se viene\u00a0<strong>impulsando la estrategia de los circuitos cortos de comercializaci\u00f3n,<\/strong>\u00a0que permiten un relacionamiento directo entre el campesino y el consumidor, logrando precios justos al eliminar la intermediaci\u00f3n.<\/p>\n\n\n\n<p>Con ese prop\u00f3sito se han articulado esfuerzos interinstitucionales en la planificaci\u00f3n y\u00a0<strong>desarrollo del mercado campesino\u00a0<\/strong>que tradicionalmente se realiza en la plazoleta frente a la Gobernaci\u00f3n del Huila, y que acoge a productores de perecederos y productos transformados, de diferentes municipios huilenses.<\/p>\n\n\n\n<p>La buena noticia para las familias neivanas, es que&nbsp;<strong>ma\u00f1ana se desarrollar\u00e1 esta importante actividad<\/strong>, de 7:00 de la ma\u00f1ana a 2:00 de la tarde, donde podr\u00e1n encontrar productos frescos y de alta calidad, a los mejores precios.<\/p>\n\n\n\n<p>Mojarra roja, trucha, bocachico, panela, frutas, verduras, queso, aguacate, chocolate casero, yogurt, caf\u00e9, pollo campesino, carne de ovejo, pl\u00e1tano, gelatina de pata, productos de panader\u00eda, huevos, tamales, entre otros productos, hacen parte de esta gran oferta.<\/p>\n\n\n\n<p>Los mercados campesinos adem\u00e1s se han convertido en&nbsp;<strong>una gran vitrina para emprendedores de la regi\u00f3n<\/strong>, para promocionar productos novedosos elaborados a trav\u00e9s de la trasformaci\u00f3n de materias primas, como vinos, sabaj\u00f3n, derivados l\u00e1cteos, embutidos de pescado, conos y canastas de pl\u00e1tano, helados, postres, entre otros.<\/p>\n\n\n\n<p>De esta actividad&nbsp;<strong>participan m\u00e1s de 45 organizaciones de productores de diferentes municipios<\/strong>, algunas de ellas conformadas por poblaci\u00f3n vulnerable, as\u00ed como mujeres y j\u00f3venes rurales, que con su esfuerzo contribuyen con el proceso de seguridad alimentaria.<\/p>\n\n\n\n<p>Los mercados campesinos son producto de una alianza de actores liderada por la Gobernaci\u00f3n del Huila, de la que hacen parte la Universidad Surcolombiana, la C\u00e1mara de Comercio del Huila, UAEOS, Agencia de Desarrollo Rural, Prosperidad Social, Corporaci\u00f3n Aut\u00f3noma Regional del Alto Magdalena \u2013 CAM, Alcald\u00eda de Neiva y RCN Radio.<\/p>\n","protected":false},"excerpt":{"rendered":"<p>Como parte de las pol\u00edticas trazadas por el gobierno \u201cHuila Crece\u201d en favor de los productores agropecuarios, se viene\u00a0impulsando la estrategia de los circuitos cortos de comercializaci\u00f3n,\u00a0que permiten un relacionamiento directo entre el campesino y el consumidor, logrando precios justos al eliminar la intermediaci\u00f3n. Con ese prop\u00f3sito se han articulado esfuerzos interinstitucionales en la planificaci\u00f3n [&hellip;]<\/p>\n","protected":false},"author":2,"featured_media":0,"comment_status":"open","ping_status":"open","sticky":false,"template":"","format":"standard","meta":{"footnotes":""},"categories":[33],"tags":[],"class_list":["post-53613","post","type-post","status-publish","format-standard","hentry","category-huila"],"yoast_head":"<!-- This site is optimized with the Yoast SEO plugin v26.6 - https:\/\/yoast.com\/wordpress\/plugins\/seo\/ -->\n<title>Ma\u00f1ana mercado campesino en el centro de Neiva -<\/title>\n<meta name=\"robots\" content=\"index, follow, max-snippet:-1, max-image-preview:large, max-video-preview:-1\" \/>\n<link rel=\"canonical\" href=\"https:\/\/luchonoticias.com\/editor\/manana-mercado-campesino-en-el-centro-de-neiva\/\" \/>\n<meta property=\"og:locale\" content=\"es_ES\" \/>\n<meta property=\"og:type\" content=\"article\" \/>\n<meta property=\"og:title\" content=\"Ma\u00f1ana mercado campesino en el centro de Neiva -\" \/>\n<meta property=\"og:url\" content=\"https:\/\/luchonoticias.com\/editor\/manana-mercado-campesino-en-el-centro-de-neiva\/\" \/>\n<meta property=\"article:publisher\" content=\"https:\/\/www.facebook.com\/luchonoticiasneiva\" \/>\n<meta property=\"article:published_time\" content=\"2023-06-01T10:34:24+00:00\" \/>\n<meta property=\"article:modified_time\" content=\"2023-06-01T10:34:29+00:00\" \/>\n<meta name=\"author\" content=\"Editor General\" \/>\n<meta name=\"twitter:card\" content=\"summary_large_image\" \/>\n<meta name=\"twitter:label1\" content=\"Escrito por\" \/>\n\t<meta name=\"twitter:data1\" content=\"Editor General\" \/>\n\t<meta name=\"twitter:label2\" content=\"Tiempo de lectura\" \/>\n\t<meta name=\"twitter:data2\" content=\"2 minutos\" \/>\n<script type=\"application\/ld+json\" class=\"yoast-schema-graph\">{\"@context\":\"https:\/\/schema.org\",\"@graph\":[{\"@type\":\"Article\",\"@id\":\"https:\/\/luchonoticias.com\/editor\/manana-mercado-campesino-en-el-centro-de-neiva\/#article\",\"isPartOf\":{\"@id\":\"https:\/\/luchonoticias.com\/editor\/manana-mercado-campesino-en-el-centro-de-neiva\/\"},\"author\":{\"name\":\"Editor General\",\"@id\":\"https:\/\/luchonoticias.com\/editor\/#\/schema\/person\/29217990ddf6f14e35912b2866d591fb\"},\"headline\":\"Ma\u00f1ana mercado campesino en el centro de Neiva\",\"datePublished\":\"2023-06-01T10:34:24+00:00\",\"dateModified\":\"2023-06-01T10:34:29+00:00\",\"mainEntityOfPage\":{\"@id\":\"https:\/\/luchonoticias.com\/editor\/manana-mercado-campesino-en-el-centro-de-neiva\/\"},\"wordCount\":331,\"commentCount\":0,\"publisher\":{\"@id\":\"https:\/\/luchonoticias.com\/editor\/#\/schema\/person\/7a7fd911f58561fd056dbac7b55af9cd\"},\"articleSection\":[\"Huila\"],\"inLanguage\":\"es\",\"potentialAction\":[{\"@type\":\"CommentAction\",\"name\":\"Comment\",\"target\":[\"https:\/\/luchonoticias.com\/editor\/manana-mercado-campesino-en-el-centro-de-neiva\/#respond\"]}]},{\"@type\":\"WebPage\",\"@id\":\"https:\/\/luchonoticias.com\/editor\/manana-mercado-campesino-en-el-centro-de-neiva\/\",\"url\":\"https:\/\/luchonoticias.com\/editor\/manana-mercado-campesino-en-el-centro-de-neiva\/\",\"name\":\"Ma\u00f1ana mercado campesino en el centro de Neiva -\",\"isPartOf\":{\"@id\":\"https:\/\/luchonoticias.com\/editor\/#website\"},\"datePublished\":\"2023-06-01T10:34:24+00:00\",\"dateModified\":\"2023-06-01T10:34:29+00:00\",\"breadcrumb\":{\"@id\":\"https:\/\/luchonoticias.com\/editor\/manana-mercado-campesino-en-el-centro-de-neiva\/#breadcrumb\"},\"inLanguage\":\"es\",\"potentialAction\":[{\"@type\":\"ReadAction\",\"target\":[\"https:\/\/luchonoticias.com\/editor\/manana-mercado-campesino-en-el-centro-de-neiva\/\"]}]},{\"@type\":\"BreadcrumbList\",\"@id\":\"https:\/\/luchonoticias.com\/editor\/manana-mercado-campesino-en-el-centro-de-neiva\/#breadcrumb\",\"itemListElement\":[{\"@type\":\"ListItem\",\"position\":1,\"name\":\"Portada\",\"item\":\"https:\/\/luchonoticias.com\/editor\/\"},{\"@type\":\"ListItem\",\"position\":2,\"name\":\"Ma\u00f1ana mercado campesino en el centro de Neiva\"}]},{\"@type\":\"WebSite\",\"@id\":\"https:\/\/luchonoticias.com\/editor\/#website\",\"url\":\"https:\/\/luchonoticias.com\/editor\/\",\"name\":\"\",\"description\":\"\",\"publisher\":{\"@id\":\"https:\/\/luchonoticias.com\/editor\/#\/schema\/person\/7a7fd911f58561fd056dbac7b55af9cd\"},\"potentialAction\":[{\"@type\":\"SearchAction\",\"target\":{\"@type\":\"EntryPoint\",\"urlTemplate\":\"https:\/\/luchonoticias.com\/editor\/?s={search_term_string}\"},\"query-input\":{\"@type\":\"PropertyValueSpecification\",\"valueRequired\":true,\"valueName\":\"search_term_string\"}}],\"inLanguage\":\"es\"},{\"@type\":[\"Person\",\"Organization\"],\"@id\":\"https:\/\/luchonoticias.com\/editor\/#\/schema\/person\/7a7fd911f58561fd056dbac7b55af9cd\",\"name\":\"admin\",\"image\":{\"@type\":\"ImageObject\",\"inLanguage\":\"es\",\"@id\":\"https:\/\/luchonoticias.com\/editor\/#\/schema\/person\/image\/\",\"url\":\"https:\/\/luchonoticias.com\/editor\/wp-content\/uploads\/2024\/02\/cropped-cropped-logolu.webp\",\"contentUrl\":\"https:\/\/luchonoticias.com\/editor\/wp-content\/uploads\/2024\/02\/cropped-cropped-logolu.webp\",\"width\":382,\"height\":170,\"caption\":\"admin\"},\"logo\":{\"@id\":\"https:\/\/luchonoticias.com\/editor\/#\/schema\/person\/image\/\"},\"sameAs\":[\"https:\/\/www.facebook.com\/luchonoticiasneiva\"]},{\"@type\":\"Person\",\"@id\":\"https:\/\/luchonoticias.com\/editor\/#\/schema\/person\/29217990ddf6f14e35912b2866d591fb\",\"name\":\"Editor General\",\"image\":{\"@type\":\"ImageObject\",\"inLanguage\":\"es\",\"@id\":\"https:\/\/luchonoticias.com\/editor\/#\/schema\/person\/image\/\",\"url\":\"https:\/\/luchonoticias.com\/editor\/wp-content\/uploads\/2024\/02\/cropped-cropped-logolu-150x150.webp\",\"contentUrl\":\"https:\/\/luchonoticias.com\/editor\/wp-content\/uploads\/2024\/02\/cropped-cropped-logolu-150x150.webp\",\"caption\":\"Editor General\"},\"sameAs\":[\"https:\/\/luchonoticias.com\/\"],\"url\":\"https:\/\/luchonoticias.com\/editor\/author\/editor-general\/\"}]}<\/script>\n<!-- \/ Yoast SEO plugin. -->","yoast_head_json":{"title":"Ma\u00f1ana mercado campesino en el centro de Neiva -","robots":{"index":"index","follow":"follow","max-snippet":"max-snippet:-1","max-image-preview":"max-image-preview:large","max-video-preview":"max-video-preview:-1"},"canonical":"https:\/\/luchonoticias.com\/editor\/manana-mercado-campesino-en-el-centro-de-neiva\/","og_locale":"es_ES","og_type":"article","og_title":"Ma\u00f1ana mercado campesino en el centro de Neiva -","og_url":"https:\/\/luchonoticias.com\/editor\/manana-mercado-campesino-en-el-centro-de-neiva\/","article_publisher":"https:\/\/www.facebook.com\/luchonoticiasneiva","article_published_time":"2023-06-01T10:34:24+00:00","article_modified_time":"2023-06-01T10:34:29+00:00","author":"Editor General","twitter_card":"summary_large_image","twitter_misc":{"Escrito por":"Editor General","Tiempo de lectura":"2 minutos"},"schema":{"@context":"https:\/\/schema.org","@graph":[{"@type":"Article","@id":"https:\/\/luchonoticias.com\/editor\/manana-mercado-campesino-en-el-centro-de-neiva\/#article","isPartOf":{"@id":"https:\/\/luchonoticias.com\/editor\/manana-mercado-campesino-en-el-centro-de-neiva\/"},"author":{"name":"Editor General","@id":"https:\/\/luchonoticias.com\/editor\/#\/schema\/person\/29217990ddf6f14e35912b2866d591fb"},"headline":"Ma\u00f1ana mercado campesino en el centro de Neiva","datePublished":"2023-06-01T10:34:24+00:00","dateModified":"2023-06-01T10:34:29+00:00","mainEntityOfPage":{"@id":"https:\/\/luchonoticias.com\/editor\/manana-mercado-campesino-en-el-centro-de-neiva\/"},"wordCount":331,"commentCount":0,"publisher":{"@id":"https:\/\/luchonoticias.com\/editor\/#\/schema\/person\/7a7fd911f58561fd056dbac7b55af9cd"},"articleSection":["Huila"],"inLanguage":"es","potentialAction":[{"@type":"CommentAction","name":"Comment","target":["https:\/\/luchonoticias.com\/editor\/manana-mercado-campesino-en-el-centro-de-neiva\/#respond"]}]},{"@type":"WebPage","@id":"https:\/\/luchonoticias.com\/editor\/manana-mercado-campesino-en-el-centro-de-neiva\/","url":"https:\/\/luchonoticias.com\/editor\/manana-mercado-campesino-en-el-centro-de-neiva\/","name":"Ma\u00f1ana mercado campesino en el centro de Neiva -","isPartOf":{"@id":"https:\/\/luchonoticias.com\/editor\/#website"},"datePublished":"2023-06-01T10:34:24+00:00","dateModified":"2023-06-01T10:34:29+00:00","breadcrumb":{"@id":"https:\/\/luchonoticias.com\/editor\/manana-mercado-campesino-en-el-centro-de-neiva\/#breadcrumb"},"inLanguage":"es","potentialAction":[{"@type":"ReadAction","target":["https:\/\/luchonoticias.com\/editor\/manana-mercado-campesino-en-el-centro-de-neiva\/"]}]},{"@type":"BreadcrumbList","@id":"https:\/\/luchonoticias.com\/editor\/manana-mercado-campesino-en-el-centro-de-neiva\/#breadcrumb","itemListElement":[{"@type":"ListItem","position":1,"name":"Portada","item":"https:\/\/luchonoticias.com\/editor\/"},{"@type":"ListItem","position":2,"name":"Ma\u00f1ana mercado campesino en el centro de Neiva"}]},{"@type":"WebSite","@id":"https:\/\/luchonoticias.com\/editor\/#website","url":"https:\/\/luchonoticias.com\/editor\/","name":"","description":"","publisher":{"@id":"https:\/\/luchonoticias.com\/editor\/#\/schema\/person\/7a7fd911f58561fd056dbac7b55af9cd"},"potentialAction":[{"@type":"SearchAction","target":{"@type":"EntryPoint","urlTemplate":"https:\/\/luchonoticias.com\/editor\/?s={search_term_string}"},"query-input":{"@type":"PropertyValueSpecification","valueRequired":true,"valueName":"search_term_string"}}],"inLanguage":"es"},{"@type":["Person","Organization"],"@id":"https:\/\/luchonoticias.com\/editor\/#\/schema\/person\/7a7fd911f58561fd056dbac7b55af9cd","name":"admin","image":{"@type":"ImageObject","inLanguage":"es","@id":"https:\/\/luchonoticias.com\/editor\/#\/schema\/person\/image\/","url":"https:\/\/luchonoticias.com\/editor\/wp-content\/uploads\/2024\/02\/cropped-cropped-logolu.webp","contentUrl":"https:\/\/luchonoticias.com\/editor\/wp-content\/uploads\/2024\/02\/cropped-cropped-logolu.webp","width":382,"height":170,"caption":"admin"},"logo":{"@id":"https:\/\/luchonoticias.com\/editor\/#\/schema\/person\/image\/"},"sameAs":["https:\/\/www.facebook.com\/luchonoticiasneiva"]},{"@type":"Person","@id":"https:\/\/luchonoticias.com\/editor\/#\/schema\/person\/29217990ddf6f14e35912b2866d591fb","name":"Editor General","image":{"@type":"ImageObject","inLanguage":"es","@id":"https:\/\/luchonoticias.com\/editor\/#\/schema\/person\/image\/","url":"https:\/\/luchonoticias.com\/editor\/wp-content\/uploads\/2024\/02\/cropped-cropped-logolu-150x150.webp","contentUrl":"https:\/\/luchonoticias.com\/editor\/wp-content\/uploads\/2024\/02\/cropped-cropped-logolu-150x150.webp","caption":"Editor General"},"sameAs":["https:\/\/luchonoticias.com\/"],"url":"https:\/\/luchonoticias.com\/editor\/author\/editor-general\/"}]}},"_links":{"self":[{"href":"https:\/\/luchonoticias.com\/editor\/wp-json\/wp\/v2\/posts\/53613","targetHints":{"allow":["GET"]}}],"collection":[{"href":"https:\/\/luchonoticias.com\/editor\/wp-json\/wp\/v2\/posts"}],"about":[{"href":"https:\/\/luchonoticias.com\/editor\/wp-json\/wp\/v2\/types\/post"}],"author":[{"embeddable":true,"href":"https:\/\/luchonoticias.com\/editor\/wp-json\/wp\/v2\/users\/2"}],"replies":[{"embeddable":true,"href":"https:\/\/luchonoticias.com\/editor\/wp-json\/wp\/v2\/comments?post=53613"}],"version-history":[{"count":0,"href":"https:\/\/luchonoticias.com\/editor\/wp-json\/wp\/v2\/posts\/53613\/revisions"}],"wp:attachment":[{"href":"https:\/\/luchonoticias.com\/editor\/wp-json\/wp\/v2\/media?parent=53613"}],"wp:term":[{"taxonomy":"category","embeddable":true,"href":"https:\/\/luchonoticias.com\/editor\/wp-json\/wp\/v2\/categories?post=53613"},{"taxonomy":"post_tag","embeddable":true,"href":"https:\/\/luchonoticias.com\/editor\/wp-json\/wp\/v2\/tags?post=53613"}],"curies":[{"name":"wp","href":"https:\/\/api.w.org\/{rel}","templated":true}]}}