{"id":53616,"date":"2023-06-01T05:37:00","date_gmt":"2023-06-01T10:37:00","guid":{"rendered":"https:\/\/luchonoticias.com\/?p=53616"},"modified":"2023-06-01T05:37:04","modified_gmt":"2023-06-01T10:37:04","slug":"dotacion-para-nuevas-casas-para-la-mujer-en-el-huila","status":"publish","type":"post","link":"https:\/\/luchonoticias.com\/editor\/dotacion-para-nuevas-casas-para-la-mujer-en-el-huila\/","title":{"rendered":"Dotaci\u00f3n para nuevas Casas para la Mujer en el Huila"},"content":{"rendered":"\n<p>Enmarcada en la pol\u00edtica p\u00fablica de equidad de g\u00e9nero, la Gobernaci\u00f3n del Huila liderada por el ingeniero Luis Enrique Duss\u00e1n, y Claudia Marcela Maya, jefe de la Oficina de la Mujer, Infancia, Adolescencia y Asuntos Sociales del Departamento,\u00a0<strong>han ejecutado la estrategia \u201cHuila Crece sin miedos ni violencias\u201d,<\/strong>\u00a0que entre otras actividades respalda el fortalecimiento de la ruta de atenci\u00f3n a las mujeres v\u00edctimas de violencia basada en g\u00e9nero, apoyando a los Consejos Comunitarios, al Consejo Departamental de Mujeres, a las Comisar\u00edas de Familia. De igual manera\u00a0<strong>desarrolla el proyecto de creaci\u00f3n de Casa de la Mujer<\/strong>, que surge como respuesta a la falta de espacios de atenci\u00f3n, capacitaci\u00f3n y orientaci\u00f3n para las mujeres en el Huila, y al cual\u00a0<strong>se adhirieron 12 municipios ubicados al sur y norte del territorio opita.<\/strong><\/p>\n\n\n\n<p>De acuerdo con Claudia Maya, el proyecto nace con la participaci\u00f3n de los alcaldes, que aportan la infraestructura ya construida, exclusiva para para ser usada como Casa de la Mujer. Al d\u00eda de hoy, y con recursos propios por valor de $1.300 millones, la Gobernaci\u00f3n del Huila h<strong>a dotado y puesto en marcha 6 Casas de la Mujer en los municipios de San Agust\u00edn, Oporapa, Isnos, Tesalia, Campoalegre<\/strong>, N\u00e1taga. Adem\u00e1s entreg\u00f3\u00a0<strong>dotaci\u00f3n tecnol\u00f3gica por valor de $600 millones para las 37 Comisar\u00edas de Familia<\/strong>\u00a0en todo el departamento, las cuales forman parte fundamental de la ruta de atenci\u00f3n y apoyo a la mujer.<\/p>\n\n\n\n<p>A este importante proyecto integral se sumaron otras entidades, que decidieron invertir en esta gran causa. \u201cGracias a esa gesti\u00f3n que el gobernador hizo con Ecopetrol, la Oficina de la Mujer present\u00f3 el proyecto de Casa de la Mujer, porque ve\u00edamos una oportunidad muy interesante para que \u00e9sta empresa, que es conocida como la empresa m\u00e1s querida de los colombianos le aportara a esta problem\u00e1tica tan sentida de las mujeres, y concertamos que dotaran los 6 municipios en los que ellos tienen incidencia\u201d, indic\u00f3 la Jefe de Asuntos Sociales.<\/p>\n\n\n\n<p>Fue este el motivo que reuni\u00f3 a los mandatarios locales, instituciones departamentales, nacionales y por su puesto a Ecopetrol, a fin de hacer&nbsp;<strong>entrega a los municipios de la dotaci\u00f3n para las 7 Casas de la Mujer<\/strong>, que incluye no solo mobiliario como sof\u00e1s, archivadores, mesas de atenci\u00f3n, mesas para juntas, mesas plegables, sillas neum\u00e1ticas para escritorio, tableros, puesto de trabajo para docente, mesas y sillas para trabajo preescolar, mesas para c\u00f3mputo, parque para primera infancia, tableros m\u00f3viles y sillas apilables, sino tambi\u00e9n equipos tecnol\u00f3gicos como televisor, impresoras, equipos de c\u00f3mputo de mesa y port\u00e1tiles.<\/p>\n\n\n\n<p>Toda esta dotaci\u00f3n por un&nbsp;<strong>valor aproximado de $2.600 millones,<\/strong>&nbsp;entregada por la Empresa Estatal Petrolera Ecopetrol y gestionada por el gobernador Luis Enrique Duss\u00e1n, as\u00ed lo confirm\u00f3 Juanita De La Oz, gerente de Prosperidad Social de Ecopetrol. \u201cEste es parte de la agenda conjunta que hemos desarrollado con el se\u00f1or Gobernador del Huila, para poder&nbsp;<strong>tener una articulaci\u00f3n integral en pro del desarrollo del departamento<\/strong>, y hoy en particular a m\u00ed me genera toda la alegr\u00eda poder estar contribuyendo a esa ruta de protecci\u00f3n pero tambi\u00e9n de crecimiento de las mujeres del departamento\u201d.<\/p>\n","protected":false},"excerpt":{"rendered":"<p>Enmarcada en la pol\u00edtica p\u00fablica de equidad de g\u00e9nero, la Gobernaci\u00f3n del Huila liderada por el ingeniero Luis Enrique Duss\u00e1n, y Claudia Marcela Maya, jefe de la Oficina de la Mujer, Infancia, Adolescencia y Asuntos Sociales del Departamento,\u00a0han ejecutado la estrategia \u201cHuila Crece sin miedos ni violencias\u201d,\u00a0que entre otras actividades respalda el fortalecimiento de la [&hellip;]<\/p>\n","protected":false},"author":2,"featured_media":0,"comment_status":"open","ping_status":"open","sticky":false,"template":"","format":"standard","meta":{"footnotes":""},"categories":[33],"tags":[],"class_list":["post-53616","post","type-post","status-publish","format-standard","hentry","category-huila"],"yoast_head":"<!-- This site is optimized with the Yoast SEO plugin v26.6 - https:\/\/yoast.com\/wordpress\/plugins\/seo\/ -->\n<title>Dotaci\u00f3n para nuevas Casas para la Mujer en el Huila -<\/title>\n<meta name=\"robots\" content=\"index, follow, max-snippet:-1, max-image-preview:large, max-video-preview:-1\" \/>\n<link rel=\"canonical\" href=\"https:\/\/luchonoticias.com\/editor\/dotacion-para-nuevas-casas-para-la-mujer-en-el-huila\/\" \/>\n<meta property=\"og:locale\" content=\"es_ES\" \/>\n<meta property=\"og:type\" content=\"article\" \/>\n<meta property=\"og:title\" content=\"Dotaci\u00f3n para nuevas Casas para la Mujer en el Huila -\" \/>\n<meta property=\"og:url\" content=\"https:\/\/luchonoticias.com\/editor\/dotacion-para-nuevas-casas-para-la-mujer-en-el-huila\/\" \/>\n<meta property=\"article:publisher\" content=\"https:\/\/www.facebook.com\/luchonoticiasneiva\" \/>\n<meta property=\"article:published_time\" content=\"2023-06-01T10:37:00+00:00\" \/>\n<meta property=\"article:modified_time\" content=\"2023-06-01T10:37:04+00:00\" \/>\n<meta name=\"author\" content=\"Editor General\" \/>\n<meta name=\"twitter:card\" content=\"summary_large_image\" \/>\n<meta name=\"twitter:label1\" content=\"Escrito por\" \/>\n\t<meta name=\"twitter:data1\" content=\"Editor General\" \/>\n\t<meta name=\"twitter:label2\" content=\"Tiempo de lectura\" \/>\n\t<meta name=\"twitter:data2\" content=\"3 minutos\" \/>\n<script type=\"application\/ld+json\" class=\"yoast-schema-graph\">{\"@context\":\"https:\/\/schema.org\",\"@graph\":[{\"@type\":\"Article\",\"@id\":\"https:\/\/luchonoticias.com\/editor\/dotacion-para-nuevas-casas-para-la-mujer-en-el-huila\/#article\",\"isPartOf\":{\"@id\":\"https:\/\/luchonoticias.com\/editor\/dotacion-para-nuevas-casas-para-la-mujer-en-el-huila\/\"},\"author\":{\"name\":\"Editor General\",\"@id\":\"https:\/\/luchonoticias.com\/editor\/#\/schema\/person\/29217990ddf6f14e35912b2866d591fb\"},\"headline\":\"Dotaci\u00f3n para nuevas Casas para la Mujer en el Huila\",\"datePublished\":\"2023-06-01T10:37:00+00:00\",\"dateModified\":\"2023-06-01T10:37:04+00:00\",\"mainEntityOfPage\":{\"@id\":\"https:\/\/luchonoticias.com\/editor\/dotacion-para-nuevas-casas-para-la-mujer-en-el-huila\/\"},\"wordCount\":564,\"commentCount\":0,\"publisher\":{\"@id\":\"https:\/\/luchonoticias.com\/editor\/#\/schema\/person\/7a7fd911f58561fd056dbac7b55af9cd\"},\"articleSection\":[\"Huila\"],\"inLanguage\":\"es\",\"potentialAction\":[{\"@type\":\"CommentAction\",\"name\":\"Comment\",\"target\":[\"https:\/\/luchonoticias.com\/editor\/dotacion-para-nuevas-casas-para-la-mujer-en-el-huila\/#respond\"]}]},{\"@type\":\"WebPage\",\"@id\":\"https:\/\/luchonoticias.com\/editor\/dotacion-para-nuevas-casas-para-la-mujer-en-el-huila\/\",\"url\":\"https:\/\/luchonoticias.com\/editor\/dotacion-para-nuevas-casas-para-la-mujer-en-el-huila\/\",\"name\":\"Dotaci\u00f3n para nuevas Casas para la Mujer en el Huila -\",\"isPartOf\":{\"@id\":\"https:\/\/luchonoticias.com\/editor\/#website\"},\"datePublished\":\"2023-06-01T10:37:00+00:00\",\"dateModified\":\"2023-06-01T10:37:04+00:00\",\"breadcrumb\":{\"@id\":\"https:\/\/luchonoticias.com\/editor\/dotacion-para-nuevas-casas-para-la-mujer-en-el-huila\/#breadcrumb\"},\"inLanguage\":\"es\",\"potentialAction\":[{\"@type\":\"ReadAction\",\"target\":[\"https:\/\/luchonoticias.com\/editor\/dotacion-para-nuevas-casas-para-la-mujer-en-el-huila\/\"]}]},{\"@type\":\"BreadcrumbList\",\"@id\":\"https:\/\/luchonoticias.com\/editor\/dotacion-para-nuevas-casas-para-la-mujer-en-el-huila\/#breadcrumb\",\"itemListElement\":[{\"@type\":\"ListItem\",\"position\":1,\"name\":\"Portada\",\"item\":\"https:\/\/luchonoticias.com\/editor\/\"},{\"@type\":\"ListItem\",\"position\":2,\"name\":\"Dotaci\u00f3n para nuevas Casas para la Mujer en el Huila\"}]},{\"@type\":\"WebSite\",\"@id\":\"https:\/\/luchonoticias.com\/editor\/#website\",\"url\":\"https:\/\/luchonoticias.com\/editor\/\",\"name\":\"\",\"description\":\"\",\"publisher\":{\"@id\":\"https:\/\/luchonoticias.com\/editor\/#\/schema\/person\/7a7fd911f58561fd056dbac7b55af9cd\"},\"potentialAction\":[{\"@type\":\"SearchAction\",\"target\":{\"@type\":\"EntryPoint\",\"urlTemplate\":\"https:\/\/luchonoticias.com\/editor\/?s={search_term_string}\"},\"query-input\":{\"@type\":\"PropertyValueSpecification\",\"valueRequired\":true,\"valueName\":\"search_term_string\"}}],\"inLanguage\":\"es\"},{\"@type\":[\"Person\",\"Organization\"],\"@id\":\"https:\/\/luchonoticias.com\/editor\/#\/schema\/person\/7a7fd911f58561fd056dbac7b55af9cd\",\"name\":\"admin\",\"image\":{\"@type\":\"ImageObject\",\"inLanguage\":\"es\",\"@id\":\"https:\/\/luchonoticias.com\/editor\/#\/schema\/person\/image\/\",\"url\":\"https:\/\/luchonoticias.com\/editor\/wp-content\/uploads\/2024\/02\/cropped-cropped-logolu.webp\",\"contentUrl\":\"https:\/\/luchonoticias.com\/editor\/wp-content\/uploads\/2024\/02\/cropped-cropped-logolu.webp\",\"width\":382,\"height\":170,\"caption\":\"admin\"},\"logo\":{\"@id\":\"https:\/\/luchonoticias.com\/editor\/#\/schema\/person\/image\/\"},\"sameAs\":[\"https:\/\/www.facebook.com\/luchonoticiasneiva\"]},{\"@type\":\"Person\",\"@id\":\"https:\/\/luchonoticias.com\/editor\/#\/schema\/person\/29217990ddf6f14e35912b2866d591fb\",\"name\":\"Editor General\",\"image\":{\"@type\":\"ImageObject\",\"inLanguage\":\"es\",\"@id\":\"https:\/\/luchonoticias.com\/editor\/#\/schema\/person\/image\/\",\"url\":\"https:\/\/luchonoticias.com\/editor\/wp-content\/uploads\/2024\/02\/cropped-cropped-logolu-150x150.webp\",\"contentUrl\":\"https:\/\/luchonoticias.com\/editor\/wp-content\/uploads\/2024\/02\/cropped-cropped-logolu-150x150.webp\",\"caption\":\"Editor General\"},\"sameAs\":[\"https:\/\/luchonoticias.com\/\"],\"url\":\"https:\/\/luchonoticias.com\/editor\/author\/editor-general\/\"}]}<\/script>\n<!-- \/ Yoast SEO plugin. -->","yoast_head_json":{"title":"Dotaci\u00f3n para nuevas Casas para la Mujer en el Huila -","robots":{"index":"index","follow":"follow","max-snippet":"max-snippet:-1","max-image-preview":"max-image-preview:large","max-video-preview":"max-video-preview:-1"},"canonical":"https:\/\/luchonoticias.com\/editor\/dotacion-para-nuevas-casas-para-la-mujer-en-el-huila\/","og_locale":"es_ES","og_type":"article","og_title":"Dotaci\u00f3n para nuevas Casas para la Mujer en el Huila -","og_url":"https:\/\/luchonoticias.com\/editor\/dotacion-para-nuevas-casas-para-la-mujer-en-el-huila\/","article_publisher":"https:\/\/www.facebook.com\/luchonoticiasneiva","article_published_time":"2023-06-01T10:37:00+00:00","article_modified_time":"2023-06-01T10:37:04+00:00","author":"Editor General","twitter_card":"summary_large_image","twitter_misc":{"Escrito por":"Editor General","Tiempo de lectura":"3 minutos"},"schema":{"@context":"https:\/\/schema.org","@graph":[{"@type":"Article","@id":"https:\/\/luchonoticias.com\/editor\/dotacion-para-nuevas-casas-para-la-mujer-en-el-huila\/#article","isPartOf":{"@id":"https:\/\/luchonoticias.com\/editor\/dotacion-para-nuevas-casas-para-la-mujer-en-el-huila\/"},"author":{"name":"Editor General","@id":"https:\/\/luchonoticias.com\/editor\/#\/schema\/person\/29217990ddf6f14e35912b2866d591fb"},"headline":"Dotaci\u00f3n para nuevas Casas para la Mujer en el Huila","datePublished":"2023-06-01T10:37:00+00:00","dateModified":"2023-06-01T10:37:04+00:00","mainEntityOfPage":{"@id":"https:\/\/luchonoticias.com\/editor\/dotacion-para-nuevas-casas-para-la-mujer-en-el-huila\/"},"wordCount":564,"commentCount":0,"publisher":{"@id":"https:\/\/luchonoticias.com\/editor\/#\/schema\/person\/7a7fd911f58561fd056dbac7b55af9cd"},"articleSection":["Huila"],"inLanguage":"es","potentialAction":[{"@type":"CommentAction","name":"Comment","target":["https:\/\/luchonoticias.com\/editor\/dotacion-para-nuevas-casas-para-la-mujer-en-el-huila\/#respond"]}]},{"@type":"WebPage","@id":"https:\/\/luchonoticias.com\/editor\/dotacion-para-nuevas-casas-para-la-mujer-en-el-huila\/","url":"https:\/\/luchonoticias.com\/editor\/dotacion-para-nuevas-casas-para-la-mujer-en-el-huila\/","name":"Dotaci\u00f3n para nuevas Casas para la Mujer en el Huila -","isPartOf":{"@id":"https:\/\/luchonoticias.com\/editor\/#website"},"datePublished":"2023-06-01T10:37:00+00:00","dateModified":"2023-06-01T10:37:04+00:00","breadcrumb":{"@id":"https:\/\/luchonoticias.com\/editor\/dotacion-para-nuevas-casas-para-la-mujer-en-el-huila\/#breadcrumb"},"inLanguage":"es","potentialAction":[{"@type":"ReadAction","target":["https:\/\/luchonoticias.com\/editor\/dotacion-para-nuevas-casas-para-la-mujer-en-el-huila\/"]}]},{"@type":"BreadcrumbList","@id":"https:\/\/luchonoticias.com\/editor\/dotacion-para-nuevas-casas-para-la-mujer-en-el-huila\/#breadcrumb","itemListElement":[{"@type":"ListItem","position":1,"name":"Portada","item":"https:\/\/luchonoticias.com\/editor\/"},{"@type":"ListItem","position":2,"name":"Dotaci\u00f3n para nuevas Casas para la Mujer en el Huila"}]},{"@type":"WebSite","@id":"https:\/\/luchonoticias.com\/editor\/#website","url":"https:\/\/luchonoticias.com\/editor\/","name":"","description":"","publisher":{"@id":"https:\/\/luchonoticias.com\/editor\/#\/schema\/person\/7a7fd911f58561fd056dbac7b55af9cd"},"potentialAction":[{"@type":"SearchAction","target":{"@type":"EntryPoint","urlTemplate":"https:\/\/luchonoticias.com\/editor\/?s={search_term_string}"},"query-input":{"@type":"PropertyValueSpecification","valueRequired":true,"valueName":"search_term_string"}}],"inLanguage":"es"},{"@type":["Person","Organization"],"@id":"https:\/\/luchonoticias.com\/editor\/#\/schema\/person\/7a7fd911f58561fd056dbac7b55af9cd","name":"admin","image":{"@type":"ImageObject","inLanguage":"es","@id":"https:\/\/luchonoticias.com\/editor\/#\/schema\/person\/image\/","url":"https:\/\/luchonoticias.com\/editor\/wp-content\/uploads\/2024\/02\/cropped-cropped-logolu.webp","contentUrl":"https:\/\/luchonoticias.com\/editor\/wp-content\/uploads\/2024\/02\/cropped-cropped-logolu.webp","width":382,"height":170,"caption":"admin"},"logo":{"@id":"https:\/\/luchonoticias.com\/editor\/#\/schema\/person\/image\/"},"sameAs":["https:\/\/www.facebook.com\/luchonoticiasneiva"]},{"@type":"Person","@id":"https:\/\/luchonoticias.com\/editor\/#\/schema\/person\/29217990ddf6f14e35912b2866d591fb","name":"Editor General","image":{"@type":"ImageObject","inLanguage":"es","@id":"https:\/\/luchonoticias.com\/editor\/#\/schema\/person\/image\/","url":"https:\/\/luchonoticias.com\/editor\/wp-content\/uploads\/2024\/02\/cropped-cropped-logolu-150x150.webp","contentUrl":"https:\/\/luchonoticias.com\/editor\/wp-content\/uploads\/2024\/02\/cropped-cropped-logolu-150x150.webp","caption":"Editor General"},"sameAs":["https:\/\/luchonoticias.com\/"],"url":"https:\/\/luchonoticias.com\/editor\/author\/editor-general\/"}]}},"_links":{"self":[{"href":"https:\/\/luchonoticias.com\/editor\/wp-json\/wp\/v2\/posts\/53616","targetHints":{"allow":["GET"]}}],"collection":[{"href":"https:\/\/luchonoticias.com\/editor\/wp-json\/wp\/v2\/posts"}],"about":[{"href":"https:\/\/luchonoticias.com\/editor\/wp-json\/wp\/v2\/types\/post"}],"author":[{"embeddable":true,"href":"https:\/\/luchonoticias.com\/editor\/wp-json\/wp\/v2\/users\/2"}],"replies":[{"embeddable":true,"href":"https:\/\/luchonoticias.com\/editor\/wp-json\/wp\/v2\/comments?post=53616"}],"version-history":[{"count":0,"href":"https:\/\/luchonoticias.com\/editor\/wp-json\/wp\/v2\/posts\/53616\/revisions"}],"wp:attachment":[{"href":"https:\/\/luchonoticias.com\/editor\/wp-json\/wp\/v2\/media?parent=53616"}],"wp:term":[{"taxonomy":"category","embeddable":true,"href":"https:\/\/luchonoticias.com\/editor\/wp-json\/wp\/v2\/categories?post=53616"},{"taxonomy":"post_tag","embeddable":true,"href":"https:\/\/luchonoticias.com\/editor\/wp-json\/wp\/v2\/tags?post=53616"}],"curies":[{"name":"wp","href":"https:\/\/api.w.org\/{rel}","templated":true}]}}