{"id":53642,"date":"2023-06-01T05:55:28","date_gmt":"2023-06-01T10:55:28","guid":{"rendered":"https:\/\/luchonoticias.com\/?p=53642"},"modified":"2023-06-01T05:55:32","modified_gmt":"2023-06-01T10:55:32","slug":"capturado-por-el-hurto-de-un-celular-mediante-la-modalidad-de-atraco-en-isnos-huila","status":"publish","type":"post","link":"https:\/\/luchonoticias.com\/editor\/capturado-por-el-hurto-de-un-celular-mediante-la-modalidad-de-atraco-en-isnos-huila\/","title":{"rendered":"Capturado por el hurto de un celular mediante la modalidad de atraco en Isnos, Huila"},"content":{"rendered":"\n<p>Mientras la patrulla del cuadrante realizaba planes de revista y control por el barrio La Montilla, fueron abordados por una mujer pidiendo auxilio, se\u00f1al\u00e1ndole un hombre, qui\u00e9n, momentos antes la habr\u00eda intimidado con un cuchillo, hurt\u00e1ndole el celular.<\/p>\n\n\n\n<p>\u201cInmediatamente los uniformados abordaron el sujeto solicit\u00e1ndole un registro, el cual, se opuso al procedimiento, amenaz\u00e1ndolos e intimid\u00e1ndolos con un arma blanca. Ente la amenaza por parte del delincuente y aras de salvaguardar la vida, los polic\u00edas se vieron en la necesidad de utilizar el dispositivo el\u00e9ctrico de control logrando reducirlo y hallando en su poder el celular presuntamente hurtado, avaluado aproximadamente en 2 millones de pesos\u201d, indicaron las autoridades.<\/p>\n\n\n\n<p>En estos momentos este sujeto conocido como &#8216;Alex&#8217; est\u00e1 siendo presentado ante las autoridades competentes, como presunto responsable del delito de hurto calificado y agravado.<\/p>\n\n\n\n<p>Seg\u00fan el teniente Brayan Var\u00f3n, Comandante de la Estaci\u00f3n de Polic\u00eda Isnos, en lo corrido del a\u00f1o en el municipio se ha logrado una disminuci\u00f3n del -37% en el hurto a celulares&nbsp; y un -53% en el hurto a personas, gracias a las actividades operativas y preventivas que adelantan las patrullas del cuadrante en las zonas de mayor afluencia de personas en los d\u00edas m\u00e1s cr\u00edticos.<\/p>\n","protected":false},"excerpt":{"rendered":"<p>Mientras la patrulla del cuadrante realizaba planes de revista y control por el barrio La Montilla, fueron abordados por una mujer pidiendo auxilio, se\u00f1al\u00e1ndole un hombre, qui\u00e9n, momentos antes la habr\u00eda intimidado con un cuchillo, hurt\u00e1ndole el celular. \u201cInmediatamente los uniformados abordaron el sujeto solicit\u00e1ndole un registro, el cual, se opuso al procedimiento, amenaz\u00e1ndolos e [&hellip;]<\/p>\n","protected":false},"author":2,"featured_media":0,"comment_status":"open","ping_status":"open","sticky":false,"template":"","format":"standard","meta":{"footnotes":""},"categories":[36,29],"tags":[],"class_list":["post-53642","post","type-post","status-publish","format-standard","hentry","category-destacado","category-judicial"],"yoast_head":"<!-- This site is optimized with the Yoast SEO plugin v26.6 - https:\/\/yoast.com\/wordpress\/plugins\/seo\/ -->\n<title>Capturado por el hurto de un celular mediante la modalidad de atraco en Isnos, Huila -<\/title>\n<meta name=\"robots\" content=\"index, follow, max-snippet:-1, max-image-preview:large, max-video-preview:-1\" \/>\n<link rel=\"canonical\" href=\"https:\/\/luchonoticias.com\/editor\/capturado-por-el-hurto-de-un-celular-mediante-la-modalidad-de-atraco-en-isnos-huila\/\" \/>\n<meta property=\"og:locale\" content=\"es_ES\" \/>\n<meta property=\"og:type\" content=\"article\" \/>\n<meta property=\"og:title\" content=\"Capturado por el hurto de un celular mediante la modalidad de atraco en Isnos, Huila -\" \/>\n<meta property=\"og:url\" content=\"https:\/\/luchonoticias.com\/editor\/capturado-por-el-hurto-de-un-celular-mediante-la-modalidad-de-atraco-en-isnos-huila\/\" \/>\n<meta property=\"article:publisher\" content=\"https:\/\/www.facebook.com\/luchonoticiasneiva\" \/>\n<meta property=\"article:published_time\" content=\"2023-06-01T10:55:28+00:00\" \/>\n<meta property=\"article:modified_time\" content=\"2023-06-01T10:55:32+00:00\" \/>\n<meta name=\"author\" content=\"Editor General\" \/>\n<meta name=\"twitter:card\" content=\"summary_large_image\" \/>\n<meta name=\"twitter:label1\" content=\"Escrito por\" \/>\n\t<meta name=\"twitter:data1\" content=\"Editor General\" \/>\n\t<meta name=\"twitter:label2\" content=\"Tiempo de lectura\" \/>\n\t<meta name=\"twitter:data2\" content=\"1 minuto\" \/>\n<script type=\"application\/ld+json\" class=\"yoast-schema-graph\">{\"@context\":\"https:\/\/schema.org\",\"@graph\":[{\"@type\":\"Article\",\"@id\":\"https:\/\/luchonoticias.com\/editor\/capturado-por-el-hurto-de-un-celular-mediante-la-modalidad-de-atraco-en-isnos-huila\/#article\",\"isPartOf\":{\"@id\":\"https:\/\/luchonoticias.com\/editor\/capturado-por-el-hurto-de-un-celular-mediante-la-modalidad-de-atraco-en-isnos-huila\/\"},\"author\":{\"name\":\"Editor General\",\"@id\":\"https:\/\/luchonoticias.com\/editor\/#\/schema\/person\/29217990ddf6f14e35912b2866d591fb\"},\"headline\":\"Capturado por el hurto de un celular mediante la modalidad de atraco en Isnos, Huila\",\"datePublished\":\"2023-06-01T10:55:28+00:00\",\"dateModified\":\"2023-06-01T10:55:32+00:00\",\"mainEntityOfPage\":{\"@id\":\"https:\/\/luchonoticias.com\/editor\/capturado-por-el-hurto-de-un-celular-mediante-la-modalidad-de-atraco-en-isnos-huila\/\"},\"wordCount\":233,\"commentCount\":0,\"publisher\":{\"@id\":\"https:\/\/luchonoticias.com\/editor\/#\/schema\/person\/7a7fd911f58561fd056dbac7b55af9cd\"},\"articleSection\":[\"Destacado\",\"Judicial\"],\"inLanguage\":\"es\",\"potentialAction\":[{\"@type\":\"CommentAction\",\"name\":\"Comment\",\"target\":[\"https:\/\/luchonoticias.com\/editor\/capturado-por-el-hurto-de-un-celular-mediante-la-modalidad-de-atraco-en-isnos-huila\/#respond\"]}]},{\"@type\":\"WebPage\",\"@id\":\"https:\/\/luchonoticias.com\/editor\/capturado-por-el-hurto-de-un-celular-mediante-la-modalidad-de-atraco-en-isnos-huila\/\",\"url\":\"https:\/\/luchonoticias.com\/editor\/capturado-por-el-hurto-de-un-celular-mediante-la-modalidad-de-atraco-en-isnos-huila\/\",\"name\":\"Capturado por el hurto de un celular mediante la modalidad de atraco en Isnos, Huila -\",\"isPartOf\":{\"@id\":\"https:\/\/luchonoticias.com\/editor\/#website\"},\"datePublished\":\"2023-06-01T10:55:28+00:00\",\"dateModified\":\"2023-06-01T10:55:32+00:00\",\"breadcrumb\":{\"@id\":\"https:\/\/luchonoticias.com\/editor\/capturado-por-el-hurto-de-un-celular-mediante-la-modalidad-de-atraco-en-isnos-huila\/#breadcrumb\"},\"inLanguage\":\"es\",\"potentialAction\":[{\"@type\":\"ReadAction\",\"target\":[\"https:\/\/luchonoticias.com\/editor\/capturado-por-el-hurto-de-un-celular-mediante-la-modalidad-de-atraco-en-isnos-huila\/\"]}]},{\"@type\":\"BreadcrumbList\",\"@id\":\"https:\/\/luchonoticias.com\/editor\/capturado-por-el-hurto-de-un-celular-mediante-la-modalidad-de-atraco-en-isnos-huila\/#breadcrumb\",\"itemListElement\":[{\"@type\":\"ListItem\",\"position\":1,\"name\":\"Portada\",\"item\":\"https:\/\/luchonoticias.com\/editor\/\"},{\"@type\":\"ListItem\",\"position\":2,\"name\":\"Capturado por el hurto de un celular mediante la modalidad de atraco en Isnos, Huila\"}]},{\"@type\":\"WebSite\",\"@id\":\"https:\/\/luchonoticias.com\/editor\/#website\",\"url\":\"https:\/\/luchonoticias.com\/editor\/\",\"name\":\"\",\"description\":\"\",\"publisher\":{\"@id\":\"https:\/\/luchonoticias.com\/editor\/#\/schema\/person\/7a7fd911f58561fd056dbac7b55af9cd\"},\"potentialAction\":[{\"@type\":\"SearchAction\",\"target\":{\"@type\":\"EntryPoint\",\"urlTemplate\":\"https:\/\/luchonoticias.com\/editor\/?s={search_term_string}\"},\"query-input\":{\"@type\":\"PropertyValueSpecification\",\"valueRequired\":true,\"valueName\":\"search_term_string\"}}],\"inLanguage\":\"es\"},{\"@type\":[\"Person\",\"Organization\"],\"@id\":\"https:\/\/luchonoticias.com\/editor\/#\/schema\/person\/7a7fd911f58561fd056dbac7b55af9cd\",\"name\":\"admin\",\"image\":{\"@type\":\"ImageObject\",\"inLanguage\":\"es\",\"@id\":\"https:\/\/luchonoticias.com\/editor\/#\/schema\/person\/image\/\",\"url\":\"https:\/\/luchonoticias.com\/editor\/wp-content\/uploads\/2024\/02\/cropped-cropped-logolu.webp\",\"contentUrl\":\"https:\/\/luchonoticias.com\/editor\/wp-content\/uploads\/2024\/02\/cropped-cropped-logolu.webp\",\"width\":382,\"height\":170,\"caption\":\"admin\"},\"logo\":{\"@id\":\"https:\/\/luchonoticias.com\/editor\/#\/schema\/person\/image\/\"},\"sameAs\":[\"https:\/\/www.facebook.com\/luchonoticiasneiva\"]},{\"@type\":\"Person\",\"@id\":\"https:\/\/luchonoticias.com\/editor\/#\/schema\/person\/29217990ddf6f14e35912b2866d591fb\",\"name\":\"Editor General\",\"image\":{\"@type\":\"ImageObject\",\"inLanguage\":\"es\",\"@id\":\"https:\/\/luchonoticias.com\/editor\/#\/schema\/person\/image\/\",\"url\":\"https:\/\/luchonoticias.com\/editor\/wp-content\/uploads\/2024\/02\/cropped-cropped-logolu-150x150.webp\",\"contentUrl\":\"https:\/\/luchonoticias.com\/editor\/wp-content\/uploads\/2024\/02\/cropped-cropped-logolu-150x150.webp\",\"caption\":\"Editor General\"},\"sameAs\":[\"https:\/\/luchonoticias.com\/\"],\"url\":\"https:\/\/luchonoticias.com\/editor\/author\/editor-general\/\"}]}<\/script>\n<!-- \/ Yoast SEO plugin. -->","yoast_head_json":{"title":"Capturado por el hurto de un celular mediante la modalidad de atraco en Isnos, Huila -","robots":{"index":"index","follow":"follow","max-snippet":"max-snippet:-1","max-image-preview":"max-image-preview:large","max-video-preview":"max-video-preview:-1"},"canonical":"https:\/\/luchonoticias.com\/editor\/capturado-por-el-hurto-de-un-celular-mediante-la-modalidad-de-atraco-en-isnos-huila\/","og_locale":"es_ES","og_type":"article","og_title":"Capturado por el hurto de un celular mediante la modalidad de atraco en Isnos, Huila -","og_url":"https:\/\/luchonoticias.com\/editor\/capturado-por-el-hurto-de-un-celular-mediante-la-modalidad-de-atraco-en-isnos-huila\/","article_publisher":"https:\/\/www.facebook.com\/luchonoticiasneiva","article_published_time":"2023-06-01T10:55:28+00:00","article_modified_time":"2023-06-01T10:55:32+00:00","author":"Editor General","twitter_card":"summary_large_image","twitter_misc":{"Escrito por":"Editor General","Tiempo de lectura":"1 minuto"},"schema":{"@context":"https:\/\/schema.org","@graph":[{"@type":"Article","@id":"https:\/\/luchonoticias.com\/editor\/capturado-por-el-hurto-de-un-celular-mediante-la-modalidad-de-atraco-en-isnos-huila\/#article","isPartOf":{"@id":"https:\/\/luchonoticias.com\/editor\/capturado-por-el-hurto-de-un-celular-mediante-la-modalidad-de-atraco-en-isnos-huila\/"},"author":{"name":"Editor General","@id":"https:\/\/luchonoticias.com\/editor\/#\/schema\/person\/29217990ddf6f14e35912b2866d591fb"},"headline":"Capturado por el hurto de un celular mediante la modalidad de atraco en Isnos, Huila","datePublished":"2023-06-01T10:55:28+00:00","dateModified":"2023-06-01T10:55:32+00:00","mainEntityOfPage":{"@id":"https:\/\/luchonoticias.com\/editor\/capturado-por-el-hurto-de-un-celular-mediante-la-modalidad-de-atraco-en-isnos-huila\/"},"wordCount":233,"commentCount":0,"publisher":{"@id":"https:\/\/luchonoticias.com\/editor\/#\/schema\/person\/7a7fd911f58561fd056dbac7b55af9cd"},"articleSection":["Destacado","Judicial"],"inLanguage":"es","potentialAction":[{"@type":"CommentAction","name":"Comment","target":["https:\/\/luchonoticias.com\/editor\/capturado-por-el-hurto-de-un-celular-mediante-la-modalidad-de-atraco-en-isnos-huila\/#respond"]}]},{"@type":"WebPage","@id":"https:\/\/luchonoticias.com\/editor\/capturado-por-el-hurto-de-un-celular-mediante-la-modalidad-de-atraco-en-isnos-huila\/","url":"https:\/\/luchonoticias.com\/editor\/capturado-por-el-hurto-de-un-celular-mediante-la-modalidad-de-atraco-en-isnos-huila\/","name":"Capturado por el hurto de un celular mediante la modalidad de atraco en Isnos, Huila -","isPartOf":{"@id":"https:\/\/luchonoticias.com\/editor\/#website"},"datePublished":"2023-06-01T10:55:28+00:00","dateModified":"2023-06-01T10:55:32+00:00","breadcrumb":{"@id":"https:\/\/luchonoticias.com\/editor\/capturado-por-el-hurto-de-un-celular-mediante-la-modalidad-de-atraco-en-isnos-huila\/#breadcrumb"},"inLanguage":"es","potentialAction":[{"@type":"ReadAction","target":["https:\/\/luchonoticias.com\/editor\/capturado-por-el-hurto-de-un-celular-mediante-la-modalidad-de-atraco-en-isnos-huila\/"]}]},{"@type":"BreadcrumbList","@id":"https:\/\/luchonoticias.com\/editor\/capturado-por-el-hurto-de-un-celular-mediante-la-modalidad-de-atraco-en-isnos-huila\/#breadcrumb","itemListElement":[{"@type":"ListItem","position":1,"name":"Portada","item":"https:\/\/luchonoticias.com\/editor\/"},{"@type":"ListItem","position":2,"name":"Capturado por el hurto de un celular mediante la modalidad de atraco en Isnos, Huila"}]},{"@type":"WebSite","@id":"https:\/\/luchonoticias.com\/editor\/#website","url":"https:\/\/luchonoticias.com\/editor\/","name":"","description":"","publisher":{"@id":"https:\/\/luchonoticias.com\/editor\/#\/schema\/person\/7a7fd911f58561fd056dbac7b55af9cd"},"potentialAction":[{"@type":"SearchAction","target":{"@type":"EntryPoint","urlTemplate":"https:\/\/luchonoticias.com\/editor\/?s={search_term_string}"},"query-input":{"@type":"PropertyValueSpecification","valueRequired":true,"valueName":"search_term_string"}}],"inLanguage":"es"},{"@type":["Person","Organization"],"@id":"https:\/\/luchonoticias.com\/editor\/#\/schema\/person\/7a7fd911f58561fd056dbac7b55af9cd","name":"admin","image":{"@type":"ImageObject","inLanguage":"es","@id":"https:\/\/luchonoticias.com\/editor\/#\/schema\/person\/image\/","url":"https:\/\/luchonoticias.com\/editor\/wp-content\/uploads\/2024\/02\/cropped-cropped-logolu.webp","contentUrl":"https:\/\/luchonoticias.com\/editor\/wp-content\/uploads\/2024\/02\/cropped-cropped-logolu.webp","width":382,"height":170,"caption":"admin"},"logo":{"@id":"https:\/\/luchonoticias.com\/editor\/#\/schema\/person\/image\/"},"sameAs":["https:\/\/www.facebook.com\/luchonoticiasneiva"]},{"@type":"Person","@id":"https:\/\/luchonoticias.com\/editor\/#\/schema\/person\/29217990ddf6f14e35912b2866d591fb","name":"Editor General","image":{"@type":"ImageObject","inLanguage":"es","@id":"https:\/\/luchonoticias.com\/editor\/#\/schema\/person\/image\/","url":"https:\/\/luchonoticias.com\/editor\/wp-content\/uploads\/2024\/02\/cropped-cropped-logolu-150x150.webp","contentUrl":"https:\/\/luchonoticias.com\/editor\/wp-content\/uploads\/2024\/02\/cropped-cropped-logolu-150x150.webp","caption":"Editor General"},"sameAs":["https:\/\/luchonoticias.com\/"],"url":"https:\/\/luchonoticias.com\/editor\/author\/editor-general\/"}]}},"_links":{"self":[{"href":"https:\/\/luchonoticias.com\/editor\/wp-json\/wp\/v2\/posts\/53642","targetHints":{"allow":["GET"]}}],"collection":[{"href":"https:\/\/luchonoticias.com\/editor\/wp-json\/wp\/v2\/posts"}],"about":[{"href":"https:\/\/luchonoticias.com\/editor\/wp-json\/wp\/v2\/types\/post"}],"author":[{"embeddable":true,"href":"https:\/\/luchonoticias.com\/editor\/wp-json\/wp\/v2\/users\/2"}],"replies":[{"embeddable":true,"href":"https:\/\/luchonoticias.com\/editor\/wp-json\/wp\/v2\/comments?post=53642"}],"version-history":[{"count":0,"href":"https:\/\/luchonoticias.com\/editor\/wp-json\/wp\/v2\/posts\/53642\/revisions"}],"wp:attachment":[{"href":"https:\/\/luchonoticias.com\/editor\/wp-json\/wp\/v2\/media?parent=53642"}],"wp:term":[{"taxonomy":"category","embeddable":true,"href":"https:\/\/luchonoticias.com\/editor\/wp-json\/wp\/v2\/categories?post=53642"},{"taxonomy":"post_tag","embeddable":true,"href":"https:\/\/luchonoticias.com\/editor\/wp-json\/wp\/v2\/tags?post=53642"}],"curies":[{"name":"wp","href":"https:\/\/api.w.org\/{rel}","templated":true}]}}