{"id":53653,"date":"2023-06-01T06:08:17","date_gmt":"2023-06-01T11:08:17","guid":{"rendered":"https:\/\/luchonoticias.com\/?p=53653"},"modified":"2023-06-01T06:08:21","modified_gmt":"2023-06-01T11:08:21","slug":"a-la-carcel-fue-enviado-docente-que-habria-abusado-de-cuatro-estudiantes-de-un-colegio-en-pitalito","status":"publish","type":"post","link":"https:\/\/luchonoticias.com\/editor\/a-la-carcel-fue-enviado-docente-que-habria-abusado-de-cuatro-estudiantes-de-un-colegio-en-pitalito\/","title":{"rendered":"A la c\u00e1rcel fue enviado docente que habr\u00eda abusado de cuatro estudiantes de un colegio en Pitalito"},"content":{"rendered":"\n<p>Una fiscal de Infancia y Adolescencia en Huila logr\u00f3 que un juez con funci\u00f3n de control de garant\u00edas de Pitalito impusiera medida de aseguramiento en centro carcelario contra el docente Deivis Fabi\u00e1n Su\u00e1rez Titimbo, investigado por presuntamente haber realizado tocamientos de \u00edndole sexual a cuatro estudiantes, menores de edad.<\/p>\n\n\n\n<p>Seg\u00fan la investigaci\u00f3n, los hechos investigados ocurrieron durante el 2022 y se habr\u00edan prolongado hasta marzo de 2023. Los abusos se presentaron en una instituci\u00f3n educativa situada zona rural del corregimiento Bruselas de Pitalito (Huila) donde el procesado, 37 a\u00f1os, se desempe\u00f1aba como profesor desde el 2021.<\/p>\n\n\n\n<p>El material de prueba recaudado determin\u00f3 Su\u00e1rez Titimbo habr\u00eda sometido a conductas sexuales a cuatro de sus estudiantes de 9, 10 y 11 a\u00f1os. A ra\u00edz de las investigaciones en su contra, el presunto agresor fue suspendido de su cargo.<\/p>\n\n\n\n<p>La denuncia instaurada por la madre de una de las v\u00edctimas de 10 a\u00f1os, se\u00f1ala el procesado, al parecer, cit\u00f3 al menor a la biblioteca del plantel educativo donde le habr\u00eda realizado tocamientos de \u00edndole sexual. Este hecho se cree ocurri\u00f3 en varias oportunidades en 2022.<\/p>\n\n\n\n<p>Otro hecho de violencia sexual se present\u00f3 en 2022 cuando un menor de 9 a\u00f1os fue requerido por el docente para que, supuestamente, resolviera una operaci\u00f3n matem\u00e1tica. Una vez cerca al tablero se indaga si el hombre toc\u00f3 las partes \u00edntimas del ni\u00f1o.<\/p>\n\n\n\n<p>El tercer caso involucrar\u00eda a un menor de 11 a\u00f1os a quien el investigado habr\u00eda sometido a tocamientos \u00edntimos en, al menos, 20 oportunidades; adem\u00e1s se cree la amenaz\u00f3 con castigos si se resist\u00eda a las agresiones.<\/p>\n\n\n\n<p>El cuarto agredido ser\u00eda un ni\u00f1o de 10 a\u00f1os, quien durante el presente a\u00f1o se vio obligada a quedarse a solas con el docente tras finalizar la clase. La joven debi\u00f3 soportar tocamientos en varias partes de su cuerpo.<\/p>\n\n\n\n<p>Por estos hechos la justicia emiti\u00f3 una orden de captura contra Su\u00e1rez Titimbo. La Polic\u00eda Nacional detuvo en Bogot\u00e1 al hombre, en un puesto de control de Migraci\u00f3n Colombia cuando intentaba viajar hacia M\u00e9xico.<\/p>\n\n\n\n<p>Una fiscal de Infancia y Adolescencia de Pitalito imput\u00f3 al procesado el delito de actos sexuales con menor de 14 a\u00f1os agravado, cargo que no acept\u00f3.<\/p>\n","protected":false},"excerpt":{"rendered":"<p>Una fiscal de Infancia y Adolescencia en Huila logr\u00f3 que un juez con funci\u00f3n de control de garant\u00edas de Pitalito impusiera medida de aseguramiento en centro carcelario contra el docente Deivis Fabi\u00e1n Su\u00e1rez Titimbo, investigado por presuntamente haber realizado tocamientos de \u00edndole sexual a cuatro estudiantes, menores de edad. Seg\u00fan la investigaci\u00f3n, los hechos investigados [&hellip;]<\/p>\n","protected":false},"author":2,"featured_media":0,"comment_status":"open","ping_status":"open","sticky":false,"template":"","format":"standard","meta":{"footnotes":""},"categories":[36,29],"tags":[],"class_list":["post-53653","post","type-post","status-publish","format-standard","hentry","category-destacado","category-judicial"],"yoast_head":"<!-- This site is optimized with the Yoast SEO plugin v26.6 - https:\/\/yoast.com\/wordpress\/plugins\/seo\/ -->\n<title>A la c\u00e1rcel fue enviado docente que habr\u00eda abusado de cuatro estudiantes de un colegio en Pitalito -<\/title>\n<meta name=\"robots\" content=\"index, follow, max-snippet:-1, max-image-preview:large, max-video-preview:-1\" \/>\n<link rel=\"canonical\" href=\"https:\/\/luchonoticias.com\/editor\/a-la-carcel-fue-enviado-docente-que-habria-abusado-de-cuatro-estudiantes-de-un-colegio-en-pitalito\/\" \/>\n<meta property=\"og:locale\" content=\"es_ES\" \/>\n<meta property=\"og:type\" content=\"article\" \/>\n<meta property=\"og:title\" content=\"A la c\u00e1rcel fue enviado docente que habr\u00eda abusado de cuatro estudiantes de un colegio en Pitalito -\" \/>\n<meta property=\"og:url\" content=\"https:\/\/luchonoticias.com\/editor\/a-la-carcel-fue-enviado-docente-que-habria-abusado-de-cuatro-estudiantes-de-un-colegio-en-pitalito\/\" \/>\n<meta property=\"article:publisher\" content=\"https:\/\/www.facebook.com\/luchonoticiasneiva\" \/>\n<meta property=\"article:published_time\" content=\"2023-06-01T11:08:17+00:00\" \/>\n<meta property=\"article:modified_time\" content=\"2023-06-01T11:08:21+00:00\" \/>\n<meta name=\"author\" content=\"Editor General\" \/>\n<meta name=\"twitter:card\" content=\"summary_large_image\" \/>\n<meta name=\"twitter:label1\" content=\"Escrito por\" \/>\n\t<meta name=\"twitter:data1\" content=\"Editor General\" \/>\n\t<meta name=\"twitter:label2\" content=\"Tiempo de lectura\" \/>\n\t<meta name=\"twitter:data2\" content=\"2 minutos\" \/>\n<script type=\"application\/ld+json\" class=\"yoast-schema-graph\">{\"@context\":\"https:\/\/schema.org\",\"@graph\":[{\"@type\":\"Article\",\"@id\":\"https:\/\/luchonoticias.com\/editor\/a-la-carcel-fue-enviado-docente-que-habria-abusado-de-cuatro-estudiantes-de-un-colegio-en-pitalito\/#article\",\"isPartOf\":{\"@id\":\"https:\/\/luchonoticias.com\/editor\/a-la-carcel-fue-enviado-docente-que-habria-abusado-de-cuatro-estudiantes-de-un-colegio-en-pitalito\/\"},\"author\":{\"name\":\"Editor General\",\"@id\":\"https:\/\/luchonoticias.com\/editor\/#\/schema\/person\/29217990ddf6f14e35912b2866d591fb\"},\"headline\":\"A la c\u00e1rcel fue enviado docente que habr\u00eda abusado de cuatro estudiantes de un colegio en Pitalito\",\"datePublished\":\"2023-06-01T11:08:17+00:00\",\"dateModified\":\"2023-06-01T11:08:21+00:00\",\"mainEntityOfPage\":{\"@id\":\"https:\/\/luchonoticias.com\/editor\/a-la-carcel-fue-enviado-docente-que-habria-abusado-de-cuatro-estudiantes-de-un-colegio-en-pitalito\/\"},\"wordCount\":401,\"commentCount\":0,\"publisher\":{\"@id\":\"https:\/\/luchonoticias.com\/editor\/#\/schema\/person\/7a7fd911f58561fd056dbac7b55af9cd\"},\"articleSection\":[\"Destacado\",\"Judicial\"],\"inLanguage\":\"es\",\"potentialAction\":[{\"@type\":\"CommentAction\",\"name\":\"Comment\",\"target\":[\"https:\/\/luchonoticias.com\/editor\/a-la-carcel-fue-enviado-docente-que-habria-abusado-de-cuatro-estudiantes-de-un-colegio-en-pitalito\/#respond\"]}]},{\"@type\":\"WebPage\",\"@id\":\"https:\/\/luchonoticias.com\/editor\/a-la-carcel-fue-enviado-docente-que-habria-abusado-de-cuatro-estudiantes-de-un-colegio-en-pitalito\/\",\"url\":\"https:\/\/luchonoticias.com\/editor\/a-la-carcel-fue-enviado-docente-que-habria-abusado-de-cuatro-estudiantes-de-un-colegio-en-pitalito\/\",\"name\":\"A la c\u00e1rcel fue enviado docente que habr\u00eda abusado de cuatro estudiantes de un colegio en Pitalito -\",\"isPartOf\":{\"@id\":\"https:\/\/luchonoticias.com\/editor\/#website\"},\"datePublished\":\"2023-06-01T11:08:17+00:00\",\"dateModified\":\"2023-06-01T11:08:21+00:00\",\"breadcrumb\":{\"@id\":\"https:\/\/luchonoticias.com\/editor\/a-la-carcel-fue-enviado-docente-que-habria-abusado-de-cuatro-estudiantes-de-un-colegio-en-pitalito\/#breadcrumb\"},\"inLanguage\":\"es\",\"potentialAction\":[{\"@type\":\"ReadAction\",\"target\":[\"https:\/\/luchonoticias.com\/editor\/a-la-carcel-fue-enviado-docente-que-habria-abusado-de-cuatro-estudiantes-de-un-colegio-en-pitalito\/\"]}]},{\"@type\":\"BreadcrumbList\",\"@id\":\"https:\/\/luchonoticias.com\/editor\/a-la-carcel-fue-enviado-docente-que-habria-abusado-de-cuatro-estudiantes-de-un-colegio-en-pitalito\/#breadcrumb\",\"itemListElement\":[{\"@type\":\"ListItem\",\"position\":1,\"name\":\"Portada\",\"item\":\"https:\/\/luchonoticias.com\/editor\/\"},{\"@type\":\"ListItem\",\"position\":2,\"name\":\"A la c\u00e1rcel fue enviado docente que habr\u00eda abusado de cuatro estudiantes de un colegio en Pitalito\"}]},{\"@type\":\"WebSite\",\"@id\":\"https:\/\/luchonoticias.com\/editor\/#website\",\"url\":\"https:\/\/luchonoticias.com\/editor\/\",\"name\":\"\",\"description\":\"\",\"publisher\":{\"@id\":\"https:\/\/luchonoticias.com\/editor\/#\/schema\/person\/7a7fd911f58561fd056dbac7b55af9cd\"},\"potentialAction\":[{\"@type\":\"SearchAction\",\"target\":{\"@type\":\"EntryPoint\",\"urlTemplate\":\"https:\/\/luchonoticias.com\/editor\/?s={search_term_string}\"},\"query-input\":{\"@type\":\"PropertyValueSpecification\",\"valueRequired\":true,\"valueName\":\"search_term_string\"}}],\"inLanguage\":\"es\"},{\"@type\":[\"Person\",\"Organization\"],\"@id\":\"https:\/\/luchonoticias.com\/editor\/#\/schema\/person\/7a7fd911f58561fd056dbac7b55af9cd\",\"name\":\"admin\",\"image\":{\"@type\":\"ImageObject\",\"inLanguage\":\"es\",\"@id\":\"https:\/\/luchonoticias.com\/editor\/#\/schema\/person\/image\/\",\"url\":\"https:\/\/luchonoticias.com\/editor\/wp-content\/uploads\/2024\/02\/cropped-cropped-logolu.webp\",\"contentUrl\":\"https:\/\/luchonoticias.com\/editor\/wp-content\/uploads\/2024\/02\/cropped-cropped-logolu.webp\",\"width\":382,\"height\":170,\"caption\":\"admin\"},\"logo\":{\"@id\":\"https:\/\/luchonoticias.com\/editor\/#\/schema\/person\/image\/\"},\"sameAs\":[\"https:\/\/www.facebook.com\/luchonoticiasneiva\"]},{\"@type\":\"Person\",\"@id\":\"https:\/\/luchonoticias.com\/editor\/#\/schema\/person\/29217990ddf6f14e35912b2866d591fb\",\"name\":\"Editor General\",\"image\":{\"@type\":\"ImageObject\",\"inLanguage\":\"es\",\"@id\":\"https:\/\/luchonoticias.com\/editor\/#\/schema\/person\/image\/\",\"url\":\"https:\/\/luchonoticias.com\/editor\/wp-content\/uploads\/2024\/02\/cropped-cropped-logolu-150x150.webp\",\"contentUrl\":\"https:\/\/luchonoticias.com\/editor\/wp-content\/uploads\/2024\/02\/cropped-cropped-logolu-150x150.webp\",\"caption\":\"Editor General\"},\"sameAs\":[\"https:\/\/luchonoticias.com\/\"],\"url\":\"https:\/\/luchonoticias.com\/editor\/author\/editor-general\/\"}]}<\/script>\n<!-- \/ Yoast SEO plugin. -->","yoast_head_json":{"title":"A la c\u00e1rcel fue enviado docente que habr\u00eda abusado de cuatro estudiantes de un colegio en Pitalito -","robots":{"index":"index","follow":"follow","max-snippet":"max-snippet:-1","max-image-preview":"max-image-preview:large","max-video-preview":"max-video-preview:-1"},"canonical":"https:\/\/luchonoticias.com\/editor\/a-la-carcel-fue-enviado-docente-que-habria-abusado-de-cuatro-estudiantes-de-un-colegio-en-pitalito\/","og_locale":"es_ES","og_type":"article","og_title":"A la c\u00e1rcel fue enviado docente que habr\u00eda abusado de cuatro estudiantes de un colegio en Pitalito -","og_url":"https:\/\/luchonoticias.com\/editor\/a-la-carcel-fue-enviado-docente-que-habria-abusado-de-cuatro-estudiantes-de-un-colegio-en-pitalito\/","article_publisher":"https:\/\/www.facebook.com\/luchonoticiasneiva","article_published_time":"2023-06-01T11:08:17+00:00","article_modified_time":"2023-06-01T11:08:21+00:00","author":"Editor General","twitter_card":"summary_large_image","twitter_misc":{"Escrito por":"Editor General","Tiempo de lectura":"2 minutos"},"schema":{"@context":"https:\/\/schema.org","@graph":[{"@type":"Article","@id":"https:\/\/luchonoticias.com\/editor\/a-la-carcel-fue-enviado-docente-que-habria-abusado-de-cuatro-estudiantes-de-un-colegio-en-pitalito\/#article","isPartOf":{"@id":"https:\/\/luchonoticias.com\/editor\/a-la-carcel-fue-enviado-docente-que-habria-abusado-de-cuatro-estudiantes-de-un-colegio-en-pitalito\/"},"author":{"name":"Editor General","@id":"https:\/\/luchonoticias.com\/editor\/#\/schema\/person\/29217990ddf6f14e35912b2866d591fb"},"headline":"A la c\u00e1rcel fue enviado docente que habr\u00eda abusado de cuatro estudiantes de un colegio en Pitalito","datePublished":"2023-06-01T11:08:17+00:00","dateModified":"2023-06-01T11:08:21+00:00","mainEntityOfPage":{"@id":"https:\/\/luchonoticias.com\/editor\/a-la-carcel-fue-enviado-docente-que-habria-abusado-de-cuatro-estudiantes-de-un-colegio-en-pitalito\/"},"wordCount":401,"commentCount":0,"publisher":{"@id":"https:\/\/luchonoticias.com\/editor\/#\/schema\/person\/7a7fd911f58561fd056dbac7b55af9cd"},"articleSection":["Destacado","Judicial"],"inLanguage":"es","potentialAction":[{"@type":"CommentAction","name":"Comment","target":["https:\/\/luchonoticias.com\/editor\/a-la-carcel-fue-enviado-docente-que-habria-abusado-de-cuatro-estudiantes-de-un-colegio-en-pitalito\/#respond"]}]},{"@type":"WebPage","@id":"https:\/\/luchonoticias.com\/editor\/a-la-carcel-fue-enviado-docente-que-habria-abusado-de-cuatro-estudiantes-de-un-colegio-en-pitalito\/","url":"https:\/\/luchonoticias.com\/editor\/a-la-carcel-fue-enviado-docente-que-habria-abusado-de-cuatro-estudiantes-de-un-colegio-en-pitalito\/","name":"A la c\u00e1rcel fue enviado docente que habr\u00eda abusado de cuatro estudiantes de un colegio en Pitalito -","isPartOf":{"@id":"https:\/\/luchonoticias.com\/editor\/#website"},"datePublished":"2023-06-01T11:08:17+00:00","dateModified":"2023-06-01T11:08:21+00:00","breadcrumb":{"@id":"https:\/\/luchonoticias.com\/editor\/a-la-carcel-fue-enviado-docente-que-habria-abusado-de-cuatro-estudiantes-de-un-colegio-en-pitalito\/#breadcrumb"},"inLanguage":"es","potentialAction":[{"@type":"ReadAction","target":["https:\/\/luchonoticias.com\/editor\/a-la-carcel-fue-enviado-docente-que-habria-abusado-de-cuatro-estudiantes-de-un-colegio-en-pitalito\/"]}]},{"@type":"BreadcrumbList","@id":"https:\/\/luchonoticias.com\/editor\/a-la-carcel-fue-enviado-docente-que-habria-abusado-de-cuatro-estudiantes-de-un-colegio-en-pitalito\/#breadcrumb","itemListElement":[{"@type":"ListItem","position":1,"name":"Portada","item":"https:\/\/luchonoticias.com\/editor\/"},{"@type":"ListItem","position":2,"name":"A la c\u00e1rcel fue enviado docente que habr\u00eda abusado de cuatro estudiantes de un colegio en Pitalito"}]},{"@type":"WebSite","@id":"https:\/\/luchonoticias.com\/editor\/#website","url":"https:\/\/luchonoticias.com\/editor\/","name":"","description":"","publisher":{"@id":"https:\/\/luchonoticias.com\/editor\/#\/schema\/person\/7a7fd911f58561fd056dbac7b55af9cd"},"potentialAction":[{"@type":"SearchAction","target":{"@type":"EntryPoint","urlTemplate":"https:\/\/luchonoticias.com\/editor\/?s={search_term_string}"},"query-input":{"@type":"PropertyValueSpecification","valueRequired":true,"valueName":"search_term_string"}}],"inLanguage":"es"},{"@type":["Person","Organization"],"@id":"https:\/\/luchonoticias.com\/editor\/#\/schema\/person\/7a7fd911f58561fd056dbac7b55af9cd","name":"admin","image":{"@type":"ImageObject","inLanguage":"es","@id":"https:\/\/luchonoticias.com\/editor\/#\/schema\/person\/image\/","url":"https:\/\/luchonoticias.com\/editor\/wp-content\/uploads\/2024\/02\/cropped-cropped-logolu.webp","contentUrl":"https:\/\/luchonoticias.com\/editor\/wp-content\/uploads\/2024\/02\/cropped-cropped-logolu.webp","width":382,"height":170,"caption":"admin"},"logo":{"@id":"https:\/\/luchonoticias.com\/editor\/#\/schema\/person\/image\/"},"sameAs":["https:\/\/www.facebook.com\/luchonoticiasneiva"]},{"@type":"Person","@id":"https:\/\/luchonoticias.com\/editor\/#\/schema\/person\/29217990ddf6f14e35912b2866d591fb","name":"Editor General","image":{"@type":"ImageObject","inLanguage":"es","@id":"https:\/\/luchonoticias.com\/editor\/#\/schema\/person\/image\/","url":"https:\/\/luchonoticias.com\/editor\/wp-content\/uploads\/2024\/02\/cropped-cropped-logolu-150x150.webp","contentUrl":"https:\/\/luchonoticias.com\/editor\/wp-content\/uploads\/2024\/02\/cropped-cropped-logolu-150x150.webp","caption":"Editor General"},"sameAs":["https:\/\/luchonoticias.com\/"],"url":"https:\/\/luchonoticias.com\/editor\/author\/editor-general\/"}]}},"_links":{"self":[{"href":"https:\/\/luchonoticias.com\/editor\/wp-json\/wp\/v2\/posts\/53653","targetHints":{"allow":["GET"]}}],"collection":[{"href":"https:\/\/luchonoticias.com\/editor\/wp-json\/wp\/v2\/posts"}],"about":[{"href":"https:\/\/luchonoticias.com\/editor\/wp-json\/wp\/v2\/types\/post"}],"author":[{"embeddable":true,"href":"https:\/\/luchonoticias.com\/editor\/wp-json\/wp\/v2\/users\/2"}],"replies":[{"embeddable":true,"href":"https:\/\/luchonoticias.com\/editor\/wp-json\/wp\/v2\/comments?post=53653"}],"version-history":[{"count":0,"href":"https:\/\/luchonoticias.com\/editor\/wp-json\/wp\/v2\/posts\/53653\/revisions"}],"wp:attachment":[{"href":"https:\/\/luchonoticias.com\/editor\/wp-json\/wp\/v2\/media?parent=53653"}],"wp:term":[{"taxonomy":"category","embeddable":true,"href":"https:\/\/luchonoticias.com\/editor\/wp-json\/wp\/v2\/categories?post=53653"},{"taxonomy":"post_tag","embeddable":true,"href":"https:\/\/luchonoticias.com\/editor\/wp-json\/wp\/v2\/tags?post=53653"}],"curies":[{"name":"wp","href":"https:\/\/api.w.org\/{rel}","templated":true}]}}