{"id":53656,"date":"2023-06-01T06:32:20","date_gmt":"2023-06-01T11:32:20","guid":{"rendered":"https:\/\/luchonoticias.com\/?p=53656"},"modified":"2023-06-01T06:32:27","modified_gmt":"2023-06-01T11:32:27","slug":"consejo-de-estado-rechazo-demanda-que-pedia-nulidad-de-la-cedula-digital-en-colombia","status":"publish","type":"post","link":"https:\/\/luchonoticias.com\/editor\/consejo-de-estado-rechazo-demanda-que-pedia-nulidad-de-la-cedula-digital-en-colombia\/","title":{"rendered":"Consejo de Estado rechaz\u00f3 demanda que ped\u00eda nulidad de la C\u00e9dula digital en Colombia"},"content":{"rendered":"\n<p>Al Consejo de Estado en diciembre de 2022, ya cuando en el pa\u00eds se hab\u00eda tramitado cerca 1.100.000 Cedulas Digitales, habr\u00eda llegado una demanda que ped\u00eda tumbar la c\u00e9dula digital, argumentando que la Corte Constitucional dijo que, \u201ctodo lo que se refiera a la identidad de las personas debe hacerse por Ley Estatutaria, y el registrador, Alexander Vega, regul\u00f3 la c\u00e9dula digital por medio de una circular\u201d, el alto tribunal tras analizar las argumentaciones, decidi\u00f3 rechazar la demanda que ped\u00eda su nulidad.<\/p>\n\n\n\n<p>Seg\u00fan el Consejo de Estado, su rechazo es que se determin\u00f3 que la acci\u00f3n estaba dirigida a la circular expedida el 5 de febrero de 2021 por la Registradur\u00eda Nacional del Estado Civil que explicaba todo el tr\u00e1mite de este documento.<\/p>\n\n\n\n<p>\u201cLa Circular Externa no tiene el alcance de acto administrativo, se limita a enterar a las entidades del Estado y a la comunidad en general las condiciones de expedici\u00f3n de mencionado documento de identidad. Se reitera que la Circular tiene como prop\u00f3sito orientar e informar sobre la adopci\u00f3n de la c\u00e9dula de ciudadan\u00eda digital, sustentada en la necesidad de incorporar las tecnolog\u00edas de la informaci\u00f3n y de las comunicaciones TICS en el documento de identificaci\u00f3n, aplicado en sus dos versiones (f\u00edsica y digital), en cuanto integra caracter\u00edsticas de seguridad y validaci\u00f3n a trav\u00e9s de los medios tecnol\u00f3gicos\u201d, se\u00f1ala la decisi\u00f3n.<\/p>\n\n\n\n<p>\u00bfQu\u00e9 beneficios trae la nueva c\u00e9dula digital para el ciudadano?<\/p>\n\n\n\n<p>Colombia requiere de una identificaci\u00f3n que sea la llave de acceso a los servicios ciudadanos digitales a cargo del Estado colombiano y a las dem\u00e1s entidades que ya prestan servicios a trav\u00e9s de internet.<\/p>\n\n\n\n<p>1. Mayor seguridad.<\/p>\n\n\n\n<p>2. Imposibilidad de falsificaci\u00f3n o adulteraci\u00f3n.<\/p>\n\n\n\n<p>3. Identificaci\u00f3n y autenticaci\u00f3n biom\u00e9trica.<\/p>\n\n\n\n<p>4. Identificaci\u00f3n no presencial en tr\u00e1mites a trav\u00e9s de la web.<\/p>\n\n\n\n<p>5. Evita la suplantaci\u00f3n o usurpaci\u00f3n de identidad.<\/p>\n\n\n\n<p>6. Garantiza la protecci\u00f3n de datos personales.<\/p>\n\n\n\n<p>7. Genera confianza en los tr\u00e1mites y servicios de las entidades p\u00fablicas y privadas.<\/p>\n\n\n\n<p>8. Permite la verificaci\u00f3n de identidad de forma segura por parte de las autoridades.<\/p>\n\n\n\n<p>Conozca mas sobre la C\u00e9dula digital: <a href=\"https:\/\/wapp.registraduria.gov.co\/identificacion\/cedula-digital\/#\">https:\/\/wapp.registraduria.gov.co\/identificacion\/cedula-digital\/#<\/a><\/p>\n","protected":false},"excerpt":{"rendered":"<p>Al Consejo de Estado en diciembre de 2022, ya cuando en el pa\u00eds se hab\u00eda tramitado cerca 1.100.000 Cedulas Digitales, habr\u00eda llegado una demanda que ped\u00eda tumbar la c\u00e9dula digital, argumentando que la Corte Constitucional dijo que, \u201ctodo lo que se refiera a la identidad de las personas debe hacerse por Ley Estatutaria, y el [&hellip;]<\/p>\n","protected":false},"author":2,"featured_media":0,"comment_status":"open","ping_status":"open","sticky":false,"template":"","format":"standard","meta":{"footnotes":""},"categories":[28,36],"tags":[],"class_list":["post-53656","post","type-post","status-publish","format-standard","hentry","category-actualidad","category-destacado"],"yoast_head":"<!-- This site is optimized with the Yoast SEO plugin v26.6 - https:\/\/yoast.com\/wordpress\/plugins\/seo\/ -->\n<title>Consejo de Estado rechaz\u00f3 demanda que ped\u00eda nulidad de la C\u00e9dula digital en Colombia -<\/title>\n<meta name=\"robots\" content=\"index, follow, max-snippet:-1, max-image-preview:large, max-video-preview:-1\" \/>\n<link rel=\"canonical\" href=\"https:\/\/luchonoticias.com\/editor\/consejo-de-estado-rechazo-demanda-que-pedia-nulidad-de-la-cedula-digital-en-colombia\/\" \/>\n<meta property=\"og:locale\" content=\"es_ES\" \/>\n<meta property=\"og:type\" content=\"article\" \/>\n<meta property=\"og:title\" content=\"Consejo de Estado rechaz\u00f3 demanda que ped\u00eda nulidad de la C\u00e9dula digital en Colombia -\" \/>\n<meta property=\"og:url\" content=\"https:\/\/luchonoticias.com\/editor\/consejo-de-estado-rechazo-demanda-que-pedia-nulidad-de-la-cedula-digital-en-colombia\/\" \/>\n<meta property=\"article:publisher\" content=\"https:\/\/www.facebook.com\/luchonoticiasneiva\" \/>\n<meta property=\"article:published_time\" content=\"2023-06-01T11:32:20+00:00\" \/>\n<meta property=\"article:modified_time\" content=\"2023-06-01T11:32:27+00:00\" \/>\n<meta name=\"author\" content=\"Editor General\" \/>\n<meta name=\"twitter:card\" content=\"summary_large_image\" \/>\n<meta name=\"twitter:label1\" content=\"Escrito por\" \/>\n\t<meta name=\"twitter:data1\" content=\"Editor General\" \/>\n\t<meta name=\"twitter:label2\" content=\"Tiempo de lectura\" \/>\n\t<meta name=\"twitter:data2\" content=\"2 minutos\" \/>\n<script type=\"application\/ld+json\" class=\"yoast-schema-graph\">{\"@context\":\"https:\/\/schema.org\",\"@graph\":[{\"@type\":\"Article\",\"@id\":\"https:\/\/luchonoticias.com\/editor\/consejo-de-estado-rechazo-demanda-que-pedia-nulidad-de-la-cedula-digital-en-colombia\/#article\",\"isPartOf\":{\"@id\":\"https:\/\/luchonoticias.com\/editor\/consejo-de-estado-rechazo-demanda-que-pedia-nulidad-de-la-cedula-digital-en-colombia\/\"},\"author\":{\"name\":\"Editor General\",\"@id\":\"https:\/\/luchonoticias.com\/editor\/#\/schema\/person\/29217990ddf6f14e35912b2866d591fb\"},\"headline\":\"Consejo de Estado rechaz\u00f3 demanda que ped\u00eda nulidad de la C\u00e9dula digital en Colombia\",\"datePublished\":\"2023-06-01T11:32:20+00:00\",\"dateModified\":\"2023-06-01T11:32:27+00:00\",\"mainEntityOfPage\":{\"@id\":\"https:\/\/luchonoticias.com\/editor\/consejo-de-estado-rechazo-demanda-que-pedia-nulidad-de-la-cedula-digital-en-colombia\/\"},\"wordCount\":397,\"commentCount\":0,\"publisher\":{\"@id\":\"https:\/\/luchonoticias.com\/editor\/#\/schema\/person\/7a7fd911f58561fd056dbac7b55af9cd\"},\"articleSection\":[\"Actualidad\",\"Destacado\"],\"inLanguage\":\"es\",\"potentialAction\":[{\"@type\":\"CommentAction\",\"name\":\"Comment\",\"target\":[\"https:\/\/luchonoticias.com\/editor\/consejo-de-estado-rechazo-demanda-que-pedia-nulidad-de-la-cedula-digital-en-colombia\/#respond\"]}]},{\"@type\":\"WebPage\",\"@id\":\"https:\/\/luchonoticias.com\/editor\/consejo-de-estado-rechazo-demanda-que-pedia-nulidad-de-la-cedula-digital-en-colombia\/\",\"url\":\"https:\/\/luchonoticias.com\/editor\/consejo-de-estado-rechazo-demanda-que-pedia-nulidad-de-la-cedula-digital-en-colombia\/\",\"name\":\"Consejo de Estado rechaz\u00f3 demanda que ped\u00eda nulidad de la C\u00e9dula digital en Colombia -\",\"isPartOf\":{\"@id\":\"https:\/\/luchonoticias.com\/editor\/#website\"},\"datePublished\":\"2023-06-01T11:32:20+00:00\",\"dateModified\":\"2023-06-01T11:32:27+00:00\",\"breadcrumb\":{\"@id\":\"https:\/\/luchonoticias.com\/editor\/consejo-de-estado-rechazo-demanda-que-pedia-nulidad-de-la-cedula-digital-en-colombia\/#breadcrumb\"},\"inLanguage\":\"es\",\"potentialAction\":[{\"@type\":\"ReadAction\",\"target\":[\"https:\/\/luchonoticias.com\/editor\/consejo-de-estado-rechazo-demanda-que-pedia-nulidad-de-la-cedula-digital-en-colombia\/\"]}]},{\"@type\":\"BreadcrumbList\",\"@id\":\"https:\/\/luchonoticias.com\/editor\/consejo-de-estado-rechazo-demanda-que-pedia-nulidad-de-la-cedula-digital-en-colombia\/#breadcrumb\",\"itemListElement\":[{\"@type\":\"ListItem\",\"position\":1,\"name\":\"Portada\",\"item\":\"https:\/\/luchonoticias.com\/editor\/\"},{\"@type\":\"ListItem\",\"position\":2,\"name\":\"Consejo de Estado rechaz\u00f3 demanda que ped\u00eda nulidad de la C\u00e9dula digital en Colombia\"}]},{\"@type\":\"WebSite\",\"@id\":\"https:\/\/luchonoticias.com\/editor\/#website\",\"url\":\"https:\/\/luchonoticias.com\/editor\/\",\"name\":\"\",\"description\":\"\",\"publisher\":{\"@id\":\"https:\/\/luchonoticias.com\/editor\/#\/schema\/person\/7a7fd911f58561fd056dbac7b55af9cd\"},\"potentialAction\":[{\"@type\":\"SearchAction\",\"target\":{\"@type\":\"EntryPoint\",\"urlTemplate\":\"https:\/\/luchonoticias.com\/editor\/?s={search_term_string}\"},\"query-input\":{\"@type\":\"PropertyValueSpecification\",\"valueRequired\":true,\"valueName\":\"search_term_string\"}}],\"inLanguage\":\"es\"},{\"@type\":[\"Person\",\"Organization\"],\"@id\":\"https:\/\/luchonoticias.com\/editor\/#\/schema\/person\/7a7fd911f58561fd056dbac7b55af9cd\",\"name\":\"admin\",\"image\":{\"@type\":\"ImageObject\",\"inLanguage\":\"es\",\"@id\":\"https:\/\/luchonoticias.com\/editor\/#\/schema\/person\/image\/\",\"url\":\"https:\/\/luchonoticias.com\/editor\/wp-content\/uploads\/2024\/02\/cropped-cropped-logolu.webp\",\"contentUrl\":\"https:\/\/luchonoticias.com\/editor\/wp-content\/uploads\/2024\/02\/cropped-cropped-logolu.webp\",\"width\":382,\"height\":170,\"caption\":\"admin\"},\"logo\":{\"@id\":\"https:\/\/luchonoticias.com\/editor\/#\/schema\/person\/image\/\"},\"sameAs\":[\"https:\/\/www.facebook.com\/luchonoticiasneiva\"]},{\"@type\":\"Person\",\"@id\":\"https:\/\/luchonoticias.com\/editor\/#\/schema\/person\/29217990ddf6f14e35912b2866d591fb\",\"name\":\"Editor General\",\"image\":{\"@type\":\"ImageObject\",\"inLanguage\":\"es\",\"@id\":\"https:\/\/luchonoticias.com\/editor\/#\/schema\/person\/image\/\",\"url\":\"https:\/\/luchonoticias.com\/editor\/wp-content\/uploads\/2024\/02\/cropped-cropped-logolu-150x150.webp\",\"contentUrl\":\"https:\/\/luchonoticias.com\/editor\/wp-content\/uploads\/2024\/02\/cropped-cropped-logolu-150x150.webp\",\"caption\":\"Editor General\"},\"sameAs\":[\"https:\/\/luchonoticias.com\/\"],\"url\":\"https:\/\/luchonoticias.com\/editor\/author\/editor-general\/\"}]}<\/script>\n<!-- \/ Yoast SEO plugin. -->","yoast_head_json":{"title":"Consejo de Estado rechaz\u00f3 demanda que ped\u00eda nulidad de la C\u00e9dula digital en Colombia -","robots":{"index":"index","follow":"follow","max-snippet":"max-snippet:-1","max-image-preview":"max-image-preview:large","max-video-preview":"max-video-preview:-1"},"canonical":"https:\/\/luchonoticias.com\/editor\/consejo-de-estado-rechazo-demanda-que-pedia-nulidad-de-la-cedula-digital-en-colombia\/","og_locale":"es_ES","og_type":"article","og_title":"Consejo de Estado rechaz\u00f3 demanda que ped\u00eda nulidad de la C\u00e9dula digital en Colombia -","og_url":"https:\/\/luchonoticias.com\/editor\/consejo-de-estado-rechazo-demanda-que-pedia-nulidad-de-la-cedula-digital-en-colombia\/","article_publisher":"https:\/\/www.facebook.com\/luchonoticiasneiva","article_published_time":"2023-06-01T11:32:20+00:00","article_modified_time":"2023-06-01T11:32:27+00:00","author":"Editor General","twitter_card":"summary_large_image","twitter_misc":{"Escrito por":"Editor General","Tiempo de lectura":"2 minutos"},"schema":{"@context":"https:\/\/schema.org","@graph":[{"@type":"Article","@id":"https:\/\/luchonoticias.com\/editor\/consejo-de-estado-rechazo-demanda-que-pedia-nulidad-de-la-cedula-digital-en-colombia\/#article","isPartOf":{"@id":"https:\/\/luchonoticias.com\/editor\/consejo-de-estado-rechazo-demanda-que-pedia-nulidad-de-la-cedula-digital-en-colombia\/"},"author":{"name":"Editor General","@id":"https:\/\/luchonoticias.com\/editor\/#\/schema\/person\/29217990ddf6f14e35912b2866d591fb"},"headline":"Consejo de Estado rechaz\u00f3 demanda que ped\u00eda nulidad de la C\u00e9dula digital en Colombia","datePublished":"2023-06-01T11:32:20+00:00","dateModified":"2023-06-01T11:32:27+00:00","mainEntityOfPage":{"@id":"https:\/\/luchonoticias.com\/editor\/consejo-de-estado-rechazo-demanda-que-pedia-nulidad-de-la-cedula-digital-en-colombia\/"},"wordCount":397,"commentCount":0,"publisher":{"@id":"https:\/\/luchonoticias.com\/editor\/#\/schema\/person\/7a7fd911f58561fd056dbac7b55af9cd"},"articleSection":["Actualidad","Destacado"],"inLanguage":"es","potentialAction":[{"@type":"CommentAction","name":"Comment","target":["https:\/\/luchonoticias.com\/editor\/consejo-de-estado-rechazo-demanda-que-pedia-nulidad-de-la-cedula-digital-en-colombia\/#respond"]}]},{"@type":"WebPage","@id":"https:\/\/luchonoticias.com\/editor\/consejo-de-estado-rechazo-demanda-que-pedia-nulidad-de-la-cedula-digital-en-colombia\/","url":"https:\/\/luchonoticias.com\/editor\/consejo-de-estado-rechazo-demanda-que-pedia-nulidad-de-la-cedula-digital-en-colombia\/","name":"Consejo de Estado rechaz\u00f3 demanda que ped\u00eda nulidad de la C\u00e9dula digital en Colombia -","isPartOf":{"@id":"https:\/\/luchonoticias.com\/editor\/#website"},"datePublished":"2023-06-01T11:32:20+00:00","dateModified":"2023-06-01T11:32:27+00:00","breadcrumb":{"@id":"https:\/\/luchonoticias.com\/editor\/consejo-de-estado-rechazo-demanda-que-pedia-nulidad-de-la-cedula-digital-en-colombia\/#breadcrumb"},"inLanguage":"es","potentialAction":[{"@type":"ReadAction","target":["https:\/\/luchonoticias.com\/editor\/consejo-de-estado-rechazo-demanda-que-pedia-nulidad-de-la-cedula-digital-en-colombia\/"]}]},{"@type":"BreadcrumbList","@id":"https:\/\/luchonoticias.com\/editor\/consejo-de-estado-rechazo-demanda-que-pedia-nulidad-de-la-cedula-digital-en-colombia\/#breadcrumb","itemListElement":[{"@type":"ListItem","position":1,"name":"Portada","item":"https:\/\/luchonoticias.com\/editor\/"},{"@type":"ListItem","position":2,"name":"Consejo de Estado rechaz\u00f3 demanda que ped\u00eda nulidad de la C\u00e9dula digital en Colombia"}]},{"@type":"WebSite","@id":"https:\/\/luchonoticias.com\/editor\/#website","url":"https:\/\/luchonoticias.com\/editor\/","name":"","description":"","publisher":{"@id":"https:\/\/luchonoticias.com\/editor\/#\/schema\/person\/7a7fd911f58561fd056dbac7b55af9cd"},"potentialAction":[{"@type":"SearchAction","target":{"@type":"EntryPoint","urlTemplate":"https:\/\/luchonoticias.com\/editor\/?s={search_term_string}"},"query-input":{"@type":"PropertyValueSpecification","valueRequired":true,"valueName":"search_term_string"}}],"inLanguage":"es"},{"@type":["Person","Organization"],"@id":"https:\/\/luchonoticias.com\/editor\/#\/schema\/person\/7a7fd911f58561fd056dbac7b55af9cd","name":"admin","image":{"@type":"ImageObject","inLanguage":"es","@id":"https:\/\/luchonoticias.com\/editor\/#\/schema\/person\/image\/","url":"https:\/\/luchonoticias.com\/editor\/wp-content\/uploads\/2024\/02\/cropped-cropped-logolu.webp","contentUrl":"https:\/\/luchonoticias.com\/editor\/wp-content\/uploads\/2024\/02\/cropped-cropped-logolu.webp","width":382,"height":170,"caption":"admin"},"logo":{"@id":"https:\/\/luchonoticias.com\/editor\/#\/schema\/person\/image\/"},"sameAs":["https:\/\/www.facebook.com\/luchonoticiasneiva"]},{"@type":"Person","@id":"https:\/\/luchonoticias.com\/editor\/#\/schema\/person\/29217990ddf6f14e35912b2866d591fb","name":"Editor General","image":{"@type":"ImageObject","inLanguage":"es","@id":"https:\/\/luchonoticias.com\/editor\/#\/schema\/person\/image\/","url":"https:\/\/luchonoticias.com\/editor\/wp-content\/uploads\/2024\/02\/cropped-cropped-logolu-150x150.webp","contentUrl":"https:\/\/luchonoticias.com\/editor\/wp-content\/uploads\/2024\/02\/cropped-cropped-logolu-150x150.webp","caption":"Editor General"},"sameAs":["https:\/\/luchonoticias.com\/"],"url":"https:\/\/luchonoticias.com\/editor\/author\/editor-general\/"}]}},"_links":{"self":[{"href":"https:\/\/luchonoticias.com\/editor\/wp-json\/wp\/v2\/posts\/53656","targetHints":{"allow":["GET"]}}],"collection":[{"href":"https:\/\/luchonoticias.com\/editor\/wp-json\/wp\/v2\/posts"}],"about":[{"href":"https:\/\/luchonoticias.com\/editor\/wp-json\/wp\/v2\/types\/post"}],"author":[{"embeddable":true,"href":"https:\/\/luchonoticias.com\/editor\/wp-json\/wp\/v2\/users\/2"}],"replies":[{"embeddable":true,"href":"https:\/\/luchonoticias.com\/editor\/wp-json\/wp\/v2\/comments?post=53656"}],"version-history":[{"count":0,"href":"https:\/\/luchonoticias.com\/editor\/wp-json\/wp\/v2\/posts\/53656\/revisions"}],"wp:attachment":[{"href":"https:\/\/luchonoticias.com\/editor\/wp-json\/wp\/v2\/media?parent=53656"}],"wp:term":[{"taxonomy":"category","embeddable":true,"href":"https:\/\/luchonoticias.com\/editor\/wp-json\/wp\/v2\/categories?post=53656"},{"taxonomy":"post_tag","embeddable":true,"href":"https:\/\/luchonoticias.com\/editor\/wp-json\/wp\/v2\/tags?post=53656"}],"curies":[{"name":"wp","href":"https:\/\/api.w.org\/{rel}","templated":true}]}}