{"id":53659,"date":"2023-06-01T08:06:11","date_gmt":"2023-06-01T13:06:11","guid":{"rendered":"https:\/\/luchonoticias.com\/?p=53659"},"modified":"2023-06-01T08:06:17","modified_gmt":"2023-06-01T13:06:17","slug":"en-cinco-dias-iniciara-el-ciclo-de-vacunacion-contra-fiebre-aftosa-en-colombia","status":"publish","type":"post","link":"https:\/\/luchonoticias.com\/editor\/en-cinco-dias-iniciara-el-ciclo-de-vacunacion-contra-fiebre-aftosa-en-colombia\/","title":{"rendered":"En cinco d\u00edas iniciar\u00e1 el ciclo de vacunaci\u00f3n contra fiebre aftosa en Colombia"},"content":{"rendered":"\n<p>Luego de haber recibido la certificaci\u00f3n de libre de fiebre aftosa con vacunaci\u00f3n en la \u00fanica zona que le hac\u00eda falta al pa\u00eds, Norte de Santander, todo est\u00e1 listo para que el pr\u00f3ximo lunes 5 de junio inicie en toda Colombia el primer ciclo de vacunaci\u00f3n de 2023 contra fiebre aftosa, brucelosis bovina y rabia de origen silvestre.<\/p>\n\n\n\n<p>El ciclo I de 2023 se estableci\u00f3 mediante Resoluci\u00f3n 04003 del 14 de abril del 2023 por el Instituto Colombiano Agropecuario (ICA), para ser desarrollado del 5 de junio al 19 de julio en todo el territorio nacional.<\/p>\n\n\n\n<p>\u201cEsta actividad de prevenci\u00f3n contra las enfermedades de control oficial en las especies bovina y bufalina como son fiebre aftosa, brucelosis bovina y rabia de origen silvestre tiene como objetivo mantener el estatus sanitario del pa\u00eds, fortalecer la sanidad animal y preservar el crecimiento de la econom\u00eda nacional\u201d, sostuvo Juan Fernando Roa, gerente general (e) del ICA.<\/p>\n\n\n\n<p><strong>Alianza p\u00fablico-privada entre ICA y FEDEG\u00c1N-FNG<\/strong><\/p>\n\n\n\n<p>El ciclo de vacunaci\u00f3n se llevar\u00e1 a cabo en alianza p\u00fablico-privada entre el ICA y la Federaci\u00f3n Colombiana de Ganaderos (FEDEG\u00c1N), gremio administrador de los recursos parafiscales del Fondo Nacional del Ganado (FNG).<\/p>\n\n\n\n<p>\u201cLa invitaci\u00f3n es a todos los productores de ganado bovino y bufalino a cumplir con la obligaci\u00f3n de vacunar, proteger y blindar a todos los animales de sus hatos respectivos durante el periodo establecido, para que garanticen el debido desarrollo natural y conserven la salud de sus animales\u201d, agreg\u00f3 Juan Fernando Roa.<\/p>\n\n\n\n<p>La vacunaci\u00f3n debe llevarse a cabo en todas las regiones del pa\u00eds, a excepci\u00f3n de las zonas que tienen el estatus de libre de fiebre aftosa sin vacunaci\u00f3n, es decir, Archipi\u00e9lago de San Andr\u00e9s, Providencia y Santa Catalina, las islas de Gorgona y Malpelo y el Urab\u00e1 Chocoano, conformado por los municipios de Acand\u00ed, Bah\u00eda Solano, Bojay\u00e1, Carmen del Dari\u00e9n (margen izquierda del r\u00edo Atrato), Jurad\u00f3, R\u00edosucio (margen izquierda del r\u00edo Atrato) y Ungu\u00eda.<\/p>\n\n\n\n<p><strong>Proteger 29,6 millones de animales<\/strong><\/p>\n\n\n\n<p>\u201cLa meta es proteger 29,6 millones de animales\u201d, puntualiz\u00f3 el gerente general (e) del ICA, quien agreg\u00f3 que el ciclo ser\u00e1 ejecutado por FEDEG\u00c1N en su condici\u00f3n de entidad administradora de las cuotas de fomento ganadero y lechero con un equipo cercano a 5000 personas entre los que se encuentran 93 Organizaciones Ejecutoras Ganaderas (OEGA), m\u00e1s de 800 programadores, cerca de 1900 vacunadores y otros profesionales.<\/p>\n\n\n\n<p>\u201cTenemos el reto de proteger una poblaci\u00f3n marco de 29,6 millones de animales en 615.353 predios rurales dedicados a la producci\u00f3n ganadera a lo largo y ancho del territorio colombiano,\u201d, dijo Jos\u00e9 De Silvestri, gerente t\u00e9cnico de FEDEG\u00c1N y directo responsable de la ejecuci\u00f3n del ciclo.<\/p>\n\n\n\n<p>El diligenciamiento de los registros administrativos durante el desarrollo del ciclo, correspondiente al Registro \u00danico de Vacunaci\u00f3n (RUV), Programaci\u00f3n de Vacunaci\u00f3n a Predio Pecuario (PVPP) y Acta de Predio No Vacunado (APNV) se realizar\u00e1 de manera digital, cada vacunador llevar\u00e1 consigo un Dispositivo M\u00f3vil de Captura (DMC) que le permitir\u00e1 procesar la informaci\u00f3n del predio, en tiempo real.<\/p>\n\n\n\n<p><strong>Aftosa, brucelosis y rabia de origen silvestre<\/strong><\/p>\n\n\n\n<p>\u201cUn elemento adicional, es que el ganadero tendr\u00e1 la oportunidad de gestionar su respectiva programaci\u00f3n de vacunaci\u00f3n de manera virtual a trav\u00e9s de un solo procedimiento que ser\u00e1 mediante una llamada autom\u00e1tica robot procedente de Fedegan del n\u00famero \u00fanico 6019194900\u201d, inform\u00f3 Jos\u00e9 De Silvestri, gerente t\u00e9cnico de FEDEG\u00c1N-FNG.<\/p>\n\n\n\n<p>Es importante recordar que la vacunaci\u00f3n de la totalidad de los animales en cada uno de los predios mejora la inmunidad de reba\u00f1o a nivel pa\u00eds, el ciclo de vacunaci\u00f3n es de 45 d\u00edas ininterrumpidos, y se debe contar con el compromiso de todos los ganaderos para realizar la vacunaci\u00f3n y cumplir con la estrategia global para el control y erradicaci\u00f3n de la fiebre aftosa.<\/p>\n\n\n\n<p>Tambi\u00e9n se desarrollar\u00e1 la vacunaci\u00f3n de hembras bovinas y bufalinas contra brucelosis bovina en edades comprendidas entre los 3 y los 9 meses de edad, utilizando la vacuna Cepa 19 o Cepa RB51.<\/p>\n\n\n\n<p>Asimismo, se debe vacunar contra la rabia de origen silvestre en las zonas de riesgo establecidas por el ICA.<\/p>\n","protected":false},"excerpt":{"rendered":"<p>Luego de haber recibido la certificaci\u00f3n de libre de fiebre aftosa con vacunaci\u00f3n en la \u00fanica zona que le hac\u00eda falta al pa\u00eds, Norte de Santander, todo est\u00e1 listo para que el pr\u00f3ximo lunes 5 de junio inicie en toda Colombia el primer ciclo de vacunaci\u00f3n de 2023 contra fiebre aftosa, brucelosis bovina y rabia [&hellip;]<\/p>\n","protected":false},"author":2,"featured_media":0,"comment_status":"open","ping_status":"open","sticky":false,"template":"","format":"standard","meta":{"footnotes":""},"categories":[28,36],"tags":[],"class_list":["post-53659","post","type-post","status-publish","format-standard","hentry","category-actualidad","category-destacado"],"yoast_head":"<!-- This site is optimized with the Yoast SEO plugin v26.6 - https:\/\/yoast.com\/wordpress\/plugins\/seo\/ -->\n<title>En cinco d\u00edas iniciar\u00e1 el ciclo de vacunaci\u00f3n contra fiebre aftosa en Colombia -<\/title>\n<meta name=\"robots\" content=\"index, follow, max-snippet:-1, max-image-preview:large, max-video-preview:-1\" \/>\n<link rel=\"canonical\" href=\"https:\/\/luchonoticias.com\/editor\/en-cinco-dias-iniciara-el-ciclo-de-vacunacion-contra-fiebre-aftosa-en-colombia\/\" \/>\n<meta property=\"og:locale\" content=\"es_ES\" \/>\n<meta property=\"og:type\" content=\"article\" \/>\n<meta property=\"og:title\" content=\"En cinco d\u00edas iniciar\u00e1 el ciclo de vacunaci\u00f3n contra fiebre aftosa en Colombia -\" \/>\n<meta property=\"og:url\" content=\"https:\/\/luchonoticias.com\/editor\/en-cinco-dias-iniciara-el-ciclo-de-vacunacion-contra-fiebre-aftosa-en-colombia\/\" \/>\n<meta property=\"article:publisher\" content=\"https:\/\/www.facebook.com\/luchonoticiasneiva\" \/>\n<meta property=\"article:published_time\" content=\"2023-06-01T13:06:11+00:00\" \/>\n<meta property=\"article:modified_time\" content=\"2023-06-01T13:06:17+00:00\" \/>\n<meta name=\"author\" content=\"Editor General\" \/>\n<meta name=\"twitter:card\" content=\"summary_large_image\" \/>\n<meta name=\"twitter:label1\" content=\"Escrito por\" \/>\n\t<meta name=\"twitter:data1\" content=\"Editor General\" \/>\n\t<meta name=\"twitter:label2\" content=\"Tiempo de lectura\" \/>\n\t<meta name=\"twitter:data2\" content=\"4 minutos\" \/>\n<script type=\"application\/ld+json\" class=\"yoast-schema-graph\">{\"@context\":\"https:\/\/schema.org\",\"@graph\":[{\"@type\":\"Article\",\"@id\":\"https:\/\/luchonoticias.com\/editor\/en-cinco-dias-iniciara-el-ciclo-de-vacunacion-contra-fiebre-aftosa-en-colombia\/#article\",\"isPartOf\":{\"@id\":\"https:\/\/luchonoticias.com\/editor\/en-cinco-dias-iniciara-el-ciclo-de-vacunacion-contra-fiebre-aftosa-en-colombia\/\"},\"author\":{\"name\":\"Editor General\",\"@id\":\"https:\/\/luchonoticias.com\/editor\/#\/schema\/person\/29217990ddf6f14e35912b2866d591fb\"},\"headline\":\"En cinco d\u00edas iniciar\u00e1 el ciclo de vacunaci\u00f3n contra fiebre aftosa en Colombia\",\"datePublished\":\"2023-06-01T13:06:11+00:00\",\"dateModified\":\"2023-06-01T13:06:17+00:00\",\"mainEntityOfPage\":{\"@id\":\"https:\/\/luchonoticias.com\/editor\/en-cinco-dias-iniciara-el-ciclo-de-vacunacion-contra-fiebre-aftosa-en-colombia\/\"},\"wordCount\":718,\"commentCount\":0,\"publisher\":{\"@id\":\"https:\/\/luchonoticias.com\/editor\/#\/schema\/person\/7a7fd911f58561fd056dbac7b55af9cd\"},\"articleSection\":[\"Actualidad\",\"Destacado\"],\"inLanguage\":\"es\",\"potentialAction\":[{\"@type\":\"CommentAction\",\"name\":\"Comment\",\"target\":[\"https:\/\/luchonoticias.com\/editor\/en-cinco-dias-iniciara-el-ciclo-de-vacunacion-contra-fiebre-aftosa-en-colombia\/#respond\"]}]},{\"@type\":\"WebPage\",\"@id\":\"https:\/\/luchonoticias.com\/editor\/en-cinco-dias-iniciara-el-ciclo-de-vacunacion-contra-fiebre-aftosa-en-colombia\/\",\"url\":\"https:\/\/luchonoticias.com\/editor\/en-cinco-dias-iniciara-el-ciclo-de-vacunacion-contra-fiebre-aftosa-en-colombia\/\",\"name\":\"En cinco d\u00edas iniciar\u00e1 el ciclo de vacunaci\u00f3n contra fiebre aftosa en Colombia -\",\"isPartOf\":{\"@id\":\"https:\/\/luchonoticias.com\/editor\/#website\"},\"datePublished\":\"2023-06-01T13:06:11+00:00\",\"dateModified\":\"2023-06-01T13:06:17+00:00\",\"breadcrumb\":{\"@id\":\"https:\/\/luchonoticias.com\/editor\/en-cinco-dias-iniciara-el-ciclo-de-vacunacion-contra-fiebre-aftosa-en-colombia\/#breadcrumb\"},\"inLanguage\":\"es\",\"potentialAction\":[{\"@type\":\"ReadAction\",\"target\":[\"https:\/\/luchonoticias.com\/editor\/en-cinco-dias-iniciara-el-ciclo-de-vacunacion-contra-fiebre-aftosa-en-colombia\/\"]}]},{\"@type\":\"BreadcrumbList\",\"@id\":\"https:\/\/luchonoticias.com\/editor\/en-cinco-dias-iniciara-el-ciclo-de-vacunacion-contra-fiebre-aftosa-en-colombia\/#breadcrumb\",\"itemListElement\":[{\"@type\":\"ListItem\",\"position\":1,\"name\":\"Portada\",\"item\":\"https:\/\/luchonoticias.com\/editor\/\"},{\"@type\":\"ListItem\",\"position\":2,\"name\":\"En cinco d\u00edas iniciar\u00e1 el ciclo de vacunaci\u00f3n contra fiebre aftosa en Colombia\"}]},{\"@type\":\"WebSite\",\"@id\":\"https:\/\/luchonoticias.com\/editor\/#website\",\"url\":\"https:\/\/luchonoticias.com\/editor\/\",\"name\":\"\",\"description\":\"\",\"publisher\":{\"@id\":\"https:\/\/luchonoticias.com\/editor\/#\/schema\/person\/7a7fd911f58561fd056dbac7b55af9cd\"},\"potentialAction\":[{\"@type\":\"SearchAction\",\"target\":{\"@type\":\"EntryPoint\",\"urlTemplate\":\"https:\/\/luchonoticias.com\/editor\/?s={search_term_string}\"},\"query-input\":{\"@type\":\"PropertyValueSpecification\",\"valueRequired\":true,\"valueName\":\"search_term_string\"}}],\"inLanguage\":\"es\"},{\"@type\":[\"Person\",\"Organization\"],\"@id\":\"https:\/\/luchonoticias.com\/editor\/#\/schema\/person\/7a7fd911f58561fd056dbac7b55af9cd\",\"name\":\"admin\",\"image\":{\"@type\":\"ImageObject\",\"inLanguage\":\"es\",\"@id\":\"https:\/\/luchonoticias.com\/editor\/#\/schema\/person\/image\/\",\"url\":\"https:\/\/luchonoticias.com\/editor\/wp-content\/uploads\/2024\/02\/cropped-cropped-logolu.webp\",\"contentUrl\":\"https:\/\/luchonoticias.com\/editor\/wp-content\/uploads\/2024\/02\/cropped-cropped-logolu.webp\",\"width\":382,\"height\":170,\"caption\":\"admin\"},\"logo\":{\"@id\":\"https:\/\/luchonoticias.com\/editor\/#\/schema\/person\/image\/\"},\"sameAs\":[\"https:\/\/www.facebook.com\/luchonoticiasneiva\"]},{\"@type\":\"Person\",\"@id\":\"https:\/\/luchonoticias.com\/editor\/#\/schema\/person\/29217990ddf6f14e35912b2866d591fb\",\"name\":\"Editor General\",\"image\":{\"@type\":\"ImageObject\",\"inLanguage\":\"es\",\"@id\":\"https:\/\/luchonoticias.com\/editor\/#\/schema\/person\/image\/\",\"url\":\"https:\/\/luchonoticias.com\/editor\/wp-content\/uploads\/2024\/02\/cropped-cropped-logolu-150x150.webp\",\"contentUrl\":\"https:\/\/luchonoticias.com\/editor\/wp-content\/uploads\/2024\/02\/cropped-cropped-logolu-150x150.webp\",\"caption\":\"Editor General\"},\"sameAs\":[\"https:\/\/luchonoticias.com\/\"],\"url\":\"https:\/\/luchonoticias.com\/editor\/author\/editor-general\/\"}]}<\/script>\n<!-- \/ Yoast SEO plugin. -->","yoast_head_json":{"title":"En cinco d\u00edas iniciar\u00e1 el ciclo de vacunaci\u00f3n contra fiebre aftosa en Colombia -","robots":{"index":"index","follow":"follow","max-snippet":"max-snippet:-1","max-image-preview":"max-image-preview:large","max-video-preview":"max-video-preview:-1"},"canonical":"https:\/\/luchonoticias.com\/editor\/en-cinco-dias-iniciara-el-ciclo-de-vacunacion-contra-fiebre-aftosa-en-colombia\/","og_locale":"es_ES","og_type":"article","og_title":"En cinco d\u00edas iniciar\u00e1 el ciclo de vacunaci\u00f3n contra fiebre aftosa en Colombia -","og_url":"https:\/\/luchonoticias.com\/editor\/en-cinco-dias-iniciara-el-ciclo-de-vacunacion-contra-fiebre-aftosa-en-colombia\/","article_publisher":"https:\/\/www.facebook.com\/luchonoticiasneiva","article_published_time":"2023-06-01T13:06:11+00:00","article_modified_time":"2023-06-01T13:06:17+00:00","author":"Editor General","twitter_card":"summary_large_image","twitter_misc":{"Escrito por":"Editor General","Tiempo de lectura":"4 minutos"},"schema":{"@context":"https:\/\/schema.org","@graph":[{"@type":"Article","@id":"https:\/\/luchonoticias.com\/editor\/en-cinco-dias-iniciara-el-ciclo-de-vacunacion-contra-fiebre-aftosa-en-colombia\/#article","isPartOf":{"@id":"https:\/\/luchonoticias.com\/editor\/en-cinco-dias-iniciara-el-ciclo-de-vacunacion-contra-fiebre-aftosa-en-colombia\/"},"author":{"name":"Editor General","@id":"https:\/\/luchonoticias.com\/editor\/#\/schema\/person\/29217990ddf6f14e35912b2866d591fb"},"headline":"En cinco d\u00edas iniciar\u00e1 el ciclo de vacunaci\u00f3n contra fiebre aftosa en Colombia","datePublished":"2023-06-01T13:06:11+00:00","dateModified":"2023-06-01T13:06:17+00:00","mainEntityOfPage":{"@id":"https:\/\/luchonoticias.com\/editor\/en-cinco-dias-iniciara-el-ciclo-de-vacunacion-contra-fiebre-aftosa-en-colombia\/"},"wordCount":718,"commentCount":0,"publisher":{"@id":"https:\/\/luchonoticias.com\/editor\/#\/schema\/person\/7a7fd911f58561fd056dbac7b55af9cd"},"articleSection":["Actualidad","Destacado"],"inLanguage":"es","potentialAction":[{"@type":"CommentAction","name":"Comment","target":["https:\/\/luchonoticias.com\/editor\/en-cinco-dias-iniciara-el-ciclo-de-vacunacion-contra-fiebre-aftosa-en-colombia\/#respond"]}]},{"@type":"WebPage","@id":"https:\/\/luchonoticias.com\/editor\/en-cinco-dias-iniciara-el-ciclo-de-vacunacion-contra-fiebre-aftosa-en-colombia\/","url":"https:\/\/luchonoticias.com\/editor\/en-cinco-dias-iniciara-el-ciclo-de-vacunacion-contra-fiebre-aftosa-en-colombia\/","name":"En cinco d\u00edas iniciar\u00e1 el ciclo de vacunaci\u00f3n contra fiebre aftosa en Colombia -","isPartOf":{"@id":"https:\/\/luchonoticias.com\/editor\/#website"},"datePublished":"2023-06-01T13:06:11+00:00","dateModified":"2023-06-01T13:06:17+00:00","breadcrumb":{"@id":"https:\/\/luchonoticias.com\/editor\/en-cinco-dias-iniciara-el-ciclo-de-vacunacion-contra-fiebre-aftosa-en-colombia\/#breadcrumb"},"inLanguage":"es","potentialAction":[{"@type":"ReadAction","target":["https:\/\/luchonoticias.com\/editor\/en-cinco-dias-iniciara-el-ciclo-de-vacunacion-contra-fiebre-aftosa-en-colombia\/"]}]},{"@type":"BreadcrumbList","@id":"https:\/\/luchonoticias.com\/editor\/en-cinco-dias-iniciara-el-ciclo-de-vacunacion-contra-fiebre-aftosa-en-colombia\/#breadcrumb","itemListElement":[{"@type":"ListItem","position":1,"name":"Portada","item":"https:\/\/luchonoticias.com\/editor\/"},{"@type":"ListItem","position":2,"name":"En cinco d\u00edas iniciar\u00e1 el ciclo de vacunaci\u00f3n contra fiebre aftosa en Colombia"}]},{"@type":"WebSite","@id":"https:\/\/luchonoticias.com\/editor\/#website","url":"https:\/\/luchonoticias.com\/editor\/","name":"","description":"","publisher":{"@id":"https:\/\/luchonoticias.com\/editor\/#\/schema\/person\/7a7fd911f58561fd056dbac7b55af9cd"},"potentialAction":[{"@type":"SearchAction","target":{"@type":"EntryPoint","urlTemplate":"https:\/\/luchonoticias.com\/editor\/?s={search_term_string}"},"query-input":{"@type":"PropertyValueSpecification","valueRequired":true,"valueName":"search_term_string"}}],"inLanguage":"es"},{"@type":["Person","Organization"],"@id":"https:\/\/luchonoticias.com\/editor\/#\/schema\/person\/7a7fd911f58561fd056dbac7b55af9cd","name":"admin","image":{"@type":"ImageObject","inLanguage":"es","@id":"https:\/\/luchonoticias.com\/editor\/#\/schema\/person\/image\/","url":"https:\/\/luchonoticias.com\/editor\/wp-content\/uploads\/2024\/02\/cropped-cropped-logolu.webp","contentUrl":"https:\/\/luchonoticias.com\/editor\/wp-content\/uploads\/2024\/02\/cropped-cropped-logolu.webp","width":382,"height":170,"caption":"admin"},"logo":{"@id":"https:\/\/luchonoticias.com\/editor\/#\/schema\/person\/image\/"},"sameAs":["https:\/\/www.facebook.com\/luchonoticiasneiva"]},{"@type":"Person","@id":"https:\/\/luchonoticias.com\/editor\/#\/schema\/person\/29217990ddf6f14e35912b2866d591fb","name":"Editor General","image":{"@type":"ImageObject","inLanguage":"es","@id":"https:\/\/luchonoticias.com\/editor\/#\/schema\/person\/image\/","url":"https:\/\/luchonoticias.com\/editor\/wp-content\/uploads\/2024\/02\/cropped-cropped-logolu-150x150.webp","contentUrl":"https:\/\/luchonoticias.com\/editor\/wp-content\/uploads\/2024\/02\/cropped-cropped-logolu-150x150.webp","caption":"Editor General"},"sameAs":["https:\/\/luchonoticias.com\/"],"url":"https:\/\/luchonoticias.com\/editor\/author\/editor-general\/"}]}},"_links":{"self":[{"href":"https:\/\/luchonoticias.com\/editor\/wp-json\/wp\/v2\/posts\/53659","targetHints":{"allow":["GET"]}}],"collection":[{"href":"https:\/\/luchonoticias.com\/editor\/wp-json\/wp\/v2\/posts"}],"about":[{"href":"https:\/\/luchonoticias.com\/editor\/wp-json\/wp\/v2\/types\/post"}],"author":[{"embeddable":true,"href":"https:\/\/luchonoticias.com\/editor\/wp-json\/wp\/v2\/users\/2"}],"replies":[{"embeddable":true,"href":"https:\/\/luchonoticias.com\/editor\/wp-json\/wp\/v2\/comments?post=53659"}],"version-history":[{"count":0,"href":"https:\/\/luchonoticias.com\/editor\/wp-json\/wp\/v2\/posts\/53659\/revisions"}],"wp:attachment":[{"href":"https:\/\/luchonoticias.com\/editor\/wp-json\/wp\/v2\/media?parent=53659"}],"wp:term":[{"taxonomy":"category","embeddable":true,"href":"https:\/\/luchonoticias.com\/editor\/wp-json\/wp\/v2\/categories?post=53659"},{"taxonomy":"post_tag","embeddable":true,"href":"https:\/\/luchonoticias.com\/editor\/wp-json\/wp\/v2\/tags?post=53659"}],"curies":[{"name":"wp","href":"https:\/\/api.w.org\/{rel}","templated":true}]}}