{"id":53662,"date":"2023-06-01T08:08:52","date_gmt":"2023-06-01T13:08:52","guid":{"rendered":"https:\/\/luchonoticias.com\/?p=53662"},"modified":"2023-06-01T08:08:55","modified_gmt":"2023-06-01T13:08:55","slug":"necesitamos-que-la-justicia-llegue-al-campo-colombiano-ministra-jhenifer-mojica-florez","status":"publish","type":"post","link":"https:\/\/luchonoticias.com\/editor\/necesitamos-que-la-justicia-llegue-al-campo-colombiano-ministra-jhenifer-mojica-florez\/","title":{"rendered":"\u201cNecesitamos que la justicia llegue al campo colombiano\u201d: Ministra Jhenifer Mojica Fl\u00f3rez"},"content":{"rendered":"\n<p>Tras la aprobaci\u00f3n en s\u00e9ptimo debate en Comisi\u00f3n Primera del Senado del proyecto de acto legislativo que crea la jurisdicci\u00f3n agraria y rural, la ministra de Agricultura y Desarrollo Rural, Jhenifer Mojica Fl\u00f3rez, se\u00f1al\u00f3 que este es un paso trascendental para que la justicia llegue a los campos colombianos.<\/p>\n\n\n\n<p>La titular de la cartera agropecuaria a\u00f1adi\u00f3 que el proyecto pasa a plenaria del Senado luego de haber sumado varias voces provenientes de distintos sectores, entre ellos los de las altas cortes.<\/p>\n\n\n\n<p>\u201cNecesitamos que la justicia llegue al campo colombiano para que se tramiten a partir de los procesos judiciales con el debido proceso todas las diferencias y discusiones que tenemos sobre las tierras, sobre los bald\u00edos, sobre la propiedad\u201d, explic\u00f3.<\/p>\n\n\n\n<p>En su intervenci\u00f3n ante la Comisi\u00f3n, Mojica Fl\u00f3rez destac\u00f3 que una de las ventajas de la puesta en marcha de esta Jurisdicci\u00f3n Agraria es que no se dilatar\u00e1n m\u00e1s las decisiones que permitir\u00edan construir la paz total y que permitir\u00e1n dar seguridad jur\u00eddica y certezas sobre los derechos de la tierra.<\/p>\n\n\n\n<p>Para la ministra Mojica este d\u00eda fue trascendental porque adem\u00e1s de la discusi\u00f3n de la jurisdicci\u00f3n agraria en Senado, en la Comisi\u00f3n Primera de la C\u00e1mara se debat\u00eda el proyecto de acto legislativo que busca el reconocimiento de los derechos del campesinado y saldar una deuda hist\u00f3rica con esta poblaci\u00f3n.<\/p>\n\n\n\n<p>Al respecto indic\u00f3 que \u201clleg\u00f3 el momento de dignificar a la poblaci\u00f3n campesina. Con esta reforma constitucional que reconoce al campesinado como un sujeto de derechos estamos incorporando todas las directrices que la Asamblea General de Naciones Unidas hab\u00eda dado sobre los derechos de las poblaciones campesinas, rurales y pescadoras\u201d.<\/p>\n","protected":false},"excerpt":{"rendered":"<p>Tras la aprobaci\u00f3n en s\u00e9ptimo debate en Comisi\u00f3n Primera del Senado del proyecto de acto legislativo que crea la jurisdicci\u00f3n agraria y rural, la ministra de Agricultura y Desarrollo Rural, Jhenifer Mojica Fl\u00f3rez, se\u00f1al\u00f3 que este es un paso trascendental para que la justicia llegue a los campos colombianos. La titular de la cartera agropecuaria [&hellip;]<\/p>\n","protected":false},"author":2,"featured_media":0,"comment_status":"open","ping_status":"open","sticky":false,"template":"","format":"standard","meta":{"footnotes":""},"categories":[36,32],"tags":[],"class_list":["post-53662","post","type-post","status-publish","format-standard","hentry","category-destacado","category-nacional"],"yoast_head":"<!-- This site is optimized with the Yoast SEO plugin v26.6 - https:\/\/yoast.com\/wordpress\/plugins\/seo\/ -->\n<title>\u201cNecesitamos que la justicia llegue al campo colombiano\u201d: Ministra Jhenifer Mojica Fl\u00f3rez -<\/title>\n<meta name=\"robots\" content=\"index, follow, max-snippet:-1, max-image-preview:large, max-video-preview:-1\" \/>\n<link rel=\"canonical\" href=\"https:\/\/luchonoticias.com\/editor\/necesitamos-que-la-justicia-llegue-al-campo-colombiano-ministra-jhenifer-mojica-florez\/\" \/>\n<meta property=\"og:locale\" content=\"es_ES\" \/>\n<meta property=\"og:type\" content=\"article\" \/>\n<meta property=\"og:title\" content=\"\u201cNecesitamos que la justicia llegue al campo colombiano\u201d: Ministra Jhenifer Mojica Fl\u00f3rez -\" \/>\n<meta property=\"og:url\" content=\"https:\/\/luchonoticias.com\/editor\/necesitamos-que-la-justicia-llegue-al-campo-colombiano-ministra-jhenifer-mojica-florez\/\" \/>\n<meta property=\"article:publisher\" content=\"https:\/\/www.facebook.com\/luchonoticiasneiva\" \/>\n<meta property=\"article:published_time\" content=\"2023-06-01T13:08:52+00:00\" \/>\n<meta property=\"article:modified_time\" content=\"2023-06-01T13:08:55+00:00\" \/>\n<meta name=\"author\" content=\"Editor General\" \/>\n<meta name=\"twitter:card\" content=\"summary_large_image\" \/>\n<meta name=\"twitter:label1\" content=\"Escrito por\" \/>\n\t<meta name=\"twitter:data1\" content=\"Editor General\" \/>\n\t<meta name=\"twitter:label2\" content=\"Tiempo de lectura\" \/>\n\t<meta name=\"twitter:data2\" content=\"1 minuto\" \/>\n<script type=\"application\/ld+json\" class=\"yoast-schema-graph\">{\"@context\":\"https:\/\/schema.org\",\"@graph\":[{\"@type\":\"Article\",\"@id\":\"https:\/\/luchonoticias.com\/editor\/necesitamos-que-la-justicia-llegue-al-campo-colombiano-ministra-jhenifer-mojica-florez\/#article\",\"isPartOf\":{\"@id\":\"https:\/\/luchonoticias.com\/editor\/necesitamos-que-la-justicia-llegue-al-campo-colombiano-ministra-jhenifer-mojica-florez\/\"},\"author\":{\"name\":\"Editor General\",\"@id\":\"https:\/\/luchonoticias.com\/editor\/#\/schema\/person\/29217990ddf6f14e35912b2866d591fb\"},\"headline\":\"\u201cNecesitamos que la justicia llegue al campo colombiano\u201d: Ministra Jhenifer Mojica Fl\u00f3rez\",\"datePublished\":\"2023-06-01T13:08:52+00:00\",\"dateModified\":\"2023-06-01T13:08:55+00:00\",\"mainEntityOfPage\":{\"@id\":\"https:\/\/luchonoticias.com\/editor\/necesitamos-que-la-justicia-llegue-al-campo-colombiano-ministra-jhenifer-mojica-florez\/\"},\"wordCount\":312,\"commentCount\":0,\"publisher\":{\"@id\":\"https:\/\/luchonoticias.com\/editor\/#\/schema\/person\/7a7fd911f58561fd056dbac7b55af9cd\"},\"articleSection\":[\"Destacado\",\"Nacional\"],\"inLanguage\":\"es\",\"potentialAction\":[{\"@type\":\"CommentAction\",\"name\":\"Comment\",\"target\":[\"https:\/\/luchonoticias.com\/editor\/necesitamos-que-la-justicia-llegue-al-campo-colombiano-ministra-jhenifer-mojica-florez\/#respond\"]}]},{\"@type\":\"WebPage\",\"@id\":\"https:\/\/luchonoticias.com\/editor\/necesitamos-que-la-justicia-llegue-al-campo-colombiano-ministra-jhenifer-mojica-florez\/\",\"url\":\"https:\/\/luchonoticias.com\/editor\/necesitamos-que-la-justicia-llegue-al-campo-colombiano-ministra-jhenifer-mojica-florez\/\",\"name\":\"\u201cNecesitamos que la justicia llegue al campo colombiano\u201d: Ministra Jhenifer Mojica Fl\u00f3rez -\",\"isPartOf\":{\"@id\":\"https:\/\/luchonoticias.com\/editor\/#website\"},\"datePublished\":\"2023-06-01T13:08:52+00:00\",\"dateModified\":\"2023-06-01T13:08:55+00:00\",\"breadcrumb\":{\"@id\":\"https:\/\/luchonoticias.com\/editor\/necesitamos-que-la-justicia-llegue-al-campo-colombiano-ministra-jhenifer-mojica-florez\/#breadcrumb\"},\"inLanguage\":\"es\",\"potentialAction\":[{\"@type\":\"ReadAction\",\"target\":[\"https:\/\/luchonoticias.com\/editor\/necesitamos-que-la-justicia-llegue-al-campo-colombiano-ministra-jhenifer-mojica-florez\/\"]}]},{\"@type\":\"BreadcrumbList\",\"@id\":\"https:\/\/luchonoticias.com\/editor\/necesitamos-que-la-justicia-llegue-al-campo-colombiano-ministra-jhenifer-mojica-florez\/#breadcrumb\",\"itemListElement\":[{\"@type\":\"ListItem\",\"position\":1,\"name\":\"Portada\",\"item\":\"https:\/\/luchonoticias.com\/editor\/\"},{\"@type\":\"ListItem\",\"position\":2,\"name\":\"\u201cNecesitamos que la justicia llegue al campo colombiano\u201d: Ministra Jhenifer Mojica Fl\u00f3rez\"}]},{\"@type\":\"WebSite\",\"@id\":\"https:\/\/luchonoticias.com\/editor\/#website\",\"url\":\"https:\/\/luchonoticias.com\/editor\/\",\"name\":\"\",\"description\":\"\",\"publisher\":{\"@id\":\"https:\/\/luchonoticias.com\/editor\/#\/schema\/person\/7a7fd911f58561fd056dbac7b55af9cd\"},\"potentialAction\":[{\"@type\":\"SearchAction\",\"target\":{\"@type\":\"EntryPoint\",\"urlTemplate\":\"https:\/\/luchonoticias.com\/editor\/?s={search_term_string}\"},\"query-input\":{\"@type\":\"PropertyValueSpecification\",\"valueRequired\":true,\"valueName\":\"search_term_string\"}}],\"inLanguage\":\"es\"},{\"@type\":[\"Person\",\"Organization\"],\"@id\":\"https:\/\/luchonoticias.com\/editor\/#\/schema\/person\/7a7fd911f58561fd056dbac7b55af9cd\",\"name\":\"admin\",\"image\":{\"@type\":\"ImageObject\",\"inLanguage\":\"es\",\"@id\":\"https:\/\/luchonoticias.com\/editor\/#\/schema\/person\/image\/\",\"url\":\"https:\/\/luchonoticias.com\/editor\/wp-content\/uploads\/2024\/02\/cropped-cropped-logolu.webp\",\"contentUrl\":\"https:\/\/luchonoticias.com\/editor\/wp-content\/uploads\/2024\/02\/cropped-cropped-logolu.webp\",\"width\":382,\"height\":170,\"caption\":\"admin\"},\"logo\":{\"@id\":\"https:\/\/luchonoticias.com\/editor\/#\/schema\/person\/image\/\"},\"sameAs\":[\"https:\/\/www.facebook.com\/luchonoticiasneiva\"]},{\"@type\":\"Person\",\"@id\":\"https:\/\/luchonoticias.com\/editor\/#\/schema\/person\/29217990ddf6f14e35912b2866d591fb\",\"name\":\"Editor General\",\"image\":{\"@type\":\"ImageObject\",\"inLanguage\":\"es\",\"@id\":\"https:\/\/luchonoticias.com\/editor\/#\/schema\/person\/image\/\",\"url\":\"https:\/\/luchonoticias.com\/editor\/wp-content\/uploads\/2024\/02\/cropped-cropped-logolu-150x150.webp\",\"contentUrl\":\"https:\/\/luchonoticias.com\/editor\/wp-content\/uploads\/2024\/02\/cropped-cropped-logolu-150x150.webp\",\"caption\":\"Editor General\"},\"sameAs\":[\"https:\/\/luchonoticias.com\/\"],\"url\":\"https:\/\/luchonoticias.com\/editor\/author\/editor-general\/\"}]}<\/script>\n<!-- \/ Yoast SEO plugin. -->","yoast_head_json":{"title":"\u201cNecesitamos que la justicia llegue al campo colombiano\u201d: Ministra Jhenifer Mojica Fl\u00f3rez -","robots":{"index":"index","follow":"follow","max-snippet":"max-snippet:-1","max-image-preview":"max-image-preview:large","max-video-preview":"max-video-preview:-1"},"canonical":"https:\/\/luchonoticias.com\/editor\/necesitamos-que-la-justicia-llegue-al-campo-colombiano-ministra-jhenifer-mojica-florez\/","og_locale":"es_ES","og_type":"article","og_title":"\u201cNecesitamos que la justicia llegue al campo colombiano\u201d: Ministra Jhenifer Mojica Fl\u00f3rez -","og_url":"https:\/\/luchonoticias.com\/editor\/necesitamos-que-la-justicia-llegue-al-campo-colombiano-ministra-jhenifer-mojica-florez\/","article_publisher":"https:\/\/www.facebook.com\/luchonoticiasneiva","article_published_time":"2023-06-01T13:08:52+00:00","article_modified_time":"2023-06-01T13:08:55+00:00","author":"Editor General","twitter_card":"summary_large_image","twitter_misc":{"Escrito por":"Editor General","Tiempo de lectura":"1 minuto"},"schema":{"@context":"https:\/\/schema.org","@graph":[{"@type":"Article","@id":"https:\/\/luchonoticias.com\/editor\/necesitamos-que-la-justicia-llegue-al-campo-colombiano-ministra-jhenifer-mojica-florez\/#article","isPartOf":{"@id":"https:\/\/luchonoticias.com\/editor\/necesitamos-que-la-justicia-llegue-al-campo-colombiano-ministra-jhenifer-mojica-florez\/"},"author":{"name":"Editor General","@id":"https:\/\/luchonoticias.com\/editor\/#\/schema\/person\/29217990ddf6f14e35912b2866d591fb"},"headline":"\u201cNecesitamos que la justicia llegue al campo colombiano\u201d: Ministra Jhenifer Mojica Fl\u00f3rez","datePublished":"2023-06-01T13:08:52+00:00","dateModified":"2023-06-01T13:08:55+00:00","mainEntityOfPage":{"@id":"https:\/\/luchonoticias.com\/editor\/necesitamos-que-la-justicia-llegue-al-campo-colombiano-ministra-jhenifer-mojica-florez\/"},"wordCount":312,"commentCount":0,"publisher":{"@id":"https:\/\/luchonoticias.com\/editor\/#\/schema\/person\/7a7fd911f58561fd056dbac7b55af9cd"},"articleSection":["Destacado","Nacional"],"inLanguage":"es","potentialAction":[{"@type":"CommentAction","name":"Comment","target":["https:\/\/luchonoticias.com\/editor\/necesitamos-que-la-justicia-llegue-al-campo-colombiano-ministra-jhenifer-mojica-florez\/#respond"]}]},{"@type":"WebPage","@id":"https:\/\/luchonoticias.com\/editor\/necesitamos-que-la-justicia-llegue-al-campo-colombiano-ministra-jhenifer-mojica-florez\/","url":"https:\/\/luchonoticias.com\/editor\/necesitamos-que-la-justicia-llegue-al-campo-colombiano-ministra-jhenifer-mojica-florez\/","name":"\u201cNecesitamos que la justicia llegue al campo colombiano\u201d: Ministra Jhenifer Mojica Fl\u00f3rez -","isPartOf":{"@id":"https:\/\/luchonoticias.com\/editor\/#website"},"datePublished":"2023-06-01T13:08:52+00:00","dateModified":"2023-06-01T13:08:55+00:00","breadcrumb":{"@id":"https:\/\/luchonoticias.com\/editor\/necesitamos-que-la-justicia-llegue-al-campo-colombiano-ministra-jhenifer-mojica-florez\/#breadcrumb"},"inLanguage":"es","potentialAction":[{"@type":"ReadAction","target":["https:\/\/luchonoticias.com\/editor\/necesitamos-que-la-justicia-llegue-al-campo-colombiano-ministra-jhenifer-mojica-florez\/"]}]},{"@type":"BreadcrumbList","@id":"https:\/\/luchonoticias.com\/editor\/necesitamos-que-la-justicia-llegue-al-campo-colombiano-ministra-jhenifer-mojica-florez\/#breadcrumb","itemListElement":[{"@type":"ListItem","position":1,"name":"Portada","item":"https:\/\/luchonoticias.com\/editor\/"},{"@type":"ListItem","position":2,"name":"\u201cNecesitamos que la justicia llegue al campo colombiano\u201d: Ministra Jhenifer Mojica Fl\u00f3rez"}]},{"@type":"WebSite","@id":"https:\/\/luchonoticias.com\/editor\/#website","url":"https:\/\/luchonoticias.com\/editor\/","name":"","description":"","publisher":{"@id":"https:\/\/luchonoticias.com\/editor\/#\/schema\/person\/7a7fd911f58561fd056dbac7b55af9cd"},"potentialAction":[{"@type":"SearchAction","target":{"@type":"EntryPoint","urlTemplate":"https:\/\/luchonoticias.com\/editor\/?s={search_term_string}"},"query-input":{"@type":"PropertyValueSpecification","valueRequired":true,"valueName":"search_term_string"}}],"inLanguage":"es"},{"@type":["Person","Organization"],"@id":"https:\/\/luchonoticias.com\/editor\/#\/schema\/person\/7a7fd911f58561fd056dbac7b55af9cd","name":"admin","image":{"@type":"ImageObject","inLanguage":"es","@id":"https:\/\/luchonoticias.com\/editor\/#\/schema\/person\/image\/","url":"https:\/\/luchonoticias.com\/editor\/wp-content\/uploads\/2024\/02\/cropped-cropped-logolu.webp","contentUrl":"https:\/\/luchonoticias.com\/editor\/wp-content\/uploads\/2024\/02\/cropped-cropped-logolu.webp","width":382,"height":170,"caption":"admin"},"logo":{"@id":"https:\/\/luchonoticias.com\/editor\/#\/schema\/person\/image\/"},"sameAs":["https:\/\/www.facebook.com\/luchonoticiasneiva"]},{"@type":"Person","@id":"https:\/\/luchonoticias.com\/editor\/#\/schema\/person\/29217990ddf6f14e35912b2866d591fb","name":"Editor General","image":{"@type":"ImageObject","inLanguage":"es","@id":"https:\/\/luchonoticias.com\/editor\/#\/schema\/person\/image\/","url":"https:\/\/luchonoticias.com\/editor\/wp-content\/uploads\/2024\/02\/cropped-cropped-logolu-150x150.webp","contentUrl":"https:\/\/luchonoticias.com\/editor\/wp-content\/uploads\/2024\/02\/cropped-cropped-logolu-150x150.webp","caption":"Editor General"},"sameAs":["https:\/\/luchonoticias.com\/"],"url":"https:\/\/luchonoticias.com\/editor\/author\/editor-general\/"}]}},"_links":{"self":[{"href":"https:\/\/luchonoticias.com\/editor\/wp-json\/wp\/v2\/posts\/53662","targetHints":{"allow":["GET"]}}],"collection":[{"href":"https:\/\/luchonoticias.com\/editor\/wp-json\/wp\/v2\/posts"}],"about":[{"href":"https:\/\/luchonoticias.com\/editor\/wp-json\/wp\/v2\/types\/post"}],"author":[{"embeddable":true,"href":"https:\/\/luchonoticias.com\/editor\/wp-json\/wp\/v2\/users\/2"}],"replies":[{"embeddable":true,"href":"https:\/\/luchonoticias.com\/editor\/wp-json\/wp\/v2\/comments?post=53662"}],"version-history":[{"count":0,"href":"https:\/\/luchonoticias.com\/editor\/wp-json\/wp\/v2\/posts\/53662\/revisions"}],"wp:attachment":[{"href":"https:\/\/luchonoticias.com\/editor\/wp-json\/wp\/v2\/media?parent=53662"}],"wp:term":[{"taxonomy":"category","embeddable":true,"href":"https:\/\/luchonoticias.com\/editor\/wp-json\/wp\/v2\/categories?post=53662"},{"taxonomy":"post_tag","embeddable":true,"href":"https:\/\/luchonoticias.com\/editor\/wp-json\/wp\/v2\/tags?post=53662"}],"curies":[{"name":"wp","href":"https:\/\/api.w.org\/{rel}","templated":true}]}}