{"id":54046,"date":"2023-06-07T07:11:44","date_gmt":"2023-06-07T12:11:44","guid":{"rendered":"https:\/\/luchonoticias.com\/?p=54046"},"modified":"2023-06-07T07:11:47","modified_gmt":"2023-06-07T12:11:47","slug":"petro-insiste-que-a-traves-del-ministerio-de-igualdad-avanzara-en-el-acompanamiento-integral-a-las-mujeres-excluidas","status":"publish","type":"post","link":"https:\/\/luchonoticias.com\/editor\/petro-insiste-que-a-traves-del-ministerio-de-igualdad-avanzara-en-el-acompanamiento-integral-a-las-mujeres-excluidas\/","title":{"rendered":"Petro insiste que a trav\u00e9s del Ministerio de Igualdad, avanzar\u00e1 en el acompa\u00f1amiento integral a las mujeres excluidas"},"content":{"rendered":"\n<p>Al participar en el Consejo de Seguridad sobre Violencia de G\u00e9nero, que se celebr\u00f3 en la capital antioque\u00f1a, el Jefe de Estado reiter\u00f3 que su Gobierno trabaja para que la igualdad sea cada vez m\u00e1s real en la sociedad y dijo que uno de los instrumentos fundamentales para lograrlo es el nuevo Ministerio.<\/p>\n\n\n\n<p>El nuevo Ministerio de la Igualdad, que est\u00e1 pr\u00f3ximo a entrar en funcionamiento, debe impactar a la sociedad colombiana con su accionar y, al mismo tiempo, brindar todo el acompa\u00f1amiento institucional a las mujeres, asegur\u00f3 este martes en Medell\u00edn, el presidente Gustavo Petro.<\/p>\n\n\n\n<p>Al participar en el Consejo de Seguridad sobre Violencia de G\u00e9nero, que se celebr\u00f3 en la capital antioque\u00f1a, el Jefe del Estado reiter\u00f3 que su gobierno trabaja para que la igualdad sea cada vez m\u00e1s real en la sociedad y dijo que uno de los instrumentos fundamentales para lograrlo es el nuevo Ministerio.<\/p>\n\n\n\n<p>\u201cSabemos que al inicio, el Ministerio tendr\u00e1 una curva de aprendizaje, papeleos y retos pero ya el Viceministerio de la Mujer empieza a ser una realidad institucional a escala del Gobierno Nacional, para el conjunto de pa\u00eds que tiene que mirar la varidad de problemas que enfrentan las mujeres y darles soluci\u00f3n\u201d, dijo.<\/p>\n\n\n\n<p>\u201cEste nuevo cuerpo institucional amerita que se gobierne con los movimientos sociales, organizaciones, ONG, el propio movimiento femenino que se expresa en las veredas, en los barrios, en los municipios y las universidades. Ese movimiento debe ayudarnos a gobernar, usando la institucionalidad que ahora se va a llamar Viceministerio de la Mujer\u201d, enfatiz\u00f3.<\/p>\n\n\n\n<p>Petro dijo que uno de los retos del nuevo ministerio ser\u00e1 alcanzar positivos indicadores de impacto. \u201cTenemos que trabajar duro, porque en diez a\u00f1os nos preguntar\u00e1n si el Ministerio de la Igualdad logr\u00f3 impactar a la sociedad o su acci\u00f3n fue marginal. Es mi invitaci\u00f3n a comenzar a pensar y actuar frente al tema\u201d, se\u00f1al\u00f3.<\/p>\n\n\n\n<p>En el evento, que se llev\u00f3 a cabo en la Cuarta Brigada del Ej\u00e9rcito, en&nbsp; la capital antioque\u00f1a, participaron funcionarios encargados del tema de la violencia de g\u00e9nero, autoridades civiles, representantes de movimientos sociales feministas y autoridades militares y de Polic\u00eda.<\/p>\n\n\n\n<p>Los participantes expresaron inquietudes, problem\u00e1ticas y posibles soluciones a la violencia de la que son v\u00edctimas a diario centenares de mujeres en el pa\u00eds. \u201cColombia ha avanzado algo, no lo suficiente, en enfrentar los delitos contra las mujeres. Ahora tenemos m\u00e1s mujeres en el Congreso de la Rep\u00fablica, tenemos por fortuna una mirada femenina en el sistema judicial, incluso la mirada femenina en sobre la ni\u00f1ez pero nos falta trabajar mucho m\u00e1s por superar la desigualdad\u201d, concluy\u00f3 el Mandatario.<\/p>\n\n\n\n<p>El pasado mi\u00e9rcoles 4 de enero, el presidente Petro sancion\u00f3, en el municipio de Istmina, en el departamento del Choc\u00f3, la ley que cre\u00f3 el Ministerio de Igualdad y Equidad, cartera que quedar\u00e1 en manos de la Vicepresidenta Francia M\u00e1rquez.<\/p>\n\n\n\n<p>Con la creaci\u00f3n de ese Ministerio, el Gobierno del Cambio busc\u00f3 \u00abgarantizar el derecho a la igualdad y a la equidad a todos los colombianos y darles voz a qui\u00e9nes hist\u00f3ricamente han sido excluidos y marginados\u00bb, subray\u00f3, entonces, la oficina de la Vicepresidenta M\u00e1rquez en un comunicado.<\/p>\n","protected":false},"excerpt":{"rendered":"<p>Al participar en el Consejo de Seguridad sobre Violencia de G\u00e9nero, que se celebr\u00f3 en la capital antioque\u00f1a, el Jefe de Estado reiter\u00f3 que su Gobierno trabaja para que la igualdad sea cada vez m\u00e1s real en la sociedad y dijo que uno de los instrumentos fundamentales para lograrlo es el nuevo Ministerio. El nuevo [&hellip;]<\/p>\n","protected":false},"author":2,"featured_media":0,"comment_status":"open","ping_status":"open","sticky":false,"template":"","format":"standard","meta":{"footnotes":""},"categories":[36,32],"tags":[],"class_list":["post-54046","post","type-post","status-publish","format-standard","hentry","category-destacado","category-nacional"],"yoast_head":"<!-- This site is optimized with the Yoast SEO plugin v26.6 - https:\/\/yoast.com\/wordpress\/plugins\/seo\/ -->\n<title>Petro insiste que a trav\u00e9s del Ministerio de Igualdad, avanzar\u00e1 en el acompa\u00f1amiento integral a las mujeres excluidas -<\/title>\n<meta name=\"robots\" content=\"index, follow, max-snippet:-1, max-image-preview:large, max-video-preview:-1\" \/>\n<link rel=\"canonical\" href=\"https:\/\/luchonoticias.com\/editor\/petro-insiste-que-a-traves-del-ministerio-de-igualdad-avanzara-en-el-acompanamiento-integral-a-las-mujeres-excluidas\/\" \/>\n<meta property=\"og:locale\" content=\"es_ES\" \/>\n<meta property=\"og:type\" content=\"article\" \/>\n<meta property=\"og:title\" content=\"Petro insiste que a trav\u00e9s del Ministerio de Igualdad, avanzar\u00e1 en el acompa\u00f1amiento integral a las mujeres excluidas -\" \/>\n<meta property=\"og:url\" content=\"https:\/\/luchonoticias.com\/editor\/petro-insiste-que-a-traves-del-ministerio-de-igualdad-avanzara-en-el-acompanamiento-integral-a-las-mujeres-excluidas\/\" \/>\n<meta property=\"article:publisher\" content=\"https:\/\/www.facebook.com\/luchonoticiasneiva\" \/>\n<meta property=\"article:published_time\" content=\"2023-06-07T12:11:44+00:00\" \/>\n<meta property=\"article:modified_time\" content=\"2023-06-07T12:11:47+00:00\" \/>\n<meta name=\"author\" content=\"Editor General\" \/>\n<meta name=\"twitter:card\" content=\"summary_large_image\" \/>\n<meta name=\"twitter:label1\" content=\"Escrito por\" \/>\n\t<meta name=\"twitter:data1\" content=\"Editor General\" \/>\n\t<meta name=\"twitter:label2\" content=\"Tiempo de lectura\" \/>\n\t<meta name=\"twitter:data2\" content=\"3 minutos\" \/>\n<script type=\"application\/ld+json\" class=\"yoast-schema-graph\">{\"@context\":\"https:\/\/schema.org\",\"@graph\":[{\"@type\":\"Article\",\"@id\":\"https:\/\/luchonoticias.com\/editor\/petro-insiste-que-a-traves-del-ministerio-de-igualdad-avanzara-en-el-acompanamiento-integral-a-las-mujeres-excluidas\/#article\",\"isPartOf\":{\"@id\":\"https:\/\/luchonoticias.com\/editor\/petro-insiste-que-a-traves-del-ministerio-de-igualdad-avanzara-en-el-acompanamiento-integral-a-las-mujeres-excluidas\/\"},\"author\":{\"name\":\"Editor General\",\"@id\":\"https:\/\/luchonoticias.com\/editor\/#\/schema\/person\/29217990ddf6f14e35912b2866d591fb\"},\"headline\":\"Petro insiste que a trav\u00e9s del Ministerio de Igualdad, avanzar\u00e1 en el acompa\u00f1amiento integral a las mujeres excluidas\",\"datePublished\":\"2023-06-07T12:11:44+00:00\",\"dateModified\":\"2023-06-07T12:11:47+00:00\",\"mainEntityOfPage\":{\"@id\":\"https:\/\/luchonoticias.com\/editor\/petro-insiste-que-a-traves-del-ministerio-de-igualdad-avanzara-en-el-acompanamiento-integral-a-las-mujeres-excluidas\/\"},\"wordCount\":570,\"commentCount\":0,\"publisher\":{\"@id\":\"https:\/\/luchonoticias.com\/editor\/#\/schema\/person\/7a7fd911f58561fd056dbac7b55af9cd\"},\"articleSection\":[\"Destacado\",\"Nacional\"],\"inLanguage\":\"es\",\"potentialAction\":[{\"@type\":\"CommentAction\",\"name\":\"Comment\",\"target\":[\"https:\/\/luchonoticias.com\/editor\/petro-insiste-que-a-traves-del-ministerio-de-igualdad-avanzara-en-el-acompanamiento-integral-a-las-mujeres-excluidas\/#respond\"]}]},{\"@type\":\"WebPage\",\"@id\":\"https:\/\/luchonoticias.com\/editor\/petro-insiste-que-a-traves-del-ministerio-de-igualdad-avanzara-en-el-acompanamiento-integral-a-las-mujeres-excluidas\/\",\"url\":\"https:\/\/luchonoticias.com\/editor\/petro-insiste-que-a-traves-del-ministerio-de-igualdad-avanzara-en-el-acompanamiento-integral-a-las-mujeres-excluidas\/\",\"name\":\"Petro insiste que a trav\u00e9s del Ministerio de Igualdad, avanzar\u00e1 en el acompa\u00f1amiento integral a las mujeres excluidas -\",\"isPartOf\":{\"@id\":\"https:\/\/luchonoticias.com\/editor\/#website\"},\"datePublished\":\"2023-06-07T12:11:44+00:00\",\"dateModified\":\"2023-06-07T12:11:47+00:00\",\"breadcrumb\":{\"@id\":\"https:\/\/luchonoticias.com\/editor\/petro-insiste-que-a-traves-del-ministerio-de-igualdad-avanzara-en-el-acompanamiento-integral-a-las-mujeres-excluidas\/#breadcrumb\"},\"inLanguage\":\"es\",\"potentialAction\":[{\"@type\":\"ReadAction\",\"target\":[\"https:\/\/luchonoticias.com\/editor\/petro-insiste-que-a-traves-del-ministerio-de-igualdad-avanzara-en-el-acompanamiento-integral-a-las-mujeres-excluidas\/\"]}]},{\"@type\":\"BreadcrumbList\",\"@id\":\"https:\/\/luchonoticias.com\/editor\/petro-insiste-que-a-traves-del-ministerio-de-igualdad-avanzara-en-el-acompanamiento-integral-a-las-mujeres-excluidas\/#breadcrumb\",\"itemListElement\":[{\"@type\":\"ListItem\",\"position\":1,\"name\":\"Portada\",\"item\":\"https:\/\/luchonoticias.com\/editor\/\"},{\"@type\":\"ListItem\",\"position\":2,\"name\":\"Petro insiste que a trav\u00e9s del Ministerio de Igualdad, avanzar\u00e1 en el acompa\u00f1amiento integral a las mujeres excluidas\"}]},{\"@type\":\"WebSite\",\"@id\":\"https:\/\/luchonoticias.com\/editor\/#website\",\"url\":\"https:\/\/luchonoticias.com\/editor\/\",\"name\":\"\",\"description\":\"\",\"publisher\":{\"@id\":\"https:\/\/luchonoticias.com\/editor\/#\/schema\/person\/7a7fd911f58561fd056dbac7b55af9cd\"},\"potentialAction\":[{\"@type\":\"SearchAction\",\"target\":{\"@type\":\"EntryPoint\",\"urlTemplate\":\"https:\/\/luchonoticias.com\/editor\/?s={search_term_string}\"},\"query-input\":{\"@type\":\"PropertyValueSpecification\",\"valueRequired\":true,\"valueName\":\"search_term_string\"}}],\"inLanguage\":\"es\"},{\"@type\":[\"Person\",\"Organization\"],\"@id\":\"https:\/\/luchonoticias.com\/editor\/#\/schema\/person\/7a7fd911f58561fd056dbac7b55af9cd\",\"name\":\"admin\",\"image\":{\"@type\":\"ImageObject\",\"inLanguage\":\"es\",\"@id\":\"https:\/\/luchonoticias.com\/editor\/#\/schema\/person\/image\/\",\"url\":\"https:\/\/luchonoticias.com\/editor\/wp-content\/uploads\/2024\/02\/cropped-cropped-logolu.webp\",\"contentUrl\":\"https:\/\/luchonoticias.com\/editor\/wp-content\/uploads\/2024\/02\/cropped-cropped-logolu.webp\",\"width\":382,\"height\":170,\"caption\":\"admin\"},\"logo\":{\"@id\":\"https:\/\/luchonoticias.com\/editor\/#\/schema\/person\/image\/\"},\"sameAs\":[\"https:\/\/www.facebook.com\/luchonoticiasneiva\"]},{\"@type\":\"Person\",\"@id\":\"https:\/\/luchonoticias.com\/editor\/#\/schema\/person\/29217990ddf6f14e35912b2866d591fb\",\"name\":\"Editor General\",\"image\":{\"@type\":\"ImageObject\",\"inLanguage\":\"es\",\"@id\":\"https:\/\/luchonoticias.com\/editor\/#\/schema\/person\/image\/\",\"url\":\"https:\/\/luchonoticias.com\/editor\/wp-content\/uploads\/2024\/02\/cropped-cropped-logolu-150x150.webp\",\"contentUrl\":\"https:\/\/luchonoticias.com\/editor\/wp-content\/uploads\/2024\/02\/cropped-cropped-logolu-150x150.webp\",\"caption\":\"Editor General\"},\"sameAs\":[\"https:\/\/luchonoticias.com\/\"],\"url\":\"https:\/\/luchonoticias.com\/editor\/author\/editor-general\/\"}]}<\/script>\n<!-- \/ Yoast SEO plugin. -->","yoast_head_json":{"title":"Petro insiste que a trav\u00e9s del Ministerio de Igualdad, avanzar\u00e1 en el acompa\u00f1amiento integral a las mujeres excluidas -","robots":{"index":"index","follow":"follow","max-snippet":"max-snippet:-1","max-image-preview":"max-image-preview:large","max-video-preview":"max-video-preview:-1"},"canonical":"https:\/\/luchonoticias.com\/editor\/petro-insiste-que-a-traves-del-ministerio-de-igualdad-avanzara-en-el-acompanamiento-integral-a-las-mujeres-excluidas\/","og_locale":"es_ES","og_type":"article","og_title":"Petro insiste que a trav\u00e9s del Ministerio de Igualdad, avanzar\u00e1 en el acompa\u00f1amiento integral a las mujeres excluidas -","og_url":"https:\/\/luchonoticias.com\/editor\/petro-insiste-que-a-traves-del-ministerio-de-igualdad-avanzara-en-el-acompanamiento-integral-a-las-mujeres-excluidas\/","article_publisher":"https:\/\/www.facebook.com\/luchonoticiasneiva","article_published_time":"2023-06-07T12:11:44+00:00","article_modified_time":"2023-06-07T12:11:47+00:00","author":"Editor General","twitter_card":"summary_large_image","twitter_misc":{"Escrito por":"Editor General","Tiempo de lectura":"3 minutos"},"schema":{"@context":"https:\/\/schema.org","@graph":[{"@type":"Article","@id":"https:\/\/luchonoticias.com\/editor\/petro-insiste-que-a-traves-del-ministerio-de-igualdad-avanzara-en-el-acompanamiento-integral-a-las-mujeres-excluidas\/#article","isPartOf":{"@id":"https:\/\/luchonoticias.com\/editor\/petro-insiste-que-a-traves-del-ministerio-de-igualdad-avanzara-en-el-acompanamiento-integral-a-las-mujeres-excluidas\/"},"author":{"name":"Editor General","@id":"https:\/\/luchonoticias.com\/editor\/#\/schema\/person\/29217990ddf6f14e35912b2866d591fb"},"headline":"Petro insiste que a trav\u00e9s del Ministerio de Igualdad, avanzar\u00e1 en el acompa\u00f1amiento integral a las mujeres excluidas","datePublished":"2023-06-07T12:11:44+00:00","dateModified":"2023-06-07T12:11:47+00:00","mainEntityOfPage":{"@id":"https:\/\/luchonoticias.com\/editor\/petro-insiste-que-a-traves-del-ministerio-de-igualdad-avanzara-en-el-acompanamiento-integral-a-las-mujeres-excluidas\/"},"wordCount":570,"commentCount":0,"publisher":{"@id":"https:\/\/luchonoticias.com\/editor\/#\/schema\/person\/7a7fd911f58561fd056dbac7b55af9cd"},"articleSection":["Destacado","Nacional"],"inLanguage":"es","potentialAction":[{"@type":"CommentAction","name":"Comment","target":["https:\/\/luchonoticias.com\/editor\/petro-insiste-que-a-traves-del-ministerio-de-igualdad-avanzara-en-el-acompanamiento-integral-a-las-mujeres-excluidas\/#respond"]}]},{"@type":"WebPage","@id":"https:\/\/luchonoticias.com\/editor\/petro-insiste-que-a-traves-del-ministerio-de-igualdad-avanzara-en-el-acompanamiento-integral-a-las-mujeres-excluidas\/","url":"https:\/\/luchonoticias.com\/editor\/petro-insiste-que-a-traves-del-ministerio-de-igualdad-avanzara-en-el-acompanamiento-integral-a-las-mujeres-excluidas\/","name":"Petro insiste que a trav\u00e9s del Ministerio de Igualdad, avanzar\u00e1 en el acompa\u00f1amiento integral a las mujeres excluidas -","isPartOf":{"@id":"https:\/\/luchonoticias.com\/editor\/#website"},"datePublished":"2023-06-07T12:11:44+00:00","dateModified":"2023-06-07T12:11:47+00:00","breadcrumb":{"@id":"https:\/\/luchonoticias.com\/editor\/petro-insiste-que-a-traves-del-ministerio-de-igualdad-avanzara-en-el-acompanamiento-integral-a-las-mujeres-excluidas\/#breadcrumb"},"inLanguage":"es","potentialAction":[{"@type":"ReadAction","target":["https:\/\/luchonoticias.com\/editor\/petro-insiste-que-a-traves-del-ministerio-de-igualdad-avanzara-en-el-acompanamiento-integral-a-las-mujeres-excluidas\/"]}]},{"@type":"BreadcrumbList","@id":"https:\/\/luchonoticias.com\/editor\/petro-insiste-que-a-traves-del-ministerio-de-igualdad-avanzara-en-el-acompanamiento-integral-a-las-mujeres-excluidas\/#breadcrumb","itemListElement":[{"@type":"ListItem","position":1,"name":"Portada","item":"https:\/\/luchonoticias.com\/editor\/"},{"@type":"ListItem","position":2,"name":"Petro insiste que a trav\u00e9s del Ministerio de Igualdad, avanzar\u00e1 en el acompa\u00f1amiento integral a las mujeres excluidas"}]},{"@type":"WebSite","@id":"https:\/\/luchonoticias.com\/editor\/#website","url":"https:\/\/luchonoticias.com\/editor\/","name":"","description":"","publisher":{"@id":"https:\/\/luchonoticias.com\/editor\/#\/schema\/person\/7a7fd911f58561fd056dbac7b55af9cd"},"potentialAction":[{"@type":"SearchAction","target":{"@type":"EntryPoint","urlTemplate":"https:\/\/luchonoticias.com\/editor\/?s={search_term_string}"},"query-input":{"@type":"PropertyValueSpecification","valueRequired":true,"valueName":"search_term_string"}}],"inLanguage":"es"},{"@type":["Person","Organization"],"@id":"https:\/\/luchonoticias.com\/editor\/#\/schema\/person\/7a7fd911f58561fd056dbac7b55af9cd","name":"admin","image":{"@type":"ImageObject","inLanguage":"es","@id":"https:\/\/luchonoticias.com\/editor\/#\/schema\/person\/image\/","url":"https:\/\/luchonoticias.com\/editor\/wp-content\/uploads\/2024\/02\/cropped-cropped-logolu.webp","contentUrl":"https:\/\/luchonoticias.com\/editor\/wp-content\/uploads\/2024\/02\/cropped-cropped-logolu.webp","width":382,"height":170,"caption":"admin"},"logo":{"@id":"https:\/\/luchonoticias.com\/editor\/#\/schema\/person\/image\/"},"sameAs":["https:\/\/www.facebook.com\/luchonoticiasneiva"]},{"@type":"Person","@id":"https:\/\/luchonoticias.com\/editor\/#\/schema\/person\/29217990ddf6f14e35912b2866d591fb","name":"Editor General","image":{"@type":"ImageObject","inLanguage":"es","@id":"https:\/\/luchonoticias.com\/editor\/#\/schema\/person\/image\/","url":"https:\/\/luchonoticias.com\/editor\/wp-content\/uploads\/2024\/02\/cropped-cropped-logolu-150x150.webp","contentUrl":"https:\/\/luchonoticias.com\/editor\/wp-content\/uploads\/2024\/02\/cropped-cropped-logolu-150x150.webp","caption":"Editor General"},"sameAs":["https:\/\/luchonoticias.com\/"],"url":"https:\/\/luchonoticias.com\/editor\/author\/editor-general\/"}]}},"_links":{"self":[{"href":"https:\/\/luchonoticias.com\/editor\/wp-json\/wp\/v2\/posts\/54046","targetHints":{"allow":["GET"]}}],"collection":[{"href":"https:\/\/luchonoticias.com\/editor\/wp-json\/wp\/v2\/posts"}],"about":[{"href":"https:\/\/luchonoticias.com\/editor\/wp-json\/wp\/v2\/types\/post"}],"author":[{"embeddable":true,"href":"https:\/\/luchonoticias.com\/editor\/wp-json\/wp\/v2\/users\/2"}],"replies":[{"embeddable":true,"href":"https:\/\/luchonoticias.com\/editor\/wp-json\/wp\/v2\/comments?post=54046"}],"version-history":[{"count":0,"href":"https:\/\/luchonoticias.com\/editor\/wp-json\/wp\/v2\/posts\/54046\/revisions"}],"wp:attachment":[{"href":"https:\/\/luchonoticias.com\/editor\/wp-json\/wp\/v2\/media?parent=54046"}],"wp:term":[{"taxonomy":"category","embeddable":true,"href":"https:\/\/luchonoticias.com\/editor\/wp-json\/wp\/v2\/categories?post=54046"},{"taxonomy":"post_tag","embeddable":true,"href":"https:\/\/luchonoticias.com\/editor\/wp-json\/wp\/v2\/tags?post=54046"}],"curies":[{"name":"wp","href":"https:\/\/api.w.org\/{rel}","templated":true}]}}