{"id":54049,"date":"2023-06-07T07:17:54","date_gmt":"2023-06-07T12:17:54","guid":{"rendered":"https:\/\/luchonoticias.com\/?p=54049"},"modified":"2023-06-07T07:17:57","modified_gmt":"2023-06-07T12:17:57","slug":"por-maltrato-animal-fue-capturado-sujeto-en-el-barrio-las-riojas-de-neiva","status":"publish","type":"post","link":"https:\/\/luchonoticias.com\/editor\/por-maltrato-animal-fue-capturado-sujeto-en-el-barrio-las-riojas-de-neiva\/","title":{"rendered":"Por maltrato animal, fue capturado sujeto en el barrio Las Riojas de Neiva"},"content":{"rendered":"\n<p>De esta forma, unidades del cuadrante 35 adscritos al CAI Palmas, mediante voces de auxilio por parte de la ciudadan\u00eda, logran sobre la carrera 50 con calle 24 barrio La Rioja de la comuna 10, la captura de un sujeto de 44 a\u00f1os de edad, quien presuntamente se encontraba d\u00e1ndole golpes a un canino en este sector.<\/p>\n\n\n\n<p>Este sujeto fue dejado a disposici\u00f3n de un juez de control de garant\u00edas por el delito de maltrato animal, a fin de que se le defina su situaci\u00f3n jur\u00eddica.<\/p>\n\n\n\n<p>Agradecemos a la ciudadan\u00eda la oportuna informaci\u00f3n, evitando que personas inescrupulosas cometan este tipo de actos, de igual forma a seguir protegiendo a los animales.<\/p>\n","protected":false},"excerpt":{"rendered":"<p>De esta forma, unidades del cuadrante 35 adscritos al CAI Palmas, mediante voces de auxilio por parte de la ciudadan\u00eda, logran sobre la carrera 50 con calle 24 barrio La Rioja de la comuna 10, la captura de un sujeto de 44 a\u00f1os de edad, quien presuntamente se encontraba d\u00e1ndole golpes a un canino en [&hellip;]<\/p>\n","protected":false},"author":2,"featured_media":0,"comment_status":"open","ping_status":"open","sticky":false,"template":"","format":"standard","meta":{"footnotes":""},"categories":[36,29],"tags":[],"class_list":["post-54049","post","type-post","status-publish","format-standard","hentry","category-destacado","category-judicial"],"yoast_head":"<!-- This site is optimized with the Yoast SEO plugin v26.6 - https:\/\/yoast.com\/wordpress\/plugins\/seo\/ -->\n<title>Por maltrato animal, fue capturado sujeto en el barrio Las Riojas de Neiva -<\/title>\n<meta name=\"robots\" content=\"index, follow, max-snippet:-1, max-image-preview:large, max-video-preview:-1\" \/>\n<link rel=\"canonical\" href=\"https:\/\/luchonoticias.com\/editor\/por-maltrato-animal-fue-capturado-sujeto-en-el-barrio-las-riojas-de-neiva\/\" \/>\n<meta property=\"og:locale\" content=\"es_ES\" \/>\n<meta property=\"og:type\" content=\"article\" \/>\n<meta property=\"og:title\" content=\"Por maltrato animal, fue capturado sujeto en el barrio Las Riojas de Neiva -\" \/>\n<meta property=\"og:url\" content=\"https:\/\/luchonoticias.com\/editor\/por-maltrato-animal-fue-capturado-sujeto-en-el-barrio-las-riojas-de-neiva\/\" \/>\n<meta property=\"article:publisher\" content=\"https:\/\/www.facebook.com\/luchonoticiasneiva\" \/>\n<meta property=\"article:published_time\" content=\"2023-06-07T12:17:54+00:00\" \/>\n<meta property=\"article:modified_time\" content=\"2023-06-07T12:17:57+00:00\" \/>\n<meta name=\"author\" content=\"Editor General\" \/>\n<meta name=\"twitter:card\" content=\"summary_large_image\" \/>\n<meta name=\"twitter:label1\" content=\"Escrito por\" \/>\n\t<meta name=\"twitter:data1\" content=\"Editor General\" \/>\n\t<meta name=\"twitter:label2\" content=\"Tiempo de lectura\" \/>\n\t<meta name=\"twitter:data2\" content=\"1 minuto\" \/>\n<script type=\"application\/ld+json\" class=\"yoast-schema-graph\">{\"@context\":\"https:\/\/schema.org\",\"@graph\":[{\"@type\":\"Article\",\"@id\":\"https:\/\/luchonoticias.com\/editor\/por-maltrato-animal-fue-capturado-sujeto-en-el-barrio-las-riojas-de-neiva\/#article\",\"isPartOf\":{\"@id\":\"https:\/\/luchonoticias.com\/editor\/por-maltrato-animal-fue-capturado-sujeto-en-el-barrio-las-riojas-de-neiva\/\"},\"author\":{\"name\":\"Editor General\",\"@id\":\"https:\/\/luchonoticias.com\/editor\/#\/schema\/person\/29217990ddf6f14e35912b2866d591fb\"},\"headline\":\"Por maltrato animal, fue capturado sujeto en el barrio Las Riojas de Neiva\",\"datePublished\":\"2023-06-07T12:17:54+00:00\",\"dateModified\":\"2023-06-07T12:17:57+00:00\",\"mainEntityOfPage\":{\"@id\":\"https:\/\/luchonoticias.com\/editor\/por-maltrato-animal-fue-capturado-sujeto-en-el-barrio-las-riojas-de-neiva\/\"},\"wordCount\":128,\"commentCount\":0,\"publisher\":{\"@id\":\"https:\/\/luchonoticias.com\/editor\/#\/schema\/person\/7a7fd911f58561fd056dbac7b55af9cd\"},\"articleSection\":[\"Destacado\",\"Judicial\"],\"inLanguage\":\"es\",\"potentialAction\":[{\"@type\":\"CommentAction\",\"name\":\"Comment\",\"target\":[\"https:\/\/luchonoticias.com\/editor\/por-maltrato-animal-fue-capturado-sujeto-en-el-barrio-las-riojas-de-neiva\/#respond\"]}]},{\"@type\":\"WebPage\",\"@id\":\"https:\/\/luchonoticias.com\/editor\/por-maltrato-animal-fue-capturado-sujeto-en-el-barrio-las-riojas-de-neiva\/\",\"url\":\"https:\/\/luchonoticias.com\/editor\/por-maltrato-animal-fue-capturado-sujeto-en-el-barrio-las-riojas-de-neiva\/\",\"name\":\"Por maltrato animal, fue capturado sujeto en el barrio Las Riojas de Neiva -\",\"isPartOf\":{\"@id\":\"https:\/\/luchonoticias.com\/editor\/#website\"},\"datePublished\":\"2023-06-07T12:17:54+00:00\",\"dateModified\":\"2023-06-07T12:17:57+00:00\",\"breadcrumb\":{\"@id\":\"https:\/\/luchonoticias.com\/editor\/por-maltrato-animal-fue-capturado-sujeto-en-el-barrio-las-riojas-de-neiva\/#breadcrumb\"},\"inLanguage\":\"es\",\"potentialAction\":[{\"@type\":\"ReadAction\",\"target\":[\"https:\/\/luchonoticias.com\/editor\/por-maltrato-animal-fue-capturado-sujeto-en-el-barrio-las-riojas-de-neiva\/\"]}]},{\"@type\":\"BreadcrumbList\",\"@id\":\"https:\/\/luchonoticias.com\/editor\/por-maltrato-animal-fue-capturado-sujeto-en-el-barrio-las-riojas-de-neiva\/#breadcrumb\",\"itemListElement\":[{\"@type\":\"ListItem\",\"position\":1,\"name\":\"Portada\",\"item\":\"https:\/\/luchonoticias.com\/editor\/\"},{\"@type\":\"ListItem\",\"position\":2,\"name\":\"Por maltrato animal, fue capturado sujeto en el barrio Las Riojas de Neiva\"}]},{\"@type\":\"WebSite\",\"@id\":\"https:\/\/luchonoticias.com\/editor\/#website\",\"url\":\"https:\/\/luchonoticias.com\/editor\/\",\"name\":\"\",\"description\":\"\",\"publisher\":{\"@id\":\"https:\/\/luchonoticias.com\/editor\/#\/schema\/person\/7a7fd911f58561fd056dbac7b55af9cd\"},\"potentialAction\":[{\"@type\":\"SearchAction\",\"target\":{\"@type\":\"EntryPoint\",\"urlTemplate\":\"https:\/\/luchonoticias.com\/editor\/?s={search_term_string}\"},\"query-input\":{\"@type\":\"PropertyValueSpecification\",\"valueRequired\":true,\"valueName\":\"search_term_string\"}}],\"inLanguage\":\"es\"},{\"@type\":[\"Person\",\"Organization\"],\"@id\":\"https:\/\/luchonoticias.com\/editor\/#\/schema\/person\/7a7fd911f58561fd056dbac7b55af9cd\",\"name\":\"admin\",\"image\":{\"@type\":\"ImageObject\",\"inLanguage\":\"es\",\"@id\":\"https:\/\/luchonoticias.com\/editor\/#\/schema\/person\/image\/\",\"url\":\"https:\/\/luchonoticias.com\/editor\/wp-content\/uploads\/2024\/02\/cropped-cropped-logolu.webp\",\"contentUrl\":\"https:\/\/luchonoticias.com\/editor\/wp-content\/uploads\/2024\/02\/cropped-cropped-logolu.webp\",\"width\":382,\"height\":170,\"caption\":\"admin\"},\"logo\":{\"@id\":\"https:\/\/luchonoticias.com\/editor\/#\/schema\/person\/image\/\"},\"sameAs\":[\"https:\/\/www.facebook.com\/luchonoticiasneiva\"]},{\"@type\":\"Person\",\"@id\":\"https:\/\/luchonoticias.com\/editor\/#\/schema\/person\/29217990ddf6f14e35912b2866d591fb\",\"name\":\"Editor General\",\"image\":{\"@type\":\"ImageObject\",\"inLanguage\":\"es\",\"@id\":\"https:\/\/luchonoticias.com\/editor\/#\/schema\/person\/image\/\",\"url\":\"https:\/\/luchonoticias.com\/editor\/wp-content\/uploads\/2024\/02\/cropped-cropped-logolu-150x150.webp\",\"contentUrl\":\"https:\/\/luchonoticias.com\/editor\/wp-content\/uploads\/2024\/02\/cropped-cropped-logolu-150x150.webp\",\"caption\":\"Editor General\"},\"sameAs\":[\"https:\/\/luchonoticias.com\/\"],\"url\":\"https:\/\/luchonoticias.com\/editor\/author\/editor-general\/\"}]}<\/script>\n<!-- \/ Yoast SEO plugin. -->","yoast_head_json":{"title":"Por maltrato animal, fue capturado sujeto en el barrio Las Riojas de Neiva -","robots":{"index":"index","follow":"follow","max-snippet":"max-snippet:-1","max-image-preview":"max-image-preview:large","max-video-preview":"max-video-preview:-1"},"canonical":"https:\/\/luchonoticias.com\/editor\/por-maltrato-animal-fue-capturado-sujeto-en-el-barrio-las-riojas-de-neiva\/","og_locale":"es_ES","og_type":"article","og_title":"Por maltrato animal, fue capturado sujeto en el barrio Las Riojas de Neiva -","og_url":"https:\/\/luchonoticias.com\/editor\/por-maltrato-animal-fue-capturado-sujeto-en-el-barrio-las-riojas-de-neiva\/","article_publisher":"https:\/\/www.facebook.com\/luchonoticiasneiva","article_published_time":"2023-06-07T12:17:54+00:00","article_modified_time":"2023-06-07T12:17:57+00:00","author":"Editor General","twitter_card":"summary_large_image","twitter_misc":{"Escrito por":"Editor General","Tiempo de lectura":"1 minuto"},"schema":{"@context":"https:\/\/schema.org","@graph":[{"@type":"Article","@id":"https:\/\/luchonoticias.com\/editor\/por-maltrato-animal-fue-capturado-sujeto-en-el-barrio-las-riojas-de-neiva\/#article","isPartOf":{"@id":"https:\/\/luchonoticias.com\/editor\/por-maltrato-animal-fue-capturado-sujeto-en-el-barrio-las-riojas-de-neiva\/"},"author":{"name":"Editor General","@id":"https:\/\/luchonoticias.com\/editor\/#\/schema\/person\/29217990ddf6f14e35912b2866d591fb"},"headline":"Por maltrato animal, fue capturado sujeto en el barrio Las Riojas de Neiva","datePublished":"2023-06-07T12:17:54+00:00","dateModified":"2023-06-07T12:17:57+00:00","mainEntityOfPage":{"@id":"https:\/\/luchonoticias.com\/editor\/por-maltrato-animal-fue-capturado-sujeto-en-el-barrio-las-riojas-de-neiva\/"},"wordCount":128,"commentCount":0,"publisher":{"@id":"https:\/\/luchonoticias.com\/editor\/#\/schema\/person\/7a7fd911f58561fd056dbac7b55af9cd"},"articleSection":["Destacado","Judicial"],"inLanguage":"es","potentialAction":[{"@type":"CommentAction","name":"Comment","target":["https:\/\/luchonoticias.com\/editor\/por-maltrato-animal-fue-capturado-sujeto-en-el-barrio-las-riojas-de-neiva\/#respond"]}]},{"@type":"WebPage","@id":"https:\/\/luchonoticias.com\/editor\/por-maltrato-animal-fue-capturado-sujeto-en-el-barrio-las-riojas-de-neiva\/","url":"https:\/\/luchonoticias.com\/editor\/por-maltrato-animal-fue-capturado-sujeto-en-el-barrio-las-riojas-de-neiva\/","name":"Por maltrato animal, fue capturado sujeto en el barrio Las Riojas de Neiva -","isPartOf":{"@id":"https:\/\/luchonoticias.com\/editor\/#website"},"datePublished":"2023-06-07T12:17:54+00:00","dateModified":"2023-06-07T12:17:57+00:00","breadcrumb":{"@id":"https:\/\/luchonoticias.com\/editor\/por-maltrato-animal-fue-capturado-sujeto-en-el-barrio-las-riojas-de-neiva\/#breadcrumb"},"inLanguage":"es","potentialAction":[{"@type":"ReadAction","target":["https:\/\/luchonoticias.com\/editor\/por-maltrato-animal-fue-capturado-sujeto-en-el-barrio-las-riojas-de-neiva\/"]}]},{"@type":"BreadcrumbList","@id":"https:\/\/luchonoticias.com\/editor\/por-maltrato-animal-fue-capturado-sujeto-en-el-barrio-las-riojas-de-neiva\/#breadcrumb","itemListElement":[{"@type":"ListItem","position":1,"name":"Portada","item":"https:\/\/luchonoticias.com\/editor\/"},{"@type":"ListItem","position":2,"name":"Por maltrato animal, fue capturado sujeto en el barrio Las Riojas de Neiva"}]},{"@type":"WebSite","@id":"https:\/\/luchonoticias.com\/editor\/#website","url":"https:\/\/luchonoticias.com\/editor\/","name":"","description":"","publisher":{"@id":"https:\/\/luchonoticias.com\/editor\/#\/schema\/person\/7a7fd911f58561fd056dbac7b55af9cd"},"potentialAction":[{"@type":"SearchAction","target":{"@type":"EntryPoint","urlTemplate":"https:\/\/luchonoticias.com\/editor\/?s={search_term_string}"},"query-input":{"@type":"PropertyValueSpecification","valueRequired":true,"valueName":"search_term_string"}}],"inLanguage":"es"},{"@type":["Person","Organization"],"@id":"https:\/\/luchonoticias.com\/editor\/#\/schema\/person\/7a7fd911f58561fd056dbac7b55af9cd","name":"admin","image":{"@type":"ImageObject","inLanguage":"es","@id":"https:\/\/luchonoticias.com\/editor\/#\/schema\/person\/image\/","url":"https:\/\/luchonoticias.com\/editor\/wp-content\/uploads\/2024\/02\/cropped-cropped-logolu.webp","contentUrl":"https:\/\/luchonoticias.com\/editor\/wp-content\/uploads\/2024\/02\/cropped-cropped-logolu.webp","width":382,"height":170,"caption":"admin"},"logo":{"@id":"https:\/\/luchonoticias.com\/editor\/#\/schema\/person\/image\/"},"sameAs":["https:\/\/www.facebook.com\/luchonoticiasneiva"]},{"@type":"Person","@id":"https:\/\/luchonoticias.com\/editor\/#\/schema\/person\/29217990ddf6f14e35912b2866d591fb","name":"Editor General","image":{"@type":"ImageObject","inLanguage":"es","@id":"https:\/\/luchonoticias.com\/editor\/#\/schema\/person\/image\/","url":"https:\/\/luchonoticias.com\/editor\/wp-content\/uploads\/2024\/02\/cropped-cropped-logolu-150x150.webp","contentUrl":"https:\/\/luchonoticias.com\/editor\/wp-content\/uploads\/2024\/02\/cropped-cropped-logolu-150x150.webp","caption":"Editor General"},"sameAs":["https:\/\/luchonoticias.com\/"],"url":"https:\/\/luchonoticias.com\/editor\/author\/editor-general\/"}]}},"_links":{"self":[{"href":"https:\/\/luchonoticias.com\/editor\/wp-json\/wp\/v2\/posts\/54049","targetHints":{"allow":["GET"]}}],"collection":[{"href":"https:\/\/luchonoticias.com\/editor\/wp-json\/wp\/v2\/posts"}],"about":[{"href":"https:\/\/luchonoticias.com\/editor\/wp-json\/wp\/v2\/types\/post"}],"author":[{"embeddable":true,"href":"https:\/\/luchonoticias.com\/editor\/wp-json\/wp\/v2\/users\/2"}],"replies":[{"embeddable":true,"href":"https:\/\/luchonoticias.com\/editor\/wp-json\/wp\/v2\/comments?post=54049"}],"version-history":[{"count":0,"href":"https:\/\/luchonoticias.com\/editor\/wp-json\/wp\/v2\/posts\/54049\/revisions"}],"wp:attachment":[{"href":"https:\/\/luchonoticias.com\/editor\/wp-json\/wp\/v2\/media?parent=54049"}],"wp:term":[{"taxonomy":"category","embeddable":true,"href":"https:\/\/luchonoticias.com\/editor\/wp-json\/wp\/v2\/categories?post=54049"},{"taxonomy":"post_tag","embeddable":true,"href":"https:\/\/luchonoticias.com\/editor\/wp-json\/wp\/v2\/tags?post=54049"}],"curies":[{"name":"wp","href":"https:\/\/api.w.org\/{rel}","templated":true}]}}