{"id":54057,"date":"2023-06-07T07:26:23","date_gmt":"2023-06-07T12:26:23","guid":{"rendered":"https:\/\/luchonoticias.com\/?p=54057"},"modified":"2023-06-07T07:26:27","modified_gmt":"2023-06-07T12:26:27","slug":"luis-enrique-cardoso-va-por-la-tercera-alcaldia","status":"publish","type":"post","link":"https:\/\/luchonoticias.com\/editor\/luis-enrique-cardoso-va-por-la-tercera-alcaldia\/","title":{"rendered":"Luis Enrique Cardoso, va por la tercera alcald\u00eda"},"content":{"rendered":"\n<p>Con la recolecci\u00f3n de 2.800 firmas y con el apoyo de diferentes sectores pol\u00edticos y productivos, el exalcalde de Baraya Luis Enrique Cardoso, decide poner a consideraci\u00f3n su hoja de vida y su amplia experiencia para volver a dirigir los recursos de su municipio.<\/p>\n\n\n\n<p>En di\u00e1logo con Lucho Noticias, el administrador p\u00fablico Luis Enrique Cardoso, confirm\u00f3 que su aspiraci\u00f3n pol\u00edtica obedece al llamado de las comunidades rurales, amigos y sectores econ\u00f3micos de Baraya, quienes le pidieron que vuelva como candidato a la alcald\u00eda para el pr\u00f3ximo cuatrienio 2024 \u2013 2027.<\/p>\n\n\n\n<p>Para nadie es un secreto que Luis Enrique, como alcalde en dos periodos, demostr\u00f3 que con honestidad, austeridad y compromiso se puede administrar los recursos de un municipio, recursos que son de propiedad del mismo pueblo y que a su paso por las dos alcald\u00edas las obras ejecutadas han sido el reflejo de un honesto gobernante.<\/p>\n\n\n\n<figure class=\"wp-block-gallery has-nested-images columns-default is-cropped wp-block-gallery-1 is-layout-flex wp-block-gallery-is-layout-flex\">\n<figure class=\"wp-block-image size-large\"><img decoding=\"async\" data-id=\"54060\" src=\"https:\/\/luchonoticias.com\/wp-content\/uploads\/2023\/06\/WhatsApp-Image-2023-06-07-at-7.23.20-AM-1.jpeg\" alt=\"\" class=\"wp-image-54060\"\/><\/figure>\n\n\n\n<figure class=\"wp-block-image size-large\"><img decoding=\"async\" data-id=\"54059\" src=\"https:\/\/luchonoticias.com\/wp-content\/uploads\/2023\/06\/WhatsApp-Image-2023-06-07-at-7.23.20-AM-2.jpeg\" alt=\"\" class=\"wp-image-54059\"\/><\/figure>\n<\/figure>\n\n\n\n<p>\u201cYo aspiro a al alcald\u00eda de Baraya, porque nuestro municipio ha estado estancado en estos \u00faltimos cuatro a\u00f1os, en mi pasada administraci\u00f3n y con el apoyo del entonces gobernador Carlos Julio Gonz\u00e1lez Villa, logramos sacar adelante varios proyectos, obras, logramos construir m\u00e1s de 100 viviendas que hoy en d\u00eda, est\u00e1n habitadas por familias que realmente necesitaban de vivienda propia, tambi\u00e9n construimos ocho kil\u00f3metros de placa huella en la zona rural, beneficiando a nuestros campesinos, reforzamos la instituci\u00f3n educativa Antonio Baraya, invertimos en la remodelaci\u00f3n del parque local, mejoramos las v\u00edas urbanas, construimos un moderno polideportivo, entonces creo que hemos dejado una huella importante y por esa misma raz\u00f3n y con el apoyo de amigos y sectores pol\u00edticos, he decido aspirar nuevamente para llegar a la alcald\u00eda de nuestro municipio\u201d expres\u00f3 el aspirante Luis Enrique Cardoso.<\/p>\n\n\n\n<p>El dirigente pol\u00edtico de tendencia liberal, dijo finalmente que para la Asamblea del Huila apoya la aspiraci\u00f3n de la actual concejal de Neiva Victoria Castro y para la Gobernaci\u00f3n del Huila, no dud\u00f3 en acompa\u00f1ar al precandidato Rodrigo Villalba Mosquera, para las elecciones territoriales que se desarrollar\u00e1n el 29 de octubre del presente a\u00f1o.<\/p>\n","protected":false},"excerpt":{"rendered":"<p>Con la recolecci\u00f3n de 2.800 firmas y con el apoyo de diferentes sectores pol\u00edticos y productivos, el exalcalde de Baraya Luis Enrique Cardoso, decide poner a consideraci\u00f3n su hoja de vida y su amplia experiencia para volver a dirigir los recursos de su municipio. En di\u00e1logo con Lucho Noticias, el administrador p\u00fablico Luis Enrique Cardoso, [&hellip;]<\/p>\n","protected":false},"author":2,"featured_media":0,"comment_status":"open","ping_status":"open","sticky":false,"template":"","format":"standard","meta":{"footnotes":""},"categories":[36,617],"tags":[],"class_list":["post-54057","post","type-post","status-publish","format-standard","hentry","category-destacado","category-politica"],"yoast_head":"<!-- This site is optimized with the Yoast SEO plugin v26.6 - https:\/\/yoast.com\/wordpress\/plugins\/seo\/ -->\n<title>Luis Enrique Cardoso, va por la tercera alcald\u00eda -<\/title>\n<meta name=\"robots\" content=\"index, follow, max-snippet:-1, max-image-preview:large, max-video-preview:-1\" \/>\n<link rel=\"canonical\" href=\"https:\/\/luchonoticias.com\/editor\/luis-enrique-cardoso-va-por-la-tercera-alcaldia\/\" \/>\n<meta property=\"og:locale\" content=\"es_ES\" \/>\n<meta property=\"og:type\" content=\"article\" \/>\n<meta property=\"og:title\" content=\"Luis Enrique Cardoso, va por la tercera alcald\u00eda -\" \/>\n<meta property=\"og:url\" content=\"https:\/\/luchonoticias.com\/editor\/luis-enrique-cardoso-va-por-la-tercera-alcaldia\/\" \/>\n<meta property=\"article:publisher\" content=\"https:\/\/www.facebook.com\/luchonoticiasneiva\" \/>\n<meta property=\"article:published_time\" content=\"2023-06-07T12:26:23+00:00\" \/>\n<meta property=\"article:modified_time\" content=\"2023-06-07T12:26:27+00:00\" \/>\n<meta property=\"og:image\" content=\"https:\/\/luchonoticias.com\/wp-content\/uploads\/2023\/06\/WhatsApp-Image-2023-06-07-at-7.23.20-AM-1.jpeg\" \/>\n<meta name=\"author\" content=\"Editor General\" \/>\n<meta name=\"twitter:card\" content=\"summary_large_image\" \/>\n<meta name=\"twitter:label1\" content=\"Escrito por\" \/>\n\t<meta name=\"twitter:data1\" content=\"Editor General\" \/>\n\t<meta name=\"twitter:label2\" content=\"Tiempo de lectura\" \/>\n\t<meta name=\"twitter:data2\" content=\"2 minutos\" \/>\n<script type=\"application\/ld+json\" class=\"yoast-schema-graph\">{\"@context\":\"https:\/\/schema.org\",\"@graph\":[{\"@type\":\"Article\",\"@id\":\"https:\/\/luchonoticias.com\/editor\/luis-enrique-cardoso-va-por-la-tercera-alcaldia\/#article\",\"isPartOf\":{\"@id\":\"https:\/\/luchonoticias.com\/editor\/luis-enrique-cardoso-va-por-la-tercera-alcaldia\/\"},\"author\":{\"name\":\"Editor General\",\"@id\":\"https:\/\/luchonoticias.com\/editor\/#\/schema\/person\/29217990ddf6f14e35912b2866d591fb\"},\"headline\":\"Luis Enrique Cardoso, va por la tercera alcald\u00eda\",\"datePublished\":\"2023-06-07T12:26:23+00:00\",\"dateModified\":\"2023-06-07T12:26:27+00:00\",\"mainEntityOfPage\":{\"@id\":\"https:\/\/luchonoticias.com\/editor\/luis-enrique-cardoso-va-por-la-tercera-alcaldia\/\"},\"wordCount\":370,\"commentCount\":0,\"publisher\":{\"@id\":\"https:\/\/luchonoticias.com\/editor\/#\/schema\/person\/7a7fd911f58561fd056dbac7b55af9cd\"},\"image\":{\"@id\":\"https:\/\/luchonoticias.com\/editor\/luis-enrique-cardoso-va-por-la-tercera-alcaldia\/#primaryimage\"},\"thumbnailUrl\":\"https:\/\/luchonoticias.com\/wp-content\/uploads\/2023\/06\/WhatsApp-Image-2023-06-07-at-7.23.20-AM-1.jpeg\",\"articleSection\":[\"Destacado\",\"Pol\u00edtica\"],\"inLanguage\":\"es\",\"potentialAction\":[{\"@type\":\"CommentAction\",\"name\":\"Comment\",\"target\":[\"https:\/\/luchonoticias.com\/editor\/luis-enrique-cardoso-va-por-la-tercera-alcaldia\/#respond\"]}]},{\"@type\":\"WebPage\",\"@id\":\"https:\/\/luchonoticias.com\/editor\/luis-enrique-cardoso-va-por-la-tercera-alcaldia\/\",\"url\":\"https:\/\/luchonoticias.com\/editor\/luis-enrique-cardoso-va-por-la-tercera-alcaldia\/\",\"name\":\"Luis Enrique Cardoso, va por la tercera alcald\u00eda -\",\"isPartOf\":{\"@id\":\"https:\/\/luchonoticias.com\/editor\/#website\"},\"primaryImageOfPage\":{\"@id\":\"https:\/\/luchonoticias.com\/editor\/luis-enrique-cardoso-va-por-la-tercera-alcaldia\/#primaryimage\"},\"image\":{\"@id\":\"https:\/\/luchonoticias.com\/editor\/luis-enrique-cardoso-va-por-la-tercera-alcaldia\/#primaryimage\"},\"thumbnailUrl\":\"https:\/\/luchonoticias.com\/wp-content\/uploads\/2023\/06\/WhatsApp-Image-2023-06-07-at-7.23.20-AM-1.jpeg\",\"datePublished\":\"2023-06-07T12:26:23+00:00\",\"dateModified\":\"2023-06-07T12:26:27+00:00\",\"breadcrumb\":{\"@id\":\"https:\/\/luchonoticias.com\/editor\/luis-enrique-cardoso-va-por-la-tercera-alcaldia\/#breadcrumb\"},\"inLanguage\":\"es\",\"potentialAction\":[{\"@type\":\"ReadAction\",\"target\":[\"https:\/\/luchonoticias.com\/editor\/luis-enrique-cardoso-va-por-la-tercera-alcaldia\/\"]}]},{\"@type\":\"ImageObject\",\"inLanguage\":\"es\",\"@id\":\"https:\/\/luchonoticias.com\/editor\/luis-enrique-cardoso-va-por-la-tercera-alcaldia\/#primaryimage\",\"url\":\"https:\/\/luchonoticias.com\/wp-content\/uploads\/2023\/06\/WhatsApp-Image-2023-06-07-at-7.23.20-AM-1.jpeg\",\"contentUrl\":\"https:\/\/luchonoticias.com\/wp-content\/uploads\/2023\/06\/WhatsApp-Image-2023-06-07-at-7.23.20-AM-1.jpeg\"},{\"@type\":\"BreadcrumbList\",\"@id\":\"https:\/\/luchonoticias.com\/editor\/luis-enrique-cardoso-va-por-la-tercera-alcaldia\/#breadcrumb\",\"itemListElement\":[{\"@type\":\"ListItem\",\"position\":1,\"name\":\"Portada\",\"item\":\"https:\/\/luchonoticias.com\/editor\/\"},{\"@type\":\"ListItem\",\"position\":2,\"name\":\"Luis Enrique Cardoso, va por la tercera alcald\u00eda\"}]},{\"@type\":\"WebSite\",\"@id\":\"https:\/\/luchonoticias.com\/editor\/#website\",\"url\":\"https:\/\/luchonoticias.com\/editor\/\",\"name\":\"\",\"description\":\"\",\"publisher\":{\"@id\":\"https:\/\/luchonoticias.com\/editor\/#\/schema\/person\/7a7fd911f58561fd056dbac7b55af9cd\"},\"potentialAction\":[{\"@type\":\"SearchAction\",\"target\":{\"@type\":\"EntryPoint\",\"urlTemplate\":\"https:\/\/luchonoticias.com\/editor\/?s={search_term_string}\"},\"query-input\":{\"@type\":\"PropertyValueSpecification\",\"valueRequired\":true,\"valueName\":\"search_term_string\"}}],\"inLanguage\":\"es\"},{\"@type\":[\"Person\",\"Organization\"],\"@id\":\"https:\/\/luchonoticias.com\/editor\/#\/schema\/person\/7a7fd911f58561fd056dbac7b55af9cd\",\"name\":\"admin\",\"image\":{\"@type\":\"ImageObject\",\"inLanguage\":\"es\",\"@id\":\"https:\/\/luchonoticias.com\/editor\/#\/schema\/person\/image\/\",\"url\":\"https:\/\/luchonoticias.com\/editor\/wp-content\/uploads\/2024\/02\/cropped-cropped-logolu.webp\",\"contentUrl\":\"https:\/\/luchonoticias.com\/editor\/wp-content\/uploads\/2024\/02\/cropped-cropped-logolu.webp\",\"width\":382,\"height\":170,\"caption\":\"admin\"},\"logo\":{\"@id\":\"https:\/\/luchonoticias.com\/editor\/#\/schema\/person\/image\/\"},\"sameAs\":[\"https:\/\/www.facebook.com\/luchonoticiasneiva\"]},{\"@type\":\"Person\",\"@id\":\"https:\/\/luchonoticias.com\/editor\/#\/schema\/person\/29217990ddf6f14e35912b2866d591fb\",\"name\":\"Editor General\",\"image\":{\"@type\":\"ImageObject\",\"inLanguage\":\"es\",\"@id\":\"https:\/\/luchonoticias.com\/editor\/#\/schema\/person\/image\/\",\"url\":\"https:\/\/luchonoticias.com\/editor\/wp-content\/uploads\/2024\/02\/cropped-cropped-logolu-150x150.webp\",\"contentUrl\":\"https:\/\/luchonoticias.com\/editor\/wp-content\/uploads\/2024\/02\/cropped-cropped-logolu-150x150.webp\",\"caption\":\"Editor General\"},\"sameAs\":[\"https:\/\/luchonoticias.com\/\"],\"url\":\"https:\/\/luchonoticias.com\/editor\/author\/editor-general\/\"}]}<\/script>\n<!-- \/ Yoast SEO plugin. -->","yoast_head_json":{"title":"Luis Enrique Cardoso, va por la tercera alcald\u00eda -","robots":{"index":"index","follow":"follow","max-snippet":"max-snippet:-1","max-image-preview":"max-image-preview:large","max-video-preview":"max-video-preview:-1"},"canonical":"https:\/\/luchonoticias.com\/editor\/luis-enrique-cardoso-va-por-la-tercera-alcaldia\/","og_locale":"es_ES","og_type":"article","og_title":"Luis Enrique Cardoso, va por la tercera alcald\u00eda -","og_url":"https:\/\/luchonoticias.com\/editor\/luis-enrique-cardoso-va-por-la-tercera-alcaldia\/","article_publisher":"https:\/\/www.facebook.com\/luchonoticiasneiva","article_published_time":"2023-06-07T12:26:23+00:00","article_modified_time":"2023-06-07T12:26:27+00:00","og_image":[{"url":"https:\/\/luchonoticias.com\/wp-content\/uploads\/2023\/06\/WhatsApp-Image-2023-06-07-at-7.23.20-AM-1.jpeg","type":"","width":"","height":""}],"author":"Editor General","twitter_card":"summary_large_image","twitter_misc":{"Escrito por":"Editor General","Tiempo de lectura":"2 minutos"},"schema":{"@context":"https:\/\/schema.org","@graph":[{"@type":"Article","@id":"https:\/\/luchonoticias.com\/editor\/luis-enrique-cardoso-va-por-la-tercera-alcaldia\/#article","isPartOf":{"@id":"https:\/\/luchonoticias.com\/editor\/luis-enrique-cardoso-va-por-la-tercera-alcaldia\/"},"author":{"name":"Editor General","@id":"https:\/\/luchonoticias.com\/editor\/#\/schema\/person\/29217990ddf6f14e35912b2866d591fb"},"headline":"Luis Enrique Cardoso, va por la tercera alcald\u00eda","datePublished":"2023-06-07T12:26:23+00:00","dateModified":"2023-06-07T12:26:27+00:00","mainEntityOfPage":{"@id":"https:\/\/luchonoticias.com\/editor\/luis-enrique-cardoso-va-por-la-tercera-alcaldia\/"},"wordCount":370,"commentCount":0,"publisher":{"@id":"https:\/\/luchonoticias.com\/editor\/#\/schema\/person\/7a7fd911f58561fd056dbac7b55af9cd"},"image":{"@id":"https:\/\/luchonoticias.com\/editor\/luis-enrique-cardoso-va-por-la-tercera-alcaldia\/#primaryimage"},"thumbnailUrl":"https:\/\/luchonoticias.com\/wp-content\/uploads\/2023\/06\/WhatsApp-Image-2023-06-07-at-7.23.20-AM-1.jpeg","articleSection":["Destacado","Pol\u00edtica"],"inLanguage":"es","potentialAction":[{"@type":"CommentAction","name":"Comment","target":["https:\/\/luchonoticias.com\/editor\/luis-enrique-cardoso-va-por-la-tercera-alcaldia\/#respond"]}]},{"@type":"WebPage","@id":"https:\/\/luchonoticias.com\/editor\/luis-enrique-cardoso-va-por-la-tercera-alcaldia\/","url":"https:\/\/luchonoticias.com\/editor\/luis-enrique-cardoso-va-por-la-tercera-alcaldia\/","name":"Luis Enrique Cardoso, va por la tercera alcald\u00eda -","isPartOf":{"@id":"https:\/\/luchonoticias.com\/editor\/#website"},"primaryImageOfPage":{"@id":"https:\/\/luchonoticias.com\/editor\/luis-enrique-cardoso-va-por-la-tercera-alcaldia\/#primaryimage"},"image":{"@id":"https:\/\/luchonoticias.com\/editor\/luis-enrique-cardoso-va-por-la-tercera-alcaldia\/#primaryimage"},"thumbnailUrl":"https:\/\/luchonoticias.com\/wp-content\/uploads\/2023\/06\/WhatsApp-Image-2023-06-07-at-7.23.20-AM-1.jpeg","datePublished":"2023-06-07T12:26:23+00:00","dateModified":"2023-06-07T12:26:27+00:00","breadcrumb":{"@id":"https:\/\/luchonoticias.com\/editor\/luis-enrique-cardoso-va-por-la-tercera-alcaldia\/#breadcrumb"},"inLanguage":"es","potentialAction":[{"@type":"ReadAction","target":["https:\/\/luchonoticias.com\/editor\/luis-enrique-cardoso-va-por-la-tercera-alcaldia\/"]}]},{"@type":"ImageObject","inLanguage":"es","@id":"https:\/\/luchonoticias.com\/editor\/luis-enrique-cardoso-va-por-la-tercera-alcaldia\/#primaryimage","url":"https:\/\/luchonoticias.com\/wp-content\/uploads\/2023\/06\/WhatsApp-Image-2023-06-07-at-7.23.20-AM-1.jpeg","contentUrl":"https:\/\/luchonoticias.com\/wp-content\/uploads\/2023\/06\/WhatsApp-Image-2023-06-07-at-7.23.20-AM-1.jpeg"},{"@type":"BreadcrumbList","@id":"https:\/\/luchonoticias.com\/editor\/luis-enrique-cardoso-va-por-la-tercera-alcaldia\/#breadcrumb","itemListElement":[{"@type":"ListItem","position":1,"name":"Portada","item":"https:\/\/luchonoticias.com\/editor\/"},{"@type":"ListItem","position":2,"name":"Luis Enrique Cardoso, va por la tercera alcald\u00eda"}]},{"@type":"WebSite","@id":"https:\/\/luchonoticias.com\/editor\/#website","url":"https:\/\/luchonoticias.com\/editor\/","name":"","description":"","publisher":{"@id":"https:\/\/luchonoticias.com\/editor\/#\/schema\/person\/7a7fd911f58561fd056dbac7b55af9cd"},"potentialAction":[{"@type":"SearchAction","target":{"@type":"EntryPoint","urlTemplate":"https:\/\/luchonoticias.com\/editor\/?s={search_term_string}"},"query-input":{"@type":"PropertyValueSpecification","valueRequired":true,"valueName":"search_term_string"}}],"inLanguage":"es"},{"@type":["Person","Organization"],"@id":"https:\/\/luchonoticias.com\/editor\/#\/schema\/person\/7a7fd911f58561fd056dbac7b55af9cd","name":"admin","image":{"@type":"ImageObject","inLanguage":"es","@id":"https:\/\/luchonoticias.com\/editor\/#\/schema\/person\/image\/","url":"https:\/\/luchonoticias.com\/editor\/wp-content\/uploads\/2024\/02\/cropped-cropped-logolu.webp","contentUrl":"https:\/\/luchonoticias.com\/editor\/wp-content\/uploads\/2024\/02\/cropped-cropped-logolu.webp","width":382,"height":170,"caption":"admin"},"logo":{"@id":"https:\/\/luchonoticias.com\/editor\/#\/schema\/person\/image\/"},"sameAs":["https:\/\/www.facebook.com\/luchonoticiasneiva"]},{"@type":"Person","@id":"https:\/\/luchonoticias.com\/editor\/#\/schema\/person\/29217990ddf6f14e35912b2866d591fb","name":"Editor General","image":{"@type":"ImageObject","inLanguage":"es","@id":"https:\/\/luchonoticias.com\/editor\/#\/schema\/person\/image\/","url":"https:\/\/luchonoticias.com\/editor\/wp-content\/uploads\/2024\/02\/cropped-cropped-logolu-150x150.webp","contentUrl":"https:\/\/luchonoticias.com\/editor\/wp-content\/uploads\/2024\/02\/cropped-cropped-logolu-150x150.webp","caption":"Editor General"},"sameAs":["https:\/\/luchonoticias.com\/"],"url":"https:\/\/luchonoticias.com\/editor\/author\/editor-general\/"}]}},"_links":{"self":[{"href":"https:\/\/luchonoticias.com\/editor\/wp-json\/wp\/v2\/posts\/54057","targetHints":{"allow":["GET"]}}],"collection":[{"href":"https:\/\/luchonoticias.com\/editor\/wp-json\/wp\/v2\/posts"}],"about":[{"href":"https:\/\/luchonoticias.com\/editor\/wp-json\/wp\/v2\/types\/post"}],"author":[{"embeddable":true,"href":"https:\/\/luchonoticias.com\/editor\/wp-json\/wp\/v2\/users\/2"}],"replies":[{"embeddable":true,"href":"https:\/\/luchonoticias.com\/editor\/wp-json\/wp\/v2\/comments?post=54057"}],"version-history":[{"count":0,"href":"https:\/\/luchonoticias.com\/editor\/wp-json\/wp\/v2\/posts\/54057\/revisions"}],"wp:attachment":[{"href":"https:\/\/luchonoticias.com\/editor\/wp-json\/wp\/v2\/media?parent=54057"}],"wp:term":[{"taxonomy":"category","embeddable":true,"href":"https:\/\/luchonoticias.com\/editor\/wp-json\/wp\/v2\/categories?post=54057"},{"taxonomy":"post_tag","embeddable":true,"href":"https:\/\/luchonoticias.com\/editor\/wp-json\/wp\/v2\/tags?post=54057"}],"curies":[{"name":"wp","href":"https:\/\/api.w.org\/{rel}","templated":true}]}}