{"id":54062,"date":"2023-06-07T11:46:06","date_gmt":"2023-06-07T16:46:06","guid":{"rendered":"https:\/\/luchonoticias.com\/?p=54062"},"modified":"2023-06-07T11:46:08","modified_gmt":"2023-06-07T16:46:08","slug":"banco-mundial-situo-a-colombia-como-una-de-las-economias-de-mayor-perspectiva-de-crecimiento-durante-2023","status":"publish","type":"post","link":"https:\/\/luchonoticias.com\/editor\/banco-mundial-situo-a-colombia-como-una-de-las-economias-de-mayor-perspectiva-de-crecimiento-durante-2023\/","title":{"rendered":"Banco Mundial situ\u00f3 a Colombia como una de las econom\u00edas de mayor perspectiva de crecimiento durante 2023"},"content":{"rendered":"\n<p>El Banco Mundial situ\u00f3 este martes a Colombia como una de las econom\u00edas de la regi\u00f3n que m\u00e1s crecer\u00e1 durante el 2023, al elevar sus perspectivas de 1,3% al 1,7%, al tiempo que el Ministro de Hacienda, Ricardo Bonilla, coincidi\u00f3 con dicha cifra al citar a diversos analistas.<\/p>\n\n\n\n<p>Las proyecciones del \u00faltimo reporte de perspectiva econ\u00f3mica global del Banco Mundial, publicado este martes por el organismo, evidencian que el crecimiento de Am\u00e9rica Latina y el Caribe se desacelerar\u00e1 hasta 1,5% durante el 2023 despu\u00e9s de haber crecido 3,7% en 2022.<\/p>\n\n\n\n<p>Sin embargo, el estudio destaca que dentro de la regi\u00f3n \u201cmejor\u00f3 la perspectiva de crecimiento para Colombia de 1,3% a 1,7%\u201d aunque advierte \u201cmayores riesgos para 2024, (donde) se ve una desmejora del 2,8% que proyectaba en enero a 2% para el pr\u00f3ximo a\u00f1o\u201d.<\/p>\n\n\n\n<p>Los pron\u00f3sticos del informe \u2013seg\u00fan destacaron informes locales de prensa\u2013 indican que el escaso crecimiento en las econom\u00edas avanzadas incidir\u00e1 en la demanda de exportaciones, mientras que es probable que las pol\u00edticas monetarias restrictivas que se sigan aplicando en esas econom\u00edas.<\/p>\n\n\n\n<p>Para 2023, el estudio se\u00f1ala que la mejora m\u00e1s importante de enero a junio la tuvo M\u00e9xico (que crecer\u00e1 2,5% este a\u00f1o) y 1,9% en 2024. A esta econom\u00eda le sigue la mejora de 1,2% de Panam\u00e1, que crecer\u00e1 5,7% este a\u00f1o, y Nicaragua, con un alza de 1% a 3%<\/p>\n\n\n\n<p>\u201cEn la lista tambi\u00e9n mejor\u00f3 la perspectiva de Chile (+0,5%) a -0,4%; y de Belice, Brasil y Colombia, todas con mejoras de 0,4% en las proyecciones y que crecer\u00e1n 2,4%; 1,2% y 1,7%; respectivamente\u201d, concluy\u00f3 el informe.<\/p>\n\n\n\n<p>En el marco de un encuentro con exportadores colombianos agremiados en Analdex (Asociaci\u00f3n Nacional de Exportadores) y Asoexport (Asociaci\u00f3n Nacional de Exportadores de Caf\u00e9 de Colombia), el Ministro de Hacienda y Cr\u00e9dito P\u00fablico, Ricardo Bonilla, asegur\u00f3 que, \u201cseg\u00fan diversos analistas, Colombia crecer\u00eda del 1% al 1,8% este a\u00f1o; que el Gobierno est\u00e1 en el proceso de reactivar la econom\u00eda; y, que ya estar\u00eda llegando el final del incremento de las tasas de inter\u00e9s\u201d.<\/p>\n\n\n\n<p>Los empresarios, por su parte, extendieron una invitaci\u00f3n al Ministro Bonilla para trabajar de manera articulada en pro de los actores del comercio exterior del pa\u00eds, con el fin de generar desarrollo y empleo en las distintas regiones de Colombia.&nbsp;<\/p>\n\n\n\n<p>De acuerdo con el jefe de la cartera de Hacienda, dentro de las prioridades est\u00e1 trabajar con sectores como el cafetero, del cual dependen cerca de 500.000 familias y que es el principal producto no minero que exporta Colombia.&nbsp;<\/p>\n\n\n\n<p>En este sentido, dijo que existe una coyuntura de la ca\u00edda del sector cocalero y hay que ver c\u00f3mo se puede trabajar un tema de sustituci\u00f3n de cultivos, donde el caf\u00e9 podr\u00eda ser un gran protagonista. De igual forma, dijo que \u201cestamos en las fases finales de unas v\u00edas terciarias que van a ser de gran ayuda para mover la carga de caf\u00e9\u201d.&nbsp;<\/p>\n\n\n\n<p>Bonilla tambi\u00e9n se\u00f1al\u00f3 que hay que estimular los cr\u00e9ditos a los caficultores, no solo con la banca comercial, sino tambi\u00e9n con la banca cooperativa. \u201cCon esto queremos llegar m\u00e1s fuerte a las bases cafeteras, de la mano del Ministerio de Agricultura y todo con el fin de combatir el gota a gota\u201d.&nbsp;<\/p>\n","protected":false},"excerpt":{"rendered":"<p>El Banco Mundial situ\u00f3 este martes a Colombia como una de las econom\u00edas de la regi\u00f3n que m\u00e1s crecer\u00e1 durante el 2023, al elevar sus perspectivas de 1,3% al 1,7%, al tiempo que el Ministro de Hacienda, Ricardo Bonilla, coincidi\u00f3 con dicha cifra al citar a diversos analistas. Las proyecciones del \u00faltimo reporte de perspectiva [&hellip;]<\/p>\n","protected":false},"author":2,"featured_media":0,"comment_status":"open","ping_status":"open","sticky":false,"template":"","format":"standard","meta":{"footnotes":""},"categories":[28,36],"tags":[],"class_list":["post-54062","post","type-post","status-publish","format-standard","hentry","category-actualidad","category-destacado"],"yoast_head":"<!-- This site is optimized with the Yoast SEO plugin v26.6 - https:\/\/yoast.com\/wordpress\/plugins\/seo\/ -->\n<title>Banco Mundial situ\u00f3 a Colombia como una de las econom\u00edas de mayor perspectiva de crecimiento durante 2023 -<\/title>\n<meta name=\"robots\" content=\"index, follow, max-snippet:-1, max-image-preview:large, max-video-preview:-1\" \/>\n<link rel=\"canonical\" href=\"https:\/\/luchonoticias.com\/editor\/banco-mundial-situo-a-colombia-como-una-de-las-economias-de-mayor-perspectiva-de-crecimiento-durante-2023\/\" \/>\n<meta property=\"og:locale\" content=\"es_ES\" \/>\n<meta property=\"og:type\" content=\"article\" \/>\n<meta property=\"og:title\" content=\"Banco Mundial situ\u00f3 a Colombia como una de las econom\u00edas de mayor perspectiva de crecimiento durante 2023 -\" \/>\n<meta property=\"og:url\" content=\"https:\/\/luchonoticias.com\/editor\/banco-mundial-situo-a-colombia-como-una-de-las-economias-de-mayor-perspectiva-de-crecimiento-durante-2023\/\" \/>\n<meta property=\"article:publisher\" content=\"https:\/\/www.facebook.com\/luchonoticiasneiva\" \/>\n<meta property=\"article:published_time\" content=\"2023-06-07T16:46:06+00:00\" \/>\n<meta property=\"article:modified_time\" content=\"2023-06-07T16:46:08+00:00\" \/>\n<meta name=\"author\" content=\"Editor General\" \/>\n<meta name=\"twitter:card\" content=\"summary_large_image\" \/>\n<meta name=\"twitter:label1\" content=\"Escrito por\" \/>\n\t<meta name=\"twitter:data1\" content=\"Editor General\" \/>\n\t<meta name=\"twitter:label2\" content=\"Tiempo de lectura\" \/>\n\t<meta name=\"twitter:data2\" content=\"3 minutos\" \/>\n<script type=\"application\/ld+json\" class=\"yoast-schema-graph\">{\"@context\":\"https:\/\/schema.org\",\"@graph\":[{\"@type\":\"Article\",\"@id\":\"https:\/\/luchonoticias.com\/editor\/banco-mundial-situo-a-colombia-como-una-de-las-economias-de-mayor-perspectiva-de-crecimiento-durante-2023\/#article\",\"isPartOf\":{\"@id\":\"https:\/\/luchonoticias.com\/editor\/banco-mundial-situo-a-colombia-como-una-de-las-economias-de-mayor-perspectiva-de-crecimiento-durante-2023\/\"},\"author\":{\"name\":\"Editor General\",\"@id\":\"https:\/\/luchonoticias.com\/editor\/#\/schema\/person\/29217990ddf6f14e35912b2866d591fb\"},\"headline\":\"Banco Mundial situ\u00f3 a Colombia como una de las econom\u00edas de mayor perspectiva de crecimiento durante 2023\",\"datePublished\":\"2023-06-07T16:46:06+00:00\",\"dateModified\":\"2023-06-07T16:46:08+00:00\",\"mainEntityOfPage\":{\"@id\":\"https:\/\/luchonoticias.com\/editor\/banco-mundial-situo-a-colombia-como-una-de-las-economias-de-mayor-perspectiva-de-crecimiento-durante-2023\/\"},\"wordCount\":567,\"commentCount\":0,\"publisher\":{\"@id\":\"https:\/\/luchonoticias.com\/editor\/#\/schema\/person\/7a7fd911f58561fd056dbac7b55af9cd\"},\"articleSection\":[\"Actualidad\",\"Destacado\"],\"inLanguage\":\"es\",\"potentialAction\":[{\"@type\":\"CommentAction\",\"name\":\"Comment\",\"target\":[\"https:\/\/luchonoticias.com\/editor\/banco-mundial-situo-a-colombia-como-una-de-las-economias-de-mayor-perspectiva-de-crecimiento-durante-2023\/#respond\"]}]},{\"@type\":\"WebPage\",\"@id\":\"https:\/\/luchonoticias.com\/editor\/banco-mundial-situo-a-colombia-como-una-de-las-economias-de-mayor-perspectiva-de-crecimiento-durante-2023\/\",\"url\":\"https:\/\/luchonoticias.com\/editor\/banco-mundial-situo-a-colombia-como-una-de-las-economias-de-mayor-perspectiva-de-crecimiento-durante-2023\/\",\"name\":\"Banco Mundial situ\u00f3 a Colombia como una de las econom\u00edas de mayor perspectiva de crecimiento durante 2023 -\",\"isPartOf\":{\"@id\":\"https:\/\/luchonoticias.com\/editor\/#website\"},\"datePublished\":\"2023-06-07T16:46:06+00:00\",\"dateModified\":\"2023-06-07T16:46:08+00:00\",\"breadcrumb\":{\"@id\":\"https:\/\/luchonoticias.com\/editor\/banco-mundial-situo-a-colombia-como-una-de-las-economias-de-mayor-perspectiva-de-crecimiento-durante-2023\/#breadcrumb\"},\"inLanguage\":\"es\",\"potentialAction\":[{\"@type\":\"ReadAction\",\"target\":[\"https:\/\/luchonoticias.com\/editor\/banco-mundial-situo-a-colombia-como-una-de-las-economias-de-mayor-perspectiva-de-crecimiento-durante-2023\/\"]}]},{\"@type\":\"BreadcrumbList\",\"@id\":\"https:\/\/luchonoticias.com\/editor\/banco-mundial-situo-a-colombia-como-una-de-las-economias-de-mayor-perspectiva-de-crecimiento-durante-2023\/#breadcrumb\",\"itemListElement\":[{\"@type\":\"ListItem\",\"position\":1,\"name\":\"Portada\",\"item\":\"https:\/\/luchonoticias.com\/editor\/\"},{\"@type\":\"ListItem\",\"position\":2,\"name\":\"Banco Mundial situ\u00f3 a Colombia como una de las econom\u00edas de mayor perspectiva de crecimiento durante 2023\"}]},{\"@type\":\"WebSite\",\"@id\":\"https:\/\/luchonoticias.com\/editor\/#website\",\"url\":\"https:\/\/luchonoticias.com\/editor\/\",\"name\":\"\",\"description\":\"\",\"publisher\":{\"@id\":\"https:\/\/luchonoticias.com\/editor\/#\/schema\/person\/7a7fd911f58561fd056dbac7b55af9cd\"},\"potentialAction\":[{\"@type\":\"SearchAction\",\"target\":{\"@type\":\"EntryPoint\",\"urlTemplate\":\"https:\/\/luchonoticias.com\/editor\/?s={search_term_string}\"},\"query-input\":{\"@type\":\"PropertyValueSpecification\",\"valueRequired\":true,\"valueName\":\"search_term_string\"}}],\"inLanguage\":\"es\"},{\"@type\":[\"Person\",\"Organization\"],\"@id\":\"https:\/\/luchonoticias.com\/editor\/#\/schema\/person\/7a7fd911f58561fd056dbac7b55af9cd\",\"name\":\"admin\",\"image\":{\"@type\":\"ImageObject\",\"inLanguage\":\"es\",\"@id\":\"https:\/\/luchonoticias.com\/editor\/#\/schema\/person\/image\/\",\"url\":\"https:\/\/luchonoticias.com\/editor\/wp-content\/uploads\/2024\/02\/cropped-cropped-logolu.webp\",\"contentUrl\":\"https:\/\/luchonoticias.com\/editor\/wp-content\/uploads\/2024\/02\/cropped-cropped-logolu.webp\",\"width\":382,\"height\":170,\"caption\":\"admin\"},\"logo\":{\"@id\":\"https:\/\/luchonoticias.com\/editor\/#\/schema\/person\/image\/\"},\"sameAs\":[\"https:\/\/www.facebook.com\/luchonoticiasneiva\"]},{\"@type\":\"Person\",\"@id\":\"https:\/\/luchonoticias.com\/editor\/#\/schema\/person\/29217990ddf6f14e35912b2866d591fb\",\"name\":\"Editor General\",\"image\":{\"@type\":\"ImageObject\",\"inLanguage\":\"es\",\"@id\":\"https:\/\/luchonoticias.com\/editor\/#\/schema\/person\/image\/\",\"url\":\"https:\/\/luchonoticias.com\/editor\/wp-content\/uploads\/2024\/02\/cropped-cropped-logolu-150x150.webp\",\"contentUrl\":\"https:\/\/luchonoticias.com\/editor\/wp-content\/uploads\/2024\/02\/cropped-cropped-logolu-150x150.webp\",\"caption\":\"Editor General\"},\"sameAs\":[\"https:\/\/luchonoticias.com\/\"],\"url\":\"https:\/\/luchonoticias.com\/editor\/author\/editor-general\/\"}]}<\/script>\n<!-- \/ Yoast SEO plugin. -->","yoast_head_json":{"title":"Banco Mundial situ\u00f3 a Colombia como una de las econom\u00edas de mayor perspectiva de crecimiento durante 2023 -","robots":{"index":"index","follow":"follow","max-snippet":"max-snippet:-1","max-image-preview":"max-image-preview:large","max-video-preview":"max-video-preview:-1"},"canonical":"https:\/\/luchonoticias.com\/editor\/banco-mundial-situo-a-colombia-como-una-de-las-economias-de-mayor-perspectiva-de-crecimiento-durante-2023\/","og_locale":"es_ES","og_type":"article","og_title":"Banco Mundial situ\u00f3 a Colombia como una de las econom\u00edas de mayor perspectiva de crecimiento durante 2023 -","og_url":"https:\/\/luchonoticias.com\/editor\/banco-mundial-situo-a-colombia-como-una-de-las-economias-de-mayor-perspectiva-de-crecimiento-durante-2023\/","article_publisher":"https:\/\/www.facebook.com\/luchonoticiasneiva","article_published_time":"2023-06-07T16:46:06+00:00","article_modified_time":"2023-06-07T16:46:08+00:00","author":"Editor General","twitter_card":"summary_large_image","twitter_misc":{"Escrito por":"Editor General","Tiempo de lectura":"3 minutos"},"schema":{"@context":"https:\/\/schema.org","@graph":[{"@type":"Article","@id":"https:\/\/luchonoticias.com\/editor\/banco-mundial-situo-a-colombia-como-una-de-las-economias-de-mayor-perspectiva-de-crecimiento-durante-2023\/#article","isPartOf":{"@id":"https:\/\/luchonoticias.com\/editor\/banco-mundial-situo-a-colombia-como-una-de-las-economias-de-mayor-perspectiva-de-crecimiento-durante-2023\/"},"author":{"name":"Editor General","@id":"https:\/\/luchonoticias.com\/editor\/#\/schema\/person\/29217990ddf6f14e35912b2866d591fb"},"headline":"Banco Mundial situ\u00f3 a Colombia como una de las econom\u00edas de mayor perspectiva de crecimiento durante 2023","datePublished":"2023-06-07T16:46:06+00:00","dateModified":"2023-06-07T16:46:08+00:00","mainEntityOfPage":{"@id":"https:\/\/luchonoticias.com\/editor\/banco-mundial-situo-a-colombia-como-una-de-las-economias-de-mayor-perspectiva-de-crecimiento-durante-2023\/"},"wordCount":567,"commentCount":0,"publisher":{"@id":"https:\/\/luchonoticias.com\/editor\/#\/schema\/person\/7a7fd911f58561fd056dbac7b55af9cd"},"articleSection":["Actualidad","Destacado"],"inLanguage":"es","potentialAction":[{"@type":"CommentAction","name":"Comment","target":["https:\/\/luchonoticias.com\/editor\/banco-mundial-situo-a-colombia-como-una-de-las-economias-de-mayor-perspectiva-de-crecimiento-durante-2023\/#respond"]}]},{"@type":"WebPage","@id":"https:\/\/luchonoticias.com\/editor\/banco-mundial-situo-a-colombia-como-una-de-las-economias-de-mayor-perspectiva-de-crecimiento-durante-2023\/","url":"https:\/\/luchonoticias.com\/editor\/banco-mundial-situo-a-colombia-como-una-de-las-economias-de-mayor-perspectiva-de-crecimiento-durante-2023\/","name":"Banco Mundial situ\u00f3 a Colombia como una de las econom\u00edas de mayor perspectiva de crecimiento durante 2023 -","isPartOf":{"@id":"https:\/\/luchonoticias.com\/editor\/#website"},"datePublished":"2023-06-07T16:46:06+00:00","dateModified":"2023-06-07T16:46:08+00:00","breadcrumb":{"@id":"https:\/\/luchonoticias.com\/editor\/banco-mundial-situo-a-colombia-como-una-de-las-economias-de-mayor-perspectiva-de-crecimiento-durante-2023\/#breadcrumb"},"inLanguage":"es","potentialAction":[{"@type":"ReadAction","target":["https:\/\/luchonoticias.com\/editor\/banco-mundial-situo-a-colombia-como-una-de-las-economias-de-mayor-perspectiva-de-crecimiento-durante-2023\/"]}]},{"@type":"BreadcrumbList","@id":"https:\/\/luchonoticias.com\/editor\/banco-mundial-situo-a-colombia-como-una-de-las-economias-de-mayor-perspectiva-de-crecimiento-durante-2023\/#breadcrumb","itemListElement":[{"@type":"ListItem","position":1,"name":"Portada","item":"https:\/\/luchonoticias.com\/editor\/"},{"@type":"ListItem","position":2,"name":"Banco Mundial situ\u00f3 a Colombia como una de las econom\u00edas de mayor perspectiva de crecimiento durante 2023"}]},{"@type":"WebSite","@id":"https:\/\/luchonoticias.com\/editor\/#website","url":"https:\/\/luchonoticias.com\/editor\/","name":"","description":"","publisher":{"@id":"https:\/\/luchonoticias.com\/editor\/#\/schema\/person\/7a7fd911f58561fd056dbac7b55af9cd"},"potentialAction":[{"@type":"SearchAction","target":{"@type":"EntryPoint","urlTemplate":"https:\/\/luchonoticias.com\/editor\/?s={search_term_string}"},"query-input":{"@type":"PropertyValueSpecification","valueRequired":true,"valueName":"search_term_string"}}],"inLanguage":"es"},{"@type":["Person","Organization"],"@id":"https:\/\/luchonoticias.com\/editor\/#\/schema\/person\/7a7fd911f58561fd056dbac7b55af9cd","name":"admin","image":{"@type":"ImageObject","inLanguage":"es","@id":"https:\/\/luchonoticias.com\/editor\/#\/schema\/person\/image\/","url":"https:\/\/luchonoticias.com\/editor\/wp-content\/uploads\/2024\/02\/cropped-cropped-logolu.webp","contentUrl":"https:\/\/luchonoticias.com\/editor\/wp-content\/uploads\/2024\/02\/cropped-cropped-logolu.webp","width":382,"height":170,"caption":"admin"},"logo":{"@id":"https:\/\/luchonoticias.com\/editor\/#\/schema\/person\/image\/"},"sameAs":["https:\/\/www.facebook.com\/luchonoticiasneiva"]},{"@type":"Person","@id":"https:\/\/luchonoticias.com\/editor\/#\/schema\/person\/29217990ddf6f14e35912b2866d591fb","name":"Editor General","image":{"@type":"ImageObject","inLanguage":"es","@id":"https:\/\/luchonoticias.com\/editor\/#\/schema\/person\/image\/","url":"https:\/\/luchonoticias.com\/editor\/wp-content\/uploads\/2024\/02\/cropped-cropped-logolu-150x150.webp","contentUrl":"https:\/\/luchonoticias.com\/editor\/wp-content\/uploads\/2024\/02\/cropped-cropped-logolu-150x150.webp","caption":"Editor General"},"sameAs":["https:\/\/luchonoticias.com\/"],"url":"https:\/\/luchonoticias.com\/editor\/author\/editor-general\/"}]}},"_links":{"self":[{"href":"https:\/\/luchonoticias.com\/editor\/wp-json\/wp\/v2\/posts\/54062","targetHints":{"allow":["GET"]}}],"collection":[{"href":"https:\/\/luchonoticias.com\/editor\/wp-json\/wp\/v2\/posts"}],"about":[{"href":"https:\/\/luchonoticias.com\/editor\/wp-json\/wp\/v2\/types\/post"}],"author":[{"embeddable":true,"href":"https:\/\/luchonoticias.com\/editor\/wp-json\/wp\/v2\/users\/2"}],"replies":[{"embeddable":true,"href":"https:\/\/luchonoticias.com\/editor\/wp-json\/wp\/v2\/comments?post=54062"}],"version-history":[{"count":0,"href":"https:\/\/luchonoticias.com\/editor\/wp-json\/wp\/v2\/posts\/54062\/revisions"}],"wp:attachment":[{"href":"https:\/\/luchonoticias.com\/editor\/wp-json\/wp\/v2\/media?parent=54062"}],"wp:term":[{"taxonomy":"category","embeddable":true,"href":"https:\/\/luchonoticias.com\/editor\/wp-json\/wp\/v2\/categories?post=54062"},{"taxonomy":"post_tag","embeddable":true,"href":"https:\/\/luchonoticias.com\/editor\/wp-json\/wp\/v2\/tags?post=54062"}],"curies":[{"name":"wp","href":"https:\/\/api.w.org\/{rel}","templated":true}]}}