{"id":54065,"date":"2023-06-07T11:48:49","date_gmt":"2023-06-07T16:48:49","guid":{"rendered":"https:\/\/luchonoticias.com\/?p=54065"},"modified":"2023-06-07T11:48:51","modified_gmt":"2023-06-07T16:48:51","slug":"avanza-proceso-de-concertacion-del-proyecto-de-ley-que-transforma-la-salud-en-colombia","status":"publish","type":"post","link":"https:\/\/luchonoticias.com\/editor\/avanza-proceso-de-concertacion-del-proyecto-de-ley-que-transforma-la-salud-en-colombia\/","title":{"rendered":"Avanza proceso de concertaci\u00f3n del proyecto de ley que transforma la salud en Colombia"},"content":{"rendered":"\n<p>\u201cHemos llegado a acuerdos con los trabajadores, hemos llegado a acuerdos con las sociedades cient\u00edficas, hemos hablado con los pacientes, hemos dialogado con las EPS. Vamos a continuar trabajando con todos los sectores, para que tengamos el mejor proyecto de salud que pueda tener Colombia\u201d.<\/p>\n\n\n\n<p>As\u00ed lo afirm\u00f3 este mi\u00e9rcoles el Ministro de Salud y Protecci\u00f3n Social, Guillermo Alfonso Jaramillo, en declaraciones a \u2018Colombia Hoy Radio\u2019, el informativo de la Presidencia de la Rep\u00fablica.<\/p>\n\n\n\n<p>De acuerdo con el titular de esta cartera, \u201cel trabajo que venimos realizando con el Congreso de la Rep\u00fablica, muy especialmente con la C\u00e1mara de Representantes, nos va a llevar a que podamos analizar con m\u00e1s profundidad el proyecto de ley de la salud\u201d.<\/p>\n\n\n\n<p>\u201cYa lo hemos venido haciendo. Desde el momento en que la doctora Carolina Corcho (exministra de Salud) inici\u00f3 el proceso y lo que hemos retomado nosotros, hemos logrado ya muchos cambios y transformaciones\u201d, dijo.<\/p>\n\n\n\n<p>Al respecto indic\u00f3 que el prop\u00f3sito del Gobierno del Cambio es \u201cconstruir sobre lo construido\u201d, de tal manera que se fortalecer\u00e1n las EPS. \u201cLas vamos a transformar. Siguen ejerciendo las mismas funciones. Vamos a seguir afiliados. Vamos a trabajar de la mano todo un proceso para que la salud llegue a todos los rincones a donde hoy no est\u00e1 llegando\u201d, sostuvo.<\/p>\n\n\n\n<p>El funcionario recalc\u00f3 que el objetivo es que estar afiliado a la salud vaya mucho m\u00e1s all\u00e1 de tener un carn\u00e9 y se traduzca en que \u201ctodos tengamos el derecho a la salud sin distingos de ninguna clase social, pol\u00edtica o econ\u00f3mica\u201d.<\/p>\n\n\n\n<p>\u201cVamos a hacer entonces que la gente tenga la salud que se merece\u201d, subray\u00f3 el Ministro Guillermo Alfonso Jaramillo.<\/p>\n","protected":false},"excerpt":{"rendered":"<p>\u201cHemos llegado a acuerdos con los trabajadores, hemos llegado a acuerdos con las sociedades cient\u00edficas, hemos hablado con los pacientes, hemos dialogado con las EPS. Vamos a continuar trabajando con todos los sectores, para que tengamos el mejor proyecto de salud que pueda tener Colombia\u201d. As\u00ed lo afirm\u00f3 este mi\u00e9rcoles el Ministro de Salud y [&hellip;]<\/p>\n","protected":false},"author":2,"featured_media":0,"comment_status":"open","ping_status":"open","sticky":false,"template":"","format":"standard","meta":{"footnotes":""},"categories":[36,32],"tags":[],"class_list":["post-54065","post","type-post","status-publish","format-standard","hentry","category-destacado","category-nacional"],"yoast_head":"<!-- This site is optimized with the Yoast SEO plugin v26.6 - https:\/\/yoast.com\/wordpress\/plugins\/seo\/ -->\n<title>Avanza proceso de concertaci\u00f3n del proyecto de ley que transforma la salud en Colombia -<\/title>\n<meta name=\"robots\" content=\"index, follow, max-snippet:-1, max-image-preview:large, max-video-preview:-1\" \/>\n<link rel=\"canonical\" href=\"https:\/\/luchonoticias.com\/editor\/avanza-proceso-de-concertacion-del-proyecto-de-ley-que-transforma-la-salud-en-colombia\/\" \/>\n<meta property=\"og:locale\" content=\"es_ES\" \/>\n<meta property=\"og:type\" content=\"article\" \/>\n<meta property=\"og:title\" content=\"Avanza proceso de concertaci\u00f3n del proyecto de ley que transforma la salud en Colombia -\" \/>\n<meta property=\"og:url\" content=\"https:\/\/luchonoticias.com\/editor\/avanza-proceso-de-concertacion-del-proyecto-de-ley-que-transforma-la-salud-en-colombia\/\" \/>\n<meta property=\"article:publisher\" content=\"https:\/\/www.facebook.com\/luchonoticiasneiva\" \/>\n<meta property=\"article:published_time\" content=\"2023-06-07T16:48:49+00:00\" \/>\n<meta property=\"article:modified_time\" content=\"2023-06-07T16:48:51+00:00\" \/>\n<meta name=\"author\" content=\"Editor General\" \/>\n<meta name=\"twitter:card\" content=\"summary_large_image\" \/>\n<meta name=\"twitter:label1\" content=\"Escrito por\" \/>\n\t<meta name=\"twitter:data1\" content=\"Editor General\" \/>\n\t<meta name=\"twitter:label2\" content=\"Tiempo de lectura\" \/>\n\t<meta name=\"twitter:data2\" content=\"1 minuto\" \/>\n<script type=\"application\/ld+json\" class=\"yoast-schema-graph\">{\"@context\":\"https:\/\/schema.org\",\"@graph\":[{\"@type\":\"Article\",\"@id\":\"https:\/\/luchonoticias.com\/editor\/avanza-proceso-de-concertacion-del-proyecto-de-ley-que-transforma-la-salud-en-colombia\/#article\",\"isPartOf\":{\"@id\":\"https:\/\/luchonoticias.com\/editor\/avanza-proceso-de-concertacion-del-proyecto-de-ley-que-transforma-la-salud-en-colombia\/\"},\"author\":{\"name\":\"Editor General\",\"@id\":\"https:\/\/luchonoticias.com\/editor\/#\/schema\/person\/29217990ddf6f14e35912b2866d591fb\"},\"headline\":\"Avanza proceso de concertaci\u00f3n del proyecto de ley que transforma la salud en Colombia\",\"datePublished\":\"2023-06-07T16:48:49+00:00\",\"dateModified\":\"2023-06-07T16:48:51+00:00\",\"mainEntityOfPage\":{\"@id\":\"https:\/\/luchonoticias.com\/editor\/avanza-proceso-de-concertacion-del-proyecto-de-ley-que-transforma-la-salud-en-colombia\/\"},\"wordCount\":301,\"commentCount\":0,\"publisher\":{\"@id\":\"https:\/\/luchonoticias.com\/editor\/#\/schema\/person\/7a7fd911f58561fd056dbac7b55af9cd\"},\"articleSection\":[\"Destacado\",\"Nacional\"],\"inLanguage\":\"es\",\"potentialAction\":[{\"@type\":\"CommentAction\",\"name\":\"Comment\",\"target\":[\"https:\/\/luchonoticias.com\/editor\/avanza-proceso-de-concertacion-del-proyecto-de-ley-que-transforma-la-salud-en-colombia\/#respond\"]}]},{\"@type\":\"WebPage\",\"@id\":\"https:\/\/luchonoticias.com\/editor\/avanza-proceso-de-concertacion-del-proyecto-de-ley-que-transforma-la-salud-en-colombia\/\",\"url\":\"https:\/\/luchonoticias.com\/editor\/avanza-proceso-de-concertacion-del-proyecto-de-ley-que-transforma-la-salud-en-colombia\/\",\"name\":\"Avanza proceso de concertaci\u00f3n del proyecto de ley que transforma la salud en Colombia -\",\"isPartOf\":{\"@id\":\"https:\/\/luchonoticias.com\/editor\/#website\"},\"datePublished\":\"2023-06-07T16:48:49+00:00\",\"dateModified\":\"2023-06-07T16:48:51+00:00\",\"breadcrumb\":{\"@id\":\"https:\/\/luchonoticias.com\/editor\/avanza-proceso-de-concertacion-del-proyecto-de-ley-que-transforma-la-salud-en-colombia\/#breadcrumb\"},\"inLanguage\":\"es\",\"potentialAction\":[{\"@type\":\"ReadAction\",\"target\":[\"https:\/\/luchonoticias.com\/editor\/avanza-proceso-de-concertacion-del-proyecto-de-ley-que-transforma-la-salud-en-colombia\/\"]}]},{\"@type\":\"BreadcrumbList\",\"@id\":\"https:\/\/luchonoticias.com\/editor\/avanza-proceso-de-concertacion-del-proyecto-de-ley-que-transforma-la-salud-en-colombia\/#breadcrumb\",\"itemListElement\":[{\"@type\":\"ListItem\",\"position\":1,\"name\":\"Portada\",\"item\":\"https:\/\/luchonoticias.com\/editor\/\"},{\"@type\":\"ListItem\",\"position\":2,\"name\":\"Avanza proceso de concertaci\u00f3n del proyecto de ley que transforma la salud en Colombia\"}]},{\"@type\":\"WebSite\",\"@id\":\"https:\/\/luchonoticias.com\/editor\/#website\",\"url\":\"https:\/\/luchonoticias.com\/editor\/\",\"name\":\"\",\"description\":\"\",\"publisher\":{\"@id\":\"https:\/\/luchonoticias.com\/editor\/#\/schema\/person\/7a7fd911f58561fd056dbac7b55af9cd\"},\"potentialAction\":[{\"@type\":\"SearchAction\",\"target\":{\"@type\":\"EntryPoint\",\"urlTemplate\":\"https:\/\/luchonoticias.com\/editor\/?s={search_term_string}\"},\"query-input\":{\"@type\":\"PropertyValueSpecification\",\"valueRequired\":true,\"valueName\":\"search_term_string\"}}],\"inLanguage\":\"es\"},{\"@type\":[\"Person\",\"Organization\"],\"@id\":\"https:\/\/luchonoticias.com\/editor\/#\/schema\/person\/7a7fd911f58561fd056dbac7b55af9cd\",\"name\":\"admin\",\"image\":{\"@type\":\"ImageObject\",\"inLanguage\":\"es\",\"@id\":\"https:\/\/luchonoticias.com\/editor\/#\/schema\/person\/image\/\",\"url\":\"https:\/\/luchonoticias.com\/editor\/wp-content\/uploads\/2024\/02\/cropped-cropped-logolu.webp\",\"contentUrl\":\"https:\/\/luchonoticias.com\/editor\/wp-content\/uploads\/2024\/02\/cropped-cropped-logolu.webp\",\"width\":382,\"height\":170,\"caption\":\"admin\"},\"logo\":{\"@id\":\"https:\/\/luchonoticias.com\/editor\/#\/schema\/person\/image\/\"},\"sameAs\":[\"https:\/\/www.facebook.com\/luchonoticiasneiva\"]},{\"@type\":\"Person\",\"@id\":\"https:\/\/luchonoticias.com\/editor\/#\/schema\/person\/29217990ddf6f14e35912b2866d591fb\",\"name\":\"Editor General\",\"image\":{\"@type\":\"ImageObject\",\"inLanguage\":\"es\",\"@id\":\"https:\/\/luchonoticias.com\/editor\/#\/schema\/person\/image\/\",\"url\":\"https:\/\/luchonoticias.com\/editor\/wp-content\/uploads\/2024\/02\/cropped-cropped-logolu-150x150.webp\",\"contentUrl\":\"https:\/\/luchonoticias.com\/editor\/wp-content\/uploads\/2024\/02\/cropped-cropped-logolu-150x150.webp\",\"caption\":\"Editor General\"},\"sameAs\":[\"https:\/\/luchonoticias.com\/\"],\"url\":\"https:\/\/luchonoticias.com\/editor\/author\/editor-general\/\"}]}<\/script>\n<!-- \/ Yoast SEO plugin. -->","yoast_head_json":{"title":"Avanza proceso de concertaci\u00f3n del proyecto de ley que transforma la salud en Colombia -","robots":{"index":"index","follow":"follow","max-snippet":"max-snippet:-1","max-image-preview":"max-image-preview:large","max-video-preview":"max-video-preview:-1"},"canonical":"https:\/\/luchonoticias.com\/editor\/avanza-proceso-de-concertacion-del-proyecto-de-ley-que-transforma-la-salud-en-colombia\/","og_locale":"es_ES","og_type":"article","og_title":"Avanza proceso de concertaci\u00f3n del proyecto de ley que transforma la salud en Colombia -","og_url":"https:\/\/luchonoticias.com\/editor\/avanza-proceso-de-concertacion-del-proyecto-de-ley-que-transforma-la-salud-en-colombia\/","article_publisher":"https:\/\/www.facebook.com\/luchonoticiasneiva","article_published_time":"2023-06-07T16:48:49+00:00","article_modified_time":"2023-06-07T16:48:51+00:00","author":"Editor General","twitter_card":"summary_large_image","twitter_misc":{"Escrito por":"Editor General","Tiempo de lectura":"1 minuto"},"schema":{"@context":"https:\/\/schema.org","@graph":[{"@type":"Article","@id":"https:\/\/luchonoticias.com\/editor\/avanza-proceso-de-concertacion-del-proyecto-de-ley-que-transforma-la-salud-en-colombia\/#article","isPartOf":{"@id":"https:\/\/luchonoticias.com\/editor\/avanza-proceso-de-concertacion-del-proyecto-de-ley-que-transforma-la-salud-en-colombia\/"},"author":{"name":"Editor General","@id":"https:\/\/luchonoticias.com\/editor\/#\/schema\/person\/29217990ddf6f14e35912b2866d591fb"},"headline":"Avanza proceso de concertaci\u00f3n del proyecto de ley que transforma la salud en Colombia","datePublished":"2023-06-07T16:48:49+00:00","dateModified":"2023-06-07T16:48:51+00:00","mainEntityOfPage":{"@id":"https:\/\/luchonoticias.com\/editor\/avanza-proceso-de-concertacion-del-proyecto-de-ley-que-transforma-la-salud-en-colombia\/"},"wordCount":301,"commentCount":0,"publisher":{"@id":"https:\/\/luchonoticias.com\/editor\/#\/schema\/person\/7a7fd911f58561fd056dbac7b55af9cd"},"articleSection":["Destacado","Nacional"],"inLanguage":"es","potentialAction":[{"@type":"CommentAction","name":"Comment","target":["https:\/\/luchonoticias.com\/editor\/avanza-proceso-de-concertacion-del-proyecto-de-ley-que-transforma-la-salud-en-colombia\/#respond"]}]},{"@type":"WebPage","@id":"https:\/\/luchonoticias.com\/editor\/avanza-proceso-de-concertacion-del-proyecto-de-ley-que-transforma-la-salud-en-colombia\/","url":"https:\/\/luchonoticias.com\/editor\/avanza-proceso-de-concertacion-del-proyecto-de-ley-que-transforma-la-salud-en-colombia\/","name":"Avanza proceso de concertaci\u00f3n del proyecto de ley que transforma la salud en Colombia -","isPartOf":{"@id":"https:\/\/luchonoticias.com\/editor\/#website"},"datePublished":"2023-06-07T16:48:49+00:00","dateModified":"2023-06-07T16:48:51+00:00","breadcrumb":{"@id":"https:\/\/luchonoticias.com\/editor\/avanza-proceso-de-concertacion-del-proyecto-de-ley-que-transforma-la-salud-en-colombia\/#breadcrumb"},"inLanguage":"es","potentialAction":[{"@type":"ReadAction","target":["https:\/\/luchonoticias.com\/editor\/avanza-proceso-de-concertacion-del-proyecto-de-ley-que-transforma-la-salud-en-colombia\/"]}]},{"@type":"BreadcrumbList","@id":"https:\/\/luchonoticias.com\/editor\/avanza-proceso-de-concertacion-del-proyecto-de-ley-que-transforma-la-salud-en-colombia\/#breadcrumb","itemListElement":[{"@type":"ListItem","position":1,"name":"Portada","item":"https:\/\/luchonoticias.com\/editor\/"},{"@type":"ListItem","position":2,"name":"Avanza proceso de concertaci\u00f3n del proyecto de ley que transforma la salud en Colombia"}]},{"@type":"WebSite","@id":"https:\/\/luchonoticias.com\/editor\/#website","url":"https:\/\/luchonoticias.com\/editor\/","name":"","description":"","publisher":{"@id":"https:\/\/luchonoticias.com\/editor\/#\/schema\/person\/7a7fd911f58561fd056dbac7b55af9cd"},"potentialAction":[{"@type":"SearchAction","target":{"@type":"EntryPoint","urlTemplate":"https:\/\/luchonoticias.com\/editor\/?s={search_term_string}"},"query-input":{"@type":"PropertyValueSpecification","valueRequired":true,"valueName":"search_term_string"}}],"inLanguage":"es"},{"@type":["Person","Organization"],"@id":"https:\/\/luchonoticias.com\/editor\/#\/schema\/person\/7a7fd911f58561fd056dbac7b55af9cd","name":"admin","image":{"@type":"ImageObject","inLanguage":"es","@id":"https:\/\/luchonoticias.com\/editor\/#\/schema\/person\/image\/","url":"https:\/\/luchonoticias.com\/editor\/wp-content\/uploads\/2024\/02\/cropped-cropped-logolu.webp","contentUrl":"https:\/\/luchonoticias.com\/editor\/wp-content\/uploads\/2024\/02\/cropped-cropped-logolu.webp","width":382,"height":170,"caption":"admin"},"logo":{"@id":"https:\/\/luchonoticias.com\/editor\/#\/schema\/person\/image\/"},"sameAs":["https:\/\/www.facebook.com\/luchonoticiasneiva"]},{"@type":"Person","@id":"https:\/\/luchonoticias.com\/editor\/#\/schema\/person\/29217990ddf6f14e35912b2866d591fb","name":"Editor General","image":{"@type":"ImageObject","inLanguage":"es","@id":"https:\/\/luchonoticias.com\/editor\/#\/schema\/person\/image\/","url":"https:\/\/luchonoticias.com\/editor\/wp-content\/uploads\/2024\/02\/cropped-cropped-logolu-150x150.webp","contentUrl":"https:\/\/luchonoticias.com\/editor\/wp-content\/uploads\/2024\/02\/cropped-cropped-logolu-150x150.webp","caption":"Editor General"},"sameAs":["https:\/\/luchonoticias.com\/"],"url":"https:\/\/luchonoticias.com\/editor\/author\/editor-general\/"}]}},"_links":{"self":[{"href":"https:\/\/luchonoticias.com\/editor\/wp-json\/wp\/v2\/posts\/54065","targetHints":{"allow":["GET"]}}],"collection":[{"href":"https:\/\/luchonoticias.com\/editor\/wp-json\/wp\/v2\/posts"}],"about":[{"href":"https:\/\/luchonoticias.com\/editor\/wp-json\/wp\/v2\/types\/post"}],"author":[{"embeddable":true,"href":"https:\/\/luchonoticias.com\/editor\/wp-json\/wp\/v2\/users\/2"}],"replies":[{"embeddable":true,"href":"https:\/\/luchonoticias.com\/editor\/wp-json\/wp\/v2\/comments?post=54065"}],"version-history":[{"count":0,"href":"https:\/\/luchonoticias.com\/editor\/wp-json\/wp\/v2\/posts\/54065\/revisions"}],"wp:attachment":[{"href":"https:\/\/luchonoticias.com\/editor\/wp-json\/wp\/v2\/media?parent=54065"}],"wp:term":[{"taxonomy":"category","embeddable":true,"href":"https:\/\/luchonoticias.com\/editor\/wp-json\/wp\/v2\/categories?post=54065"},{"taxonomy":"post_tag","embeddable":true,"href":"https:\/\/luchonoticias.com\/editor\/wp-json\/wp\/v2\/tags?post=54065"}],"curies":[{"name":"wp","href":"https:\/\/api.w.org\/{rel}","templated":true}]}}