{"id":54068,"date":"2023-06-07T11:50:39","date_gmt":"2023-06-07T16:50:39","guid":{"rendered":"https:\/\/luchonoticias.com\/?p=54068"},"modified":"2023-06-07T11:50:42","modified_gmt":"2023-06-07T16:50:42","slug":"a-ultimo-debate-reforma-constitucional-que-regulariza-el-cannabis-de-uso-adulto","status":"publish","type":"post","link":"https:\/\/luchonoticias.com\/editor\/a-ultimo-debate-reforma-constitucional-que-regulariza-el-cannabis-de-uso-adulto\/","title":{"rendered":"A \u00faltimo debate reforma constitucional que regulariza el cannabis de uso adulto"},"content":{"rendered":"\n<p>Por 15 votos a favor y 4 en contra, el proyecto de acto legislativo de autor\u00eda del representante liberal, Juan Carlos losada Vargas, argument\u00f3: \u201cHoy nuevamente el congreso reafirma que es hora de regular para avanzar en una nueva pol\u00edtica de drogas, alejada de prohibicionismo y enmarca en un modelo de regulaci\u00f3n\u201d, &nbsp;pas\u00f3 en su s\u00e9ptimo debate en la comisi\u00f3n primera del senado.<\/p>\n\n\n\n<p>Los senadores de dicha c\u00e9lula legislativa, en un amplio debate, agotaron la discusi\u00f3n y le dieron v\u00eda libre a la propuesta de reforma constitucional, presentada por un considerable n\u00famero de senadores y representantes, con ponencia de la senadora&nbsp;<strong>Mar\u00eda Jos\u00e9 Pizarro Rodr\u00edguez<\/strong>,&nbsp;<strong>Coalici\u00f3n Pacto Hist\u00f3rico<\/strong>, quien se\u00f1al\u00f3 que la aprobaci\u00f3n de la propuesta de acto legislativo, es un paso para cambiar la perspectiva de &#8216;droga&#8217; en el pa\u00eds.<\/p>\n\n\n\n<p>En el proyecto se establece que no se le vender\u00e1 cannabis a cualquier ciudadano, puesto que en la norma constitucional quedar\u00eda estipulado que tendr\u00e1 que expedirse licencias para poder comercializar el uso de dicha sustancia psicoactiva.<\/p>\n\n\n\n<p>Se destaca en el acto legislativo, que habr\u00e1 restricciones en los lugares donde se podr\u00e1 consumir. \u201cNo se podr\u00e1 consumir en colegios, ni universidades, ni en sus entornos, ni tampoco se podr\u00e1 hacer en las \u00e1reas comunes de la propiedad horizontal y hay restricciones para consumir en el espacio p\u00fablico\u201d, precis\u00f3, la senadora Pizarro Rodr\u00edguez.<\/p>\n\n\n\n<p>El senador<strong>&nbsp;Alfredo Deluque, Partido de la U,<\/strong>&nbsp;dijo que vot\u00f3 positivamente el proyecto \u201cporque soy respetuoso de las libertades individuales. Regular esta garant\u00eda individual es nuestra obligaci\u00f3n como legisladores a pesar de que no lo compartamos en alg\u00fan momento, pero tambi\u00e9n es nuestra obligaci\u00f3n decirles a las nuevas generaciones, as\u00ed como el alcohol, esto no es un juego\u201d.<\/p>\n\n\n\n<p>Entre tanto el senador&nbsp;<strong>Carlos Alejandro Chac\u00f3n Camargo,<\/strong>&nbsp;<strong>Partido Liberal,<\/strong>&nbsp;dijo: \u201cEntendemos la preocupaci\u00f3n que se pueda tener\u2026pero es la regulaci\u00f3n de la comercializaci\u00f3n del cannabis lo que hoy se votar\u00e1, es importante la aclaraci\u00f3n\u201d, mientras que el senador&nbsp;<strong>Ariel \u00c1vila, Alianza Verde<\/strong>, precis\u00f3: \u201cEste proyecto le va a quitar miles de millones de pesos a organizaciones criminales que se est\u00e1n tragando a regiones como el Norte del Cauca; &nbsp;el consumo est\u00e1 legalizado lo que no est\u00e1 es la comercializaci\u00f3n, le vamos a quitar la plata a estos bandido\u201d, y agreg\u00f3 en forma contundente: \u201cSi eso es un delito, cond\u00e9nenme\u201d.<\/p>\n\n\n\n<p>El senador&nbsp;<strong>David Luna S\u00e1nchez, de Cambio Radical,<\/strong>&nbsp;fue enf\u00e1tico en afirmar que \u201cla Constituci\u00f3n del 91 fue la que instaur\u00f3 el libre desarrollo de la personalidad; soy defensor de la carta pol\u00edtica y de dicho principio, por ello, he manifestado mi apoyo a esta iniciativa\u201d.<\/p>\n\n\n\n<p><strong>Contradictores<\/strong><\/p>\n\n\n\n<p>El senador&nbsp;<strong>Germ\u00e1n Blanco \u00c1lvarez, Partido Conservador,<\/strong>&nbsp;resalt\u00f3 que \u201csi se est\u00e1 tratando de legalizar la marihuana entonces hay que buscar el mapa de cultivos de coca\u00edna que es mayor que el de la marihuana, para que entremos r\u00e1pido a legalizar la coca\u00edna para que la gente empiece a consumir en todos los escenarios acad\u00e9micos, sociales, familiares. No estoy de acuerdo con esto porque aqu\u00ed se est\u00e1 acabando con las personas\u201d.<\/p>\n\n\n\n<p>La Senadora&nbsp;<strong>Karina Espinosa Oliver, Partido Liberal<\/strong>&nbsp;dijo que regular el uso del cannabis aumenta cuatro veces m\u00e1s la mortalidad a largo plazo y se acrecientan los homicidios, narcotr\u00e1fico, mercado negro, mayor consumo a largo plazo, deserci\u00f3n escolar y trastornos psiqui\u00e1tricos.<\/p>\n\n\n\n<p>En medio de cada una de las disertaciones, el senador&nbsp;<strong>Carlos Fernando Motoa Solarte, Cambio Radical,<\/strong>&nbsp;afirm\u00f3 que la regulaci\u00f3n no puede significar un impulso ni una normalizaci\u00f3n al consumo. \u201cHay que se\u00f1alar que el uso del cannabis de manera recreativa, trae consecuencias a la salud f\u00edsica y mental de las personas que lo consumen, eso no se puede desconocer\u201d, consider\u00f3 el congresista valluno.<\/p>\n\n\n\n<p>La \u00faltima palabra sobre el proyecto, la tendr\u00e1 la m\u00e1xima autoridad del senado de la rep\u00fablica: la plenaria de la corporaci\u00f3n.<\/p>\n","protected":false},"excerpt":{"rendered":"<p>Por 15 votos a favor y 4 en contra, el proyecto de acto legislativo de autor\u00eda del representante liberal, Juan Carlos losada Vargas, argument\u00f3: \u201cHoy nuevamente el congreso reafirma que es hora de regular para avanzar en una nueva pol\u00edtica de drogas, alejada de prohibicionismo y enmarca en un modelo de regulaci\u00f3n\u201d, &nbsp;pas\u00f3 en su [&hellip;]<\/p>\n","protected":false},"author":2,"featured_media":0,"comment_status":"open","ping_status":"open","sticky":false,"template":"","format":"standard","meta":{"footnotes":""},"categories":[36,617],"tags":[],"class_list":["post-54068","post","type-post","status-publish","format-standard","hentry","category-destacado","category-politica"],"yoast_head":"<!-- This site is optimized with the Yoast SEO plugin v26.6 - https:\/\/yoast.com\/wordpress\/plugins\/seo\/ -->\n<title>A \u00faltimo debate reforma constitucional que regulariza el cannabis de uso adulto -<\/title>\n<meta name=\"robots\" content=\"index, follow, max-snippet:-1, max-image-preview:large, max-video-preview:-1\" \/>\n<link rel=\"canonical\" href=\"https:\/\/luchonoticias.com\/editor\/a-ultimo-debate-reforma-constitucional-que-regulariza-el-cannabis-de-uso-adulto\/\" \/>\n<meta property=\"og:locale\" content=\"es_ES\" \/>\n<meta property=\"og:type\" content=\"article\" \/>\n<meta property=\"og:title\" content=\"A \u00faltimo debate reforma constitucional que regulariza el cannabis de uso adulto -\" \/>\n<meta property=\"og:url\" content=\"https:\/\/luchonoticias.com\/editor\/a-ultimo-debate-reforma-constitucional-que-regulariza-el-cannabis-de-uso-adulto\/\" \/>\n<meta property=\"article:publisher\" content=\"https:\/\/www.facebook.com\/luchonoticiasneiva\" \/>\n<meta property=\"article:published_time\" content=\"2023-06-07T16:50:39+00:00\" \/>\n<meta property=\"article:modified_time\" content=\"2023-06-07T16:50:42+00:00\" \/>\n<meta name=\"author\" content=\"Editor General\" \/>\n<meta name=\"twitter:card\" content=\"summary_large_image\" \/>\n<meta name=\"twitter:label1\" content=\"Escrito por\" \/>\n\t<meta name=\"twitter:data1\" content=\"Editor General\" \/>\n\t<meta name=\"twitter:label2\" content=\"Tiempo de lectura\" \/>\n\t<meta name=\"twitter:data2\" content=\"3 minutos\" \/>\n<script type=\"application\/ld+json\" class=\"yoast-schema-graph\">{\"@context\":\"https:\/\/schema.org\",\"@graph\":[{\"@type\":\"Article\",\"@id\":\"https:\/\/luchonoticias.com\/editor\/a-ultimo-debate-reforma-constitucional-que-regulariza-el-cannabis-de-uso-adulto\/#article\",\"isPartOf\":{\"@id\":\"https:\/\/luchonoticias.com\/editor\/a-ultimo-debate-reforma-constitucional-que-regulariza-el-cannabis-de-uso-adulto\/\"},\"author\":{\"name\":\"Editor General\",\"@id\":\"https:\/\/luchonoticias.com\/editor\/#\/schema\/person\/29217990ddf6f14e35912b2866d591fb\"},\"headline\":\"A \u00faltimo debate reforma constitucional que regulariza el cannabis de uso adulto\",\"datePublished\":\"2023-06-07T16:50:39+00:00\",\"dateModified\":\"2023-06-07T16:50:42+00:00\",\"mainEntityOfPage\":{\"@id\":\"https:\/\/luchonoticias.com\/editor\/a-ultimo-debate-reforma-constitucional-que-regulariza-el-cannabis-de-uso-adulto\/\"},\"wordCount\":705,\"commentCount\":0,\"publisher\":{\"@id\":\"https:\/\/luchonoticias.com\/editor\/#\/schema\/person\/7a7fd911f58561fd056dbac7b55af9cd\"},\"articleSection\":[\"Destacado\",\"Pol\u00edtica\"],\"inLanguage\":\"es\",\"potentialAction\":[{\"@type\":\"CommentAction\",\"name\":\"Comment\",\"target\":[\"https:\/\/luchonoticias.com\/editor\/a-ultimo-debate-reforma-constitucional-que-regulariza-el-cannabis-de-uso-adulto\/#respond\"]}]},{\"@type\":\"WebPage\",\"@id\":\"https:\/\/luchonoticias.com\/editor\/a-ultimo-debate-reforma-constitucional-que-regulariza-el-cannabis-de-uso-adulto\/\",\"url\":\"https:\/\/luchonoticias.com\/editor\/a-ultimo-debate-reforma-constitucional-que-regulariza-el-cannabis-de-uso-adulto\/\",\"name\":\"A \u00faltimo debate reforma constitucional que regulariza el cannabis de uso adulto -\",\"isPartOf\":{\"@id\":\"https:\/\/luchonoticias.com\/editor\/#website\"},\"datePublished\":\"2023-06-07T16:50:39+00:00\",\"dateModified\":\"2023-06-07T16:50:42+00:00\",\"breadcrumb\":{\"@id\":\"https:\/\/luchonoticias.com\/editor\/a-ultimo-debate-reforma-constitucional-que-regulariza-el-cannabis-de-uso-adulto\/#breadcrumb\"},\"inLanguage\":\"es\",\"potentialAction\":[{\"@type\":\"ReadAction\",\"target\":[\"https:\/\/luchonoticias.com\/editor\/a-ultimo-debate-reforma-constitucional-que-regulariza-el-cannabis-de-uso-adulto\/\"]}]},{\"@type\":\"BreadcrumbList\",\"@id\":\"https:\/\/luchonoticias.com\/editor\/a-ultimo-debate-reforma-constitucional-que-regulariza-el-cannabis-de-uso-adulto\/#breadcrumb\",\"itemListElement\":[{\"@type\":\"ListItem\",\"position\":1,\"name\":\"Portada\",\"item\":\"https:\/\/luchonoticias.com\/editor\/\"},{\"@type\":\"ListItem\",\"position\":2,\"name\":\"A \u00faltimo debate reforma constitucional que regulariza el cannabis de uso adulto\"}]},{\"@type\":\"WebSite\",\"@id\":\"https:\/\/luchonoticias.com\/editor\/#website\",\"url\":\"https:\/\/luchonoticias.com\/editor\/\",\"name\":\"\",\"description\":\"\",\"publisher\":{\"@id\":\"https:\/\/luchonoticias.com\/editor\/#\/schema\/person\/7a7fd911f58561fd056dbac7b55af9cd\"},\"potentialAction\":[{\"@type\":\"SearchAction\",\"target\":{\"@type\":\"EntryPoint\",\"urlTemplate\":\"https:\/\/luchonoticias.com\/editor\/?s={search_term_string}\"},\"query-input\":{\"@type\":\"PropertyValueSpecification\",\"valueRequired\":true,\"valueName\":\"search_term_string\"}}],\"inLanguage\":\"es\"},{\"@type\":[\"Person\",\"Organization\"],\"@id\":\"https:\/\/luchonoticias.com\/editor\/#\/schema\/person\/7a7fd911f58561fd056dbac7b55af9cd\",\"name\":\"admin\",\"image\":{\"@type\":\"ImageObject\",\"inLanguage\":\"es\",\"@id\":\"https:\/\/luchonoticias.com\/editor\/#\/schema\/person\/image\/\",\"url\":\"https:\/\/luchonoticias.com\/editor\/wp-content\/uploads\/2024\/02\/cropped-cropped-logolu.webp\",\"contentUrl\":\"https:\/\/luchonoticias.com\/editor\/wp-content\/uploads\/2024\/02\/cropped-cropped-logolu.webp\",\"width\":382,\"height\":170,\"caption\":\"admin\"},\"logo\":{\"@id\":\"https:\/\/luchonoticias.com\/editor\/#\/schema\/person\/image\/\"},\"sameAs\":[\"https:\/\/www.facebook.com\/luchonoticiasneiva\"]},{\"@type\":\"Person\",\"@id\":\"https:\/\/luchonoticias.com\/editor\/#\/schema\/person\/29217990ddf6f14e35912b2866d591fb\",\"name\":\"Editor General\",\"image\":{\"@type\":\"ImageObject\",\"inLanguage\":\"es\",\"@id\":\"https:\/\/luchonoticias.com\/editor\/#\/schema\/person\/image\/\",\"url\":\"https:\/\/luchonoticias.com\/editor\/wp-content\/uploads\/2024\/02\/cropped-cropped-logolu-150x150.webp\",\"contentUrl\":\"https:\/\/luchonoticias.com\/editor\/wp-content\/uploads\/2024\/02\/cropped-cropped-logolu-150x150.webp\",\"caption\":\"Editor General\"},\"sameAs\":[\"https:\/\/luchonoticias.com\/\"],\"url\":\"https:\/\/luchonoticias.com\/editor\/author\/editor-general\/\"}]}<\/script>\n<!-- \/ Yoast SEO plugin. -->","yoast_head_json":{"title":"A \u00faltimo debate reforma constitucional que regulariza el cannabis de uso adulto -","robots":{"index":"index","follow":"follow","max-snippet":"max-snippet:-1","max-image-preview":"max-image-preview:large","max-video-preview":"max-video-preview:-1"},"canonical":"https:\/\/luchonoticias.com\/editor\/a-ultimo-debate-reforma-constitucional-que-regulariza-el-cannabis-de-uso-adulto\/","og_locale":"es_ES","og_type":"article","og_title":"A \u00faltimo debate reforma constitucional que regulariza el cannabis de uso adulto -","og_url":"https:\/\/luchonoticias.com\/editor\/a-ultimo-debate-reforma-constitucional-que-regulariza-el-cannabis-de-uso-adulto\/","article_publisher":"https:\/\/www.facebook.com\/luchonoticiasneiva","article_published_time":"2023-06-07T16:50:39+00:00","article_modified_time":"2023-06-07T16:50:42+00:00","author":"Editor General","twitter_card":"summary_large_image","twitter_misc":{"Escrito por":"Editor General","Tiempo de lectura":"3 minutos"},"schema":{"@context":"https:\/\/schema.org","@graph":[{"@type":"Article","@id":"https:\/\/luchonoticias.com\/editor\/a-ultimo-debate-reforma-constitucional-que-regulariza-el-cannabis-de-uso-adulto\/#article","isPartOf":{"@id":"https:\/\/luchonoticias.com\/editor\/a-ultimo-debate-reforma-constitucional-que-regulariza-el-cannabis-de-uso-adulto\/"},"author":{"name":"Editor General","@id":"https:\/\/luchonoticias.com\/editor\/#\/schema\/person\/29217990ddf6f14e35912b2866d591fb"},"headline":"A \u00faltimo debate reforma constitucional que regulariza el cannabis de uso adulto","datePublished":"2023-06-07T16:50:39+00:00","dateModified":"2023-06-07T16:50:42+00:00","mainEntityOfPage":{"@id":"https:\/\/luchonoticias.com\/editor\/a-ultimo-debate-reforma-constitucional-que-regulariza-el-cannabis-de-uso-adulto\/"},"wordCount":705,"commentCount":0,"publisher":{"@id":"https:\/\/luchonoticias.com\/editor\/#\/schema\/person\/7a7fd911f58561fd056dbac7b55af9cd"},"articleSection":["Destacado","Pol\u00edtica"],"inLanguage":"es","potentialAction":[{"@type":"CommentAction","name":"Comment","target":["https:\/\/luchonoticias.com\/editor\/a-ultimo-debate-reforma-constitucional-que-regulariza-el-cannabis-de-uso-adulto\/#respond"]}]},{"@type":"WebPage","@id":"https:\/\/luchonoticias.com\/editor\/a-ultimo-debate-reforma-constitucional-que-regulariza-el-cannabis-de-uso-adulto\/","url":"https:\/\/luchonoticias.com\/editor\/a-ultimo-debate-reforma-constitucional-que-regulariza-el-cannabis-de-uso-adulto\/","name":"A \u00faltimo debate reforma constitucional que regulariza el cannabis de uso adulto -","isPartOf":{"@id":"https:\/\/luchonoticias.com\/editor\/#website"},"datePublished":"2023-06-07T16:50:39+00:00","dateModified":"2023-06-07T16:50:42+00:00","breadcrumb":{"@id":"https:\/\/luchonoticias.com\/editor\/a-ultimo-debate-reforma-constitucional-que-regulariza-el-cannabis-de-uso-adulto\/#breadcrumb"},"inLanguage":"es","potentialAction":[{"@type":"ReadAction","target":["https:\/\/luchonoticias.com\/editor\/a-ultimo-debate-reforma-constitucional-que-regulariza-el-cannabis-de-uso-adulto\/"]}]},{"@type":"BreadcrumbList","@id":"https:\/\/luchonoticias.com\/editor\/a-ultimo-debate-reforma-constitucional-que-regulariza-el-cannabis-de-uso-adulto\/#breadcrumb","itemListElement":[{"@type":"ListItem","position":1,"name":"Portada","item":"https:\/\/luchonoticias.com\/editor\/"},{"@type":"ListItem","position":2,"name":"A \u00faltimo debate reforma constitucional que regulariza el cannabis de uso adulto"}]},{"@type":"WebSite","@id":"https:\/\/luchonoticias.com\/editor\/#website","url":"https:\/\/luchonoticias.com\/editor\/","name":"","description":"","publisher":{"@id":"https:\/\/luchonoticias.com\/editor\/#\/schema\/person\/7a7fd911f58561fd056dbac7b55af9cd"},"potentialAction":[{"@type":"SearchAction","target":{"@type":"EntryPoint","urlTemplate":"https:\/\/luchonoticias.com\/editor\/?s={search_term_string}"},"query-input":{"@type":"PropertyValueSpecification","valueRequired":true,"valueName":"search_term_string"}}],"inLanguage":"es"},{"@type":["Person","Organization"],"@id":"https:\/\/luchonoticias.com\/editor\/#\/schema\/person\/7a7fd911f58561fd056dbac7b55af9cd","name":"admin","image":{"@type":"ImageObject","inLanguage":"es","@id":"https:\/\/luchonoticias.com\/editor\/#\/schema\/person\/image\/","url":"https:\/\/luchonoticias.com\/editor\/wp-content\/uploads\/2024\/02\/cropped-cropped-logolu.webp","contentUrl":"https:\/\/luchonoticias.com\/editor\/wp-content\/uploads\/2024\/02\/cropped-cropped-logolu.webp","width":382,"height":170,"caption":"admin"},"logo":{"@id":"https:\/\/luchonoticias.com\/editor\/#\/schema\/person\/image\/"},"sameAs":["https:\/\/www.facebook.com\/luchonoticiasneiva"]},{"@type":"Person","@id":"https:\/\/luchonoticias.com\/editor\/#\/schema\/person\/29217990ddf6f14e35912b2866d591fb","name":"Editor General","image":{"@type":"ImageObject","inLanguage":"es","@id":"https:\/\/luchonoticias.com\/editor\/#\/schema\/person\/image\/","url":"https:\/\/luchonoticias.com\/editor\/wp-content\/uploads\/2024\/02\/cropped-cropped-logolu-150x150.webp","contentUrl":"https:\/\/luchonoticias.com\/editor\/wp-content\/uploads\/2024\/02\/cropped-cropped-logolu-150x150.webp","caption":"Editor General"},"sameAs":["https:\/\/luchonoticias.com\/"],"url":"https:\/\/luchonoticias.com\/editor\/author\/editor-general\/"}]}},"_links":{"self":[{"href":"https:\/\/luchonoticias.com\/editor\/wp-json\/wp\/v2\/posts\/54068","targetHints":{"allow":["GET"]}}],"collection":[{"href":"https:\/\/luchonoticias.com\/editor\/wp-json\/wp\/v2\/posts"}],"about":[{"href":"https:\/\/luchonoticias.com\/editor\/wp-json\/wp\/v2\/types\/post"}],"author":[{"embeddable":true,"href":"https:\/\/luchonoticias.com\/editor\/wp-json\/wp\/v2\/users\/2"}],"replies":[{"embeddable":true,"href":"https:\/\/luchonoticias.com\/editor\/wp-json\/wp\/v2\/comments?post=54068"}],"version-history":[{"count":0,"href":"https:\/\/luchonoticias.com\/editor\/wp-json\/wp\/v2\/posts\/54068\/revisions"}],"wp:attachment":[{"href":"https:\/\/luchonoticias.com\/editor\/wp-json\/wp\/v2\/media?parent=54068"}],"wp:term":[{"taxonomy":"category","embeddable":true,"href":"https:\/\/luchonoticias.com\/editor\/wp-json\/wp\/v2\/categories?post=54068"},{"taxonomy":"post_tag","embeddable":true,"href":"https:\/\/luchonoticias.com\/editor\/wp-json\/wp\/v2\/tags?post=54068"}],"curies":[{"name":"wp","href":"https:\/\/api.w.org\/{rel}","templated":true}]}}