{"id":54071,"date":"2023-06-07T11:52:37","date_gmt":"2023-06-07T16:52:37","guid":{"rendered":"https:\/\/luchonoticias.com\/?p=54071"},"modified":"2023-06-07T11:52:41","modified_gmt":"2023-06-07T16:52:41","slug":"suspendida-discusion-por-la-prohibicion-de-las-corridas-de-toros","status":"publish","type":"post","link":"https:\/\/luchonoticias.com\/editor\/suspendida-discusion-por-la-prohibicion-de-las-corridas-de-toros\/","title":{"rendered":"Suspendida discusi\u00f3n por la \u201cprohibici\u00f3n de las corridas de toros\u201d\u00a0"},"content":{"rendered":"\n<p>Revivi\u00f3 en el senado de la Rep\u00fablica la discusi\u00f3n en torno a la prohibici\u00f3n de las corridas de toros en el pa\u00eds. Luego que la comisi\u00f3n quinta de la C\u00e1mara de Representantes archivara el proyecto de ley que buscaba ponerle fin a la tauromaquia, peleas de gallos y corralejas, un nuevo proyecto lleg\u00f3 a la mesa de la Comisi\u00f3n Sexta del Senado.<\/p>\n\n\n\n<p><strong>Se trata del&nbsp;<\/strong>Proyecto de Ley No. 309 \u201cpor medio del cual se proh\u00edbe en todo el territorio nacional, el desarrollo de las actividades de corridas de toros, rejoneo, novilladas, becerradas y tientas, encierros y suelta de vaquillas, as\u00ed\u0301 como los procedimientos utilizados en estos espect\u00e1culos, tanto en el \u00e1mbito p\u00fablico como en el privado\u201d. La senadora<strong>&nbsp;Sandra Yaneth Jaimes Cruz<\/strong>,<strong>&nbsp;Coalici\u00f3n Pacto Hist\u00f3rico<\/strong>, ponente del proyecto, explic\u00f3 que esta iniciativa, a diferencia de la anterior, delimita la discusi\u00f3n solo a lo que compete a la tauromaquia.<\/p>\n\n\n\n<p>Ante la duda respecto al contenido del proyecto en especial al t\u00edtulo y objeto, los senadores&nbsp;<strong>Guido Echeverri Piedrahita<\/strong>,<strong>&nbsp;Partido en Marcha<\/strong>;<strong>&nbsp;Julio Alberto El\u00edas Vidal<\/strong>,<strong>&nbsp;Partido de la U<\/strong>, y<strong>&nbsp;Esteban Quintero Cardona, Centro Democr\u00e1tico<\/strong>, solicitaron al presidente de la comisi\u00f3n que acudiera a la presidencia del senado, para que esclareciera si efectivamente esa era una discusi\u00f3n que deber\u00eda darse en la comisi\u00f3n sexta. Seg\u00fan los congresistas, por su competencia, es un tr\u00e1mite que debe surtirse en comisi\u00f3n quinta o en su defecto en primera.<\/p>\n\n\n\n<p>Para el senador&nbsp;<strong>Quintero Cardona<\/strong>, \u201ces posible que este proyecto haya llegado a esta comisi\u00f3n por estrategia; y si as\u00ed fuese, es legal. Lo que no podemos permitir es que este proyecto pase de comisi\u00f3n en comisi\u00f3n hasta que alguna le diga que s\u00ed. Ni el t\u00edtulo, ni el objeto del proyecto, se\u00f1alan que obedezca a razones culturales\u201d, precis\u00f3.<\/p>\n\n\n\n<p>En el mismo sentido se expres\u00f3 el congresista&nbsp;<strong>Echeverri Piedrahita<\/strong>, al coincidir con su colega&nbsp;<strong>Quintero Cardona<\/strong>&nbsp;en aplazar el debate, dado que la iniciativa aborda derechos fundamentales como el trabajo, \u201cexisten derechos como el de la libre empresa que est\u00e1n directamente asociados a la libertad personal, plasmados en tratados internacionales y en la Constituci\u00f3n Pol\u00edtica de Colombia\u201d, puntualiz\u00f3 el senador caldense.<\/p>\n\n\n\n<p>Ante estas inquietudes, el senador&nbsp;<strong>Carlos Andr\u00e9s Trujillo Gonz\u00e1lez<\/strong>,<strong>&nbsp;Partido Conservador<\/strong>, presidente de la comisi\u00f3n, argument\u00f3 que el debate era responsabilidad del presidente del Congreso y que por ende la comisi\u00f3n sexta es la competente. Tambi\u00e9n se determin\u00f3 una subcomisi\u00f3n que se encargar\u00e1 del estudio del articulado y de las 25 proposiciones, 19 de ellas por parte del senador&nbsp;<strong>Echeverri Piedrahita<\/strong>&nbsp;y las restantes por parte de los senadores&nbsp;<strong>El\u00edas Vidal&nbsp;<\/strong>y&nbsp;<strong>Soledad Tamayo Tamayo<\/strong>, por el partido Conservador.<strong>&nbsp;<\/strong><\/p>\n\n\n\n<p>Hay que recordar que la Corte Constitucional en a\u00f1o 2018 reconoci\u00f3 a las corridas como tradici\u00f3n cultural y deleg\u00f3 al Congreso para que estipule eventuales restricciones. En ciudades como Bogot\u00e1 y Medell\u00edn esta actividad no est\u00e1 permitida, pero en otras zonas del pa\u00eds como en el departamento de Caldas la tauromaquia resulta ser el mayor atractivo de la Feria de Manizales y su mayor fuente de financiaci\u00f3n.<\/p>\n\n\n\n<p>&nbsp;De aprobarse, la ley entrar\u00eda en vigor un a\u00f1o despu\u00e9s de ser sancionada y ser\u00eda el gobierno nacional, en un plazo no mayor a un a\u00f1o, quien se encargue de la reconversi\u00f3n econ\u00f3mica de quienes sustenten que sus ingresos econ\u00f3micos provienen de esta actividad, y un plazo no mayor a seis meses, para que determine qu\u00e9 uso se les dar\u00e1 a los escenarios destinados de esa pr\u00e1ctica.<\/p>\n\n\n\n<p>El futuro a\u00fan es incierto. Una vez se llegue a un consenso y se presente un informe por parte de la subcomisi\u00f3n delegada, la discusi\u00f3n en torno al futuro de las corridas de toros continua su tr\u00e1mite regular en la rama legislativa.<\/p>\n","protected":false},"excerpt":{"rendered":"<p>Revivi\u00f3 en el senado de la Rep\u00fablica la discusi\u00f3n en torno a la prohibici\u00f3n de las corridas de toros en el pa\u00eds. Luego que la comisi\u00f3n quinta de la C\u00e1mara de Representantes archivara el proyecto de ley que buscaba ponerle fin a la tauromaquia, peleas de gallos y corralejas, un nuevo proyecto lleg\u00f3 a la [&hellip;]<\/p>\n","protected":false},"author":2,"featured_media":0,"comment_status":"open","ping_status":"open","sticky":false,"template":"","format":"standard","meta":{"footnotes":""},"categories":[36,617],"tags":[],"class_list":["post-54071","post","type-post","status-publish","format-standard","hentry","category-destacado","category-politica"],"yoast_head":"<!-- This site is optimized with the Yoast SEO plugin v26.6 - https:\/\/yoast.com\/wordpress\/plugins\/seo\/ -->\n<title>Suspendida discusi\u00f3n por la \u201cprohibici\u00f3n de las corridas de toros\u201d\u00a0 -<\/title>\n<meta name=\"robots\" content=\"index, follow, max-snippet:-1, max-image-preview:large, max-video-preview:-1\" \/>\n<link rel=\"canonical\" href=\"https:\/\/luchonoticias.com\/editor\/suspendida-discusion-por-la-prohibicion-de-las-corridas-de-toros\/\" \/>\n<meta property=\"og:locale\" content=\"es_ES\" \/>\n<meta property=\"og:type\" content=\"article\" \/>\n<meta property=\"og:title\" content=\"Suspendida discusi\u00f3n por la \u201cprohibici\u00f3n de las corridas de toros\u201d\u00a0 -\" \/>\n<meta property=\"og:url\" content=\"https:\/\/luchonoticias.com\/editor\/suspendida-discusion-por-la-prohibicion-de-las-corridas-de-toros\/\" \/>\n<meta property=\"article:publisher\" content=\"https:\/\/www.facebook.com\/luchonoticiasneiva\" \/>\n<meta property=\"article:published_time\" content=\"2023-06-07T16:52:37+00:00\" \/>\n<meta property=\"article:modified_time\" content=\"2023-06-07T16:52:41+00:00\" \/>\n<meta name=\"author\" content=\"Editor General\" \/>\n<meta name=\"twitter:card\" content=\"summary_large_image\" \/>\n<meta name=\"twitter:label1\" content=\"Escrito por\" \/>\n\t<meta name=\"twitter:data1\" content=\"Editor General\" \/>\n\t<meta name=\"twitter:label2\" content=\"Tiempo de lectura\" \/>\n\t<meta name=\"twitter:data2\" content=\"3 minutos\" \/>\n<script type=\"application\/ld+json\" class=\"yoast-schema-graph\">{\"@context\":\"https:\/\/schema.org\",\"@graph\":[{\"@type\":\"Article\",\"@id\":\"https:\/\/luchonoticias.com\/editor\/suspendida-discusion-por-la-prohibicion-de-las-corridas-de-toros\/#article\",\"isPartOf\":{\"@id\":\"https:\/\/luchonoticias.com\/editor\/suspendida-discusion-por-la-prohibicion-de-las-corridas-de-toros\/\"},\"author\":{\"name\":\"Editor General\",\"@id\":\"https:\/\/luchonoticias.com\/editor\/#\/schema\/person\/29217990ddf6f14e35912b2866d591fb\"},\"headline\":\"Suspendida discusi\u00f3n por la \u201cprohibici\u00f3n de las corridas de toros\u201d\u00a0\",\"datePublished\":\"2023-06-07T16:52:37+00:00\",\"dateModified\":\"2023-06-07T16:52:41+00:00\",\"mainEntityOfPage\":{\"@id\":\"https:\/\/luchonoticias.com\/editor\/suspendida-discusion-por-la-prohibicion-de-las-corridas-de-toros\/\"},\"wordCount\":696,\"commentCount\":0,\"publisher\":{\"@id\":\"https:\/\/luchonoticias.com\/editor\/#\/schema\/person\/7a7fd911f58561fd056dbac7b55af9cd\"},\"articleSection\":[\"Destacado\",\"Pol\u00edtica\"],\"inLanguage\":\"es\",\"potentialAction\":[{\"@type\":\"CommentAction\",\"name\":\"Comment\",\"target\":[\"https:\/\/luchonoticias.com\/editor\/suspendida-discusion-por-la-prohibicion-de-las-corridas-de-toros\/#respond\"]}]},{\"@type\":\"WebPage\",\"@id\":\"https:\/\/luchonoticias.com\/editor\/suspendida-discusion-por-la-prohibicion-de-las-corridas-de-toros\/\",\"url\":\"https:\/\/luchonoticias.com\/editor\/suspendida-discusion-por-la-prohibicion-de-las-corridas-de-toros\/\",\"name\":\"Suspendida discusi\u00f3n por la \u201cprohibici\u00f3n de las corridas de toros\u201d\u00a0 -\",\"isPartOf\":{\"@id\":\"https:\/\/luchonoticias.com\/editor\/#website\"},\"datePublished\":\"2023-06-07T16:52:37+00:00\",\"dateModified\":\"2023-06-07T16:52:41+00:00\",\"breadcrumb\":{\"@id\":\"https:\/\/luchonoticias.com\/editor\/suspendida-discusion-por-la-prohibicion-de-las-corridas-de-toros\/#breadcrumb\"},\"inLanguage\":\"es\",\"potentialAction\":[{\"@type\":\"ReadAction\",\"target\":[\"https:\/\/luchonoticias.com\/editor\/suspendida-discusion-por-la-prohibicion-de-las-corridas-de-toros\/\"]}]},{\"@type\":\"BreadcrumbList\",\"@id\":\"https:\/\/luchonoticias.com\/editor\/suspendida-discusion-por-la-prohibicion-de-las-corridas-de-toros\/#breadcrumb\",\"itemListElement\":[{\"@type\":\"ListItem\",\"position\":1,\"name\":\"Portada\",\"item\":\"https:\/\/luchonoticias.com\/editor\/\"},{\"@type\":\"ListItem\",\"position\":2,\"name\":\"Suspendida discusi\u00f3n por la \u201cprohibici\u00f3n de las corridas de toros\u201d\u00a0\"}]},{\"@type\":\"WebSite\",\"@id\":\"https:\/\/luchonoticias.com\/editor\/#website\",\"url\":\"https:\/\/luchonoticias.com\/editor\/\",\"name\":\"\",\"description\":\"\",\"publisher\":{\"@id\":\"https:\/\/luchonoticias.com\/editor\/#\/schema\/person\/7a7fd911f58561fd056dbac7b55af9cd\"},\"potentialAction\":[{\"@type\":\"SearchAction\",\"target\":{\"@type\":\"EntryPoint\",\"urlTemplate\":\"https:\/\/luchonoticias.com\/editor\/?s={search_term_string}\"},\"query-input\":{\"@type\":\"PropertyValueSpecification\",\"valueRequired\":true,\"valueName\":\"search_term_string\"}}],\"inLanguage\":\"es\"},{\"@type\":[\"Person\",\"Organization\"],\"@id\":\"https:\/\/luchonoticias.com\/editor\/#\/schema\/person\/7a7fd911f58561fd056dbac7b55af9cd\",\"name\":\"admin\",\"image\":{\"@type\":\"ImageObject\",\"inLanguage\":\"es\",\"@id\":\"https:\/\/luchonoticias.com\/editor\/#\/schema\/person\/image\/\",\"url\":\"https:\/\/luchonoticias.com\/editor\/wp-content\/uploads\/2024\/02\/cropped-cropped-logolu.webp\",\"contentUrl\":\"https:\/\/luchonoticias.com\/editor\/wp-content\/uploads\/2024\/02\/cropped-cropped-logolu.webp\",\"width\":382,\"height\":170,\"caption\":\"admin\"},\"logo\":{\"@id\":\"https:\/\/luchonoticias.com\/editor\/#\/schema\/person\/image\/\"},\"sameAs\":[\"https:\/\/www.facebook.com\/luchonoticiasneiva\"]},{\"@type\":\"Person\",\"@id\":\"https:\/\/luchonoticias.com\/editor\/#\/schema\/person\/29217990ddf6f14e35912b2866d591fb\",\"name\":\"Editor General\",\"image\":{\"@type\":\"ImageObject\",\"inLanguage\":\"es\",\"@id\":\"https:\/\/luchonoticias.com\/editor\/#\/schema\/person\/image\/\",\"url\":\"https:\/\/luchonoticias.com\/editor\/wp-content\/uploads\/2024\/02\/cropped-cropped-logolu-150x150.webp\",\"contentUrl\":\"https:\/\/luchonoticias.com\/editor\/wp-content\/uploads\/2024\/02\/cropped-cropped-logolu-150x150.webp\",\"caption\":\"Editor General\"},\"sameAs\":[\"https:\/\/luchonoticias.com\/\"],\"url\":\"https:\/\/luchonoticias.com\/editor\/author\/editor-general\/\"}]}<\/script>\n<!-- \/ Yoast SEO plugin. -->","yoast_head_json":{"title":"Suspendida discusi\u00f3n por la \u201cprohibici\u00f3n de las corridas de toros\u201d\u00a0 -","robots":{"index":"index","follow":"follow","max-snippet":"max-snippet:-1","max-image-preview":"max-image-preview:large","max-video-preview":"max-video-preview:-1"},"canonical":"https:\/\/luchonoticias.com\/editor\/suspendida-discusion-por-la-prohibicion-de-las-corridas-de-toros\/","og_locale":"es_ES","og_type":"article","og_title":"Suspendida discusi\u00f3n por la \u201cprohibici\u00f3n de las corridas de toros\u201d\u00a0 -","og_url":"https:\/\/luchonoticias.com\/editor\/suspendida-discusion-por-la-prohibicion-de-las-corridas-de-toros\/","article_publisher":"https:\/\/www.facebook.com\/luchonoticiasneiva","article_published_time":"2023-06-07T16:52:37+00:00","article_modified_time":"2023-06-07T16:52:41+00:00","author":"Editor General","twitter_card":"summary_large_image","twitter_misc":{"Escrito por":"Editor General","Tiempo de lectura":"3 minutos"},"schema":{"@context":"https:\/\/schema.org","@graph":[{"@type":"Article","@id":"https:\/\/luchonoticias.com\/editor\/suspendida-discusion-por-la-prohibicion-de-las-corridas-de-toros\/#article","isPartOf":{"@id":"https:\/\/luchonoticias.com\/editor\/suspendida-discusion-por-la-prohibicion-de-las-corridas-de-toros\/"},"author":{"name":"Editor General","@id":"https:\/\/luchonoticias.com\/editor\/#\/schema\/person\/29217990ddf6f14e35912b2866d591fb"},"headline":"Suspendida discusi\u00f3n por la \u201cprohibici\u00f3n de las corridas de toros\u201d\u00a0","datePublished":"2023-06-07T16:52:37+00:00","dateModified":"2023-06-07T16:52:41+00:00","mainEntityOfPage":{"@id":"https:\/\/luchonoticias.com\/editor\/suspendida-discusion-por-la-prohibicion-de-las-corridas-de-toros\/"},"wordCount":696,"commentCount":0,"publisher":{"@id":"https:\/\/luchonoticias.com\/editor\/#\/schema\/person\/7a7fd911f58561fd056dbac7b55af9cd"},"articleSection":["Destacado","Pol\u00edtica"],"inLanguage":"es","potentialAction":[{"@type":"CommentAction","name":"Comment","target":["https:\/\/luchonoticias.com\/editor\/suspendida-discusion-por-la-prohibicion-de-las-corridas-de-toros\/#respond"]}]},{"@type":"WebPage","@id":"https:\/\/luchonoticias.com\/editor\/suspendida-discusion-por-la-prohibicion-de-las-corridas-de-toros\/","url":"https:\/\/luchonoticias.com\/editor\/suspendida-discusion-por-la-prohibicion-de-las-corridas-de-toros\/","name":"Suspendida discusi\u00f3n por la \u201cprohibici\u00f3n de las corridas de toros\u201d\u00a0 -","isPartOf":{"@id":"https:\/\/luchonoticias.com\/editor\/#website"},"datePublished":"2023-06-07T16:52:37+00:00","dateModified":"2023-06-07T16:52:41+00:00","breadcrumb":{"@id":"https:\/\/luchonoticias.com\/editor\/suspendida-discusion-por-la-prohibicion-de-las-corridas-de-toros\/#breadcrumb"},"inLanguage":"es","potentialAction":[{"@type":"ReadAction","target":["https:\/\/luchonoticias.com\/editor\/suspendida-discusion-por-la-prohibicion-de-las-corridas-de-toros\/"]}]},{"@type":"BreadcrumbList","@id":"https:\/\/luchonoticias.com\/editor\/suspendida-discusion-por-la-prohibicion-de-las-corridas-de-toros\/#breadcrumb","itemListElement":[{"@type":"ListItem","position":1,"name":"Portada","item":"https:\/\/luchonoticias.com\/editor\/"},{"@type":"ListItem","position":2,"name":"Suspendida discusi\u00f3n por la \u201cprohibici\u00f3n de las corridas de toros\u201d\u00a0"}]},{"@type":"WebSite","@id":"https:\/\/luchonoticias.com\/editor\/#website","url":"https:\/\/luchonoticias.com\/editor\/","name":"","description":"","publisher":{"@id":"https:\/\/luchonoticias.com\/editor\/#\/schema\/person\/7a7fd911f58561fd056dbac7b55af9cd"},"potentialAction":[{"@type":"SearchAction","target":{"@type":"EntryPoint","urlTemplate":"https:\/\/luchonoticias.com\/editor\/?s={search_term_string}"},"query-input":{"@type":"PropertyValueSpecification","valueRequired":true,"valueName":"search_term_string"}}],"inLanguage":"es"},{"@type":["Person","Organization"],"@id":"https:\/\/luchonoticias.com\/editor\/#\/schema\/person\/7a7fd911f58561fd056dbac7b55af9cd","name":"admin","image":{"@type":"ImageObject","inLanguage":"es","@id":"https:\/\/luchonoticias.com\/editor\/#\/schema\/person\/image\/","url":"https:\/\/luchonoticias.com\/editor\/wp-content\/uploads\/2024\/02\/cropped-cropped-logolu.webp","contentUrl":"https:\/\/luchonoticias.com\/editor\/wp-content\/uploads\/2024\/02\/cropped-cropped-logolu.webp","width":382,"height":170,"caption":"admin"},"logo":{"@id":"https:\/\/luchonoticias.com\/editor\/#\/schema\/person\/image\/"},"sameAs":["https:\/\/www.facebook.com\/luchonoticiasneiva"]},{"@type":"Person","@id":"https:\/\/luchonoticias.com\/editor\/#\/schema\/person\/29217990ddf6f14e35912b2866d591fb","name":"Editor General","image":{"@type":"ImageObject","inLanguage":"es","@id":"https:\/\/luchonoticias.com\/editor\/#\/schema\/person\/image\/","url":"https:\/\/luchonoticias.com\/editor\/wp-content\/uploads\/2024\/02\/cropped-cropped-logolu-150x150.webp","contentUrl":"https:\/\/luchonoticias.com\/editor\/wp-content\/uploads\/2024\/02\/cropped-cropped-logolu-150x150.webp","caption":"Editor General"},"sameAs":["https:\/\/luchonoticias.com\/"],"url":"https:\/\/luchonoticias.com\/editor\/author\/editor-general\/"}]}},"_links":{"self":[{"href":"https:\/\/luchonoticias.com\/editor\/wp-json\/wp\/v2\/posts\/54071","targetHints":{"allow":["GET"]}}],"collection":[{"href":"https:\/\/luchonoticias.com\/editor\/wp-json\/wp\/v2\/posts"}],"about":[{"href":"https:\/\/luchonoticias.com\/editor\/wp-json\/wp\/v2\/types\/post"}],"author":[{"embeddable":true,"href":"https:\/\/luchonoticias.com\/editor\/wp-json\/wp\/v2\/users\/2"}],"replies":[{"embeddable":true,"href":"https:\/\/luchonoticias.com\/editor\/wp-json\/wp\/v2\/comments?post=54071"}],"version-history":[{"count":0,"href":"https:\/\/luchonoticias.com\/editor\/wp-json\/wp\/v2\/posts\/54071\/revisions"}],"wp:attachment":[{"href":"https:\/\/luchonoticias.com\/editor\/wp-json\/wp\/v2\/media?parent=54071"}],"wp:term":[{"taxonomy":"category","embeddable":true,"href":"https:\/\/luchonoticias.com\/editor\/wp-json\/wp\/v2\/categories?post=54071"},{"taxonomy":"post_tag","embeddable":true,"href":"https:\/\/luchonoticias.com\/editor\/wp-json\/wp\/v2\/tags?post=54071"}],"curies":[{"name":"wp","href":"https:\/\/api.w.org\/{rel}","templated":true}]}}