{"id":54077,"date":"2023-06-07T14:21:12","date_gmt":"2023-06-07T19:21:12","guid":{"rendered":"https:\/\/luchonoticias.com\/?p=54077"},"modified":"2023-06-07T14:21:17","modified_gmt":"2023-06-07T19:21:17","slug":"messi-deja-europa-y-se-va-a-estados-unidos","status":"publish","type":"post","link":"https:\/\/luchonoticias.com\/editor\/messi-deja-europa-y-se-va-a-estados-unidos\/","title":{"rendered":"Messi deja Europa y se va a Estados Unidos"},"content":{"rendered":"\n<p>El argentino&nbsp;<strong>Lionel Messi ya decidi\u00f3<\/strong>, el futbolista que sali\u00f3 d\u00edas atr\u00e1s del Par\u00eds Saint Germain franc\u00e9s, anunci\u00f3 en entrevista con medios catalanes que&nbsp;<strong>se ir\u00e1 a los Estados Unidos<\/strong>.<\/p>\n\n\n\n<p><strong>Inter de Miami ser\u00e1 el destino<\/strong>&nbsp;del \u201910\u2019 que estuvo sonando para el Al Hilal saud\u00ed o un regreso al Barcelona, si bien ha aclarado que no hay nada del todo confirmado.<\/p>\n\n\n\n<p>\u00ab<strong>Tom\u00e9 la decisi\u00f3n que voy a ir a Miami.<\/strong>&nbsp;Todav\u00eda no lo tengo cerrado al 100% o falta alguna cosa, pero bueno, decidimos continuar el camino all\u00ed\u00bb, dijo.<\/p>\n\n\n\n<p>El mismo Messi manifest\u00f3 que con esto cierra su pasaje por el f\u00fatbol europeo y en donde solo contemplaba una opci\u00f3n: volver al Barcelona, algo que no pudo concretarse por tema de tiempos y la dificultad del onceno catal\u00e1n de acometer su operaci\u00f3n.<\/p>\n\n\n\n<p>\u00abLa verdad es que&nbsp;<strong>tuve ofertas de otro equipo europeo, pero ni siquiera la evalu\u00e9&nbsp;<\/strong>porque en Europa mi idea solo era irme al Barcelona. Tras ganar el Mundial y no poder ir al Bar\u00e7a, tocaba ir a la Liga de Estados Unidos para vivir el f\u00fatbol de otra manera y disfrutar m\u00e1s del d\u00eda a d\u00eda\u00bb, expres\u00f3.<\/p>\n\n\n\n<p><strong>En las \u00faltimas dos temporadas&nbsp;<\/strong>el crack gaucho jug\u00f3 en el&nbsp;<strong>Par\u00eds Saint Germain<\/strong>&nbsp;donde gan\u00f3 dos ligas pero siempre estuvo en el foco por las eliminaciones de la Liga de Campeones, ambiente que se enrareci\u00f3 aun m\u00e1s tras la victoria de Argentina sobre Francia en la final del mundial de f\u00fatbol en Catar.<\/p>\n","protected":false},"excerpt":{"rendered":"<p>El argentino&nbsp;Lionel Messi ya decidi\u00f3, el futbolista que sali\u00f3 d\u00edas atr\u00e1s del Par\u00eds Saint Germain franc\u00e9s, anunci\u00f3 en entrevista con medios catalanes que&nbsp;se ir\u00e1 a los Estados Unidos. Inter de Miami ser\u00e1 el destino&nbsp;del \u201910\u2019 que estuvo sonando para el Al Hilal saud\u00ed o un regreso al Barcelona, si bien ha aclarado que no hay [&hellip;]<\/p>\n","protected":false},"author":2,"featured_media":0,"comment_status":"open","ping_status":"open","sticky":false,"template":"","format":"standard","meta":{"footnotes":""},"categories":[34],"tags":[],"class_list":["post-54077","post","type-post","status-publish","format-standard","hentry","category-deportes"],"yoast_head":"<!-- This site is optimized with the Yoast SEO plugin v26.6 - https:\/\/yoast.com\/wordpress\/plugins\/seo\/ -->\n<title>Messi deja Europa y se va a Estados Unidos -<\/title>\n<meta name=\"robots\" content=\"index, follow, max-snippet:-1, max-image-preview:large, max-video-preview:-1\" \/>\n<link rel=\"canonical\" href=\"https:\/\/luchonoticias.com\/editor\/messi-deja-europa-y-se-va-a-estados-unidos\/\" \/>\n<meta property=\"og:locale\" content=\"es_ES\" \/>\n<meta property=\"og:type\" content=\"article\" \/>\n<meta property=\"og:title\" content=\"Messi deja Europa y se va a Estados Unidos -\" \/>\n<meta property=\"og:url\" content=\"https:\/\/luchonoticias.com\/editor\/messi-deja-europa-y-se-va-a-estados-unidos\/\" \/>\n<meta property=\"article:publisher\" content=\"https:\/\/www.facebook.com\/luchonoticiasneiva\" \/>\n<meta property=\"article:published_time\" content=\"2023-06-07T19:21:12+00:00\" \/>\n<meta property=\"article:modified_time\" content=\"2023-06-07T19:21:17+00:00\" \/>\n<meta name=\"author\" content=\"Editor General\" \/>\n<meta name=\"twitter:card\" content=\"summary_large_image\" \/>\n<meta name=\"twitter:label1\" content=\"Escrito por\" \/>\n\t<meta name=\"twitter:data1\" content=\"Editor General\" \/>\n\t<meta name=\"twitter:label2\" content=\"Tiempo de lectura\" \/>\n\t<meta name=\"twitter:data2\" content=\"1 minuto\" \/>\n<script type=\"application\/ld+json\" class=\"yoast-schema-graph\">{\"@context\":\"https:\/\/schema.org\",\"@graph\":[{\"@type\":\"Article\",\"@id\":\"https:\/\/luchonoticias.com\/editor\/messi-deja-europa-y-se-va-a-estados-unidos\/#article\",\"isPartOf\":{\"@id\":\"https:\/\/luchonoticias.com\/editor\/messi-deja-europa-y-se-va-a-estados-unidos\/\"},\"author\":{\"name\":\"Editor General\",\"@id\":\"https:\/\/luchonoticias.com\/editor\/#\/schema\/person\/29217990ddf6f14e35912b2866d591fb\"},\"headline\":\"Messi deja Europa y se va a Estados Unidos\",\"datePublished\":\"2023-06-07T19:21:12+00:00\",\"dateModified\":\"2023-06-07T19:21:17+00:00\",\"mainEntityOfPage\":{\"@id\":\"https:\/\/luchonoticias.com\/editor\/messi-deja-europa-y-se-va-a-estados-unidos\/\"},\"wordCount\":279,\"commentCount\":0,\"publisher\":{\"@id\":\"https:\/\/luchonoticias.com\/editor\/#\/schema\/person\/7a7fd911f58561fd056dbac7b55af9cd\"},\"articleSection\":[\"Deportes\"],\"inLanguage\":\"es\",\"potentialAction\":[{\"@type\":\"CommentAction\",\"name\":\"Comment\",\"target\":[\"https:\/\/luchonoticias.com\/editor\/messi-deja-europa-y-se-va-a-estados-unidos\/#respond\"]}]},{\"@type\":\"WebPage\",\"@id\":\"https:\/\/luchonoticias.com\/editor\/messi-deja-europa-y-se-va-a-estados-unidos\/\",\"url\":\"https:\/\/luchonoticias.com\/editor\/messi-deja-europa-y-se-va-a-estados-unidos\/\",\"name\":\"Messi deja Europa y se va a Estados Unidos -\",\"isPartOf\":{\"@id\":\"https:\/\/luchonoticias.com\/editor\/#website\"},\"datePublished\":\"2023-06-07T19:21:12+00:00\",\"dateModified\":\"2023-06-07T19:21:17+00:00\",\"breadcrumb\":{\"@id\":\"https:\/\/luchonoticias.com\/editor\/messi-deja-europa-y-se-va-a-estados-unidos\/#breadcrumb\"},\"inLanguage\":\"es\",\"potentialAction\":[{\"@type\":\"ReadAction\",\"target\":[\"https:\/\/luchonoticias.com\/editor\/messi-deja-europa-y-se-va-a-estados-unidos\/\"]}]},{\"@type\":\"BreadcrumbList\",\"@id\":\"https:\/\/luchonoticias.com\/editor\/messi-deja-europa-y-se-va-a-estados-unidos\/#breadcrumb\",\"itemListElement\":[{\"@type\":\"ListItem\",\"position\":1,\"name\":\"Portada\",\"item\":\"https:\/\/luchonoticias.com\/editor\/\"},{\"@type\":\"ListItem\",\"position\":2,\"name\":\"Messi deja Europa y se va a Estados Unidos\"}]},{\"@type\":\"WebSite\",\"@id\":\"https:\/\/luchonoticias.com\/editor\/#website\",\"url\":\"https:\/\/luchonoticias.com\/editor\/\",\"name\":\"\",\"description\":\"\",\"publisher\":{\"@id\":\"https:\/\/luchonoticias.com\/editor\/#\/schema\/person\/7a7fd911f58561fd056dbac7b55af9cd\"},\"potentialAction\":[{\"@type\":\"SearchAction\",\"target\":{\"@type\":\"EntryPoint\",\"urlTemplate\":\"https:\/\/luchonoticias.com\/editor\/?s={search_term_string}\"},\"query-input\":{\"@type\":\"PropertyValueSpecification\",\"valueRequired\":true,\"valueName\":\"search_term_string\"}}],\"inLanguage\":\"es\"},{\"@type\":[\"Person\",\"Organization\"],\"@id\":\"https:\/\/luchonoticias.com\/editor\/#\/schema\/person\/7a7fd911f58561fd056dbac7b55af9cd\",\"name\":\"admin\",\"image\":{\"@type\":\"ImageObject\",\"inLanguage\":\"es\",\"@id\":\"https:\/\/luchonoticias.com\/editor\/#\/schema\/person\/image\/\",\"url\":\"https:\/\/luchonoticias.com\/editor\/wp-content\/uploads\/2024\/02\/cropped-cropped-logolu.webp\",\"contentUrl\":\"https:\/\/luchonoticias.com\/editor\/wp-content\/uploads\/2024\/02\/cropped-cropped-logolu.webp\",\"width\":382,\"height\":170,\"caption\":\"admin\"},\"logo\":{\"@id\":\"https:\/\/luchonoticias.com\/editor\/#\/schema\/person\/image\/\"},\"sameAs\":[\"https:\/\/www.facebook.com\/luchonoticiasneiva\"]},{\"@type\":\"Person\",\"@id\":\"https:\/\/luchonoticias.com\/editor\/#\/schema\/person\/29217990ddf6f14e35912b2866d591fb\",\"name\":\"Editor General\",\"image\":{\"@type\":\"ImageObject\",\"inLanguage\":\"es\",\"@id\":\"https:\/\/luchonoticias.com\/editor\/#\/schema\/person\/image\/\",\"url\":\"https:\/\/luchonoticias.com\/editor\/wp-content\/uploads\/2024\/02\/cropped-cropped-logolu-150x150.webp\",\"contentUrl\":\"https:\/\/luchonoticias.com\/editor\/wp-content\/uploads\/2024\/02\/cropped-cropped-logolu-150x150.webp\",\"caption\":\"Editor General\"},\"sameAs\":[\"https:\/\/luchonoticias.com\/\"],\"url\":\"https:\/\/luchonoticias.com\/editor\/author\/editor-general\/\"}]}<\/script>\n<!-- \/ Yoast SEO plugin. -->","yoast_head_json":{"title":"Messi deja Europa y se va a Estados Unidos -","robots":{"index":"index","follow":"follow","max-snippet":"max-snippet:-1","max-image-preview":"max-image-preview:large","max-video-preview":"max-video-preview:-1"},"canonical":"https:\/\/luchonoticias.com\/editor\/messi-deja-europa-y-se-va-a-estados-unidos\/","og_locale":"es_ES","og_type":"article","og_title":"Messi deja Europa y se va a Estados Unidos -","og_url":"https:\/\/luchonoticias.com\/editor\/messi-deja-europa-y-se-va-a-estados-unidos\/","article_publisher":"https:\/\/www.facebook.com\/luchonoticiasneiva","article_published_time":"2023-06-07T19:21:12+00:00","article_modified_time":"2023-06-07T19:21:17+00:00","author":"Editor General","twitter_card":"summary_large_image","twitter_misc":{"Escrito por":"Editor General","Tiempo de lectura":"1 minuto"},"schema":{"@context":"https:\/\/schema.org","@graph":[{"@type":"Article","@id":"https:\/\/luchonoticias.com\/editor\/messi-deja-europa-y-se-va-a-estados-unidos\/#article","isPartOf":{"@id":"https:\/\/luchonoticias.com\/editor\/messi-deja-europa-y-se-va-a-estados-unidos\/"},"author":{"name":"Editor General","@id":"https:\/\/luchonoticias.com\/editor\/#\/schema\/person\/29217990ddf6f14e35912b2866d591fb"},"headline":"Messi deja Europa y se va a Estados Unidos","datePublished":"2023-06-07T19:21:12+00:00","dateModified":"2023-06-07T19:21:17+00:00","mainEntityOfPage":{"@id":"https:\/\/luchonoticias.com\/editor\/messi-deja-europa-y-se-va-a-estados-unidos\/"},"wordCount":279,"commentCount":0,"publisher":{"@id":"https:\/\/luchonoticias.com\/editor\/#\/schema\/person\/7a7fd911f58561fd056dbac7b55af9cd"},"articleSection":["Deportes"],"inLanguage":"es","potentialAction":[{"@type":"CommentAction","name":"Comment","target":["https:\/\/luchonoticias.com\/editor\/messi-deja-europa-y-se-va-a-estados-unidos\/#respond"]}]},{"@type":"WebPage","@id":"https:\/\/luchonoticias.com\/editor\/messi-deja-europa-y-se-va-a-estados-unidos\/","url":"https:\/\/luchonoticias.com\/editor\/messi-deja-europa-y-se-va-a-estados-unidos\/","name":"Messi deja Europa y se va a Estados Unidos -","isPartOf":{"@id":"https:\/\/luchonoticias.com\/editor\/#website"},"datePublished":"2023-06-07T19:21:12+00:00","dateModified":"2023-06-07T19:21:17+00:00","breadcrumb":{"@id":"https:\/\/luchonoticias.com\/editor\/messi-deja-europa-y-se-va-a-estados-unidos\/#breadcrumb"},"inLanguage":"es","potentialAction":[{"@type":"ReadAction","target":["https:\/\/luchonoticias.com\/editor\/messi-deja-europa-y-se-va-a-estados-unidos\/"]}]},{"@type":"BreadcrumbList","@id":"https:\/\/luchonoticias.com\/editor\/messi-deja-europa-y-se-va-a-estados-unidos\/#breadcrumb","itemListElement":[{"@type":"ListItem","position":1,"name":"Portada","item":"https:\/\/luchonoticias.com\/editor\/"},{"@type":"ListItem","position":2,"name":"Messi deja Europa y se va a Estados Unidos"}]},{"@type":"WebSite","@id":"https:\/\/luchonoticias.com\/editor\/#website","url":"https:\/\/luchonoticias.com\/editor\/","name":"","description":"","publisher":{"@id":"https:\/\/luchonoticias.com\/editor\/#\/schema\/person\/7a7fd911f58561fd056dbac7b55af9cd"},"potentialAction":[{"@type":"SearchAction","target":{"@type":"EntryPoint","urlTemplate":"https:\/\/luchonoticias.com\/editor\/?s={search_term_string}"},"query-input":{"@type":"PropertyValueSpecification","valueRequired":true,"valueName":"search_term_string"}}],"inLanguage":"es"},{"@type":["Person","Organization"],"@id":"https:\/\/luchonoticias.com\/editor\/#\/schema\/person\/7a7fd911f58561fd056dbac7b55af9cd","name":"admin","image":{"@type":"ImageObject","inLanguage":"es","@id":"https:\/\/luchonoticias.com\/editor\/#\/schema\/person\/image\/","url":"https:\/\/luchonoticias.com\/editor\/wp-content\/uploads\/2024\/02\/cropped-cropped-logolu.webp","contentUrl":"https:\/\/luchonoticias.com\/editor\/wp-content\/uploads\/2024\/02\/cropped-cropped-logolu.webp","width":382,"height":170,"caption":"admin"},"logo":{"@id":"https:\/\/luchonoticias.com\/editor\/#\/schema\/person\/image\/"},"sameAs":["https:\/\/www.facebook.com\/luchonoticiasneiva"]},{"@type":"Person","@id":"https:\/\/luchonoticias.com\/editor\/#\/schema\/person\/29217990ddf6f14e35912b2866d591fb","name":"Editor General","image":{"@type":"ImageObject","inLanguage":"es","@id":"https:\/\/luchonoticias.com\/editor\/#\/schema\/person\/image\/","url":"https:\/\/luchonoticias.com\/editor\/wp-content\/uploads\/2024\/02\/cropped-cropped-logolu-150x150.webp","contentUrl":"https:\/\/luchonoticias.com\/editor\/wp-content\/uploads\/2024\/02\/cropped-cropped-logolu-150x150.webp","caption":"Editor General"},"sameAs":["https:\/\/luchonoticias.com\/"],"url":"https:\/\/luchonoticias.com\/editor\/author\/editor-general\/"}]}},"_links":{"self":[{"href":"https:\/\/luchonoticias.com\/editor\/wp-json\/wp\/v2\/posts\/54077","targetHints":{"allow":["GET"]}}],"collection":[{"href":"https:\/\/luchonoticias.com\/editor\/wp-json\/wp\/v2\/posts"}],"about":[{"href":"https:\/\/luchonoticias.com\/editor\/wp-json\/wp\/v2\/types\/post"}],"author":[{"embeddable":true,"href":"https:\/\/luchonoticias.com\/editor\/wp-json\/wp\/v2\/users\/2"}],"replies":[{"embeddable":true,"href":"https:\/\/luchonoticias.com\/editor\/wp-json\/wp\/v2\/comments?post=54077"}],"version-history":[{"count":0,"href":"https:\/\/luchonoticias.com\/editor\/wp-json\/wp\/v2\/posts\/54077\/revisions"}],"wp:attachment":[{"href":"https:\/\/luchonoticias.com\/editor\/wp-json\/wp\/v2\/media?parent=54077"}],"wp:term":[{"taxonomy":"category","embeddable":true,"href":"https:\/\/luchonoticias.com\/editor\/wp-json\/wp\/v2\/categories?post=54077"},{"taxonomy":"post_tag","embeddable":true,"href":"https:\/\/luchonoticias.com\/editor\/wp-json\/wp\/v2\/tags?post=54077"}],"curies":[{"name":"wp","href":"https:\/\/api.w.org\/{rel}","templated":true}]}}